{"id":79455,"date":"2022-11-29T18:38:20","date_gmt":"2022-11-29T21:38:20","guid":{"rendered":"https:\/\/www.padreydecano.com\/cms\/?p=79455"},"modified":"2022-12-12T13:21:42","modified_gmt":"2022-12-12T16:21:42","slug":"salidas-anticipadas","status":"publish","type":"post","link":"https:\/\/www.padreydecano.com\/cms\/noticias\/salidas-anticipadas\/","title":{"rendered":"Salidas anticipadas\u00a0"},"content":{"rendered":"<p><img loading=\"lazy\" decoding=\"async\" class=\"alignnone wp-image-63891 size-full\" src=\"https:\/\/www.padreydecano.com\/cms\/wp-content\/uploads\/2017\/07\/Gargano-2.jpg\" alt=\"\" width=\"900\" height=\"600\" srcset=\"https:\/\/www.padreydecano.com\/cms\/wp-content\/uploads\/2017\/07\/Gargano-2.jpg 900w, https:\/\/www.padreydecano.com\/cms\/wp-content\/uploads\/2017\/07\/Gargano-2-600x400.jpg 600w, https:\/\/www.padreydecano.com\/cms\/wp-content\/uploads\/2017\/07\/Gargano-2-768x512.jpg 768w\" sizes=\"(max-width: 900px) 100vw, 900px\" \/><\/p>\n<p><strong>Pe\u00f1arol negocia la salida de Walter Gargano, Mat\u00edas Aguirregaray, Juan Manuel Ramos y Hern\u00e1n Rivero. En algunos casos, el acuerdo ya est\u00e1 avanzado.<\/strong><\/p>\n<p>Ya con Alfredo Arias como entrenador del decano, se empieza a armar el plantel para la temporada 2023. Antes de concretar las llegadas, se analiz\u00f3 y se negocia las salidas del equipo.<\/p>\n<p><span style=\"color: #ffcc00;\"><strong>Walter Gargano<\/strong><\/span><\/p>\n<p>El actual capit\u00e1n del plantel principal no tuvo una buena temporada, tanto en n\u00fameros como en rendimiento. El volante de 38 a\u00f1os cuenta con contrato hasta mediados del 2023 (con cl\u00e1usula de renovaci\u00f3n autom\u00e1tica en caso de disputar el 50 % de los minutos desde su renovaci\u00f3n el pasado semestre).<\/p>\n<p>Gargano le manifest\u00f3 al Club que no quiere irse de la instituci\u00f3n dejando una mala imagen en el hincha. Pe\u00f1arol mantiene una deuda econ\u00f3mica importante con el jugador.<\/p>\n<p>Tiene pactadas reuniones con los mandamases de la entidad decana para definir su futuro, aunque en el consejo hay mayor\u00eda para que no contin\u00fae de cara a la pr\u00f3xima temporada.<\/p>\n<p><span style=\"color: #ffcc00;\"><strong>Mat\u00edas Aguirregaray<\/strong><\/span><\/p>\n<p>La vuelta del \u00abVasquito\u00bb a la instituci\u00f3n se concret\u00f3 luego del episodio de Jos\u00e9 Luis Rodr\u00edguez. Un retorno que fue bien visto por la mayor\u00eda de los hinchas carboneros y por el \u00e1rea deportiva.<\/p>\n<p>El rendimiento del lateral de 33 a\u00f1os fue de m\u00e1s a menos y termin\u00f3 perdiendo la titularidad en primera instancia con Ezequiel Busquets y posteriormente con Pedro Milans. En la recta final de la competencia estuvo en el banco de suplentes.<\/p>\n<p>Se esperaba m\u00e1s por parte del jugador que siempre que pas\u00f3 por Pe\u00f1arol fue importante, y que ven\u00eda de tener un buen rendimiento en Estudiantes de La Plata en el f\u00fatbol argentino. Desde el Club se piensa que lo mejor tanto para el equipo como para el jugador es que se d\u00e9 su salida, a\u00fan tiene contrato hasta diciembre de 2023.<\/p>\n<p><span style=\"color: #ffcc00;\"><strong>Juan Manuel Ramos<\/strong><\/span><\/p>\n<p>El lateral izquierdo de 26 a\u00f1os fue el reemplazante de Joaqu\u00edn Piquerez en la definici\u00f3n de la Copa Sudamericana 2021. Aunque ha logrado tener un nivel regular, nunca lleg\u00f3 al nivel esperado ni mucho menos a superar al jugador que suplant\u00f3, teniendo partidos con rendimientos muy bajos y errores puntuales que condicionaron resultados. Finaliz\u00f3 la temporada en el banco de suplentes, siendo titular Facundo Bonifazi.<\/p>\n<p>Ramos mantiene contrato hasta mediados de 2023, no entra en los planes del equipo para el a\u00f1o que viene y se negocia su salida.<\/p>\n<p><span style=\"color: #ffcc00;\"><strong>Hern\u00e1n Rivero<\/strong><\/span><\/p>\n<p>El delantero argentino de 30 a\u00f1os lleg\u00f3 para sorpresa de muchos al equipo decano a mediados del presente a\u00f1o junto a otros jugadores para intentar revertir la situaci\u00f3n. Luego de que no se lleg\u00f3 a buen puerto en las negociaciones con otros delanteros, se opt\u00f3 por la llegada del nueve argentino.<\/p>\n<p>Rivero hab\u00eda quedado libre de Wanderers, donde ven\u00eda sin tantos minutos en los \u00faltimos encuentros. Culmin\u00f3 el semestre disputando 14 partidos con Pe\u00f1arol, en los cuales no asisti\u00f3 ni convirti\u00f3.<\/p>\n<p>Tiene 6 meses m\u00e1s de contrato con la instituci\u00f3n, pero ya est\u00e1 avanzada su salida del equipo, quedan definir aspectos econ\u00f3micos.<\/p>\n<p><span style=\"color: #ffcc00;\"><strong>Contratos que vencen\u00a0<\/strong><\/span><\/p>\n<p>El presidente de Pe\u00f1arol Ignacio Ruglio, confirm\u00f3 d\u00edas atr\u00e1s que no continuar\u00e1n en el equipo Kevin Dawson, Lucas Viatri, Ezequiel Busquets, Facundo Bonifazi y Neto Volpi tras no renovar sus contratos. S\u00ed se negociar\u00e1n los v\u00ednculos de los arqueros Thiago Cardozo y Jhonatan Lima.<\/p>\n<p><span style=\"color: #ffcc00;\"><strong>Salidas anteriores<\/strong><\/span><\/p>\n<p>Anteriormente dejaron la instituci\u00f3n el ecuatoriano <a href=\"https:\/\/www.padreydecano.com\/cms\/noticias\/rescindio-billy-arce\/\">Billy Arce<\/a>, que rescindi\u00f3 su contrato con el Club y <a href=\"https:\/\/www.padreydecano.com\/cms\/noticias\/ya-es-oficial-la-salida-de-brian-lozano\/\">Brian Lozano<\/a>, que acept\u00f3 una oferta del f\u00fatbol mexicano e interrumpi\u00f3 su pr\u00e9stamo con el carbonero para aceptarla.<\/p>\n<p>No se descarta que se d\u00e9 otra salida del equipo antes de finalizar el a\u00f1o y comenzar la nueva temporada.<\/p>\n<div class=\"user-wrapper\"><a class=\"userlink\"href=\"https:\/\/twitter.com\/ftrucce18\" target=\"_blank\"><figure><img decoding=\"async\" src=\"http:\/\/www.padreydecano.com\/cms\/wp-users-files\/postfirmas\/ftrucce.jpg\" \/><\/figure><p class=\"user\"><strong>Franco Trucce<\/strong><br \/>@FTrucce18<\/p><\/a><\/div>\n","protected":false},"excerpt":{"rendered":"<p>Pe\u00f1arol negocia la salida de Walter Gargano, Mat\u00edas Aguirregaray, Juan Manuel Ramos y Hern\u00e1n Rivero. En algunos casos, el acuerdo ya est\u00e1 avanzado. Ya con Alfredo Arias como entrenador del decano, se empieza a armar el plantel para la temporada 2023. Antes de concretar las llegadas, se analiz\u00f3 y se negocia las salidas del equipo. [&hellip;]<\/p>\n","protected":false},"author":27,"featured_media":63891,"comment_status":"open","ping_status":"closed","sticky":false,"template":"","format":"standard","meta":{"footnotes":""},"categories":[1],"tags":[590],"yoast_head":"<!-- This site is optimized with the Yoast SEO plugin v23.2 - https:\/\/yoast.com\/wordpress\/plugins\/seo\/ -->\n<title>Salidas anticipadas\u00a0 - Padre y Decano - El Sitio del Pueblo<\/title>\n<meta name=\"robots\" content=\"index, follow, max-snippet:-1, max-image-preview:large, max-video-preview:-1\" \/>\n<link rel=\"canonical\" href=\"https:\/\/www.padreydecano.com\/cms\/noticias\/salidas-anticipadas\/\" \/>\n<meta property=\"og:locale\" content=\"es_ES\" \/>\n<meta property=\"og:type\" content=\"article\" \/>\n<meta property=\"og:title\" content=\"Salidas anticipadas\u00a0 - Padre y Decano - El Sitio del Pueblo\" \/>\n<meta property=\"og:description\" content=\"Pe\u00f1arol negocia la salida de Walter Gargano, Mat\u00edas Aguirregaray, Juan Manuel Ramos y Hern\u00e1n Rivero. En algunos casos, el acuerdo ya est\u00e1 avanzado. Ya con Alfredo Arias como entrenador del decano, se empieza a armar el plantel para la temporada 2023. Antes de concretar las llegadas, se analiz\u00f3 y se negocia las salidas del equipo. [&hellip;]\" \/>\n<meta property=\"og:url\" content=\"https:\/\/www.padreydecano.com\/cms\/noticias\/salidas-anticipadas\/\" \/>\n<meta property=\"og:site_name\" content=\"Padre y Decano - El Sitio del Pueblo\" \/>\n<meta property=\"article:published_time\" content=\"2022-11-29T21:38:20+00:00\" \/>\n<meta property=\"article:modified_time\" content=\"2022-12-12T16:21:42+00:00\" \/>\n<meta property=\"og:image\" content=\"https:\/\/www.padreydecano.com\/cms\/wp-content\/uploads\/2017\/07\/Gargano-2.jpg\" \/>\n\t<meta property=\"og:image:width\" content=\"900\" \/>\n\t<meta property=\"og:image:height\" content=\"600\" \/>\n\t<meta property=\"og:image:type\" content=\"image\/jpeg\" \/>\n<meta name=\"author\" content=\"Redactores Padre y Decano\" \/>\n<meta name=\"twitter:card\" content=\"summary_large_image\" \/>\n<meta name=\"twitter:label1\" content=\"Escrito por\" \/>\n\t<meta name=\"twitter:data1\" content=\"Redactores Padre y Decano\" \/>\n\t<meta name=\"twitter:label2\" content=\"Tiempo de lectura\" \/>\n\t<meta name=\"twitter:data2\" content=\"3 minutos\" \/>\n<script type=\"application\/ld+json\" class=\"yoast-schema-graph\">{\"@context\":\"https:\/\/schema.org\",\"@graph\":[{\"@type\":\"Article\",\"@id\":\"https:\/\/www.padreydecano.com\/cms\/noticias\/salidas-anticipadas\/#article\",\"isPartOf\":{\"@id\":\"https:\/\/www.padreydecano.com\/cms\/noticias\/salidas-anticipadas\/\"},\"author\":{\"name\":\"Redactores Padre y Decano\",\"@id\":\"https:\/\/www.padreydecano.com\/cms\/#\/schema\/person\/37aae8f93aa78e4c5385497f056e3246\"},\"headline\":\"Salidas anticipadas\u00a0\",\"datePublished\":\"2022-11-29T21:38:20+00:00\",\"dateModified\":\"2022-12-12T16:21:42+00:00\",\"mainEntityOfPage\":{\"@id\":\"https:\/\/www.padreydecano.com\/cms\/noticias\/salidas-anticipadas\/\"},\"wordCount\":643,\"commentCount\":74,\"publisher\":{\"@id\":\"https:\/\/www.padreydecano.com\/cms\/#organization\"},\"image\":{\"@id\":\"https:\/\/www.padreydecano.com\/cms\/noticias\/salidas-anticipadas\/#primaryimage\"},\"thumbnailUrl\":\"https:\/\/www.padreydecano.com\/cms\/wp-content\/uploads\/2017\/07\/Gargano-2.jpg\",\"keywords\":[\"Campeonato Uruguayo 2023\"],\"articleSection\":[\"Noticias\"],\"inLanguage\":\"es\",\"potentialAction\":[{\"@type\":\"CommentAction\",\"name\":\"Comment\",\"target\":[\"https:\/\/www.padreydecano.com\/cms\/noticias\/salidas-anticipadas\/#respond\"]}]},{\"@type\":\"WebPage\",\"@id\":\"https:\/\/www.padreydecano.com\/cms\/noticias\/salidas-anticipadas\/\",\"url\":\"https:\/\/www.padreydecano.com\/cms\/noticias\/salidas-anticipadas\/\",\"name\":\"Salidas anticipadas\u00a0 - Padre y Decano - El Sitio del Pueblo\",\"isPartOf\":{\"@id\":\"https:\/\/www.padreydecano.com\/cms\/#website\"},\"primaryImageOfPage\":{\"@id\":\"https:\/\/www.padreydecano.com\/cms\/noticias\/salidas-anticipadas\/#primaryimage\"},\"image\":{\"@id\":\"https:\/\/www.padreydecano.com\/cms\/noticias\/salidas-anticipadas\/#primaryimage\"},\"thumbnailUrl\":\"https:\/\/www.padreydecano.com\/cms\/wp-content\/uploads\/2017\/07\/Gargano-2.jpg\",\"datePublished\":\"2022-11-29T21:38:20+00:00\",\"dateModified\":\"2022-12-12T16:21:42+00:00\",\"breadcrumb\":{\"@id\":\"https:\/\/www.padreydecano.com\/cms\/noticias\/salidas-anticipadas\/#breadcrumb\"},\"inLanguage\":\"es\",\"potentialAction\":[{\"@type\":\"ReadAction\",\"target\":[\"https:\/\/www.padreydecano.com\/cms\/noticias\/salidas-anticipadas\/\"]}]},{\"@type\":\"ImageObject\",\"inLanguage\":\"es\",\"@id\":\"https:\/\/www.padreydecano.com\/cms\/noticias\/salidas-anticipadas\/#primaryimage\",\"url\":\"https:\/\/www.padreydecano.com\/cms\/wp-content\/uploads\/2017\/07\/Gargano-2.jpg\",\"contentUrl\":\"https:\/\/www.padreydecano.com\/cms\/wp-content\/uploads\/2017\/07\/Gargano-2.jpg\",\"width\":900,\"height\":600},{\"@type\":\"BreadcrumbList\",\"@id\":\"https:\/\/www.padreydecano.com\/cms\/noticias\/salidas-anticipadas\/#breadcrumb\",\"itemListElement\":[{\"@type\":\"ListItem\",\"position\":1,\"name\":\"Portada\",\"item\":\"https:\/\/www.padreydecano.com\/cms\/\"},{\"@type\":\"ListItem\",\"position\":2,\"name\":\"Salidas anticipadas\u00a0\"}]},{\"@type\":\"WebSite\",\"@id\":\"https:\/\/www.padreydecano.com\/cms\/#website\",\"url\":\"https:\/\/www.padreydecano.com\/cms\/\",\"name\":\"Padre y Decano - El Sitio del Pueblo\",\"description\":\"Club Atl\u00e9tico Pe\u00f1arol\",\"publisher\":{\"@id\":\"https:\/\/www.padreydecano.com\/cms\/#organization\"},\"potentialAction\":[{\"@type\":\"SearchAction\",\"target\":{\"@type\":\"EntryPoint\",\"urlTemplate\":\"https:\/\/www.padreydecano.com\/cms\/?s={search_term_string}\"},\"query-input\":\"required name=search_term_string\"}],\"inLanguage\":\"es\"},{\"@type\":\"Organization\",\"@id\":\"https:\/\/www.padreydecano.com\/cms\/#organization\",\"name\":\"Padre y Decano\",\"url\":\"https:\/\/www.padreydecano.com\/cms\/\",\"logo\":{\"@type\":\"ImageObject\",\"inLanguage\":\"es\",\"@id\":\"https:\/\/www.padreydecano.com\/cms\/#\/schema\/logo\/image\/\",\"url\":\"https:\/\/www.padreydecano.com\/cms\/wp-content\/uploads\/2022\/01\/avatar-square.png\",\"contentUrl\":\"https:\/\/www.padreydecano.com\/cms\/wp-content\/uploads\/2022\/01\/avatar-square.png\",\"width\":1500,\"height\":1500,\"caption\":\"Padre y Decano\"},\"image\":{\"@id\":\"https:\/\/www.padreydecano.com\/cms\/#\/schema\/logo\/image\/\"}},{\"@type\":\"Person\",\"@id\":\"https:\/\/www.padreydecano.com\/cms\/#\/schema\/person\/37aae8f93aa78e4c5385497f056e3246\",\"name\":\"Redactores Padre y Decano\",\"image\":{\"@type\":\"ImageObject\",\"inLanguage\":\"es\",\"@id\":\"https:\/\/www.padreydecano.com\/cms\/#\/schema\/person\/image\/\",\"url\":\"https:\/\/secure.gravatar.com\/avatar\/8810c4b9081192b118b104af54549af8?s=96&d=https%3A%2F%2Fpadreydecano.com%2Fcms%2Fwp-content%2Fthemes%2Fpyd-theme%2Fimg%2Fdefault-avatar.png&r=g\",\"contentUrl\":\"https:\/\/secure.gravatar.com\/avatar\/8810c4b9081192b118b104af54549af8?s=96&d=https%3A%2F%2Fpadreydecano.com%2Fcms%2Fwp-content%2Fthemes%2Fpyd-theme%2Fimg%2Fdefault-avatar.png&r=g\",\"caption\":\"Redactores Padre y Decano\"},\"sameAs\":[\"http:\/\/www.padreydecano.com\"]}]}<\/script>\n<!-- \/ Yoast SEO plugin. -->","yoast_head_json":{"title":"Salidas anticipadas\u00a0 - Padre y Decano - El Sitio del Pueblo","robots":{"index":"index","follow":"follow","max-snippet":"max-snippet:-1","max-image-preview":"max-image-preview:large","max-video-preview":"max-video-preview:-1"},"canonical":"https:\/\/www.padreydecano.com\/cms\/noticias\/salidas-anticipadas\/","og_locale":"es_ES","og_type":"article","og_title":"Salidas anticipadas\u00a0 - Padre y Decano - El Sitio del Pueblo","og_description":"Pe\u00f1arol negocia la salida de Walter Gargano, Mat\u00edas Aguirregaray, Juan Manuel Ramos y Hern\u00e1n Rivero. En algunos casos, el acuerdo ya est\u00e1 avanzado. Ya con Alfredo Arias como entrenador del decano, se empieza a armar el plantel para la temporada 2023. Antes de concretar las llegadas, se analiz\u00f3 y se negocia las salidas del equipo. [&hellip;]","og_url":"https:\/\/www.padreydecano.com\/cms\/noticias\/salidas-anticipadas\/","og_site_name":"Padre y Decano - El Sitio del Pueblo","article_published_time":"2022-11-29T21:38:20+00:00","article_modified_time":"2022-12-12T16:21:42+00:00","og_image":[{"width":900,"height":600,"url":"https:\/\/www.padreydecano.com\/cms\/wp-content\/uploads\/2017\/07\/Gargano-2.jpg","type":"image\/jpeg"}],"author":"Redactores Padre y Decano","twitter_card":"summary_large_image","twitter_misc":{"Escrito por":"Redactores Padre y Decano","Tiempo de lectura":"3 minutos"},"schema":{"@context":"https:\/\/schema.org","@graph":[{"@type":"Article","@id":"https:\/\/www.padreydecano.com\/cms\/noticias\/salidas-anticipadas\/#article","isPartOf":{"@id":"https:\/\/www.padreydecano.com\/cms\/noticias\/salidas-anticipadas\/"},"author":{"name":"Redactores Padre y Decano","@id":"https:\/\/www.padreydecano.com\/cms\/#\/schema\/person\/37aae8f93aa78e4c5385497f056e3246"},"headline":"Salidas anticipadas\u00a0","datePublished":"2022-11-29T21:38:20+00:00","dateModified":"2022-12-12T16:21:42+00:00","mainEntityOfPage":{"@id":"https:\/\/www.padreydecano.com\/cms\/noticias\/salidas-anticipadas\/"},"wordCount":643,"commentCount":74,"publisher":{"@id":"https:\/\/www.padreydecano.com\/cms\/#organization"},"image":{"@id":"https:\/\/www.padreydecano.com\/cms\/noticias\/salidas-anticipadas\/#primaryimage"},"thumbnailUrl":"https:\/\/www.padreydecano.com\/cms\/wp-content\/uploads\/2017\/07\/Gargano-2.jpg","keywords":["Campeonato Uruguayo 2023"],"articleSection":["Noticias"],"inLanguage":"es","potentialAction":[{"@type":"CommentAction","name":"Comment","target":["https:\/\/www.padreydecano.com\/cms\/noticias\/salidas-anticipadas\/#respond"]}]},{"@type":"WebPage","@id":"https:\/\/www.padreydecano.com\/cms\/noticias\/salidas-anticipadas\/","url":"https:\/\/www.padreydecano.com\/cms\/noticias\/salidas-anticipadas\/","name":"Salidas anticipadas\u00a0 - Padre y Decano - El Sitio del Pueblo","isPartOf":{"@id":"https:\/\/www.padreydecano.com\/cms\/#website"},"primaryImageOfPage":{"@id":"https:\/\/www.padreydecano.com\/cms\/noticias\/salidas-anticipadas\/#primaryimage"},"image":{"@id":"https:\/\/www.padreydecano.com\/cms\/noticias\/salidas-anticipadas\/#primaryimage"},"thumbnailUrl":"https:\/\/www.padreydecano.com\/cms\/wp-content\/uploads\/2017\/07\/Gargano-2.jpg","datePublished":"2022-11-29T21:38:20+00:00","dateModified":"2022-12-12T16:21:42+00:00","breadcrumb":{"@id":"https:\/\/www.padreydecano.com\/cms\/noticias\/salidas-anticipadas\/#breadcrumb"},"inLanguage":"es","potentialAction":[{"@type":"ReadAction","target":["https:\/\/www.padreydecano.com\/cms\/noticias\/salidas-anticipadas\/"]}]},{"@type":"ImageObject","inLanguage":"es","@id":"https:\/\/www.padreydecano.com\/cms\/noticias\/salidas-anticipadas\/#primaryimage","url":"https:\/\/www.padreydecano.com\/cms\/wp-content\/uploads\/2017\/07\/Gargano-2.jpg","contentUrl":"https:\/\/www.padreydecano.com\/cms\/wp-content\/uploads\/2017\/07\/Gargano-2.jpg","width":900,"height":600},{"@type":"BreadcrumbList","@id":"https:\/\/www.padreydecano.com\/cms\/noticias\/salidas-anticipadas\/#breadcrumb","itemListElement":[{"@type":"ListItem","position":1,"name":"Portada","item":"https:\/\/www.padreydecano.com\/cms\/"},{"@type":"ListItem","position":2,"name":"Salidas anticipadas\u00a0"}]},{"@type":"WebSite","@id":"https:\/\/www.padreydecano.com\/cms\/#website","url":"https:\/\/www.padreydecano.com\/cms\/","name":"Padre y Decano - El Sitio del Pueblo","description":"Club Atl\u00e9tico Pe\u00f1arol","publisher":{"@id":"https:\/\/www.padreydecano.com\/cms\/#organization"},"potentialAction":[{"@type":"SearchAction","target":{"@type":"EntryPoint","urlTemplate":"https:\/\/www.padreydecano.com\/cms\/?s={search_term_string}"},"query-input":"required name=search_term_string"}],"inLanguage":"es"},{"@type":"Organization","@id":"https:\/\/www.padreydecano.com\/cms\/#organization","name":"Padre y Decano","url":"https:\/\/www.padreydecano.com\/cms\/","logo":{"@type":"ImageObject","inLanguage":"es","@id":"https:\/\/www.padreydecano.com\/cms\/#\/schema\/logo\/image\/","url":"https:\/\/www.padreydecano.com\/cms\/wp-content\/uploads\/2022\/01\/avatar-square.png","contentUrl":"https:\/\/www.padreydecano.com\/cms\/wp-content\/uploads\/2022\/01\/avatar-square.png","width":1500,"height":1500,"caption":"Padre y Decano"},"image":{"@id":"https:\/\/www.padreydecano.com\/cms\/#\/schema\/logo\/image\/"}},{"@type":"Person","@id":"https:\/\/www.padreydecano.com\/cms\/#\/schema\/person\/37aae8f93aa78e4c5385497f056e3246","name":"Redactores Padre y Decano","image":{"@type":"ImageObject","inLanguage":"es","@id":"https:\/\/www.padreydecano.com\/cms\/#\/schema\/person\/image\/","url":"https:\/\/secure.gravatar.com\/avatar\/8810c4b9081192b118b104af54549af8?s=96&d=https%3A%2F%2Fpadreydecano.com%2Fcms%2Fwp-content%2Fthemes%2Fpyd-theme%2Fimg%2Fdefault-avatar.png&r=g","contentUrl":"https:\/\/secure.gravatar.com\/avatar\/8810c4b9081192b118b104af54549af8?s=96&d=https%3A%2F%2Fpadreydecano.com%2Fcms%2Fwp-content%2Fthemes%2Fpyd-theme%2Fimg%2Fdefault-avatar.png&r=g","caption":"Redactores Padre y Decano"},"sameAs":["http:\/\/www.padreydecano.com"]}]}},"_links":{"self":[{"href":"https:\/\/www.padreydecano.com\/cms\/wp-json\/wp\/v2\/posts\/79455"}],"collection":[{"href":"https:\/\/www.padreydecano.com\/cms\/wp-json\/wp\/v2\/posts"}],"about":[{"href":"https:\/\/www.padreydecano.com\/cms\/wp-json\/wp\/v2\/types\/post"}],"author":[{"embeddable":true,"href":"https:\/\/www.padreydecano.com\/cms\/wp-json\/wp\/v2\/users\/27"}],"replies":[{"embeddable":true,"href":"https:\/\/www.padreydecano.com\/cms\/wp-json\/wp\/v2\/comments?post=79455"}],"version-history":[{"count":0,"href":"https:\/\/www.padreydecano.com\/cms\/wp-json\/wp\/v2\/posts\/79455\/revisions"}],"wp:featuredmedia":[{"embeddable":true,"href":"https:\/\/www.padreydecano.com\/cms\/wp-json\/wp\/v2\/media\/63891"}],"wp:attachment":[{"href":"https:\/\/www.padreydecano.com\/cms\/wp-json\/wp\/v2\/media?parent=79455"}],"wp:term":[{"taxonomy":"category","embeddable":true,"href":"https:\/\/www.padreydecano.com\/cms\/wp-json\/wp\/v2\/categories?post=79455"},{"taxonomy":"post_tag","embeddable":true,"href":"https:\/\/www.padreydecano.com\/cms\/wp-json\/wp\/v2\/tags?post=79455"}],"curies":[{"name":"wp","href":"https:\/\/api.w.org\/{rel}","templated":true}]}}