{"id":79443,"date":"2022-11-26T18:41:11","date_gmt":"2022-11-26T21:41:11","guid":{"rendered":"https:\/\/www.padreydecano.com\/cms\/?p=79443"},"modified":"2022-11-30T09:38:49","modified_gmt":"2022-11-30T12:38:49","slug":"punto-vital","status":"publish","type":"post","link":"https:\/\/www.padreydecano.com\/cms\/basket\/punto-vital\/","title":{"rendered":"Punto vital"},"content":{"rendered":"<p><img loading=\"lazy\" decoding=\"async\" class=\"alignnone size-medium wp-image-79449\" src=\"https:\/\/www.padreydecano.com\/cms\/wp-content\/uploads\/2022\/11\/IMG-20221125-WA0101-600x400.jpg\" alt=\"\" width=\"600\" height=\"400\" srcset=\"https:\/\/www.padreydecano.com\/cms\/wp-content\/uploads\/2022\/11\/IMG-20221125-WA0101-600x400.jpg 600w, https:\/\/www.padreydecano.com\/cms\/wp-content\/uploads\/2022\/11\/IMG-20221125-WA0101-1024x683.jpg 1024w, https:\/\/www.padreydecano.com\/cms\/wp-content\/uploads\/2022\/11\/IMG-20221125-WA0101-768x512.jpg 768w, https:\/\/www.padreydecano.com\/cms\/wp-content\/uploads\/2022\/11\/IMG-20221125-WA0101-1536x1024.jpg 1536w, https:\/\/www.padreydecano.com\/cms\/wp-content\/uploads\/2022\/11\/IMG-20221125-WA0101-300x200.jpg 300w, https:\/\/www.padreydecano.com\/cms\/wp-content\/uploads\/2022\/11\/IMG-20221125-WA0101-128x85.jpg 128w, https:\/\/www.padreydecano.com\/cms\/wp-content\/uploads\/2022\/11\/IMG-20221125-WA0101-32x21.jpg 32w, https:\/\/www.padreydecano.com\/cms\/wp-content\/uploads\/2022\/11\/IMG-20221125-WA0101.jpg 2048w\" sizes=\"(max-width: 600px) 100vw, 600px\" \/><\/p>\n<p><strong>Pe\u00f1arol derrot\u00f3 a Goes por 87-81 y sigue descontando en la tabla de posiciones.<\/strong><\/p>\n<p>En Pe\u00f1arol comenzaron Mayora, Zanotta, Huertas, Thomas y Roberts.<\/p>\n<p>El primer cuarto arranc\u00f3 cuesta arriba. Un equipo muy trancado en ataque y con malos porcentajes. En defensa tampoco hubo buena labor, por eso L\u00f3pez pidi\u00f3 minuto luego de un parcial 14-6 en contra. Hubo buen ingreso de Pena Garc\u00eda en ataque, pero la defensa no era s\u00f3lida. El primero lo gan\u00f3 Goes 29-20.<\/p>\n<p>El segundo arranc\u00f3 mejor en defensa y encontr\u00f3 tiros claros en ataque. Promediando el cuarto se fue expulsado Borsellino y el equipo se desconcentr\u00f3. Goes retom\u00f3 la diferencia y oblig\u00f3 al minuto de L\u00f3pez. El aurinegro volvi\u00f3 mejor y con dos triples de \u00c1lex L\u00f3pez, pas\u00f3 al frente en el marcador. Hubo buen cierre y por eso se llev\u00f3 la ventana al descanso 45-44.<\/p>\n<p>Buen arranque en el tercero, intenso en defensa y corriendo la cancha. Un gran arranque de Thomas le di\u00f3 un parcial de 7-0 en el comienzo. La defensa fue clave. El equipo se hizo fuerte atr\u00e1s y jug\u00f3 m\u00e1s c\u00f3modo en ataque. \u00c1lex L\u00f3pez y Pena Garc\u00eda se sintieron c\u00f3modos y estuvieron a gran nivel. Thomas fue otro que demostr\u00f3 su mejor versi\u00f3n y fue la mano m\u00e1s caliente. El carbonero sac\u00f3 la m\u00e1xima y se fue al \u00faltimo ganando 69-54.<\/p>\n<p>En el \u00faltimo la visita sali\u00f3 con toda y descont\u00f3 r\u00e1pido. No fue f\u00e1cil el tr\u00e1mite del \u00faltimo cuarto y L\u00f3pez recurri\u00f3 a minutos de tiempo para no perder el control. Un gran Lee Roberts, en su mejor versi\u00f3n. L\u00f3pez y Pena Garc\u00eda siguieron claros en el \u00faltimo y fueron v\u00edas de gol. Un triunfo muy importante ante uno de los mejores equipos del campeonato.<\/p>\n<p><strong><span style=\"color: #ffcc00;\">Estad\u00edsticas<\/span><\/strong><\/p>\n<ol>\n<li style=\"list-style-type: none;\">\n<ol>\n<li>Charles Thomas jug\u00f3 para quedarse. 27 puntos y 9 rebotes<\/li>\n<li>Lee Roberts recuper\u00f3 su forma. 21 puntos y 4 rebotes<\/li>\n<li>\u00c1lex L\u00f3pez tuvo su mejor noche. 18 puntos (4\/7 en triples) y 5 rebotes<\/li>\n<\/ol>\n<\/li>\n<\/ol>\n<p>&lt;li \u00ab&gt;Diego Pena Garc\u00eda otro que mejor\u00f3. 12 puntos (4\/7 en triples) y 4 rebotes<\/p>\n<p><span style=\"color: #ffcc00;\"><strong>Lo que sigue<\/strong><\/span><\/p>\n<p>El carbonero volver\u00e1 a jugar el pr\u00f3ximo lunes frente a Larre Borges de visitante. Seguramente haya entradas para el p\u00fablico de Pe\u00f1arol. No va televisado por VTV.<\/p>\n<div class=\"user-wrapper\"><a class=\"userlink\" href=\"https:\/\/twitter.com\/griegosebas\" target=\"_blank\"><figure><img decoding=\"async\" src=\"http:\/\/www.padreydecano.com\/cms\/wp-users-files\/postfirmas\/sebagriego.jpg\" \/><\/figure><p class=\"user\"><strong>Sebasti&aacute;n Griego<\/strong><br \/>@SebaGriego<\/p><\/a><\/div>\n","protected":false},"excerpt":{"rendered":"<p>Pe\u00f1arol derrot\u00f3 a Goes por 87-81 y sigue descontando en la tabla de posiciones. En Pe\u00f1arol comenzaron Mayora, Zanotta, Huertas, Thomas y Roberts. El primer cuarto arranc\u00f3 cuesta arriba. Un equipo muy trancado en ataque y con malos porcentajes. En defensa tampoco hubo buena labor, por eso L\u00f3pez pidi\u00f3 minuto luego de un parcial 14-6 [&hellip;]<\/p>\n","protected":false},"author":27,"featured_media":79449,"comment_status":"open","ping_status":"closed","sticky":false,"template":"","format":"standard","meta":{"footnotes":""},"categories":[407],"tags":[],"yoast_head":"<!-- This site is optimized with the Yoast SEO plugin v23.2 - https:\/\/yoast.com\/wordpress\/plugins\/seo\/ -->\n<title>Punto vital - Padre y Decano - El Sitio del Pueblo<\/title>\n<meta name=\"robots\" content=\"index, follow, max-snippet:-1, max-image-preview:large, max-video-preview:-1\" \/>\n<link rel=\"canonical\" href=\"https:\/\/www.padreydecano.com\/cms\/basket\/punto-vital\/\" \/>\n<meta property=\"og:locale\" content=\"es_ES\" \/>\n<meta property=\"og:type\" content=\"article\" \/>\n<meta property=\"og:title\" content=\"Punto vital - Padre y Decano - El Sitio del Pueblo\" \/>\n<meta property=\"og:description\" content=\"Pe\u00f1arol derrot\u00f3 a Goes por 87-81 y sigue descontando en la tabla de posiciones. En Pe\u00f1arol comenzaron Mayora, Zanotta, Huertas, Thomas y Roberts. El primer cuarto arranc\u00f3 cuesta arriba. Un equipo muy trancado en ataque y con malos porcentajes. En defensa tampoco hubo buena labor, por eso L\u00f3pez pidi\u00f3 minuto luego de un parcial 14-6 [&hellip;]\" \/>\n<meta property=\"og:url\" content=\"https:\/\/www.padreydecano.com\/cms\/basket\/punto-vital\/\" \/>\n<meta property=\"og:site_name\" content=\"Padre y Decano - El Sitio del Pueblo\" \/>\n<meta property=\"article:published_time\" content=\"2022-11-26T21:41:11+00:00\" \/>\n<meta property=\"article:modified_time\" content=\"2022-11-30T12:38:49+00:00\" \/>\n<meta property=\"og:image\" content=\"https:\/\/www.padreydecano.com\/cms\/wp-content\/uploads\/2022\/11\/IMG-20221125-WA0101.jpg\" \/>\n\t<meta property=\"og:image:width\" content=\"2048\" \/>\n\t<meta property=\"og:image:height\" content=\"1365\" \/>\n\t<meta property=\"og:image:type\" content=\"image\/jpeg\" \/>\n<meta name=\"author\" content=\"Redactores Padre y Decano\" \/>\n<meta name=\"twitter:card\" content=\"summary_large_image\" \/>\n<meta name=\"twitter:label1\" content=\"Escrito por\" \/>\n\t<meta name=\"twitter:data1\" content=\"Redactores Padre y Decano\" \/>\n\t<meta name=\"twitter:label2\" content=\"Tiempo de lectura\" \/>\n\t<meta name=\"twitter:data2\" content=\"2 minutos\" \/>\n<script type=\"application\/ld+json\" class=\"yoast-schema-graph\">{\"@context\":\"https:\/\/schema.org\",\"@graph\":[{\"@type\":\"Article\",\"@id\":\"https:\/\/www.padreydecano.com\/cms\/basket\/punto-vital\/#article\",\"isPartOf\":{\"@id\":\"https:\/\/www.padreydecano.com\/cms\/basket\/punto-vital\/\"},\"author\":{\"name\":\"Redactores Padre y Decano\",\"@id\":\"https:\/\/www.padreydecano.com\/cms\/#\/schema\/person\/37aae8f93aa78e4c5385497f056e3246\"},\"headline\":\"Punto vital\",\"datePublished\":\"2022-11-26T21:41:11+00:00\",\"dateModified\":\"2022-11-30T12:38:49+00:00\",\"mainEntityOfPage\":{\"@id\":\"https:\/\/www.padreydecano.com\/cms\/basket\/punto-vital\/\"},\"wordCount\":392,\"commentCount\":5,\"publisher\":{\"@id\":\"https:\/\/www.padreydecano.com\/cms\/#organization\"},\"image\":{\"@id\":\"https:\/\/www.padreydecano.com\/cms\/basket\/punto-vital\/#primaryimage\"},\"thumbnailUrl\":\"https:\/\/www.padreydecano.com\/cms\/wp-content\/uploads\/2022\/11\/IMG-20221125-WA0101.jpg\",\"articleSection\":[\"Basket\"],\"inLanguage\":\"es\",\"potentialAction\":[{\"@type\":\"CommentAction\",\"name\":\"Comment\",\"target\":[\"https:\/\/www.padreydecano.com\/cms\/basket\/punto-vital\/#respond\"]}]},{\"@type\":\"WebPage\",\"@id\":\"https:\/\/www.padreydecano.com\/cms\/basket\/punto-vital\/\",\"url\":\"https:\/\/www.padreydecano.com\/cms\/basket\/punto-vital\/\",\"name\":\"Punto vital - Padre y Decano - El Sitio del Pueblo\",\"isPartOf\":{\"@id\":\"https:\/\/www.padreydecano.com\/cms\/#website\"},\"primaryImageOfPage\":{\"@id\":\"https:\/\/www.padreydecano.com\/cms\/basket\/punto-vital\/#primaryimage\"},\"image\":{\"@id\":\"https:\/\/www.padreydecano.com\/cms\/basket\/punto-vital\/#primaryimage\"},\"thumbnailUrl\":\"https:\/\/www.padreydecano.com\/cms\/wp-content\/uploads\/2022\/11\/IMG-20221125-WA0101.jpg\",\"datePublished\":\"2022-11-26T21:41:11+00:00\",\"dateModified\":\"2022-11-30T12:38:49+00:00\",\"breadcrumb\":{\"@id\":\"https:\/\/www.padreydecano.com\/cms\/basket\/punto-vital\/#breadcrumb\"},\"inLanguage\":\"es\",\"potentialAction\":[{\"@type\":\"ReadAction\",\"target\":[\"https:\/\/www.padreydecano.com\/cms\/basket\/punto-vital\/\"]}]},{\"@type\":\"ImageObject\",\"inLanguage\":\"es\",\"@id\":\"https:\/\/www.padreydecano.com\/cms\/basket\/punto-vital\/#primaryimage\",\"url\":\"https:\/\/www.padreydecano.com\/cms\/wp-content\/uploads\/2022\/11\/IMG-20221125-WA0101.jpg\",\"contentUrl\":\"https:\/\/www.padreydecano.com\/cms\/wp-content\/uploads\/2022\/11\/IMG-20221125-WA0101.jpg\",\"width\":2048,\"height\":1365},{\"@type\":\"BreadcrumbList\",\"@id\":\"https:\/\/www.padreydecano.com\/cms\/basket\/punto-vital\/#breadcrumb\",\"itemListElement\":[{\"@type\":\"ListItem\",\"position\":1,\"name\":\"Portada\",\"item\":\"https:\/\/www.padreydecano.com\/cms\/\"},{\"@type\":\"ListItem\",\"position\":2,\"name\":\"Punto vital\"}]},{\"@type\":\"WebSite\",\"@id\":\"https:\/\/www.padreydecano.com\/cms\/#website\",\"url\":\"https:\/\/www.padreydecano.com\/cms\/\",\"name\":\"Padre y Decano - El Sitio del Pueblo\",\"description\":\"Club Atl\u00e9tico Pe\u00f1arol\",\"publisher\":{\"@id\":\"https:\/\/www.padreydecano.com\/cms\/#organization\"},\"potentialAction\":[{\"@type\":\"SearchAction\",\"target\":{\"@type\":\"EntryPoint\",\"urlTemplate\":\"https:\/\/www.padreydecano.com\/cms\/?s={search_term_string}\"},\"query-input\":\"required name=search_term_string\"}],\"inLanguage\":\"es\"},{\"@type\":\"Organization\",\"@id\":\"https:\/\/www.padreydecano.com\/cms\/#organization\",\"name\":\"Padre y Decano\",\"url\":\"https:\/\/www.padreydecano.com\/cms\/\",\"logo\":{\"@type\":\"ImageObject\",\"inLanguage\":\"es\",\"@id\":\"https:\/\/www.padreydecano.com\/cms\/#\/schema\/logo\/image\/\",\"url\":\"https:\/\/www.padreydecano.com\/cms\/wp-content\/uploads\/2022\/01\/avatar-square.png\",\"contentUrl\":\"https:\/\/www.padreydecano.com\/cms\/wp-content\/uploads\/2022\/01\/avatar-square.png\",\"width\":1500,\"height\":1500,\"caption\":\"Padre y Decano\"},\"image\":{\"@id\":\"https:\/\/www.padreydecano.com\/cms\/#\/schema\/logo\/image\/\"}},{\"@type\":\"Person\",\"@id\":\"https:\/\/www.padreydecano.com\/cms\/#\/schema\/person\/37aae8f93aa78e4c5385497f056e3246\",\"name\":\"Redactores Padre y Decano\",\"image\":{\"@type\":\"ImageObject\",\"inLanguage\":\"es\",\"@id\":\"https:\/\/www.padreydecano.com\/cms\/#\/schema\/person\/image\/\",\"url\":\"https:\/\/secure.gravatar.com\/avatar\/8810c4b9081192b118b104af54549af8?s=96&d=https%3A%2F%2Fpadreydecano.com%2Fcms%2Fwp-content%2Fthemes%2Fpyd-theme%2Fimg%2Fdefault-avatar.png&r=g\",\"contentUrl\":\"https:\/\/secure.gravatar.com\/avatar\/8810c4b9081192b118b104af54549af8?s=96&d=https%3A%2F%2Fpadreydecano.com%2Fcms%2Fwp-content%2Fthemes%2Fpyd-theme%2Fimg%2Fdefault-avatar.png&r=g\",\"caption\":\"Redactores Padre y Decano\"},\"sameAs\":[\"http:\/\/www.padreydecano.com\"]}]}<\/script>\n<!-- \/ Yoast SEO plugin. -->","yoast_head_json":{"title":"Punto vital - Padre y Decano - El Sitio del Pueblo","robots":{"index":"index","follow":"follow","max-snippet":"max-snippet:-1","max-image-preview":"max-image-preview:large","max-video-preview":"max-video-preview:-1"},"canonical":"https:\/\/www.padreydecano.com\/cms\/basket\/punto-vital\/","og_locale":"es_ES","og_type":"article","og_title":"Punto vital - Padre y Decano - El Sitio del Pueblo","og_description":"Pe\u00f1arol derrot\u00f3 a Goes por 87-81 y sigue descontando en la tabla de posiciones. En Pe\u00f1arol comenzaron Mayora, Zanotta, Huertas, Thomas y Roberts. El primer cuarto arranc\u00f3 cuesta arriba. Un equipo muy trancado en ataque y con malos porcentajes. En defensa tampoco hubo buena labor, por eso L\u00f3pez pidi\u00f3 minuto luego de un parcial 14-6 [&hellip;]","og_url":"https:\/\/www.padreydecano.com\/cms\/basket\/punto-vital\/","og_site_name":"Padre y Decano - El Sitio del Pueblo","article_published_time":"2022-11-26T21:41:11+00:00","article_modified_time":"2022-11-30T12:38:49+00:00","og_image":[{"width":2048,"height":1365,"url":"https:\/\/www.padreydecano.com\/cms\/wp-content\/uploads\/2022\/11\/IMG-20221125-WA0101.jpg","type":"image\/jpeg"}],"author":"Redactores Padre y Decano","twitter_card":"summary_large_image","twitter_misc":{"Escrito por":"Redactores Padre y Decano","Tiempo de lectura":"2 minutos"},"schema":{"@context":"https:\/\/schema.org","@graph":[{"@type":"Article","@id":"https:\/\/www.padreydecano.com\/cms\/basket\/punto-vital\/#article","isPartOf":{"@id":"https:\/\/www.padreydecano.com\/cms\/basket\/punto-vital\/"},"author":{"name":"Redactores Padre y Decano","@id":"https:\/\/www.padreydecano.com\/cms\/#\/schema\/person\/37aae8f93aa78e4c5385497f056e3246"},"headline":"Punto vital","datePublished":"2022-11-26T21:41:11+00:00","dateModified":"2022-11-30T12:38:49+00:00","mainEntityOfPage":{"@id":"https:\/\/www.padreydecano.com\/cms\/basket\/punto-vital\/"},"wordCount":392,"commentCount":5,"publisher":{"@id":"https:\/\/www.padreydecano.com\/cms\/#organization"},"image":{"@id":"https:\/\/www.padreydecano.com\/cms\/basket\/punto-vital\/#primaryimage"},"thumbnailUrl":"https:\/\/www.padreydecano.com\/cms\/wp-content\/uploads\/2022\/11\/IMG-20221125-WA0101.jpg","articleSection":["Basket"],"inLanguage":"es","potentialAction":[{"@type":"CommentAction","name":"Comment","target":["https:\/\/www.padreydecano.com\/cms\/basket\/punto-vital\/#respond"]}]},{"@type":"WebPage","@id":"https:\/\/www.padreydecano.com\/cms\/basket\/punto-vital\/","url":"https:\/\/www.padreydecano.com\/cms\/basket\/punto-vital\/","name":"Punto vital - Padre y Decano - El Sitio del Pueblo","isPartOf":{"@id":"https:\/\/www.padreydecano.com\/cms\/#website"},"primaryImageOfPage":{"@id":"https:\/\/www.padreydecano.com\/cms\/basket\/punto-vital\/#primaryimage"},"image":{"@id":"https:\/\/www.padreydecano.com\/cms\/basket\/punto-vital\/#primaryimage"},"thumbnailUrl":"https:\/\/www.padreydecano.com\/cms\/wp-content\/uploads\/2022\/11\/IMG-20221125-WA0101.jpg","datePublished":"2022-11-26T21:41:11+00:00","dateModified":"2022-11-30T12:38:49+00:00","breadcrumb":{"@id":"https:\/\/www.padreydecano.com\/cms\/basket\/punto-vital\/#breadcrumb"},"inLanguage":"es","potentialAction":[{"@type":"ReadAction","target":["https:\/\/www.padreydecano.com\/cms\/basket\/punto-vital\/"]}]},{"@type":"ImageObject","inLanguage":"es","@id":"https:\/\/www.padreydecano.com\/cms\/basket\/punto-vital\/#primaryimage","url":"https:\/\/www.padreydecano.com\/cms\/wp-content\/uploads\/2022\/11\/IMG-20221125-WA0101.jpg","contentUrl":"https:\/\/www.padreydecano.com\/cms\/wp-content\/uploads\/2022\/11\/IMG-20221125-WA0101.jpg","width":2048,"height":1365},{"@type":"BreadcrumbList","@id":"https:\/\/www.padreydecano.com\/cms\/basket\/punto-vital\/#breadcrumb","itemListElement":[{"@type":"ListItem","position":1,"name":"Portada","item":"https:\/\/www.padreydecano.com\/cms\/"},{"@type":"ListItem","position":2,"name":"Punto vital"}]},{"@type":"WebSite","@id":"https:\/\/www.padreydecano.com\/cms\/#website","url":"https:\/\/www.padreydecano.com\/cms\/","name":"Padre y Decano - El Sitio del Pueblo","description":"Club Atl\u00e9tico Pe\u00f1arol","publisher":{"@id":"https:\/\/www.padreydecano.com\/cms\/#organization"},"potentialAction":[{"@type":"SearchAction","target":{"@type":"EntryPoint","urlTemplate":"https:\/\/www.padreydecano.com\/cms\/?s={search_term_string}"},"query-input":"required name=search_term_string"}],"inLanguage":"es"},{"@type":"Organization","@id":"https:\/\/www.padreydecano.com\/cms\/#organization","name":"Padre y Decano","url":"https:\/\/www.padreydecano.com\/cms\/","logo":{"@type":"ImageObject","inLanguage":"es","@id":"https:\/\/www.padreydecano.com\/cms\/#\/schema\/logo\/image\/","url":"https:\/\/www.padreydecano.com\/cms\/wp-content\/uploads\/2022\/01\/avatar-square.png","contentUrl":"https:\/\/www.padreydecano.com\/cms\/wp-content\/uploads\/2022\/01\/avatar-square.png","width":1500,"height":1500,"caption":"Padre y Decano"},"image":{"@id":"https:\/\/www.padreydecano.com\/cms\/#\/schema\/logo\/image\/"}},{"@type":"Person","@id":"https:\/\/www.padreydecano.com\/cms\/#\/schema\/person\/37aae8f93aa78e4c5385497f056e3246","name":"Redactores Padre y Decano","image":{"@type":"ImageObject","inLanguage":"es","@id":"https:\/\/www.padreydecano.com\/cms\/#\/schema\/person\/image\/","url":"https:\/\/secure.gravatar.com\/avatar\/8810c4b9081192b118b104af54549af8?s=96&d=https%3A%2F%2Fpadreydecano.com%2Fcms%2Fwp-content%2Fthemes%2Fpyd-theme%2Fimg%2Fdefault-avatar.png&r=g","contentUrl":"https:\/\/secure.gravatar.com\/avatar\/8810c4b9081192b118b104af54549af8?s=96&d=https%3A%2F%2Fpadreydecano.com%2Fcms%2Fwp-content%2Fthemes%2Fpyd-theme%2Fimg%2Fdefault-avatar.png&r=g","caption":"Redactores Padre y Decano"},"sameAs":["http:\/\/www.padreydecano.com"]}]}},"_links":{"self":[{"href":"https:\/\/www.padreydecano.com\/cms\/wp-json\/wp\/v2\/posts\/79443"}],"collection":[{"href":"https:\/\/www.padreydecano.com\/cms\/wp-json\/wp\/v2\/posts"}],"about":[{"href":"https:\/\/www.padreydecano.com\/cms\/wp-json\/wp\/v2\/types\/post"}],"author":[{"embeddable":true,"href":"https:\/\/www.padreydecano.com\/cms\/wp-json\/wp\/v2\/users\/27"}],"replies":[{"embeddable":true,"href":"https:\/\/www.padreydecano.com\/cms\/wp-json\/wp\/v2\/comments?post=79443"}],"version-history":[{"count":0,"href":"https:\/\/www.padreydecano.com\/cms\/wp-json\/wp\/v2\/posts\/79443\/revisions"}],"wp:featuredmedia":[{"embeddable":true,"href":"https:\/\/www.padreydecano.com\/cms\/wp-json\/wp\/v2\/media\/79449"}],"wp:attachment":[{"href":"https:\/\/www.padreydecano.com\/cms\/wp-json\/wp\/v2\/media?parent=79443"}],"wp:term":[{"taxonomy":"category","embeddable":true,"href":"https:\/\/www.padreydecano.com\/cms\/wp-json\/wp\/v2\/categories?post=79443"},{"taxonomy":"post_tag","embeddable":true,"href":"https:\/\/www.padreydecano.com\/cms\/wp-json\/wp\/v2\/tags?post=79443"}],"curies":[{"name":"wp","href":"https:\/\/api.w.org\/{rel}","templated":true}]}}