{"id":79441,"date":"2022-11-25T18:55:15","date_gmt":"2022-11-25T21:55:15","guid":{"rendered":"https:\/\/www.padreydecano.com\/cms\/?p=79441"},"modified":"2022-12-02T20:13:55","modified_gmt":"2022-12-02T23:13:55","slug":"habemus-dt","status":"publish","type":"post","link":"https:\/\/www.padreydecano.com\/cms\/noticias\/habemus-dt\/","title":{"rendered":"Habemus DT"},"content":{"rendered":"<p><img loading=\"lazy\" decoding=\"async\" class=\"alignnone size-medium wp-image-79442\" src=\"https:\/\/www.padreydecano.com\/cms\/wp-content\/uploads\/2022\/11\/alfredo-ariasjpg-600x337.jpg\" alt=\"\" width=\"600\" height=\"337\" srcset=\"https:\/\/www.padreydecano.com\/cms\/wp-content\/uploads\/2022\/11\/alfredo-ariasjpg-600x337.jpg 600w, https:\/\/www.padreydecano.com\/cms\/wp-content\/uploads\/2022\/11\/alfredo-ariasjpg-1024x575.jpg 1024w, https:\/\/www.padreydecano.com\/cms\/wp-content\/uploads\/2022\/11\/alfredo-ariasjpg-768x431.jpg 768w, https:\/\/www.padreydecano.com\/cms\/wp-content\/uploads\/2022\/11\/alfredo-ariasjpg-300x169.jpg 300w, https:\/\/www.padreydecano.com\/cms\/wp-content\/uploads\/2022\/11\/alfredo-ariasjpg-128x72.jpg 128w, https:\/\/www.padreydecano.com\/cms\/wp-content\/uploads\/2022\/11\/alfredo-ariasjpg-32x18.jpg 32w, https:\/\/www.padreydecano.com\/cms\/wp-content\/uploads\/2022\/11\/alfredo-ariasjpg.jpg 1200w\" sizes=\"(max-width: 600px) 100vw, 600px\" \/><\/p>\n<p><strong>Alfredo Arias culminar\u00e1 la temporada con Independiente Santa F\u00e9 y se sumar\u00e1 a la direcci\u00f3n t\u00e9cnica de Pe\u00f1arol para la temporada 2023. As\u00ed lo confirm\u00f3 la instituci\u00f3n en sus redes sociales.<\/strong><\/p>\n<p>Varios nombres estuvieron arriba de la mesa para reemplazar a Leonardo Ramos como entrenador del decano para la temporada 2023. Luego de analizarlos y de llevar a cabo negociaciones con algunos de los candidatos, se decret\u00f3 la llegada de Alfredo Arias. 18 d\u00edas pasaron desde la decisi\u00f3n de la salida de Ramos hasta la conferencia de prensa de Alfredo confirmando su llegada al Decano.<\/p>\n<p>Arias inici\u00f3 su carrera en el mundo futbol\u00edstico como jugador. Estuvo en las filas del tradicional rival, pas\u00f3 por Montevideo Wanderers, Palestino, Huachipato, Trasandino y O&#8217;Higgins de Chile, Tempico Madero de M\u00e9xico y tuvo un paso por Pe\u00f1arol a principios de 1980 donde fue campe\u00f3n uruguayo y anot\u00f3 un gol cl\u00e1sico.<\/p>\n<p>Varios a\u00f1os despu\u00e9s de colgar los botines, comenz\u00f3 su carrera como entrenador en los \u00faltimos a\u00f1os de las formativas de Wanderers, posteriormente debut\u00f3 en primera divisi\u00f3n dirigiendo al primer equipo del bohemio en 2012.<\/p>\n<p>Pas\u00f3 por Santiago Wanderers de Chile, Emelec de Ecuador, Bolivar de Bolivia, volvi\u00f3 al pa\u00eds trasandino para dirigir a la Universidad de Chile, retorn\u00f3 a Montevideo Wanderers y finalmente estuvo al frente de Deportivo Cali e Independiente Santa F\u00e9.<\/p>\n<p>Como entrenador se coron\u00f3 campe\u00f3n del Torneo Clausura 2014 con Wanderers (perdi\u00f3 en la final del Campeonato Uruguayo con Danubio) y del Campeonato Ecuatoriano 2017 con Emelec. Ambos a\u00f1os que logr\u00f3 consagrarse campe\u00f3n, fue distinguido como el mejor entrenador de la competencia.<\/p>\n<p>Actualmente se encuentra dirigiendo a Independiente Santa F\u00e9, que se encuentra definiendo el cuadrangular final del Torneo Finalizaci\u00f3n, estando primero en su grupo y clasificando a las finales de la competencia. Una vez finalice su participaci\u00f3n, llegar\u00e1 a Los Aromos para asumir como entrenador del carbonero.<\/p>\n<p>El entrenador de 63 a\u00f1os realiz\u00f3 una conferencia de prensa para oficializar su salida del equipo cafetero: \u00abMi salida y la decisi\u00f3n de ir a Uruguay es innegociable. Son temas personales por lo que quiero estar en Uruguay, se suma que puedo dirigir en Pe\u00f1arol, donde yo jugu\u00e9, hice un gol cl\u00e1sico y supe lo que es salir campe\u00f3n. Es un regalo del cielo\u00bb.<\/p>\n<p>Adem\u00e1s, tambi\u00e9n confirm\u00f3 en la conferencia de prensa que es candidato a dirigir a Pe\u00f1arol desde hace 2 meses. Armar\u00e1 el cuerpo t\u00e9cnico con diferencias al que viene conformando en el f\u00fatbol colombiano, debido a temas personales de integrantes del mismo con respecto a mudarse a Uruguay.<\/p>\n<p>Un entrenador que busca ser protagonista y mantener el juego del bal\u00f3n, que opta por tener consideraci\u00f3n con los futbolistas juveniles y que ha revolucionado a sus equipos anteriores. Si bien algunas declaraciones del pasado haciendo referencia a dirigir en el tradicional rival hicieron eco en las \u00faltimas horas, Arias puede generar una expectativa al hincha futbol\u00edsticamente hablando.<\/p>\n<p>Hasta la llegada del entrenador, los entrenamientos del plantel principal ser\u00e1n bajo las \u00f3rdenes de \u00d3scar \u00abGallego\u00bb Ferro y el Profesor Math\u00edas Vecino, como viene siendo desde el pasado martes 22 de noviembre.<\/p>\n<div class=\"user-wrapper\"><a class=\"userlink\"href=\"https:\/\/twitter.com\/ftrucce18\" target=\"_blank\"><figure><img decoding=\"async\" src=\"http:\/\/www.padreydecano.com\/cms\/wp-users-files\/postfirmas\/ftrucce.jpg\" \/><\/figure><p class=\"user\"><strong>Franco Trucce<\/strong><br \/>@FTrucce18<\/p><\/a><\/div>\n","protected":false},"excerpt":{"rendered":"<p>Alfredo Arias culminar\u00e1 la temporada con Independiente Santa F\u00e9 y se sumar\u00e1 a la direcci\u00f3n t\u00e9cnica de Pe\u00f1arol para la temporada 2023. As\u00ed lo confirm\u00f3 la instituci\u00f3n en sus redes sociales. Varios nombres estuvieron arriba de la mesa para reemplazar a Leonardo Ramos como entrenador del decano para la temporada 2023. Luego de analizarlos y [&hellip;]<\/p>\n","protected":false},"author":27,"featured_media":79442,"comment_status":"open","ping_status":"closed","sticky":false,"template":"","format":"standard","meta":{"footnotes":""},"categories":[1],"tags":[590],"yoast_head":"<!-- This site is optimized with the Yoast SEO plugin v23.2 - https:\/\/yoast.com\/wordpress\/plugins\/seo\/ -->\n<title>Habemus DT - Padre y Decano - El Sitio del Pueblo<\/title>\n<meta name=\"robots\" content=\"index, follow, max-snippet:-1, max-image-preview:large, max-video-preview:-1\" \/>\n<link rel=\"canonical\" href=\"https:\/\/www.padreydecano.com\/cms\/noticias\/habemus-dt\/\" \/>\n<meta property=\"og:locale\" content=\"es_ES\" \/>\n<meta property=\"og:type\" content=\"article\" \/>\n<meta property=\"og:title\" content=\"Habemus DT - Padre y Decano - El Sitio del Pueblo\" \/>\n<meta property=\"og:description\" content=\"Alfredo Arias culminar\u00e1 la temporada con Independiente Santa F\u00e9 y se sumar\u00e1 a la direcci\u00f3n t\u00e9cnica de Pe\u00f1arol para la temporada 2023. As\u00ed lo confirm\u00f3 la instituci\u00f3n en sus redes sociales. Varios nombres estuvieron arriba de la mesa para reemplazar a Leonardo Ramos como entrenador del decano para la temporada 2023. Luego de analizarlos y [&hellip;]\" \/>\n<meta property=\"og:url\" content=\"https:\/\/www.padreydecano.com\/cms\/noticias\/habemus-dt\/\" \/>\n<meta property=\"og:site_name\" content=\"Padre y Decano - El Sitio del Pueblo\" \/>\n<meta property=\"article:published_time\" content=\"2022-11-25T21:55:15+00:00\" \/>\n<meta property=\"article:modified_time\" content=\"2022-12-02T23:13:55+00:00\" \/>\n<meta property=\"og:image\" content=\"https:\/\/www.padreydecano.com\/cms\/wp-content\/uploads\/2022\/11\/alfredo-ariasjpg.jpg\" \/>\n\t<meta property=\"og:image:width\" content=\"1200\" \/>\n\t<meta property=\"og:image:height\" content=\"674\" \/>\n\t<meta property=\"og:image:type\" content=\"image\/jpeg\" \/>\n<meta name=\"author\" content=\"Redactores Padre y Decano\" \/>\n<meta name=\"twitter:card\" content=\"summary_large_image\" \/>\n<meta name=\"twitter:label1\" content=\"Escrito por\" \/>\n\t<meta name=\"twitter:data1\" content=\"Redactores Padre y Decano\" \/>\n\t<meta name=\"twitter:label2\" content=\"Tiempo de lectura\" \/>\n\t<meta name=\"twitter:data2\" content=\"3 minutos\" \/>\n<script type=\"application\/ld+json\" class=\"yoast-schema-graph\">{\"@context\":\"https:\/\/schema.org\",\"@graph\":[{\"@type\":\"Article\",\"@id\":\"https:\/\/www.padreydecano.com\/cms\/noticias\/habemus-dt\/#article\",\"isPartOf\":{\"@id\":\"https:\/\/www.padreydecano.com\/cms\/noticias\/habemus-dt\/\"},\"author\":{\"name\":\"Redactores Padre y Decano\",\"@id\":\"https:\/\/www.padreydecano.com\/cms\/#\/schema\/person\/37aae8f93aa78e4c5385497f056e3246\"},\"headline\":\"Habemus DT\",\"datePublished\":\"2022-11-25T21:55:15+00:00\",\"dateModified\":\"2022-12-02T23:13:55+00:00\",\"mainEntityOfPage\":{\"@id\":\"https:\/\/www.padreydecano.com\/cms\/noticias\/habemus-dt\/\"},\"wordCount\":539,\"commentCount\":130,\"publisher\":{\"@id\":\"https:\/\/www.padreydecano.com\/cms\/#organization\"},\"image\":{\"@id\":\"https:\/\/www.padreydecano.com\/cms\/noticias\/habemus-dt\/#primaryimage\"},\"thumbnailUrl\":\"https:\/\/www.padreydecano.com\/cms\/wp-content\/uploads\/2022\/11\/alfredo-ariasjpg.jpg\",\"keywords\":[\"Campeonato Uruguayo 2023\"],\"articleSection\":[\"Noticias\"],\"inLanguage\":\"es\",\"potentialAction\":[{\"@type\":\"CommentAction\",\"name\":\"Comment\",\"target\":[\"https:\/\/www.padreydecano.com\/cms\/noticias\/habemus-dt\/#respond\"]}]},{\"@type\":\"WebPage\",\"@id\":\"https:\/\/www.padreydecano.com\/cms\/noticias\/habemus-dt\/\",\"url\":\"https:\/\/www.padreydecano.com\/cms\/noticias\/habemus-dt\/\",\"name\":\"Habemus DT - Padre y Decano - El Sitio del Pueblo\",\"isPartOf\":{\"@id\":\"https:\/\/www.padreydecano.com\/cms\/#website\"},\"primaryImageOfPage\":{\"@id\":\"https:\/\/www.padreydecano.com\/cms\/noticias\/habemus-dt\/#primaryimage\"},\"image\":{\"@id\":\"https:\/\/www.padreydecano.com\/cms\/noticias\/habemus-dt\/#primaryimage\"},\"thumbnailUrl\":\"https:\/\/www.padreydecano.com\/cms\/wp-content\/uploads\/2022\/11\/alfredo-ariasjpg.jpg\",\"datePublished\":\"2022-11-25T21:55:15+00:00\",\"dateModified\":\"2022-12-02T23:13:55+00:00\",\"breadcrumb\":{\"@id\":\"https:\/\/www.padreydecano.com\/cms\/noticias\/habemus-dt\/#breadcrumb\"},\"inLanguage\":\"es\",\"potentialAction\":[{\"@type\":\"ReadAction\",\"target\":[\"https:\/\/www.padreydecano.com\/cms\/noticias\/habemus-dt\/\"]}]},{\"@type\":\"ImageObject\",\"inLanguage\":\"es\",\"@id\":\"https:\/\/www.padreydecano.com\/cms\/noticias\/habemus-dt\/#primaryimage\",\"url\":\"https:\/\/www.padreydecano.com\/cms\/wp-content\/uploads\/2022\/11\/alfredo-ariasjpg.jpg\",\"contentUrl\":\"https:\/\/www.padreydecano.com\/cms\/wp-content\/uploads\/2022\/11\/alfredo-ariasjpg.jpg\",\"width\":1200,\"height\":674},{\"@type\":\"BreadcrumbList\",\"@id\":\"https:\/\/www.padreydecano.com\/cms\/noticias\/habemus-dt\/#breadcrumb\",\"itemListElement\":[{\"@type\":\"ListItem\",\"position\":1,\"name\":\"Portada\",\"item\":\"https:\/\/www.padreydecano.com\/cms\/\"},{\"@type\":\"ListItem\",\"position\":2,\"name\":\"Habemus DT\"}]},{\"@type\":\"WebSite\",\"@id\":\"https:\/\/www.padreydecano.com\/cms\/#website\",\"url\":\"https:\/\/www.padreydecano.com\/cms\/\",\"name\":\"Padre y Decano - El Sitio del Pueblo\",\"description\":\"Club Atl\u00e9tico Pe\u00f1arol\",\"publisher\":{\"@id\":\"https:\/\/www.padreydecano.com\/cms\/#organization\"},\"potentialAction\":[{\"@type\":\"SearchAction\",\"target\":{\"@type\":\"EntryPoint\",\"urlTemplate\":\"https:\/\/www.padreydecano.com\/cms\/?s={search_term_string}\"},\"query-input\":\"required name=search_term_string\"}],\"inLanguage\":\"es\"},{\"@type\":\"Organization\",\"@id\":\"https:\/\/www.padreydecano.com\/cms\/#organization\",\"name\":\"Padre y Decano\",\"url\":\"https:\/\/www.padreydecano.com\/cms\/\",\"logo\":{\"@type\":\"ImageObject\",\"inLanguage\":\"es\",\"@id\":\"https:\/\/www.padreydecano.com\/cms\/#\/schema\/logo\/image\/\",\"url\":\"https:\/\/www.padreydecano.com\/cms\/wp-content\/uploads\/2022\/01\/avatar-square.png\",\"contentUrl\":\"https:\/\/www.padreydecano.com\/cms\/wp-content\/uploads\/2022\/01\/avatar-square.png\",\"width\":1500,\"height\":1500,\"caption\":\"Padre y Decano\"},\"image\":{\"@id\":\"https:\/\/www.padreydecano.com\/cms\/#\/schema\/logo\/image\/\"}},{\"@type\":\"Person\",\"@id\":\"https:\/\/www.padreydecano.com\/cms\/#\/schema\/person\/37aae8f93aa78e4c5385497f056e3246\",\"name\":\"Redactores Padre y Decano\",\"image\":{\"@type\":\"ImageObject\",\"inLanguage\":\"es\",\"@id\":\"https:\/\/www.padreydecano.com\/cms\/#\/schema\/person\/image\/\",\"url\":\"https:\/\/secure.gravatar.com\/avatar\/8810c4b9081192b118b104af54549af8?s=96&d=https%3A%2F%2Fpadreydecano.com%2Fcms%2Fwp-content%2Fthemes%2Fpyd-theme%2Fimg%2Fdefault-avatar.png&r=g\",\"contentUrl\":\"https:\/\/secure.gravatar.com\/avatar\/8810c4b9081192b118b104af54549af8?s=96&d=https%3A%2F%2Fpadreydecano.com%2Fcms%2Fwp-content%2Fthemes%2Fpyd-theme%2Fimg%2Fdefault-avatar.png&r=g\",\"caption\":\"Redactores Padre y Decano\"},\"sameAs\":[\"http:\/\/www.padreydecano.com\"]}]}<\/script>\n<!-- \/ Yoast SEO plugin. -->","yoast_head_json":{"title":"Habemus DT - Padre y Decano - El Sitio del Pueblo","robots":{"index":"index","follow":"follow","max-snippet":"max-snippet:-1","max-image-preview":"max-image-preview:large","max-video-preview":"max-video-preview:-1"},"canonical":"https:\/\/www.padreydecano.com\/cms\/noticias\/habemus-dt\/","og_locale":"es_ES","og_type":"article","og_title":"Habemus DT - Padre y Decano - El Sitio del Pueblo","og_description":"Alfredo Arias culminar\u00e1 la temporada con Independiente Santa F\u00e9 y se sumar\u00e1 a la direcci\u00f3n t\u00e9cnica de Pe\u00f1arol para la temporada 2023. As\u00ed lo confirm\u00f3 la instituci\u00f3n en sus redes sociales. Varios nombres estuvieron arriba de la mesa para reemplazar a Leonardo Ramos como entrenador del decano para la temporada 2023. Luego de analizarlos y [&hellip;]","og_url":"https:\/\/www.padreydecano.com\/cms\/noticias\/habemus-dt\/","og_site_name":"Padre y Decano - El Sitio del Pueblo","article_published_time":"2022-11-25T21:55:15+00:00","article_modified_time":"2022-12-02T23:13:55+00:00","og_image":[{"width":1200,"height":674,"url":"https:\/\/www.padreydecano.com\/cms\/wp-content\/uploads\/2022\/11\/alfredo-ariasjpg.jpg","type":"image\/jpeg"}],"author":"Redactores Padre y Decano","twitter_card":"summary_large_image","twitter_misc":{"Escrito por":"Redactores Padre y Decano","Tiempo de lectura":"3 minutos"},"schema":{"@context":"https:\/\/schema.org","@graph":[{"@type":"Article","@id":"https:\/\/www.padreydecano.com\/cms\/noticias\/habemus-dt\/#article","isPartOf":{"@id":"https:\/\/www.padreydecano.com\/cms\/noticias\/habemus-dt\/"},"author":{"name":"Redactores Padre y Decano","@id":"https:\/\/www.padreydecano.com\/cms\/#\/schema\/person\/37aae8f93aa78e4c5385497f056e3246"},"headline":"Habemus DT","datePublished":"2022-11-25T21:55:15+00:00","dateModified":"2022-12-02T23:13:55+00:00","mainEntityOfPage":{"@id":"https:\/\/www.padreydecano.com\/cms\/noticias\/habemus-dt\/"},"wordCount":539,"commentCount":130,"publisher":{"@id":"https:\/\/www.padreydecano.com\/cms\/#organization"},"image":{"@id":"https:\/\/www.padreydecano.com\/cms\/noticias\/habemus-dt\/#primaryimage"},"thumbnailUrl":"https:\/\/www.padreydecano.com\/cms\/wp-content\/uploads\/2022\/11\/alfredo-ariasjpg.jpg","keywords":["Campeonato Uruguayo 2023"],"articleSection":["Noticias"],"inLanguage":"es","potentialAction":[{"@type":"CommentAction","name":"Comment","target":["https:\/\/www.padreydecano.com\/cms\/noticias\/habemus-dt\/#respond"]}]},{"@type":"WebPage","@id":"https:\/\/www.padreydecano.com\/cms\/noticias\/habemus-dt\/","url":"https:\/\/www.padreydecano.com\/cms\/noticias\/habemus-dt\/","name":"Habemus DT - Padre y Decano - El Sitio del Pueblo","isPartOf":{"@id":"https:\/\/www.padreydecano.com\/cms\/#website"},"primaryImageOfPage":{"@id":"https:\/\/www.padreydecano.com\/cms\/noticias\/habemus-dt\/#primaryimage"},"image":{"@id":"https:\/\/www.padreydecano.com\/cms\/noticias\/habemus-dt\/#primaryimage"},"thumbnailUrl":"https:\/\/www.padreydecano.com\/cms\/wp-content\/uploads\/2022\/11\/alfredo-ariasjpg.jpg","datePublished":"2022-11-25T21:55:15+00:00","dateModified":"2022-12-02T23:13:55+00:00","breadcrumb":{"@id":"https:\/\/www.padreydecano.com\/cms\/noticias\/habemus-dt\/#breadcrumb"},"inLanguage":"es","potentialAction":[{"@type":"ReadAction","target":["https:\/\/www.padreydecano.com\/cms\/noticias\/habemus-dt\/"]}]},{"@type":"ImageObject","inLanguage":"es","@id":"https:\/\/www.padreydecano.com\/cms\/noticias\/habemus-dt\/#primaryimage","url":"https:\/\/www.padreydecano.com\/cms\/wp-content\/uploads\/2022\/11\/alfredo-ariasjpg.jpg","contentUrl":"https:\/\/www.padreydecano.com\/cms\/wp-content\/uploads\/2022\/11\/alfredo-ariasjpg.jpg","width":1200,"height":674},{"@type":"BreadcrumbList","@id":"https:\/\/www.padreydecano.com\/cms\/noticias\/habemus-dt\/#breadcrumb","itemListElement":[{"@type":"ListItem","position":1,"name":"Portada","item":"https:\/\/www.padreydecano.com\/cms\/"},{"@type":"ListItem","position":2,"name":"Habemus DT"}]},{"@type":"WebSite","@id":"https:\/\/www.padreydecano.com\/cms\/#website","url":"https:\/\/www.padreydecano.com\/cms\/","name":"Padre y Decano - El Sitio del Pueblo","description":"Club Atl\u00e9tico Pe\u00f1arol","publisher":{"@id":"https:\/\/www.padreydecano.com\/cms\/#organization"},"potentialAction":[{"@type":"SearchAction","target":{"@type":"EntryPoint","urlTemplate":"https:\/\/www.padreydecano.com\/cms\/?s={search_term_string}"},"query-input":"required name=search_term_string"}],"inLanguage":"es"},{"@type":"Organization","@id":"https:\/\/www.padreydecano.com\/cms\/#organization","name":"Padre y Decano","url":"https:\/\/www.padreydecano.com\/cms\/","logo":{"@type":"ImageObject","inLanguage":"es","@id":"https:\/\/www.padreydecano.com\/cms\/#\/schema\/logo\/image\/","url":"https:\/\/www.padreydecano.com\/cms\/wp-content\/uploads\/2022\/01\/avatar-square.png","contentUrl":"https:\/\/www.padreydecano.com\/cms\/wp-content\/uploads\/2022\/01\/avatar-square.png","width":1500,"height":1500,"caption":"Padre y Decano"},"image":{"@id":"https:\/\/www.padreydecano.com\/cms\/#\/schema\/logo\/image\/"}},{"@type":"Person","@id":"https:\/\/www.padreydecano.com\/cms\/#\/schema\/person\/37aae8f93aa78e4c5385497f056e3246","name":"Redactores Padre y Decano","image":{"@type":"ImageObject","inLanguage":"es","@id":"https:\/\/www.padreydecano.com\/cms\/#\/schema\/person\/image\/","url":"https:\/\/secure.gravatar.com\/avatar\/8810c4b9081192b118b104af54549af8?s=96&d=https%3A%2F%2Fpadreydecano.com%2Fcms%2Fwp-content%2Fthemes%2Fpyd-theme%2Fimg%2Fdefault-avatar.png&r=g","contentUrl":"https:\/\/secure.gravatar.com\/avatar\/8810c4b9081192b118b104af54549af8?s=96&d=https%3A%2F%2Fpadreydecano.com%2Fcms%2Fwp-content%2Fthemes%2Fpyd-theme%2Fimg%2Fdefault-avatar.png&r=g","caption":"Redactores Padre y Decano"},"sameAs":["http:\/\/www.padreydecano.com"]}]}},"_links":{"self":[{"href":"https:\/\/www.padreydecano.com\/cms\/wp-json\/wp\/v2\/posts\/79441"}],"collection":[{"href":"https:\/\/www.padreydecano.com\/cms\/wp-json\/wp\/v2\/posts"}],"about":[{"href":"https:\/\/www.padreydecano.com\/cms\/wp-json\/wp\/v2\/types\/post"}],"author":[{"embeddable":true,"href":"https:\/\/www.padreydecano.com\/cms\/wp-json\/wp\/v2\/users\/27"}],"replies":[{"embeddable":true,"href":"https:\/\/www.padreydecano.com\/cms\/wp-json\/wp\/v2\/comments?post=79441"}],"version-history":[{"count":0,"href":"https:\/\/www.padreydecano.com\/cms\/wp-json\/wp\/v2\/posts\/79441\/revisions"}],"wp:featuredmedia":[{"embeddable":true,"href":"https:\/\/www.padreydecano.com\/cms\/wp-json\/wp\/v2\/media\/79442"}],"wp:attachment":[{"href":"https:\/\/www.padreydecano.com\/cms\/wp-json\/wp\/v2\/media?parent=79441"}],"wp:term":[{"taxonomy":"category","embeddable":true,"href":"https:\/\/www.padreydecano.com\/cms\/wp-json\/wp\/v2\/categories?post=79441"},{"taxonomy":"post_tag","embeddable":true,"href":"https:\/\/www.padreydecano.com\/cms\/wp-json\/wp\/v2\/tags?post=79441"}],"curies":[{"name":"wp","href":"https:\/\/api.w.org\/{rel}","templated":true}]}}