{"id":79428,"date":"2022-11-19T19:32:59","date_gmt":"2022-11-19T22:32:59","guid":{"rendered":"https:\/\/www.padreydecano.com\/cms\/?p=79428"},"modified":"2022-11-25T19:00:40","modified_gmt":"2022-11-25T22:00:40","slug":"se-fallo-en-la-definicion","status":"publish","type":"post","link":"https:\/\/www.padreydecano.com\/cms\/formativas\/se-fallo-en-la-definicion\/","title":{"rendered":"Se fall\u00f3 en la definici\u00f3n"},"content":{"rendered":"<div id=\"attachment_79429\" style=\"width: 610px\" class=\"wp-caption alignnone\"><img loading=\"lazy\" decoding=\"async\" aria-describedby=\"caption-attachment-79429\" class=\"size-medium wp-image-79429\" src=\"https:\/\/www.padreydecano.com\/cms\/wp-content\/uploads\/2022\/11\/20221119_193045-600x400.jpg\" alt=\"\" width=\"600\" height=\"400\" srcset=\"https:\/\/www.padreydecano.com\/cms\/wp-content\/uploads\/2022\/11\/20221119_193045-600x400.jpg 600w, https:\/\/www.padreydecano.com\/cms\/wp-content\/uploads\/2022\/11\/20221119_193045-1024x683.jpg 1024w, https:\/\/www.padreydecano.com\/cms\/wp-content\/uploads\/2022\/11\/20221119_193045-768x512.jpg 768w, https:\/\/www.padreydecano.com\/cms\/wp-content\/uploads\/2022\/11\/20221119_193045-1536x1024.jpg 1536w, https:\/\/www.padreydecano.com\/cms\/wp-content\/uploads\/2022\/11\/20221119_193045-2048x1366.jpg 2048w, https:\/\/www.padreydecano.com\/cms\/wp-content\/uploads\/2022\/11\/20221119_193045-300x200.jpg 300w, https:\/\/www.padreydecano.com\/cms\/wp-content\/uploads\/2022\/11\/20221119_193045-128x85.jpg 128w, https:\/\/www.padreydecano.com\/cms\/wp-content\/uploads\/2022\/11\/20221119_193045-32x21.jpg 32w\" sizes=\"(max-width: 600px) 100vw, 600px\" \/><p id=\"caption-attachment-79429\" class=\"wp-caption-text\">Foto: @formativascap<\/p><\/div>\n<p><strong>Pe\u00f1arol no pudo ante Defensor Sporting y Nacional en las definiciones de los campeonatos uruguayos de Sub 17 y Sub 16 respectivamente.<\/strong><\/p>\n<p>El carbonero lleg\u00f3 a ambos encuentros luego de conquistar la Copa de Oro de las categor\u00edas juveniles.<\/p>\n<p>En ambas categor\u00edas, el rival contaba con ventaja deportiva, por lo que un empate en los 90 minutos reglamentarios le daba el t\u00edtulo. El decano deb\u00eda ganar para forzar una final \u00fanica.<\/p>\n<p><span style=\"color: #ffcc00;\"><strong>Sub 17: Pe\u00f1arol 1-1 Defensor Sporting<\/strong><\/span><\/p>\n<p>El tr\u00e1mite del encuentro fue mayoritariamente parejo, pero el violeta lleg\u00f3 y gener\u00f3 m\u00e1s. El gol del carbonero fue anotado por Marcos Posse. Mauro Aguerre ataj\u00f3 un penal evitando la victoria del equipo de Punta Carretas.<\/p>\n<p>De igual manera por la ventaja deportiva, Defensor Sporting se consagr\u00f3 campe\u00f3n en el Parque Capurro.<\/p>\n<p><span style=\"color: #ffcc00;\"><strong>Sub 16: Pe\u00f1arol 0-2 Nacional<\/strong><\/span><\/p>\n<p>Mereci\u00f3 m\u00e1s el aurinegro, fue el claro dominante del juego en la primera parte e intent\u00f3 en la segunda, ya sin tanto juego. El tradicional adversario abri\u00f3 el marcador pasados los 10 minutos de juego y luego de replegarse en su propia cancha convirti\u00f3 sobre el final.<\/p>\n<p>Pe\u00f1arol finaliz\u00f3 su participaci\u00f3n en los campeonatos uruguayos de formativas del 2022. El decano logr\u00f3 el bicampeonato de Sub 19 y el segundo puesto de la Tabla General de Formativas, pero se escap\u00f3 el t\u00edtulo en Sub 17 y Sub 16.<\/p>\n<p>En Sub 15 y Sub 14 definir\u00e1n el campeonato el albo y el violeta.<\/p>\n<div class=\"user-wrapper\"><a class=\"userlink\"href=\"https:\/\/twitter.com\/ftrucce18\" target=\"_blank\"><figure><img decoding=\"async\" src=\"http:\/\/www.padreydecano.com\/cms\/wp-users-files\/postfirmas\/ftrucce.jpg\" \/><\/figure><p class=\"user\"><strong>Franco Trucce<\/strong><br \/>@FTrucce18<\/p><\/a><\/div>\n","protected":false},"excerpt":{"rendered":"<p>Pe\u00f1arol no pudo ante Defensor Sporting y Nacional en las definiciones de los campeonatos uruguayos de Sub 17 y Sub 16 respectivamente. El carbonero lleg\u00f3 a ambos encuentros luego de conquistar la Copa de Oro de las categor\u00edas juveniles. En ambas categor\u00edas, el rival contaba con ventaja deportiva, por lo que un empate en los [&hellip;]<\/p>\n","protected":false},"author":27,"featured_media":79429,"comment_status":"open","ping_status":"closed","sticky":false,"template":"","format":"standard","meta":{"footnotes":""},"categories":[40],"tags":[],"yoast_head":"<!-- This site is optimized with the Yoast SEO plugin v23.2 - https:\/\/yoast.com\/wordpress\/plugins\/seo\/ -->\n<title>Se fall\u00f3 en la definici\u00f3n - Padre y Decano - El Sitio del Pueblo<\/title>\n<meta name=\"robots\" content=\"index, follow, max-snippet:-1, max-image-preview:large, max-video-preview:-1\" \/>\n<link rel=\"canonical\" href=\"https:\/\/www.padreydecano.com\/cms\/formativas\/se-fallo-en-la-definicion\/\" \/>\n<meta property=\"og:locale\" content=\"es_ES\" \/>\n<meta property=\"og:type\" content=\"article\" \/>\n<meta property=\"og:title\" content=\"Se fall\u00f3 en la definici\u00f3n - Padre y Decano - El Sitio del Pueblo\" \/>\n<meta property=\"og:description\" content=\"Pe\u00f1arol no pudo ante Defensor Sporting y Nacional en las definiciones de los campeonatos uruguayos de Sub 17 y Sub 16 respectivamente. El carbonero lleg\u00f3 a ambos encuentros luego de conquistar la Copa de Oro de las categor\u00edas juveniles. En ambas categor\u00edas, el rival contaba con ventaja deportiva, por lo que un empate en los [&hellip;]\" \/>\n<meta property=\"og:url\" content=\"https:\/\/www.padreydecano.com\/cms\/formativas\/se-fallo-en-la-definicion\/\" \/>\n<meta property=\"og:site_name\" content=\"Padre y Decano - El Sitio del Pueblo\" \/>\n<meta property=\"article:published_time\" content=\"2022-11-19T22:32:59+00:00\" \/>\n<meta property=\"article:modified_time\" content=\"2022-11-25T22:00:40+00:00\" \/>\n<meta property=\"og:image\" content=\"https:\/\/www.padreydecano.com\/cms\/wp-content\/uploads\/2022\/11\/20221119_193045.jpg\" \/>\n\t<meta property=\"og:image:width\" content=\"2134\" \/>\n\t<meta property=\"og:image:height\" content=\"1423\" \/>\n\t<meta property=\"og:image:type\" content=\"image\/jpeg\" \/>\n<meta name=\"author\" content=\"Redactores Padre y Decano\" \/>\n<meta name=\"twitter:card\" content=\"summary_large_image\" \/>\n<meta name=\"twitter:label1\" content=\"Escrito por\" \/>\n\t<meta name=\"twitter:data1\" content=\"Redactores Padre y Decano\" \/>\n\t<meta name=\"twitter:label2\" content=\"Tiempo de lectura\" \/>\n\t<meta name=\"twitter:data2\" content=\"2 minutos\" \/>\n<script type=\"application\/ld+json\" class=\"yoast-schema-graph\">{\"@context\":\"https:\/\/schema.org\",\"@graph\":[{\"@type\":\"Article\",\"@id\":\"https:\/\/www.padreydecano.com\/cms\/formativas\/se-fallo-en-la-definicion\/#article\",\"isPartOf\":{\"@id\":\"https:\/\/www.padreydecano.com\/cms\/formativas\/se-fallo-en-la-definicion\/\"},\"author\":{\"name\":\"Redactores Padre y Decano\",\"@id\":\"https:\/\/www.padreydecano.com\/cms\/#\/schema\/person\/37aae8f93aa78e4c5385497f056e3246\"},\"headline\":\"Se fall\u00f3 en la definici\u00f3n\",\"datePublished\":\"2022-11-19T22:32:59+00:00\",\"dateModified\":\"2022-11-25T22:00:40+00:00\",\"mainEntityOfPage\":{\"@id\":\"https:\/\/www.padreydecano.com\/cms\/formativas\/se-fallo-en-la-definicion\/\"},\"wordCount\":255,\"commentCount\":90,\"publisher\":{\"@id\":\"https:\/\/www.padreydecano.com\/cms\/#organization\"},\"image\":{\"@id\":\"https:\/\/www.padreydecano.com\/cms\/formativas\/se-fallo-en-la-definicion\/#primaryimage\"},\"thumbnailUrl\":\"https:\/\/www.padreydecano.com\/cms\/wp-content\/uploads\/2022\/11\/20221119_193045.jpg\",\"articleSection\":[\"Formativas\"],\"inLanguage\":\"es\",\"potentialAction\":[{\"@type\":\"CommentAction\",\"name\":\"Comment\",\"target\":[\"https:\/\/www.padreydecano.com\/cms\/formativas\/se-fallo-en-la-definicion\/#respond\"]}]},{\"@type\":\"WebPage\",\"@id\":\"https:\/\/www.padreydecano.com\/cms\/formativas\/se-fallo-en-la-definicion\/\",\"url\":\"https:\/\/www.padreydecano.com\/cms\/formativas\/se-fallo-en-la-definicion\/\",\"name\":\"Se fall\u00f3 en la definici\u00f3n - Padre y Decano - El Sitio del Pueblo\",\"isPartOf\":{\"@id\":\"https:\/\/www.padreydecano.com\/cms\/#website\"},\"primaryImageOfPage\":{\"@id\":\"https:\/\/www.padreydecano.com\/cms\/formativas\/se-fallo-en-la-definicion\/#primaryimage\"},\"image\":{\"@id\":\"https:\/\/www.padreydecano.com\/cms\/formativas\/se-fallo-en-la-definicion\/#primaryimage\"},\"thumbnailUrl\":\"https:\/\/www.padreydecano.com\/cms\/wp-content\/uploads\/2022\/11\/20221119_193045.jpg\",\"datePublished\":\"2022-11-19T22:32:59+00:00\",\"dateModified\":\"2022-11-25T22:00:40+00:00\",\"breadcrumb\":{\"@id\":\"https:\/\/www.padreydecano.com\/cms\/formativas\/se-fallo-en-la-definicion\/#breadcrumb\"},\"inLanguage\":\"es\",\"potentialAction\":[{\"@type\":\"ReadAction\",\"target\":[\"https:\/\/www.padreydecano.com\/cms\/formativas\/se-fallo-en-la-definicion\/\"]}]},{\"@type\":\"ImageObject\",\"inLanguage\":\"es\",\"@id\":\"https:\/\/www.padreydecano.com\/cms\/formativas\/se-fallo-en-la-definicion\/#primaryimage\",\"url\":\"https:\/\/www.padreydecano.com\/cms\/wp-content\/uploads\/2022\/11\/20221119_193045.jpg\",\"contentUrl\":\"https:\/\/www.padreydecano.com\/cms\/wp-content\/uploads\/2022\/11\/20221119_193045.jpg\",\"width\":2134,\"height\":1423,\"caption\":\"Foto: @formativascap\"},{\"@type\":\"BreadcrumbList\",\"@id\":\"https:\/\/www.padreydecano.com\/cms\/formativas\/se-fallo-en-la-definicion\/#breadcrumb\",\"itemListElement\":[{\"@type\":\"ListItem\",\"position\":1,\"name\":\"Portada\",\"item\":\"https:\/\/www.padreydecano.com\/cms\/\"},{\"@type\":\"ListItem\",\"position\":2,\"name\":\"Se fall\u00f3 en la definici\u00f3n\"}]},{\"@type\":\"WebSite\",\"@id\":\"https:\/\/www.padreydecano.com\/cms\/#website\",\"url\":\"https:\/\/www.padreydecano.com\/cms\/\",\"name\":\"Padre y Decano - El Sitio del Pueblo\",\"description\":\"Club Atl\u00e9tico Pe\u00f1arol\",\"publisher\":{\"@id\":\"https:\/\/www.padreydecano.com\/cms\/#organization\"},\"potentialAction\":[{\"@type\":\"SearchAction\",\"target\":{\"@type\":\"EntryPoint\",\"urlTemplate\":\"https:\/\/www.padreydecano.com\/cms\/?s={search_term_string}\"},\"query-input\":\"required name=search_term_string\"}],\"inLanguage\":\"es\"},{\"@type\":\"Organization\",\"@id\":\"https:\/\/www.padreydecano.com\/cms\/#organization\",\"name\":\"Padre y Decano\",\"url\":\"https:\/\/www.padreydecano.com\/cms\/\",\"logo\":{\"@type\":\"ImageObject\",\"inLanguage\":\"es\",\"@id\":\"https:\/\/www.padreydecano.com\/cms\/#\/schema\/logo\/image\/\",\"url\":\"https:\/\/www.padreydecano.com\/cms\/wp-content\/uploads\/2022\/01\/avatar-square.png\",\"contentUrl\":\"https:\/\/www.padreydecano.com\/cms\/wp-content\/uploads\/2022\/01\/avatar-square.png\",\"width\":1500,\"height\":1500,\"caption\":\"Padre y Decano\"},\"image\":{\"@id\":\"https:\/\/www.padreydecano.com\/cms\/#\/schema\/logo\/image\/\"}},{\"@type\":\"Person\",\"@id\":\"https:\/\/www.padreydecano.com\/cms\/#\/schema\/person\/37aae8f93aa78e4c5385497f056e3246\",\"name\":\"Redactores Padre y Decano\",\"image\":{\"@type\":\"ImageObject\",\"inLanguage\":\"es\",\"@id\":\"https:\/\/www.padreydecano.com\/cms\/#\/schema\/person\/image\/\",\"url\":\"https:\/\/secure.gravatar.com\/avatar\/8810c4b9081192b118b104af54549af8?s=96&d=https%3A%2F%2Fpadreydecano.com%2Fcms%2Fwp-content%2Fthemes%2Fpyd-theme%2Fimg%2Fdefault-avatar.png&r=g\",\"contentUrl\":\"https:\/\/secure.gravatar.com\/avatar\/8810c4b9081192b118b104af54549af8?s=96&d=https%3A%2F%2Fpadreydecano.com%2Fcms%2Fwp-content%2Fthemes%2Fpyd-theme%2Fimg%2Fdefault-avatar.png&r=g\",\"caption\":\"Redactores Padre y Decano\"},\"sameAs\":[\"http:\/\/www.padreydecano.com\"]}]}<\/script>\n<!-- \/ Yoast SEO plugin. -->","yoast_head_json":{"title":"Se fall\u00f3 en la definici\u00f3n - Padre y Decano - El Sitio del Pueblo","robots":{"index":"index","follow":"follow","max-snippet":"max-snippet:-1","max-image-preview":"max-image-preview:large","max-video-preview":"max-video-preview:-1"},"canonical":"https:\/\/www.padreydecano.com\/cms\/formativas\/se-fallo-en-la-definicion\/","og_locale":"es_ES","og_type":"article","og_title":"Se fall\u00f3 en la definici\u00f3n - Padre y Decano - El Sitio del Pueblo","og_description":"Pe\u00f1arol no pudo ante Defensor Sporting y Nacional en las definiciones de los campeonatos uruguayos de Sub 17 y Sub 16 respectivamente. El carbonero lleg\u00f3 a ambos encuentros luego de conquistar la Copa de Oro de las categor\u00edas juveniles. En ambas categor\u00edas, el rival contaba con ventaja deportiva, por lo que un empate en los [&hellip;]","og_url":"https:\/\/www.padreydecano.com\/cms\/formativas\/se-fallo-en-la-definicion\/","og_site_name":"Padre y Decano - El Sitio del Pueblo","article_published_time":"2022-11-19T22:32:59+00:00","article_modified_time":"2022-11-25T22:00:40+00:00","og_image":[{"width":2134,"height":1423,"url":"https:\/\/www.padreydecano.com\/cms\/wp-content\/uploads\/2022\/11\/20221119_193045.jpg","type":"image\/jpeg"}],"author":"Redactores Padre y Decano","twitter_card":"summary_large_image","twitter_misc":{"Escrito por":"Redactores Padre y Decano","Tiempo de lectura":"2 minutos"},"schema":{"@context":"https:\/\/schema.org","@graph":[{"@type":"Article","@id":"https:\/\/www.padreydecano.com\/cms\/formativas\/se-fallo-en-la-definicion\/#article","isPartOf":{"@id":"https:\/\/www.padreydecano.com\/cms\/formativas\/se-fallo-en-la-definicion\/"},"author":{"name":"Redactores Padre y Decano","@id":"https:\/\/www.padreydecano.com\/cms\/#\/schema\/person\/37aae8f93aa78e4c5385497f056e3246"},"headline":"Se fall\u00f3 en la definici\u00f3n","datePublished":"2022-11-19T22:32:59+00:00","dateModified":"2022-11-25T22:00:40+00:00","mainEntityOfPage":{"@id":"https:\/\/www.padreydecano.com\/cms\/formativas\/se-fallo-en-la-definicion\/"},"wordCount":255,"commentCount":90,"publisher":{"@id":"https:\/\/www.padreydecano.com\/cms\/#organization"},"image":{"@id":"https:\/\/www.padreydecano.com\/cms\/formativas\/se-fallo-en-la-definicion\/#primaryimage"},"thumbnailUrl":"https:\/\/www.padreydecano.com\/cms\/wp-content\/uploads\/2022\/11\/20221119_193045.jpg","articleSection":["Formativas"],"inLanguage":"es","potentialAction":[{"@type":"CommentAction","name":"Comment","target":["https:\/\/www.padreydecano.com\/cms\/formativas\/se-fallo-en-la-definicion\/#respond"]}]},{"@type":"WebPage","@id":"https:\/\/www.padreydecano.com\/cms\/formativas\/se-fallo-en-la-definicion\/","url":"https:\/\/www.padreydecano.com\/cms\/formativas\/se-fallo-en-la-definicion\/","name":"Se fall\u00f3 en la definici\u00f3n - Padre y Decano - El Sitio del Pueblo","isPartOf":{"@id":"https:\/\/www.padreydecano.com\/cms\/#website"},"primaryImageOfPage":{"@id":"https:\/\/www.padreydecano.com\/cms\/formativas\/se-fallo-en-la-definicion\/#primaryimage"},"image":{"@id":"https:\/\/www.padreydecano.com\/cms\/formativas\/se-fallo-en-la-definicion\/#primaryimage"},"thumbnailUrl":"https:\/\/www.padreydecano.com\/cms\/wp-content\/uploads\/2022\/11\/20221119_193045.jpg","datePublished":"2022-11-19T22:32:59+00:00","dateModified":"2022-11-25T22:00:40+00:00","breadcrumb":{"@id":"https:\/\/www.padreydecano.com\/cms\/formativas\/se-fallo-en-la-definicion\/#breadcrumb"},"inLanguage":"es","potentialAction":[{"@type":"ReadAction","target":["https:\/\/www.padreydecano.com\/cms\/formativas\/se-fallo-en-la-definicion\/"]}]},{"@type":"ImageObject","inLanguage":"es","@id":"https:\/\/www.padreydecano.com\/cms\/formativas\/se-fallo-en-la-definicion\/#primaryimage","url":"https:\/\/www.padreydecano.com\/cms\/wp-content\/uploads\/2022\/11\/20221119_193045.jpg","contentUrl":"https:\/\/www.padreydecano.com\/cms\/wp-content\/uploads\/2022\/11\/20221119_193045.jpg","width":2134,"height":1423,"caption":"Foto: @formativascap"},{"@type":"BreadcrumbList","@id":"https:\/\/www.padreydecano.com\/cms\/formativas\/se-fallo-en-la-definicion\/#breadcrumb","itemListElement":[{"@type":"ListItem","position":1,"name":"Portada","item":"https:\/\/www.padreydecano.com\/cms\/"},{"@type":"ListItem","position":2,"name":"Se fall\u00f3 en la definici\u00f3n"}]},{"@type":"WebSite","@id":"https:\/\/www.padreydecano.com\/cms\/#website","url":"https:\/\/www.padreydecano.com\/cms\/","name":"Padre y Decano - El Sitio del Pueblo","description":"Club Atl\u00e9tico Pe\u00f1arol","publisher":{"@id":"https:\/\/www.padreydecano.com\/cms\/#organization"},"potentialAction":[{"@type":"SearchAction","target":{"@type":"EntryPoint","urlTemplate":"https:\/\/www.padreydecano.com\/cms\/?s={search_term_string}"},"query-input":"required name=search_term_string"}],"inLanguage":"es"},{"@type":"Organization","@id":"https:\/\/www.padreydecano.com\/cms\/#organization","name":"Padre y Decano","url":"https:\/\/www.padreydecano.com\/cms\/","logo":{"@type":"ImageObject","inLanguage":"es","@id":"https:\/\/www.padreydecano.com\/cms\/#\/schema\/logo\/image\/","url":"https:\/\/www.padreydecano.com\/cms\/wp-content\/uploads\/2022\/01\/avatar-square.png","contentUrl":"https:\/\/www.padreydecano.com\/cms\/wp-content\/uploads\/2022\/01\/avatar-square.png","width":1500,"height":1500,"caption":"Padre y Decano"},"image":{"@id":"https:\/\/www.padreydecano.com\/cms\/#\/schema\/logo\/image\/"}},{"@type":"Person","@id":"https:\/\/www.padreydecano.com\/cms\/#\/schema\/person\/37aae8f93aa78e4c5385497f056e3246","name":"Redactores Padre y Decano","image":{"@type":"ImageObject","inLanguage":"es","@id":"https:\/\/www.padreydecano.com\/cms\/#\/schema\/person\/image\/","url":"https:\/\/secure.gravatar.com\/avatar\/8810c4b9081192b118b104af54549af8?s=96&d=https%3A%2F%2Fpadreydecano.com%2Fcms%2Fwp-content%2Fthemes%2Fpyd-theme%2Fimg%2Fdefault-avatar.png&r=g","contentUrl":"https:\/\/secure.gravatar.com\/avatar\/8810c4b9081192b118b104af54549af8?s=96&d=https%3A%2F%2Fpadreydecano.com%2Fcms%2Fwp-content%2Fthemes%2Fpyd-theme%2Fimg%2Fdefault-avatar.png&r=g","caption":"Redactores Padre y Decano"},"sameAs":["http:\/\/www.padreydecano.com"]}]}},"_links":{"self":[{"href":"https:\/\/www.padreydecano.com\/cms\/wp-json\/wp\/v2\/posts\/79428"}],"collection":[{"href":"https:\/\/www.padreydecano.com\/cms\/wp-json\/wp\/v2\/posts"}],"about":[{"href":"https:\/\/www.padreydecano.com\/cms\/wp-json\/wp\/v2\/types\/post"}],"author":[{"embeddable":true,"href":"https:\/\/www.padreydecano.com\/cms\/wp-json\/wp\/v2\/users\/27"}],"replies":[{"embeddable":true,"href":"https:\/\/www.padreydecano.com\/cms\/wp-json\/wp\/v2\/comments?post=79428"}],"version-history":[{"count":0,"href":"https:\/\/www.padreydecano.com\/cms\/wp-json\/wp\/v2\/posts\/79428\/revisions"}],"wp:featuredmedia":[{"embeddable":true,"href":"https:\/\/www.padreydecano.com\/cms\/wp-json\/wp\/v2\/media\/79429"}],"wp:attachment":[{"href":"https:\/\/www.padreydecano.com\/cms\/wp-json\/wp\/v2\/media?parent=79428"}],"wp:term":[{"taxonomy":"category","embeddable":true,"href":"https:\/\/www.padreydecano.com\/cms\/wp-json\/wp\/v2\/categories?post=79428"},{"taxonomy":"post_tag","embeddable":true,"href":"https:\/\/www.padreydecano.com\/cms\/wp-json\/wp\/v2\/tags?post=79428"}],"curies":[{"name":"wp","href":"https:\/\/api.w.org\/{rel}","templated":true}]}}