{"id":79424,"date":"2022-11-19T14:38:08","date_gmt":"2022-11-19T17:38:08","guid":{"rendered":"https:\/\/www.padreydecano.com\/cms\/?p=79424"},"modified":"2022-11-30T09:36:08","modified_gmt":"2022-11-30T12:36:08","slug":"cuesta-arriba-3","status":"publish","type":"post","link":"https:\/\/www.padreydecano.com\/cms\/basket\/cuesta-arriba-3\/","title":{"rendered":"Cuesta arriba"},"content":{"rendered":"<p><img loading=\"lazy\" decoding=\"async\" class=\"alignnone wp-image-79425 size-full\" src=\"https:\/\/www.padreydecano.com\/cms\/wp-content\/uploads\/2022\/11\/Fh4vpuUWYAIxUXh.jpeg\" alt=\"\" width=\"1293\" height=\"862\" srcset=\"https:\/\/www.padreydecano.com\/cms\/wp-content\/uploads\/2022\/11\/Fh4vpuUWYAIxUXh.jpeg 1293w, https:\/\/www.padreydecano.com\/cms\/wp-content\/uploads\/2022\/11\/Fh4vpuUWYAIxUXh-600x400.jpeg 600w, https:\/\/www.padreydecano.com\/cms\/wp-content\/uploads\/2022\/11\/Fh4vpuUWYAIxUXh-1024x683.jpeg 1024w, https:\/\/www.padreydecano.com\/cms\/wp-content\/uploads\/2022\/11\/Fh4vpuUWYAIxUXh-768x512.jpeg 768w, https:\/\/www.padreydecano.com\/cms\/wp-content\/uploads\/2022\/11\/Fh4vpuUWYAIxUXh-300x200.jpeg 300w, https:\/\/www.padreydecano.com\/cms\/wp-content\/uploads\/2022\/11\/Fh4vpuUWYAIxUXh-128x85.jpeg 128w, https:\/\/www.padreydecano.com\/cms\/wp-content\/uploads\/2022\/11\/Fh4vpuUWYAIxUXh-32x21.jpeg 32w\" sizes=\"(max-width: 1293px) 100vw, 1293px\" \/><\/p>\n<p><strong>Pe\u00f1arol cay\u00f3 ante Bigu\u00e1 por 81-73 y qued\u00f3 con un r\u00e9cord 3-3.<\/strong><\/p>\n<p>En los de L\u00f3pez comenzaron Mayora, Zanotta, Huertas, Thomas y Roberts.<\/p>\n<p>El arranque fue de rachas. Un buen arranque defensivo dej\u00f3 sin gol al rival por varios minutos y oblig\u00f3 al minuto de Cal. Con los minutos Pe\u00f1arol perdi\u00f3 claridad en ataque y se qued\u00f3 sin gol. El primer cuarto fue de Bigu\u00e1 14-13. El segundo arranc\u00f3 con problemas en ataque, poca generaci\u00f3n colectiva y sin gol. En defensa hubo desajustes y\u00a0 L\u00f3pez solicit\u00f3 tiempo muerto por obligaci\u00f3n. El equipo volvi\u00f3 distinto, fuerte en defensa y encontr\u00f3 gol corriendo la cancha. Hubo buen trabajo defensivo, pero falt\u00f3 claridad en ataque. El primer tiempo fue para la visita 37-34.<\/p>\n<p>En el segundo tiempo el visitante tom\u00f3 el control total del juego. Un equipo con buenos porcentajes de tres puntos y que si est\u00e1 en su noche, es muy dif\u00edcil de defender. El carbonero no tuvo respuestas en defensa y sufri\u00f3 la segunda mitad. En ataque falt\u00f3 mucho colectivo y se dependi\u00f3 de las individualidades de Huertas. Alguno aportes de Zanotta y Roberts, pero se necesit\u00f3 m\u00e1s del resto del equipo. Sin dudas el arranque de campeonato no es el deseado. Hay que entender que es un equipo nuevo y todav\u00eda no se ha consolidado. Falta mucho, pero la sanci\u00f3n pesa y cada partido perdido cuesta doble.<\/p>\n<p><span style=\"color: #ffcc00;\"><strong>Lo que sigue<\/strong><\/span><\/p>\n<p>El carbonero vuelve a jugar el pr\u00f3ximo lunes frente a Defensor Sporting en cancha de Welcome. El partido no va televisado.<\/p>\n","protected":false},"excerpt":{"rendered":"<p>Pe\u00f1arol cay\u00f3 ante Bigu\u00e1 por 81-73 y qued\u00f3 con un r\u00e9cord 3-3. En los de L\u00f3pez comenzaron Mayora, Zanotta, Huertas, Thomas y Roberts. El arranque fue de rachas. Un buen arranque defensivo dej\u00f3 sin gol al rival por varios minutos y oblig\u00f3 al minuto de Cal. Con los minutos Pe\u00f1arol perdi\u00f3 claridad en ataque y [&hellip;]<\/p>\n","protected":false},"author":27,"featured_media":79425,"comment_status":"open","ping_status":"closed","sticky":false,"template":"","format":"standard","meta":{"footnotes":""},"categories":[407],"tags":[580],"yoast_head":"<!-- This site is optimized with the Yoast SEO plugin v23.2 - https:\/\/yoast.com\/wordpress\/plugins\/seo\/ -->\n<title>Cuesta arriba - Padre y Decano - El Sitio del Pueblo<\/title>\n<meta name=\"robots\" content=\"index, follow, max-snippet:-1, max-image-preview:large, max-video-preview:-1\" \/>\n<link rel=\"canonical\" href=\"https:\/\/www.padreydecano.com\/cms\/basket\/cuesta-arriba-3\/\" \/>\n<meta property=\"og:locale\" content=\"es_ES\" \/>\n<meta property=\"og:type\" content=\"article\" \/>\n<meta property=\"og:title\" content=\"Cuesta arriba - Padre y Decano - El Sitio del Pueblo\" \/>\n<meta property=\"og:description\" content=\"Pe\u00f1arol cay\u00f3 ante Bigu\u00e1 por 81-73 y qued\u00f3 con un r\u00e9cord 3-3. En los de L\u00f3pez comenzaron Mayora, Zanotta, Huertas, Thomas y Roberts. El arranque fue de rachas. Un buen arranque defensivo dej\u00f3 sin gol al rival por varios minutos y oblig\u00f3 al minuto de Cal. Con los minutos Pe\u00f1arol perdi\u00f3 claridad en ataque y [&hellip;]\" \/>\n<meta property=\"og:url\" content=\"https:\/\/www.padreydecano.com\/cms\/basket\/cuesta-arriba-3\/\" \/>\n<meta property=\"og:site_name\" content=\"Padre y Decano - El Sitio del Pueblo\" \/>\n<meta property=\"article:published_time\" content=\"2022-11-19T17:38:08+00:00\" \/>\n<meta property=\"article:modified_time\" content=\"2022-11-30T12:36:08+00:00\" \/>\n<meta property=\"og:image\" content=\"https:\/\/www.padreydecano.com\/cms\/wp-content\/uploads\/2022\/11\/Fh4vpuUWYAIxUXh.jpeg\" \/>\n\t<meta property=\"og:image:width\" content=\"1293\" \/>\n\t<meta property=\"og:image:height\" content=\"862\" \/>\n\t<meta property=\"og:image:type\" content=\"image\/jpeg\" \/>\n<meta name=\"author\" content=\"Redactores Padre y Decano\" \/>\n<meta name=\"twitter:card\" content=\"summary_large_image\" \/>\n<meta name=\"twitter:label1\" content=\"Escrito por\" \/>\n\t<meta name=\"twitter:data1\" content=\"Redactores Padre y Decano\" \/>\n\t<meta name=\"twitter:label2\" content=\"Tiempo de lectura\" \/>\n\t<meta name=\"twitter:data2\" content=\"2 minutos\" \/>\n<script type=\"application\/ld+json\" class=\"yoast-schema-graph\">{\"@context\":\"https:\/\/schema.org\",\"@graph\":[{\"@type\":\"Article\",\"@id\":\"https:\/\/www.padreydecano.com\/cms\/basket\/cuesta-arriba-3\/#article\",\"isPartOf\":{\"@id\":\"https:\/\/www.padreydecano.com\/cms\/basket\/cuesta-arriba-3\/\"},\"author\":{\"name\":\"Redactores Padre y Decano\",\"@id\":\"https:\/\/www.padreydecano.com\/cms\/#\/schema\/person\/37aae8f93aa78e4c5385497f056e3246\"},\"headline\":\"Cuesta arriba\",\"datePublished\":\"2022-11-19T17:38:08+00:00\",\"dateModified\":\"2022-11-30T12:36:08+00:00\",\"mainEntityOfPage\":{\"@id\":\"https:\/\/www.padreydecano.com\/cms\/basket\/cuesta-arriba-3\/\"},\"wordCount\":265,\"commentCount\":2,\"publisher\":{\"@id\":\"https:\/\/www.padreydecano.com\/cms\/#organization\"},\"image\":{\"@id\":\"https:\/\/www.padreydecano.com\/cms\/basket\/cuesta-arriba-3\/#primaryimage\"},\"thumbnailUrl\":\"https:\/\/www.padreydecano.com\/cms\/wp-content\/uploads\/2022\/11\/Fh4vpuUWYAIxUXh.jpeg\",\"keywords\":[\"LUB 2022\/2023\"],\"articleSection\":[\"Basket\"],\"inLanguage\":\"es\",\"potentialAction\":[{\"@type\":\"CommentAction\",\"name\":\"Comment\",\"target\":[\"https:\/\/www.padreydecano.com\/cms\/basket\/cuesta-arriba-3\/#respond\"]}]},{\"@type\":\"WebPage\",\"@id\":\"https:\/\/www.padreydecano.com\/cms\/basket\/cuesta-arriba-3\/\",\"url\":\"https:\/\/www.padreydecano.com\/cms\/basket\/cuesta-arriba-3\/\",\"name\":\"Cuesta arriba - Padre y Decano - El Sitio del Pueblo\",\"isPartOf\":{\"@id\":\"https:\/\/www.padreydecano.com\/cms\/#website\"},\"primaryImageOfPage\":{\"@id\":\"https:\/\/www.padreydecano.com\/cms\/basket\/cuesta-arriba-3\/#primaryimage\"},\"image\":{\"@id\":\"https:\/\/www.padreydecano.com\/cms\/basket\/cuesta-arriba-3\/#primaryimage\"},\"thumbnailUrl\":\"https:\/\/www.padreydecano.com\/cms\/wp-content\/uploads\/2022\/11\/Fh4vpuUWYAIxUXh.jpeg\",\"datePublished\":\"2022-11-19T17:38:08+00:00\",\"dateModified\":\"2022-11-30T12:36:08+00:00\",\"breadcrumb\":{\"@id\":\"https:\/\/www.padreydecano.com\/cms\/basket\/cuesta-arriba-3\/#breadcrumb\"},\"inLanguage\":\"es\",\"potentialAction\":[{\"@type\":\"ReadAction\",\"target\":[\"https:\/\/www.padreydecano.com\/cms\/basket\/cuesta-arriba-3\/\"]}]},{\"@type\":\"ImageObject\",\"inLanguage\":\"es\",\"@id\":\"https:\/\/www.padreydecano.com\/cms\/basket\/cuesta-arriba-3\/#primaryimage\",\"url\":\"https:\/\/www.padreydecano.com\/cms\/wp-content\/uploads\/2022\/11\/Fh4vpuUWYAIxUXh.jpeg\",\"contentUrl\":\"https:\/\/www.padreydecano.com\/cms\/wp-content\/uploads\/2022\/11\/Fh4vpuUWYAIxUXh.jpeg\",\"width\":1293,\"height\":862},{\"@type\":\"BreadcrumbList\",\"@id\":\"https:\/\/www.padreydecano.com\/cms\/basket\/cuesta-arriba-3\/#breadcrumb\",\"itemListElement\":[{\"@type\":\"ListItem\",\"position\":1,\"name\":\"Portada\",\"item\":\"https:\/\/www.padreydecano.com\/cms\/\"},{\"@type\":\"ListItem\",\"position\":2,\"name\":\"Cuesta arriba\"}]},{\"@type\":\"WebSite\",\"@id\":\"https:\/\/www.padreydecano.com\/cms\/#website\",\"url\":\"https:\/\/www.padreydecano.com\/cms\/\",\"name\":\"Padre y Decano - El Sitio del Pueblo\",\"description\":\"Club Atl\u00e9tico Pe\u00f1arol\",\"publisher\":{\"@id\":\"https:\/\/www.padreydecano.com\/cms\/#organization\"},\"potentialAction\":[{\"@type\":\"SearchAction\",\"target\":{\"@type\":\"EntryPoint\",\"urlTemplate\":\"https:\/\/www.padreydecano.com\/cms\/?s={search_term_string}\"},\"query-input\":\"required name=search_term_string\"}],\"inLanguage\":\"es\"},{\"@type\":\"Organization\",\"@id\":\"https:\/\/www.padreydecano.com\/cms\/#organization\",\"name\":\"Padre y Decano\",\"url\":\"https:\/\/www.padreydecano.com\/cms\/\",\"logo\":{\"@type\":\"ImageObject\",\"inLanguage\":\"es\",\"@id\":\"https:\/\/www.padreydecano.com\/cms\/#\/schema\/logo\/image\/\",\"url\":\"https:\/\/www.padreydecano.com\/cms\/wp-content\/uploads\/2022\/01\/avatar-square.png\",\"contentUrl\":\"https:\/\/www.padreydecano.com\/cms\/wp-content\/uploads\/2022\/01\/avatar-square.png\",\"width\":1500,\"height\":1500,\"caption\":\"Padre y Decano\"},\"image\":{\"@id\":\"https:\/\/www.padreydecano.com\/cms\/#\/schema\/logo\/image\/\"}},{\"@type\":\"Person\",\"@id\":\"https:\/\/www.padreydecano.com\/cms\/#\/schema\/person\/37aae8f93aa78e4c5385497f056e3246\",\"name\":\"Redactores Padre y Decano\",\"image\":{\"@type\":\"ImageObject\",\"inLanguage\":\"es\",\"@id\":\"https:\/\/www.padreydecano.com\/cms\/#\/schema\/person\/image\/\",\"url\":\"https:\/\/secure.gravatar.com\/avatar\/8810c4b9081192b118b104af54549af8?s=96&d=https%3A%2F%2Fpadreydecano.com%2Fcms%2Fwp-content%2Fthemes%2Fpyd-theme%2Fimg%2Fdefault-avatar.png&r=g\",\"contentUrl\":\"https:\/\/secure.gravatar.com\/avatar\/8810c4b9081192b118b104af54549af8?s=96&d=https%3A%2F%2Fpadreydecano.com%2Fcms%2Fwp-content%2Fthemes%2Fpyd-theme%2Fimg%2Fdefault-avatar.png&r=g\",\"caption\":\"Redactores Padre y Decano\"},\"sameAs\":[\"http:\/\/www.padreydecano.com\"]}]}<\/script>\n<!-- \/ Yoast SEO plugin. -->","yoast_head_json":{"title":"Cuesta arriba - Padre y Decano - El Sitio del Pueblo","robots":{"index":"index","follow":"follow","max-snippet":"max-snippet:-1","max-image-preview":"max-image-preview:large","max-video-preview":"max-video-preview:-1"},"canonical":"https:\/\/www.padreydecano.com\/cms\/basket\/cuesta-arriba-3\/","og_locale":"es_ES","og_type":"article","og_title":"Cuesta arriba - Padre y Decano - El Sitio del Pueblo","og_description":"Pe\u00f1arol cay\u00f3 ante Bigu\u00e1 por 81-73 y qued\u00f3 con un r\u00e9cord 3-3. En los de L\u00f3pez comenzaron Mayora, Zanotta, Huertas, Thomas y Roberts. El arranque fue de rachas. Un buen arranque defensivo dej\u00f3 sin gol al rival por varios minutos y oblig\u00f3 al minuto de Cal. Con los minutos Pe\u00f1arol perdi\u00f3 claridad en ataque y [&hellip;]","og_url":"https:\/\/www.padreydecano.com\/cms\/basket\/cuesta-arriba-3\/","og_site_name":"Padre y Decano - El Sitio del Pueblo","article_published_time":"2022-11-19T17:38:08+00:00","article_modified_time":"2022-11-30T12:36:08+00:00","og_image":[{"width":1293,"height":862,"url":"https:\/\/www.padreydecano.com\/cms\/wp-content\/uploads\/2022\/11\/Fh4vpuUWYAIxUXh.jpeg","type":"image\/jpeg"}],"author":"Redactores Padre y Decano","twitter_card":"summary_large_image","twitter_misc":{"Escrito por":"Redactores Padre y Decano","Tiempo de lectura":"2 minutos"},"schema":{"@context":"https:\/\/schema.org","@graph":[{"@type":"Article","@id":"https:\/\/www.padreydecano.com\/cms\/basket\/cuesta-arriba-3\/#article","isPartOf":{"@id":"https:\/\/www.padreydecano.com\/cms\/basket\/cuesta-arriba-3\/"},"author":{"name":"Redactores Padre y Decano","@id":"https:\/\/www.padreydecano.com\/cms\/#\/schema\/person\/37aae8f93aa78e4c5385497f056e3246"},"headline":"Cuesta arriba","datePublished":"2022-11-19T17:38:08+00:00","dateModified":"2022-11-30T12:36:08+00:00","mainEntityOfPage":{"@id":"https:\/\/www.padreydecano.com\/cms\/basket\/cuesta-arriba-3\/"},"wordCount":265,"commentCount":2,"publisher":{"@id":"https:\/\/www.padreydecano.com\/cms\/#organization"},"image":{"@id":"https:\/\/www.padreydecano.com\/cms\/basket\/cuesta-arriba-3\/#primaryimage"},"thumbnailUrl":"https:\/\/www.padreydecano.com\/cms\/wp-content\/uploads\/2022\/11\/Fh4vpuUWYAIxUXh.jpeg","keywords":["LUB 2022\/2023"],"articleSection":["Basket"],"inLanguage":"es","potentialAction":[{"@type":"CommentAction","name":"Comment","target":["https:\/\/www.padreydecano.com\/cms\/basket\/cuesta-arriba-3\/#respond"]}]},{"@type":"WebPage","@id":"https:\/\/www.padreydecano.com\/cms\/basket\/cuesta-arriba-3\/","url":"https:\/\/www.padreydecano.com\/cms\/basket\/cuesta-arriba-3\/","name":"Cuesta arriba - Padre y Decano - El Sitio del Pueblo","isPartOf":{"@id":"https:\/\/www.padreydecano.com\/cms\/#website"},"primaryImageOfPage":{"@id":"https:\/\/www.padreydecano.com\/cms\/basket\/cuesta-arriba-3\/#primaryimage"},"image":{"@id":"https:\/\/www.padreydecano.com\/cms\/basket\/cuesta-arriba-3\/#primaryimage"},"thumbnailUrl":"https:\/\/www.padreydecano.com\/cms\/wp-content\/uploads\/2022\/11\/Fh4vpuUWYAIxUXh.jpeg","datePublished":"2022-11-19T17:38:08+00:00","dateModified":"2022-11-30T12:36:08+00:00","breadcrumb":{"@id":"https:\/\/www.padreydecano.com\/cms\/basket\/cuesta-arriba-3\/#breadcrumb"},"inLanguage":"es","potentialAction":[{"@type":"ReadAction","target":["https:\/\/www.padreydecano.com\/cms\/basket\/cuesta-arriba-3\/"]}]},{"@type":"ImageObject","inLanguage":"es","@id":"https:\/\/www.padreydecano.com\/cms\/basket\/cuesta-arriba-3\/#primaryimage","url":"https:\/\/www.padreydecano.com\/cms\/wp-content\/uploads\/2022\/11\/Fh4vpuUWYAIxUXh.jpeg","contentUrl":"https:\/\/www.padreydecano.com\/cms\/wp-content\/uploads\/2022\/11\/Fh4vpuUWYAIxUXh.jpeg","width":1293,"height":862},{"@type":"BreadcrumbList","@id":"https:\/\/www.padreydecano.com\/cms\/basket\/cuesta-arriba-3\/#breadcrumb","itemListElement":[{"@type":"ListItem","position":1,"name":"Portada","item":"https:\/\/www.padreydecano.com\/cms\/"},{"@type":"ListItem","position":2,"name":"Cuesta arriba"}]},{"@type":"WebSite","@id":"https:\/\/www.padreydecano.com\/cms\/#website","url":"https:\/\/www.padreydecano.com\/cms\/","name":"Padre y Decano - El Sitio del Pueblo","description":"Club Atl\u00e9tico Pe\u00f1arol","publisher":{"@id":"https:\/\/www.padreydecano.com\/cms\/#organization"},"potentialAction":[{"@type":"SearchAction","target":{"@type":"EntryPoint","urlTemplate":"https:\/\/www.padreydecano.com\/cms\/?s={search_term_string}"},"query-input":"required name=search_term_string"}],"inLanguage":"es"},{"@type":"Organization","@id":"https:\/\/www.padreydecano.com\/cms\/#organization","name":"Padre y Decano","url":"https:\/\/www.padreydecano.com\/cms\/","logo":{"@type":"ImageObject","inLanguage":"es","@id":"https:\/\/www.padreydecano.com\/cms\/#\/schema\/logo\/image\/","url":"https:\/\/www.padreydecano.com\/cms\/wp-content\/uploads\/2022\/01\/avatar-square.png","contentUrl":"https:\/\/www.padreydecano.com\/cms\/wp-content\/uploads\/2022\/01\/avatar-square.png","width":1500,"height":1500,"caption":"Padre y Decano"},"image":{"@id":"https:\/\/www.padreydecano.com\/cms\/#\/schema\/logo\/image\/"}},{"@type":"Person","@id":"https:\/\/www.padreydecano.com\/cms\/#\/schema\/person\/37aae8f93aa78e4c5385497f056e3246","name":"Redactores Padre y Decano","image":{"@type":"ImageObject","inLanguage":"es","@id":"https:\/\/www.padreydecano.com\/cms\/#\/schema\/person\/image\/","url":"https:\/\/secure.gravatar.com\/avatar\/8810c4b9081192b118b104af54549af8?s=96&d=https%3A%2F%2Fpadreydecano.com%2Fcms%2Fwp-content%2Fthemes%2Fpyd-theme%2Fimg%2Fdefault-avatar.png&r=g","contentUrl":"https:\/\/secure.gravatar.com\/avatar\/8810c4b9081192b118b104af54549af8?s=96&d=https%3A%2F%2Fpadreydecano.com%2Fcms%2Fwp-content%2Fthemes%2Fpyd-theme%2Fimg%2Fdefault-avatar.png&r=g","caption":"Redactores Padre y Decano"},"sameAs":["http:\/\/www.padreydecano.com"]}]}},"_links":{"self":[{"href":"https:\/\/www.padreydecano.com\/cms\/wp-json\/wp\/v2\/posts\/79424"}],"collection":[{"href":"https:\/\/www.padreydecano.com\/cms\/wp-json\/wp\/v2\/posts"}],"about":[{"href":"https:\/\/www.padreydecano.com\/cms\/wp-json\/wp\/v2\/types\/post"}],"author":[{"embeddable":true,"href":"https:\/\/www.padreydecano.com\/cms\/wp-json\/wp\/v2\/users\/27"}],"replies":[{"embeddable":true,"href":"https:\/\/www.padreydecano.com\/cms\/wp-json\/wp\/v2\/comments?post=79424"}],"version-history":[{"count":0,"href":"https:\/\/www.padreydecano.com\/cms\/wp-json\/wp\/v2\/posts\/79424\/revisions"}],"wp:featuredmedia":[{"embeddable":true,"href":"https:\/\/www.padreydecano.com\/cms\/wp-json\/wp\/v2\/media\/79425"}],"wp:attachment":[{"href":"https:\/\/www.padreydecano.com\/cms\/wp-json\/wp\/v2\/media?parent=79424"}],"wp:term":[{"taxonomy":"category","embeddable":true,"href":"https:\/\/www.padreydecano.com\/cms\/wp-json\/wp\/v2\/categories?post=79424"},{"taxonomy":"post_tag","embeddable":true,"href":"https:\/\/www.padreydecano.com\/cms\/wp-json\/wp\/v2\/tags?post=79424"}],"curies":[{"name":"wp","href":"https:\/\/api.w.org\/{rel}","templated":true}]}}