{"id":79421,"date":"2022-11-16T22:54:46","date_gmt":"2022-11-17T01:54:46","guid":{"rendered":"https:\/\/www.padreydecano.com\/cms\/?p=79421"},"modified":"2022-11-16T23:24:13","modified_gmt":"2022-11-17T02:24:13","slug":"semifinales-sub-17-y-sub-16","status":"publish","type":"post","link":"https:\/\/www.padreydecano.com\/cms\/noticias\/semifinales-sub-17-y-sub-16\/","title":{"rendered":"Semifinales Sub 17 y Sub 16"},"content":{"rendered":"<p>&nbsp;<\/p>\n<p><img loading=\"lazy\" decoding=\"async\" class=\"alignnone size-medium wp-image-79268\" src=\"https:\/\/www.padreydecano.com\/cms\/wp-content\/uploads\/2022\/10\/IMG-20221016-WA0041-600x400.jpg\" alt=\"\" width=\"600\" height=\"400\" srcset=\"https:\/\/www.padreydecano.com\/cms\/wp-content\/uploads\/2022\/10\/IMG-20221016-WA0041-600x400.jpg 600w, https:\/\/www.padreydecano.com\/cms\/wp-content\/uploads\/2022\/10\/IMG-20221016-WA0041-1024x683.jpg 1024w, https:\/\/www.padreydecano.com\/cms\/wp-content\/uploads\/2022\/10\/IMG-20221016-WA0041-768x512.jpg 768w, https:\/\/www.padreydecano.com\/cms\/wp-content\/uploads\/2022\/10\/IMG-20221016-WA0041-1536x1024.jpg 1536w, https:\/\/www.padreydecano.com\/cms\/wp-content\/uploads\/2022\/10\/IMG-20221016-WA0041-300x200.jpg 300w, https:\/\/www.padreydecano.com\/cms\/wp-content\/uploads\/2022\/10\/IMG-20221016-WA0041-128x85.jpg 128w, https:\/\/www.padreydecano.com\/cms\/wp-content\/uploads\/2022\/10\/IMG-20221016-WA0041-32x21.jpg 32w, https:\/\/www.padreydecano.com\/cms\/wp-content\/uploads\/2022\/10\/IMG-20221016-WA0041.jpg 2048w\" sizes=\"(max-width: 600px) 100vw, 600px\" \/><\/p>\n<p><strong>El d\u00eda s\u00e1bado, Pe\u00f1arol disputar\u00e1 las semifinales de las categor\u00edas Sub 17 y Sub 16 ante Defensor Sporting y Nacional respectivamente.<\/strong><\/p>\n<p>El decano del f\u00fatbol uruguayo ya obtuvo el bicampeonato en la categor\u00eda Sub 19, luego de vencer en la hora al conjunto violeta en el Parque Capurro.<\/p>\n<p>Ahora Pe\u00f1arol deber\u00e1 definir el campeonato en 2 categor\u00edas m\u00e1s, donde en ambos casos el rival cuenta con ventaja deportiva.<\/p>\n<p><span style=\"color: #ffcc00;\"><strong>Sub 17<\/strong><\/span><\/p>\n<p>Pe\u00f1arol enfrentar\u00e1 a Defensor Sporting por la semifinal de la categor\u00eda el s\u00e1bado a las 10 horas en el Parque Capurro, con entrada libre. En el \u00faltimo enfrentamiento fue empate 1-1, Nicol\u00e1s Fern\u00e1ndez anot\u00f3 el gol aurinegro.<\/p>\n<p>Si Pe\u00f1arol gana, avanzar\u00e1 a una final \u00fanica ante el violeta. En caso de derrota o de que se mantenga la igualdad en los 90 minutos reglamentarios, Defensor ser\u00e1 campe\u00f3n.<\/p>\n<p><span style=\"color: #ffcc00;\"><strong>Sub 16<\/strong><\/span><\/p>\n<p>El aurinegro se medir\u00e1 ante Nacional en el Parque Saroldi a las 16 horas con entrada restringida. El \u00faltimo partido entre ambos finaliz\u00f3 en empate 1 a 1, convirti\u00f3 Amaro Sosa para el carbonero.<\/p>\n<p>Al igual que en Sub 16, el tradicional rival cuenta con ventaja deportiva y una derrota o empate en el tiempo reglamentario le dar\u00eda el t\u00edtulo. Si el carbonero logra la victoria, disputar\u00e1 una final \u00fanica ante el albo.<\/p>\n<div class=\"user-wrapper\"><a class=\"userlink\"href=\"https:\/\/twitter.com\/ftrucce18\" target=\"_blank\"><figure><img decoding=\"async\" src=\"http:\/\/www.padreydecano.com\/cms\/wp-users-files\/postfirmas\/ftrucce.jpg\" \/><\/figure><p class=\"user\"><strong>Franco Trucce<\/strong><br \/>@FTrucce18<\/p><\/a><\/div>\n","protected":false},"excerpt":{"rendered":"<p>&nbsp; El d\u00eda s\u00e1bado, Pe\u00f1arol disputar\u00e1 las semifinales de las categor\u00edas Sub 17 y Sub 16 ante Defensor Sporting y Nacional respectivamente. El decano del f\u00fatbol uruguayo ya obtuvo el bicampeonato en la categor\u00eda Sub 19, luego de vencer en la hora al conjunto violeta en el Parque Capurro. Ahora Pe\u00f1arol deber\u00e1 definir el campeonato [&hellip;]<\/p>\n","protected":false},"author":27,"featured_media":79268,"comment_status":"open","ping_status":"closed","sticky":false,"template":"","format":"standard","meta":{"footnotes":""},"categories":[1],"tags":[],"yoast_head":"<!-- This site is optimized with the Yoast SEO plugin v23.2 - https:\/\/yoast.com\/wordpress\/plugins\/seo\/ -->\n<title>Semifinales Sub 17 y Sub 16 - Padre y Decano - El Sitio del Pueblo<\/title>\n<meta name=\"robots\" content=\"index, follow, max-snippet:-1, max-image-preview:large, max-video-preview:-1\" \/>\n<link rel=\"canonical\" href=\"https:\/\/www.padreydecano.com\/cms\/noticias\/semifinales-sub-17-y-sub-16\/\" \/>\n<meta property=\"og:locale\" content=\"es_ES\" \/>\n<meta property=\"og:type\" content=\"article\" \/>\n<meta property=\"og:title\" content=\"Semifinales Sub 17 y Sub 16 - Padre y Decano - El Sitio del Pueblo\" \/>\n<meta property=\"og:description\" content=\"&nbsp; El d\u00eda s\u00e1bado, Pe\u00f1arol disputar\u00e1 las semifinales de las categor\u00edas Sub 17 y Sub 16 ante Defensor Sporting y Nacional respectivamente. El decano del f\u00fatbol uruguayo ya obtuvo el bicampeonato en la categor\u00eda Sub 19, luego de vencer en la hora al conjunto violeta en el Parque Capurro. Ahora Pe\u00f1arol deber\u00e1 definir el campeonato [&hellip;]\" \/>\n<meta property=\"og:url\" content=\"https:\/\/www.padreydecano.com\/cms\/noticias\/semifinales-sub-17-y-sub-16\/\" \/>\n<meta property=\"og:site_name\" content=\"Padre y Decano - El Sitio del Pueblo\" \/>\n<meta property=\"article:published_time\" content=\"2022-11-17T01:54:46+00:00\" \/>\n<meta property=\"article:modified_time\" content=\"2022-11-17T02:24:13+00:00\" \/>\n<meta property=\"og:image\" content=\"https:\/\/www.padreydecano.com\/cms\/wp-content\/uploads\/2022\/10\/IMG-20221016-WA0041.jpg\" \/>\n\t<meta property=\"og:image:width\" content=\"2048\" \/>\n\t<meta property=\"og:image:height\" content=\"1365\" \/>\n\t<meta property=\"og:image:type\" content=\"image\/jpeg\" \/>\n<meta name=\"author\" content=\"Redactores Padre y Decano\" \/>\n<meta name=\"twitter:card\" content=\"summary_large_image\" \/>\n<meta name=\"twitter:label1\" content=\"Escrito por\" \/>\n\t<meta name=\"twitter:data1\" content=\"Redactores Padre y Decano\" \/>\n\t<meta name=\"twitter:label2\" content=\"Tiempo de lectura\" \/>\n\t<meta name=\"twitter:data2\" content=\"2 minutos\" \/>\n<script type=\"application\/ld+json\" class=\"yoast-schema-graph\">{\"@context\":\"https:\/\/schema.org\",\"@graph\":[{\"@type\":\"Article\",\"@id\":\"https:\/\/www.padreydecano.com\/cms\/noticias\/semifinales-sub-17-y-sub-16\/#article\",\"isPartOf\":{\"@id\":\"https:\/\/www.padreydecano.com\/cms\/noticias\/semifinales-sub-17-y-sub-16\/\"},\"author\":{\"name\":\"Redactores Padre y Decano\",\"@id\":\"https:\/\/www.padreydecano.com\/cms\/#\/schema\/person\/37aae8f93aa78e4c5385497f056e3246\"},\"headline\":\"Semifinales Sub 17 y Sub 16\",\"datePublished\":\"2022-11-17T01:54:46+00:00\",\"dateModified\":\"2022-11-17T02:24:13+00:00\",\"mainEntityOfPage\":{\"@id\":\"https:\/\/www.padreydecano.com\/cms\/noticias\/semifinales-sub-17-y-sub-16\/\"},\"wordCount\":224,\"commentCount\":0,\"publisher\":{\"@id\":\"https:\/\/www.padreydecano.com\/cms\/#organization\"},\"image\":{\"@id\":\"https:\/\/www.padreydecano.com\/cms\/noticias\/semifinales-sub-17-y-sub-16\/#primaryimage\"},\"thumbnailUrl\":\"https:\/\/www.padreydecano.com\/cms\/wp-content\/uploads\/2022\/10\/IMG-20221016-WA0041.jpg\",\"articleSection\":[\"Noticias\"],\"inLanguage\":\"es\",\"potentialAction\":[{\"@type\":\"CommentAction\",\"name\":\"Comment\",\"target\":[\"https:\/\/www.padreydecano.com\/cms\/noticias\/semifinales-sub-17-y-sub-16\/#respond\"]}]},{\"@type\":\"WebPage\",\"@id\":\"https:\/\/www.padreydecano.com\/cms\/noticias\/semifinales-sub-17-y-sub-16\/\",\"url\":\"https:\/\/www.padreydecano.com\/cms\/noticias\/semifinales-sub-17-y-sub-16\/\",\"name\":\"Semifinales Sub 17 y Sub 16 - Padre y Decano - El Sitio del Pueblo\",\"isPartOf\":{\"@id\":\"https:\/\/www.padreydecano.com\/cms\/#website\"},\"primaryImageOfPage\":{\"@id\":\"https:\/\/www.padreydecano.com\/cms\/noticias\/semifinales-sub-17-y-sub-16\/#primaryimage\"},\"image\":{\"@id\":\"https:\/\/www.padreydecano.com\/cms\/noticias\/semifinales-sub-17-y-sub-16\/#primaryimage\"},\"thumbnailUrl\":\"https:\/\/www.padreydecano.com\/cms\/wp-content\/uploads\/2022\/10\/IMG-20221016-WA0041.jpg\",\"datePublished\":\"2022-11-17T01:54:46+00:00\",\"dateModified\":\"2022-11-17T02:24:13+00:00\",\"breadcrumb\":{\"@id\":\"https:\/\/www.padreydecano.com\/cms\/noticias\/semifinales-sub-17-y-sub-16\/#breadcrumb\"},\"inLanguage\":\"es\",\"potentialAction\":[{\"@type\":\"ReadAction\",\"target\":[\"https:\/\/www.padreydecano.com\/cms\/noticias\/semifinales-sub-17-y-sub-16\/\"]}]},{\"@type\":\"ImageObject\",\"inLanguage\":\"es\",\"@id\":\"https:\/\/www.padreydecano.com\/cms\/noticias\/semifinales-sub-17-y-sub-16\/#primaryimage\",\"url\":\"https:\/\/www.padreydecano.com\/cms\/wp-content\/uploads\/2022\/10\/IMG-20221016-WA0041.jpg\",\"contentUrl\":\"https:\/\/www.padreydecano.com\/cms\/wp-content\/uploads\/2022\/10\/IMG-20221016-WA0041.jpg\",\"width\":2048,\"height\":1365},{\"@type\":\"BreadcrumbList\",\"@id\":\"https:\/\/www.padreydecano.com\/cms\/noticias\/semifinales-sub-17-y-sub-16\/#breadcrumb\",\"itemListElement\":[{\"@type\":\"ListItem\",\"position\":1,\"name\":\"Portada\",\"item\":\"https:\/\/www.padreydecano.com\/cms\/\"},{\"@type\":\"ListItem\",\"position\":2,\"name\":\"Semifinales Sub 17 y Sub 16\"}]},{\"@type\":\"WebSite\",\"@id\":\"https:\/\/www.padreydecano.com\/cms\/#website\",\"url\":\"https:\/\/www.padreydecano.com\/cms\/\",\"name\":\"Padre y Decano - El Sitio del Pueblo\",\"description\":\"Club Atl\u00e9tico Pe\u00f1arol\",\"publisher\":{\"@id\":\"https:\/\/www.padreydecano.com\/cms\/#organization\"},\"potentialAction\":[{\"@type\":\"SearchAction\",\"target\":{\"@type\":\"EntryPoint\",\"urlTemplate\":\"https:\/\/www.padreydecano.com\/cms\/?s={search_term_string}\"},\"query-input\":\"required name=search_term_string\"}],\"inLanguage\":\"es\"},{\"@type\":\"Organization\",\"@id\":\"https:\/\/www.padreydecano.com\/cms\/#organization\",\"name\":\"Padre y Decano\",\"url\":\"https:\/\/www.padreydecano.com\/cms\/\",\"logo\":{\"@type\":\"ImageObject\",\"inLanguage\":\"es\",\"@id\":\"https:\/\/www.padreydecano.com\/cms\/#\/schema\/logo\/image\/\",\"url\":\"https:\/\/www.padreydecano.com\/cms\/wp-content\/uploads\/2022\/01\/avatar-square.png\",\"contentUrl\":\"https:\/\/www.padreydecano.com\/cms\/wp-content\/uploads\/2022\/01\/avatar-square.png\",\"width\":1500,\"height\":1500,\"caption\":\"Padre y Decano\"},\"image\":{\"@id\":\"https:\/\/www.padreydecano.com\/cms\/#\/schema\/logo\/image\/\"}},{\"@type\":\"Person\",\"@id\":\"https:\/\/www.padreydecano.com\/cms\/#\/schema\/person\/37aae8f93aa78e4c5385497f056e3246\",\"name\":\"Redactores Padre y Decano\",\"image\":{\"@type\":\"ImageObject\",\"inLanguage\":\"es\",\"@id\":\"https:\/\/www.padreydecano.com\/cms\/#\/schema\/person\/image\/\",\"url\":\"https:\/\/secure.gravatar.com\/avatar\/8810c4b9081192b118b104af54549af8?s=96&d=https%3A%2F%2Fpadreydecano.com%2Fcms%2Fwp-content%2Fthemes%2Fpyd-theme%2Fimg%2Fdefault-avatar.png&r=g\",\"contentUrl\":\"https:\/\/secure.gravatar.com\/avatar\/8810c4b9081192b118b104af54549af8?s=96&d=https%3A%2F%2Fpadreydecano.com%2Fcms%2Fwp-content%2Fthemes%2Fpyd-theme%2Fimg%2Fdefault-avatar.png&r=g\",\"caption\":\"Redactores Padre y Decano\"},\"sameAs\":[\"http:\/\/www.padreydecano.com\"]}]}<\/script>\n<!-- \/ Yoast SEO plugin. -->","yoast_head_json":{"title":"Semifinales Sub 17 y Sub 16 - Padre y Decano - El Sitio del Pueblo","robots":{"index":"index","follow":"follow","max-snippet":"max-snippet:-1","max-image-preview":"max-image-preview:large","max-video-preview":"max-video-preview:-1"},"canonical":"https:\/\/www.padreydecano.com\/cms\/noticias\/semifinales-sub-17-y-sub-16\/","og_locale":"es_ES","og_type":"article","og_title":"Semifinales Sub 17 y Sub 16 - Padre y Decano - El Sitio del Pueblo","og_description":"&nbsp; El d\u00eda s\u00e1bado, Pe\u00f1arol disputar\u00e1 las semifinales de las categor\u00edas Sub 17 y Sub 16 ante Defensor Sporting y Nacional respectivamente. El decano del f\u00fatbol uruguayo ya obtuvo el bicampeonato en la categor\u00eda Sub 19, luego de vencer en la hora al conjunto violeta en el Parque Capurro. Ahora Pe\u00f1arol deber\u00e1 definir el campeonato [&hellip;]","og_url":"https:\/\/www.padreydecano.com\/cms\/noticias\/semifinales-sub-17-y-sub-16\/","og_site_name":"Padre y Decano - El Sitio del Pueblo","article_published_time":"2022-11-17T01:54:46+00:00","article_modified_time":"2022-11-17T02:24:13+00:00","og_image":[{"width":2048,"height":1365,"url":"https:\/\/www.padreydecano.com\/cms\/wp-content\/uploads\/2022\/10\/IMG-20221016-WA0041.jpg","type":"image\/jpeg"}],"author":"Redactores Padre y Decano","twitter_card":"summary_large_image","twitter_misc":{"Escrito por":"Redactores Padre y Decano","Tiempo de lectura":"2 minutos"},"schema":{"@context":"https:\/\/schema.org","@graph":[{"@type":"Article","@id":"https:\/\/www.padreydecano.com\/cms\/noticias\/semifinales-sub-17-y-sub-16\/#article","isPartOf":{"@id":"https:\/\/www.padreydecano.com\/cms\/noticias\/semifinales-sub-17-y-sub-16\/"},"author":{"name":"Redactores Padre y Decano","@id":"https:\/\/www.padreydecano.com\/cms\/#\/schema\/person\/37aae8f93aa78e4c5385497f056e3246"},"headline":"Semifinales Sub 17 y Sub 16","datePublished":"2022-11-17T01:54:46+00:00","dateModified":"2022-11-17T02:24:13+00:00","mainEntityOfPage":{"@id":"https:\/\/www.padreydecano.com\/cms\/noticias\/semifinales-sub-17-y-sub-16\/"},"wordCount":224,"commentCount":0,"publisher":{"@id":"https:\/\/www.padreydecano.com\/cms\/#organization"},"image":{"@id":"https:\/\/www.padreydecano.com\/cms\/noticias\/semifinales-sub-17-y-sub-16\/#primaryimage"},"thumbnailUrl":"https:\/\/www.padreydecano.com\/cms\/wp-content\/uploads\/2022\/10\/IMG-20221016-WA0041.jpg","articleSection":["Noticias"],"inLanguage":"es","potentialAction":[{"@type":"CommentAction","name":"Comment","target":["https:\/\/www.padreydecano.com\/cms\/noticias\/semifinales-sub-17-y-sub-16\/#respond"]}]},{"@type":"WebPage","@id":"https:\/\/www.padreydecano.com\/cms\/noticias\/semifinales-sub-17-y-sub-16\/","url":"https:\/\/www.padreydecano.com\/cms\/noticias\/semifinales-sub-17-y-sub-16\/","name":"Semifinales Sub 17 y Sub 16 - Padre y Decano - El Sitio del Pueblo","isPartOf":{"@id":"https:\/\/www.padreydecano.com\/cms\/#website"},"primaryImageOfPage":{"@id":"https:\/\/www.padreydecano.com\/cms\/noticias\/semifinales-sub-17-y-sub-16\/#primaryimage"},"image":{"@id":"https:\/\/www.padreydecano.com\/cms\/noticias\/semifinales-sub-17-y-sub-16\/#primaryimage"},"thumbnailUrl":"https:\/\/www.padreydecano.com\/cms\/wp-content\/uploads\/2022\/10\/IMG-20221016-WA0041.jpg","datePublished":"2022-11-17T01:54:46+00:00","dateModified":"2022-11-17T02:24:13+00:00","breadcrumb":{"@id":"https:\/\/www.padreydecano.com\/cms\/noticias\/semifinales-sub-17-y-sub-16\/#breadcrumb"},"inLanguage":"es","potentialAction":[{"@type":"ReadAction","target":["https:\/\/www.padreydecano.com\/cms\/noticias\/semifinales-sub-17-y-sub-16\/"]}]},{"@type":"ImageObject","inLanguage":"es","@id":"https:\/\/www.padreydecano.com\/cms\/noticias\/semifinales-sub-17-y-sub-16\/#primaryimage","url":"https:\/\/www.padreydecano.com\/cms\/wp-content\/uploads\/2022\/10\/IMG-20221016-WA0041.jpg","contentUrl":"https:\/\/www.padreydecano.com\/cms\/wp-content\/uploads\/2022\/10\/IMG-20221016-WA0041.jpg","width":2048,"height":1365},{"@type":"BreadcrumbList","@id":"https:\/\/www.padreydecano.com\/cms\/noticias\/semifinales-sub-17-y-sub-16\/#breadcrumb","itemListElement":[{"@type":"ListItem","position":1,"name":"Portada","item":"https:\/\/www.padreydecano.com\/cms\/"},{"@type":"ListItem","position":2,"name":"Semifinales Sub 17 y Sub 16"}]},{"@type":"WebSite","@id":"https:\/\/www.padreydecano.com\/cms\/#website","url":"https:\/\/www.padreydecano.com\/cms\/","name":"Padre y Decano - El Sitio del Pueblo","description":"Club Atl\u00e9tico Pe\u00f1arol","publisher":{"@id":"https:\/\/www.padreydecano.com\/cms\/#organization"},"potentialAction":[{"@type":"SearchAction","target":{"@type":"EntryPoint","urlTemplate":"https:\/\/www.padreydecano.com\/cms\/?s={search_term_string}"},"query-input":"required name=search_term_string"}],"inLanguage":"es"},{"@type":"Organization","@id":"https:\/\/www.padreydecano.com\/cms\/#organization","name":"Padre y Decano","url":"https:\/\/www.padreydecano.com\/cms\/","logo":{"@type":"ImageObject","inLanguage":"es","@id":"https:\/\/www.padreydecano.com\/cms\/#\/schema\/logo\/image\/","url":"https:\/\/www.padreydecano.com\/cms\/wp-content\/uploads\/2022\/01\/avatar-square.png","contentUrl":"https:\/\/www.padreydecano.com\/cms\/wp-content\/uploads\/2022\/01\/avatar-square.png","width":1500,"height":1500,"caption":"Padre y Decano"},"image":{"@id":"https:\/\/www.padreydecano.com\/cms\/#\/schema\/logo\/image\/"}},{"@type":"Person","@id":"https:\/\/www.padreydecano.com\/cms\/#\/schema\/person\/37aae8f93aa78e4c5385497f056e3246","name":"Redactores Padre y Decano","image":{"@type":"ImageObject","inLanguage":"es","@id":"https:\/\/www.padreydecano.com\/cms\/#\/schema\/person\/image\/","url":"https:\/\/secure.gravatar.com\/avatar\/8810c4b9081192b118b104af54549af8?s=96&d=https%3A%2F%2Fpadreydecano.com%2Fcms%2Fwp-content%2Fthemes%2Fpyd-theme%2Fimg%2Fdefault-avatar.png&r=g","contentUrl":"https:\/\/secure.gravatar.com\/avatar\/8810c4b9081192b118b104af54549af8?s=96&d=https%3A%2F%2Fpadreydecano.com%2Fcms%2Fwp-content%2Fthemes%2Fpyd-theme%2Fimg%2Fdefault-avatar.png&r=g","caption":"Redactores Padre y Decano"},"sameAs":["http:\/\/www.padreydecano.com"]}]}},"_links":{"self":[{"href":"https:\/\/www.padreydecano.com\/cms\/wp-json\/wp\/v2\/posts\/79421"}],"collection":[{"href":"https:\/\/www.padreydecano.com\/cms\/wp-json\/wp\/v2\/posts"}],"about":[{"href":"https:\/\/www.padreydecano.com\/cms\/wp-json\/wp\/v2\/types\/post"}],"author":[{"embeddable":true,"href":"https:\/\/www.padreydecano.com\/cms\/wp-json\/wp\/v2\/users\/27"}],"replies":[{"embeddable":true,"href":"https:\/\/www.padreydecano.com\/cms\/wp-json\/wp\/v2\/comments?post=79421"}],"version-history":[{"count":0,"href":"https:\/\/www.padreydecano.com\/cms\/wp-json\/wp\/v2\/posts\/79421\/revisions"}],"wp:featuredmedia":[{"embeddable":true,"href":"https:\/\/www.padreydecano.com\/cms\/wp-json\/wp\/v2\/media\/79268"}],"wp:attachment":[{"href":"https:\/\/www.padreydecano.com\/cms\/wp-json\/wp\/v2\/media?parent=79421"}],"wp:term":[{"taxonomy":"category","embeddable":true,"href":"https:\/\/www.padreydecano.com\/cms\/wp-json\/wp\/v2\/categories?post=79421"},{"taxonomy":"post_tag","embeddable":true,"href":"https:\/\/www.padreydecano.com\/cms\/wp-json\/wp\/v2\/tags?post=79421"}],"curies":[{"name":"wp","href":"https:\/\/api.w.org\/{rel}","templated":true}]}}