{"id":79419,"date":"2022-11-15T13:41:42","date_gmt":"2022-11-15T16:41:42","guid":{"rendered":"https:\/\/www.padreydecano.com\/cms\/?p=79419"},"modified":"2022-11-19T19:33:28","modified_gmt":"2022-11-19T22:33:28","slug":"penarol-se-comunico-con-aguirre","status":"publish","type":"post","link":"https:\/\/www.padreydecano.com\/cms\/noticias\/penarol-se-comunico-con-aguirre\/","title":{"rendered":"Pe\u00f1arol se comunic\u00f3 con Aguirre"},"content":{"rendered":"<p><img loading=\"lazy\" decoding=\"async\" class=\"alignnone size-medium wp-image-79420\" src=\"https:\/\/www.padreydecano.com\/cms\/wp-content\/uploads\/2022\/11\/20221115_134056-600x417.jpg\" alt=\"\" width=\"600\" height=\"417\" srcset=\"https:\/\/www.padreydecano.com\/cms\/wp-content\/uploads\/2022\/11\/20221115_134056-600x417.jpg 600w, https:\/\/www.padreydecano.com\/cms\/wp-content\/uploads\/2022\/11\/20221115_134056-1024x711.jpg 1024w, https:\/\/www.padreydecano.com\/cms\/wp-content\/uploads\/2022\/11\/20221115_134056-768x533.jpg 768w, https:\/\/www.padreydecano.com\/cms\/wp-content\/uploads\/2022\/11\/20221115_134056-300x208.jpg 300w, https:\/\/www.padreydecano.com\/cms\/wp-content\/uploads\/2022\/11\/20221115_134056-128x89.jpg 128w, https:\/\/www.padreydecano.com\/cms\/wp-content\/uploads\/2022\/11\/20221115_134056-32x22.jpg 32w, https:\/\/www.padreydecano.com\/cms\/wp-content\/uploads\/2022\/11\/20221115_134056.jpg 1280w\" sizes=\"(max-width: 600px) 100vw, 600px\" \/><\/p>\n<p><strong>El entrenador Campe\u00f3n Uruguayo con el decano y autor del ag\u00f3nico gol para ganar la quinta Libertadores en 1987, agradeci\u00f3 el llamado pero tiene avanzada una oferta del exterior.<\/strong><\/p>\n<p>Pe\u00f1arol sigue en b\u00fasqueda de su director t\u00e9cnico para la temporada 2023. Uno de los nombres sobre la mesa fue el de Diego Aguirre, jugador que convirti\u00f3 el ag\u00f3nico gol de la victoria frente a Am\u00e9rica de Cali en Santiago de Chile para obtener la quinta Copa Libertadores y como entrenador, Campe\u00f3n Uruguayo en 2003, 2010 y finalista de la Copa Libertadores de 2011.<\/p>\n<p>Aguirre agradeci\u00f3 profundamente el llamado y el inter\u00e9s en contar con \u00e9l como entrenador del carbonero, pero manifest\u00f3 que tiene avanzada una negociaci\u00f3n con un mercado que hace mucho espera.<\/p>\n<p><span style=\"color: #ffcc00;\"><strong>Ignacio Ruglio comunic\u00f3 lo siguiente v\u00eda WhatsApp<\/strong><\/span><\/p>\n<p><strong>Primer comunicado (9:40):<\/strong> \u00abEscribo unas l\u00edneas sobre la situaci\u00f3n de Diego Aguirre para dar claridad sobre el tema y evitar m\u00e1s temas de divisi\u00f3n entre Manyas. Hace unos d\u00edas llam\u00e9 a Diego para preguntarle si podiamos evaluar su nombre como t\u00e9cnico del 2023. Encontr\u00e9 a un Diego muy abierto, feliz de que se lo tuviese en cuenta y muy interesado en todos los aspectos institucionales. Plantel, funcionamiento del Club, infraestructura actual y planes a futuro. Lo encontr\u00e9 priorizando a Pe\u00f1arol y desmintiendo cualquier problema con nadie que hoy integre el Club; dicho por \u00e9l varias veces, Pe\u00f1arol est\u00e1 por encima de todos nosotros. Fue claro en que est\u00e1 esperando un ofrecimiento de un mercado que hace mucho espera\u00bb.<\/p>\n<p><strong>Segundo comunicado (12:47):<\/strong> \u00abPasadas unas horas esa misma charla la tuvo con Bengoechea. Ambos estaban muy contentos de haberse puesto a hablar de f\u00fatbol juntos y del futuro de Pe\u00f1arol. Me dio un gran orgullo saber que ambos conversaran asi y pusieran siempre primero a Pe\u00f1arol sin dar lugar a esas guerras mediaticas que a veces los propios hinchas nos encargamos de alimentar. Ambos estaban felices. Horas despues Cedr\u00e9s tambien habl\u00f3 con Diego. En resumen y para evitar malos entendidos y cuidar a nuestros idolos; Diego fue claro sobre su futuro y que hoy ten\u00eda ya encaminada una negociaci\u00f3n en otro mercado. De todas formas dej\u00f3 claro que ser\u00eda un orgullo volver al Club pronto. Arriba los Pe\u00f1a\u00bb.<\/p>\n<p>El carbonero seguir\u00e1 en b\u00fasqueda del entrenador, con Ignacio Ruglio, Pablo Bengoechea y Gabriel Cedr\u00e9s a la cabeza.<\/p>\n<div class=\"user-wrapper\"><a class=\"userlink\"href=\"https:\/\/twitter.com\/ftrucce18\" target=\"_blank\"><figure><img decoding=\"async\" src=\"http:\/\/www.padreydecano.com\/cms\/wp-users-files\/postfirmas\/ftrucce.jpg\" \/><\/figure><p class=\"user\"><strong>Franco Trucce<\/strong><br \/>@FTrucce18<\/p><\/a><\/div>\n","protected":false},"excerpt":{"rendered":"<p>El entrenador Campe\u00f3n Uruguayo con el decano y autor del ag\u00f3nico gol para ganar la quinta Libertadores en 1987, agradeci\u00f3 el llamado pero tiene avanzada una oferta del exterior. Pe\u00f1arol sigue en b\u00fasqueda de su director t\u00e9cnico para la temporada 2023. Uno de los nombres sobre la mesa fue el de Diego Aguirre, jugador que [&hellip;]<\/p>\n","protected":false},"author":27,"featured_media":79420,"comment_status":"open","ping_status":"closed","sticky":false,"template":"","format":"standard","meta":{"footnotes":""},"categories":[1],"tags":[],"yoast_head":"<!-- This site is optimized with the Yoast SEO plugin v23.2 - https:\/\/yoast.com\/wordpress\/plugins\/seo\/ -->\n<title>Pe\u00f1arol se comunic\u00f3 con Aguirre - Padre y Decano - El Sitio del Pueblo<\/title>\n<meta name=\"robots\" content=\"index, follow, max-snippet:-1, max-image-preview:large, max-video-preview:-1\" \/>\n<link rel=\"canonical\" href=\"https:\/\/www.padreydecano.com\/cms\/noticias\/penarol-se-comunico-con-aguirre\/\" \/>\n<meta property=\"og:locale\" content=\"es_ES\" \/>\n<meta property=\"og:type\" content=\"article\" \/>\n<meta property=\"og:title\" content=\"Pe\u00f1arol se comunic\u00f3 con Aguirre - Padre y Decano - El Sitio del Pueblo\" \/>\n<meta property=\"og:description\" content=\"El entrenador Campe\u00f3n Uruguayo con el decano y autor del ag\u00f3nico gol para ganar la quinta Libertadores en 1987, agradeci\u00f3 el llamado pero tiene avanzada una oferta del exterior. Pe\u00f1arol sigue en b\u00fasqueda de su director t\u00e9cnico para la temporada 2023. Uno de los nombres sobre la mesa fue el de Diego Aguirre, jugador que [&hellip;]\" \/>\n<meta property=\"og:url\" content=\"https:\/\/www.padreydecano.com\/cms\/noticias\/penarol-se-comunico-con-aguirre\/\" \/>\n<meta property=\"og:site_name\" content=\"Padre y Decano - El Sitio del Pueblo\" \/>\n<meta property=\"article:published_time\" content=\"2022-11-15T16:41:42+00:00\" \/>\n<meta property=\"article:modified_time\" content=\"2022-11-19T22:33:28+00:00\" \/>\n<meta property=\"og:image\" content=\"https:\/\/www.padreydecano.com\/cms\/wp-content\/uploads\/2022\/11\/20221115_134056.jpg\" \/>\n\t<meta property=\"og:image:width\" content=\"1280\" \/>\n\t<meta property=\"og:image:height\" content=\"889\" \/>\n\t<meta property=\"og:image:type\" content=\"image\/jpeg\" \/>\n<meta name=\"author\" content=\"Redactores Padre y Decano\" \/>\n<meta name=\"twitter:card\" content=\"summary_large_image\" \/>\n<meta name=\"twitter:label1\" content=\"Escrito por\" \/>\n\t<meta name=\"twitter:data1\" content=\"Redactores Padre y Decano\" \/>\n\t<meta name=\"twitter:label2\" content=\"Tiempo de lectura\" \/>\n\t<meta name=\"twitter:data2\" content=\"2 minutos\" \/>\n<script type=\"application\/ld+json\" class=\"yoast-schema-graph\">{\"@context\":\"https:\/\/schema.org\",\"@graph\":[{\"@type\":\"Article\",\"@id\":\"https:\/\/www.padreydecano.com\/cms\/noticias\/penarol-se-comunico-con-aguirre\/#article\",\"isPartOf\":{\"@id\":\"https:\/\/www.padreydecano.com\/cms\/noticias\/penarol-se-comunico-con-aguirre\/\"},\"author\":{\"name\":\"Redactores Padre y Decano\",\"@id\":\"https:\/\/www.padreydecano.com\/cms\/#\/schema\/person\/37aae8f93aa78e4c5385497f056e3246\"},\"headline\":\"Pe\u00f1arol se comunic\u00f3 con Aguirre\",\"datePublished\":\"2022-11-15T16:41:42+00:00\",\"dateModified\":\"2022-11-19T22:33:28+00:00\",\"mainEntityOfPage\":{\"@id\":\"https:\/\/www.padreydecano.com\/cms\/noticias\/penarol-se-comunico-con-aguirre\/\"},\"wordCount\":412,\"commentCount\":75,\"publisher\":{\"@id\":\"https:\/\/www.padreydecano.com\/cms\/#organization\"},\"image\":{\"@id\":\"https:\/\/www.padreydecano.com\/cms\/noticias\/penarol-se-comunico-con-aguirre\/#primaryimage\"},\"thumbnailUrl\":\"https:\/\/www.padreydecano.com\/cms\/wp-content\/uploads\/2022\/11\/20221115_134056.jpg\",\"articleSection\":[\"Noticias\"],\"inLanguage\":\"es\",\"potentialAction\":[{\"@type\":\"CommentAction\",\"name\":\"Comment\",\"target\":[\"https:\/\/www.padreydecano.com\/cms\/noticias\/penarol-se-comunico-con-aguirre\/#respond\"]}]},{\"@type\":\"WebPage\",\"@id\":\"https:\/\/www.padreydecano.com\/cms\/noticias\/penarol-se-comunico-con-aguirre\/\",\"url\":\"https:\/\/www.padreydecano.com\/cms\/noticias\/penarol-se-comunico-con-aguirre\/\",\"name\":\"Pe\u00f1arol se comunic\u00f3 con Aguirre - Padre y Decano - El Sitio del Pueblo\",\"isPartOf\":{\"@id\":\"https:\/\/www.padreydecano.com\/cms\/#website\"},\"primaryImageOfPage\":{\"@id\":\"https:\/\/www.padreydecano.com\/cms\/noticias\/penarol-se-comunico-con-aguirre\/#primaryimage\"},\"image\":{\"@id\":\"https:\/\/www.padreydecano.com\/cms\/noticias\/penarol-se-comunico-con-aguirre\/#primaryimage\"},\"thumbnailUrl\":\"https:\/\/www.padreydecano.com\/cms\/wp-content\/uploads\/2022\/11\/20221115_134056.jpg\",\"datePublished\":\"2022-11-15T16:41:42+00:00\",\"dateModified\":\"2022-11-19T22:33:28+00:00\",\"breadcrumb\":{\"@id\":\"https:\/\/www.padreydecano.com\/cms\/noticias\/penarol-se-comunico-con-aguirre\/#breadcrumb\"},\"inLanguage\":\"es\",\"potentialAction\":[{\"@type\":\"ReadAction\",\"target\":[\"https:\/\/www.padreydecano.com\/cms\/noticias\/penarol-se-comunico-con-aguirre\/\"]}]},{\"@type\":\"ImageObject\",\"inLanguage\":\"es\",\"@id\":\"https:\/\/www.padreydecano.com\/cms\/noticias\/penarol-se-comunico-con-aguirre\/#primaryimage\",\"url\":\"https:\/\/www.padreydecano.com\/cms\/wp-content\/uploads\/2022\/11\/20221115_134056.jpg\",\"contentUrl\":\"https:\/\/www.padreydecano.com\/cms\/wp-content\/uploads\/2022\/11\/20221115_134056.jpg\",\"width\":1280,\"height\":889},{\"@type\":\"BreadcrumbList\",\"@id\":\"https:\/\/www.padreydecano.com\/cms\/noticias\/penarol-se-comunico-con-aguirre\/#breadcrumb\",\"itemListElement\":[{\"@type\":\"ListItem\",\"position\":1,\"name\":\"Portada\",\"item\":\"https:\/\/www.padreydecano.com\/cms\/\"},{\"@type\":\"ListItem\",\"position\":2,\"name\":\"Pe\u00f1arol se comunic\u00f3 con Aguirre\"}]},{\"@type\":\"WebSite\",\"@id\":\"https:\/\/www.padreydecano.com\/cms\/#website\",\"url\":\"https:\/\/www.padreydecano.com\/cms\/\",\"name\":\"Padre y Decano - El Sitio del Pueblo\",\"description\":\"Club Atl\u00e9tico Pe\u00f1arol\",\"publisher\":{\"@id\":\"https:\/\/www.padreydecano.com\/cms\/#organization\"},\"potentialAction\":[{\"@type\":\"SearchAction\",\"target\":{\"@type\":\"EntryPoint\",\"urlTemplate\":\"https:\/\/www.padreydecano.com\/cms\/?s={search_term_string}\"},\"query-input\":\"required name=search_term_string\"}],\"inLanguage\":\"es\"},{\"@type\":\"Organization\",\"@id\":\"https:\/\/www.padreydecano.com\/cms\/#organization\",\"name\":\"Padre y Decano\",\"url\":\"https:\/\/www.padreydecano.com\/cms\/\",\"logo\":{\"@type\":\"ImageObject\",\"inLanguage\":\"es\",\"@id\":\"https:\/\/www.padreydecano.com\/cms\/#\/schema\/logo\/image\/\",\"url\":\"https:\/\/www.padreydecano.com\/cms\/wp-content\/uploads\/2022\/01\/avatar-square.png\",\"contentUrl\":\"https:\/\/www.padreydecano.com\/cms\/wp-content\/uploads\/2022\/01\/avatar-square.png\",\"width\":1500,\"height\":1500,\"caption\":\"Padre y Decano\"},\"image\":{\"@id\":\"https:\/\/www.padreydecano.com\/cms\/#\/schema\/logo\/image\/\"}},{\"@type\":\"Person\",\"@id\":\"https:\/\/www.padreydecano.com\/cms\/#\/schema\/person\/37aae8f93aa78e4c5385497f056e3246\",\"name\":\"Redactores Padre y Decano\",\"image\":{\"@type\":\"ImageObject\",\"inLanguage\":\"es\",\"@id\":\"https:\/\/www.padreydecano.com\/cms\/#\/schema\/person\/image\/\",\"url\":\"https:\/\/secure.gravatar.com\/avatar\/8810c4b9081192b118b104af54549af8?s=96&d=https%3A%2F%2Fpadreydecano.com%2Fcms%2Fwp-content%2Fthemes%2Fpyd-theme%2Fimg%2Fdefault-avatar.png&r=g\",\"contentUrl\":\"https:\/\/secure.gravatar.com\/avatar\/8810c4b9081192b118b104af54549af8?s=96&d=https%3A%2F%2Fpadreydecano.com%2Fcms%2Fwp-content%2Fthemes%2Fpyd-theme%2Fimg%2Fdefault-avatar.png&r=g\",\"caption\":\"Redactores Padre y Decano\"},\"sameAs\":[\"http:\/\/www.padreydecano.com\"]}]}<\/script>\n<!-- \/ Yoast SEO plugin. -->","yoast_head_json":{"title":"Pe\u00f1arol se comunic\u00f3 con Aguirre - Padre y Decano - El Sitio del Pueblo","robots":{"index":"index","follow":"follow","max-snippet":"max-snippet:-1","max-image-preview":"max-image-preview:large","max-video-preview":"max-video-preview:-1"},"canonical":"https:\/\/www.padreydecano.com\/cms\/noticias\/penarol-se-comunico-con-aguirre\/","og_locale":"es_ES","og_type":"article","og_title":"Pe\u00f1arol se comunic\u00f3 con Aguirre - Padre y Decano - El Sitio del Pueblo","og_description":"El entrenador Campe\u00f3n Uruguayo con el decano y autor del ag\u00f3nico gol para ganar la quinta Libertadores en 1987, agradeci\u00f3 el llamado pero tiene avanzada una oferta del exterior. Pe\u00f1arol sigue en b\u00fasqueda de su director t\u00e9cnico para la temporada 2023. Uno de los nombres sobre la mesa fue el de Diego Aguirre, jugador que [&hellip;]","og_url":"https:\/\/www.padreydecano.com\/cms\/noticias\/penarol-se-comunico-con-aguirre\/","og_site_name":"Padre y Decano - El Sitio del Pueblo","article_published_time":"2022-11-15T16:41:42+00:00","article_modified_time":"2022-11-19T22:33:28+00:00","og_image":[{"width":1280,"height":889,"url":"https:\/\/www.padreydecano.com\/cms\/wp-content\/uploads\/2022\/11\/20221115_134056.jpg","type":"image\/jpeg"}],"author":"Redactores Padre y Decano","twitter_card":"summary_large_image","twitter_misc":{"Escrito por":"Redactores Padre y Decano","Tiempo de lectura":"2 minutos"},"schema":{"@context":"https:\/\/schema.org","@graph":[{"@type":"Article","@id":"https:\/\/www.padreydecano.com\/cms\/noticias\/penarol-se-comunico-con-aguirre\/#article","isPartOf":{"@id":"https:\/\/www.padreydecano.com\/cms\/noticias\/penarol-se-comunico-con-aguirre\/"},"author":{"name":"Redactores Padre y Decano","@id":"https:\/\/www.padreydecano.com\/cms\/#\/schema\/person\/37aae8f93aa78e4c5385497f056e3246"},"headline":"Pe\u00f1arol se comunic\u00f3 con Aguirre","datePublished":"2022-11-15T16:41:42+00:00","dateModified":"2022-11-19T22:33:28+00:00","mainEntityOfPage":{"@id":"https:\/\/www.padreydecano.com\/cms\/noticias\/penarol-se-comunico-con-aguirre\/"},"wordCount":412,"commentCount":75,"publisher":{"@id":"https:\/\/www.padreydecano.com\/cms\/#organization"},"image":{"@id":"https:\/\/www.padreydecano.com\/cms\/noticias\/penarol-se-comunico-con-aguirre\/#primaryimage"},"thumbnailUrl":"https:\/\/www.padreydecano.com\/cms\/wp-content\/uploads\/2022\/11\/20221115_134056.jpg","articleSection":["Noticias"],"inLanguage":"es","potentialAction":[{"@type":"CommentAction","name":"Comment","target":["https:\/\/www.padreydecano.com\/cms\/noticias\/penarol-se-comunico-con-aguirre\/#respond"]}]},{"@type":"WebPage","@id":"https:\/\/www.padreydecano.com\/cms\/noticias\/penarol-se-comunico-con-aguirre\/","url":"https:\/\/www.padreydecano.com\/cms\/noticias\/penarol-se-comunico-con-aguirre\/","name":"Pe\u00f1arol se comunic\u00f3 con Aguirre - Padre y Decano - El Sitio del Pueblo","isPartOf":{"@id":"https:\/\/www.padreydecano.com\/cms\/#website"},"primaryImageOfPage":{"@id":"https:\/\/www.padreydecano.com\/cms\/noticias\/penarol-se-comunico-con-aguirre\/#primaryimage"},"image":{"@id":"https:\/\/www.padreydecano.com\/cms\/noticias\/penarol-se-comunico-con-aguirre\/#primaryimage"},"thumbnailUrl":"https:\/\/www.padreydecano.com\/cms\/wp-content\/uploads\/2022\/11\/20221115_134056.jpg","datePublished":"2022-11-15T16:41:42+00:00","dateModified":"2022-11-19T22:33:28+00:00","breadcrumb":{"@id":"https:\/\/www.padreydecano.com\/cms\/noticias\/penarol-se-comunico-con-aguirre\/#breadcrumb"},"inLanguage":"es","potentialAction":[{"@type":"ReadAction","target":["https:\/\/www.padreydecano.com\/cms\/noticias\/penarol-se-comunico-con-aguirre\/"]}]},{"@type":"ImageObject","inLanguage":"es","@id":"https:\/\/www.padreydecano.com\/cms\/noticias\/penarol-se-comunico-con-aguirre\/#primaryimage","url":"https:\/\/www.padreydecano.com\/cms\/wp-content\/uploads\/2022\/11\/20221115_134056.jpg","contentUrl":"https:\/\/www.padreydecano.com\/cms\/wp-content\/uploads\/2022\/11\/20221115_134056.jpg","width":1280,"height":889},{"@type":"BreadcrumbList","@id":"https:\/\/www.padreydecano.com\/cms\/noticias\/penarol-se-comunico-con-aguirre\/#breadcrumb","itemListElement":[{"@type":"ListItem","position":1,"name":"Portada","item":"https:\/\/www.padreydecano.com\/cms\/"},{"@type":"ListItem","position":2,"name":"Pe\u00f1arol se comunic\u00f3 con Aguirre"}]},{"@type":"WebSite","@id":"https:\/\/www.padreydecano.com\/cms\/#website","url":"https:\/\/www.padreydecano.com\/cms\/","name":"Padre y Decano - El Sitio del Pueblo","description":"Club Atl\u00e9tico Pe\u00f1arol","publisher":{"@id":"https:\/\/www.padreydecano.com\/cms\/#organization"},"potentialAction":[{"@type":"SearchAction","target":{"@type":"EntryPoint","urlTemplate":"https:\/\/www.padreydecano.com\/cms\/?s={search_term_string}"},"query-input":"required name=search_term_string"}],"inLanguage":"es"},{"@type":"Organization","@id":"https:\/\/www.padreydecano.com\/cms\/#organization","name":"Padre y Decano","url":"https:\/\/www.padreydecano.com\/cms\/","logo":{"@type":"ImageObject","inLanguage":"es","@id":"https:\/\/www.padreydecano.com\/cms\/#\/schema\/logo\/image\/","url":"https:\/\/www.padreydecano.com\/cms\/wp-content\/uploads\/2022\/01\/avatar-square.png","contentUrl":"https:\/\/www.padreydecano.com\/cms\/wp-content\/uploads\/2022\/01\/avatar-square.png","width":1500,"height":1500,"caption":"Padre y Decano"},"image":{"@id":"https:\/\/www.padreydecano.com\/cms\/#\/schema\/logo\/image\/"}},{"@type":"Person","@id":"https:\/\/www.padreydecano.com\/cms\/#\/schema\/person\/37aae8f93aa78e4c5385497f056e3246","name":"Redactores Padre y Decano","image":{"@type":"ImageObject","inLanguage":"es","@id":"https:\/\/www.padreydecano.com\/cms\/#\/schema\/person\/image\/","url":"https:\/\/secure.gravatar.com\/avatar\/8810c4b9081192b118b104af54549af8?s=96&d=https%3A%2F%2Fpadreydecano.com%2Fcms%2Fwp-content%2Fthemes%2Fpyd-theme%2Fimg%2Fdefault-avatar.png&r=g","contentUrl":"https:\/\/secure.gravatar.com\/avatar\/8810c4b9081192b118b104af54549af8?s=96&d=https%3A%2F%2Fpadreydecano.com%2Fcms%2Fwp-content%2Fthemes%2Fpyd-theme%2Fimg%2Fdefault-avatar.png&r=g","caption":"Redactores Padre y Decano"},"sameAs":["http:\/\/www.padreydecano.com"]}]}},"_links":{"self":[{"href":"https:\/\/www.padreydecano.com\/cms\/wp-json\/wp\/v2\/posts\/79419"}],"collection":[{"href":"https:\/\/www.padreydecano.com\/cms\/wp-json\/wp\/v2\/posts"}],"about":[{"href":"https:\/\/www.padreydecano.com\/cms\/wp-json\/wp\/v2\/types\/post"}],"author":[{"embeddable":true,"href":"https:\/\/www.padreydecano.com\/cms\/wp-json\/wp\/v2\/users\/27"}],"replies":[{"embeddable":true,"href":"https:\/\/www.padreydecano.com\/cms\/wp-json\/wp\/v2\/comments?post=79419"}],"version-history":[{"count":0,"href":"https:\/\/www.padreydecano.com\/cms\/wp-json\/wp\/v2\/posts\/79419\/revisions"}],"wp:featuredmedia":[{"embeddable":true,"href":"https:\/\/www.padreydecano.com\/cms\/wp-json\/wp\/v2\/media\/79420"}],"wp:attachment":[{"href":"https:\/\/www.padreydecano.com\/cms\/wp-json\/wp\/v2\/media?parent=79419"}],"wp:term":[{"taxonomy":"category","embeddable":true,"href":"https:\/\/www.padreydecano.com\/cms\/wp-json\/wp\/v2\/categories?post=79419"},{"taxonomy":"post_tag","embeddable":true,"href":"https:\/\/www.padreydecano.com\/cms\/wp-json\/wp\/v2\/tags?post=79419"}],"curies":[{"name":"wp","href":"https:\/\/api.w.org\/{rel}","templated":true}]}}