{"id":79416,"date":"2022-11-13T23:30:23","date_gmt":"2022-11-14T02:30:23","guid":{"rendered":"https:\/\/www.padreydecano.com\/cms\/?p=79416"},"modified":"2022-11-15T13:46:48","modified_gmt":"2022-11-15T16:46:48","slug":"en-busqueda-del-entrenador","status":"publish","type":"post","link":"https:\/\/www.padreydecano.com\/cms\/noticias\/en-busqueda-del-entrenador\/","title":{"rendered":"En b\u00fasqueda del entrenador"},"content":{"rendered":"<p><img loading=\"lazy\" decoding=\"async\" class=\"alignnone size-medium wp-image-75078\" src=\"https:\/\/www.padreydecano.com\/cms\/wp-content\/uploads\/2020\/12\/encuestadtcap-600x338.jpg\" alt=\"\" width=\"600\" height=\"338\" srcset=\"https:\/\/www.padreydecano.com\/cms\/wp-content\/uploads\/2020\/12\/encuestadtcap-600x338.jpg 600w, https:\/\/www.padreydecano.com\/cms\/wp-content\/uploads\/2020\/12\/encuestadtcap-768x432.jpg 768w, https:\/\/www.padreydecano.com\/cms\/wp-content\/uploads\/2020\/12\/encuestadtcap-1024x576.jpg 1024w, https:\/\/www.padreydecano.com\/cms\/wp-content\/uploads\/2020\/12\/encuestadtcap.jpg 1280w\" sizes=\"(max-width: 600px) 100vw, 600px\" \/><\/p>\n<p><strong>Marcelo M\u00e9ndez se consagr\u00f3 campe\u00f3n de la Copa AUF Uruguay con Defensor Sporting y finaliz\u00f3 su temporada 2022. \u00bfEscuchar\u00e1 ofertas para el futuro?, \u00bfQu\u00e9 otro nombre se maneja?<\/strong><\/p>\n<p>En el d\u00eda de hoy culmin\u00f3 la actividad del f\u00fatbol uruguayo, con la consagraci\u00f3n del violeta como campe\u00f3n de la Copa AUF Uruguay tras vencer en la final a La Luz. Marcelo M\u00e9ndez, t\u00e9cnico del tuerto, estuvo enfocado en la final y no dio tiempo a especulaciones sobre su futuro.<\/p>\n<p>M\u00e9ndez tuvo una buena temporada en el equipo de Punta Carretas, logr\u00f3 meterse en la pelea por el Clausura, se clasific\u00f3 a la pr\u00f3xima Copa Sudamericana y gan\u00f3 la primera edici\u00f3n de la Copa AUF Uruguay, todo en su primera temporada en la instituci\u00f3n tras la vuelta a la primera divisi\u00f3n profesional.<\/p>\n<p>El entrenador de 41 a\u00f1os tambi\u00e9n tuvo buenos rendimientos en Progreso, Danubio y en Liverpool, donde obtuvo el Torneo Clausura tras golear a Nacional en el Parque Central.<\/p>\n<p>El ex jugador de Pe\u00f1arol es el principal candidato para muchos de los que hoy toman decisiones en el Decano para sustituir a Leo Ramos y agarrar las riendas del equipo de cara a la temporada 2023. M\u00e9ndez renov\u00f3 contrato con Defensor Sporting hace pocas semanas y desde el Club violeta quieren seguir contando con \u00e9l, pero cuenta con cl\u00e1usula de salida. Se negociar\u00e1, su cuerpo t\u00e9cnico estar\u00eda m\u00e1s que dispuesto a llegar al mirasol.<\/p>\n<p>Es del gusto de Pablo Bengoechea, que si bien todav\u00eda no se sabe si continuar\u00e1 en su cargo de director deportivo ya que su continuidad se votar\u00e1 en el pr\u00f3ximo consejo directivo, hoy en d\u00eda es parte de los que toman decisiones importantes en el Club.<\/p>\n<p>Otro de los candidatos pero con menos pretendientes es Ignacio Ithurralde, luego de su gran campa\u00f1a en Boston River en la que clasific\u00f3 al equipo Sastre a la Copa Libertadores de Am\u00e9rica. Como dato de color, Ithurralde fue jugador de Pe\u00f1arol en la temporada 2009. Montevideo City Torque tambi\u00e9n est\u00e1 detr\u00e1s de los pasos del t\u00e9cnico de 39 a\u00f1os y avanz\u00f3 en su negociaci\u00f3n.<\/p>\n<p>El nombre de Jorge Fossati tambi\u00e9n es del agrado de algunos dirigentes, pero de una gran minor\u00eda. No es el \u00fanico t\u00e9cnico con pasado en el carbonero que interesa actualmente. Otros prefieren la llegada de t\u00e9cnicos extranjeros.<\/p>\n<p>Fabi\u00e1n Coito, el ex entrenador juvenil de selecciones uruguayas, de la selecci\u00f3n mayor de Honduras y que recientemente culmin\u00f3 su pasaje por el Alajuelense de Costa Rica, tambi\u00e9n interesa en Pe\u00f1arol.<\/p>\n<div class=\"user-wrapper\"><a class=\"userlink\"href=\"https:\/\/twitter.com\/ftrucce18\" target=\"_blank\"><figure><img decoding=\"async\" src=\"http:\/\/www.padreydecano.com\/cms\/wp-users-files\/postfirmas\/ftrucce.jpg\" \/><\/figure><p class=\"user\"><strong>Franco Trucce<\/strong><br \/>@FTrucce18<\/p><\/a><\/div>\n","protected":false},"excerpt":{"rendered":"<p>Marcelo M\u00e9ndez se consagr\u00f3 campe\u00f3n de la Copa AUF Uruguay con Defensor Sporting y finaliz\u00f3 su temporada 2022. \u00bfEscuchar\u00e1 ofertas para el futuro?, \u00bfQu\u00e9 otro nombre se maneja? En el d\u00eda de hoy culmin\u00f3 la actividad del f\u00fatbol uruguayo, con la consagraci\u00f3n del violeta como campe\u00f3n de la Copa AUF Uruguay tras vencer en la [&hellip;]<\/p>\n","protected":false},"author":27,"featured_media":75078,"comment_status":"open","ping_status":"closed","sticky":false,"template":"","format":"standard","meta":{"footnotes":""},"categories":[1],"tags":[],"yoast_head":"<!-- This site is optimized with the Yoast SEO plugin v23.2 - https:\/\/yoast.com\/wordpress\/plugins\/seo\/ -->\n<title>En b\u00fasqueda del entrenador - Padre y Decano - El Sitio del Pueblo<\/title>\n<meta name=\"robots\" content=\"index, follow, max-snippet:-1, max-image-preview:large, max-video-preview:-1\" \/>\n<link rel=\"canonical\" href=\"https:\/\/www.padreydecano.com\/cms\/noticias\/en-busqueda-del-entrenador\/\" \/>\n<meta property=\"og:locale\" content=\"es_ES\" \/>\n<meta property=\"og:type\" content=\"article\" \/>\n<meta property=\"og:title\" content=\"En b\u00fasqueda del entrenador - Padre y Decano - El Sitio del Pueblo\" \/>\n<meta property=\"og:description\" content=\"Marcelo M\u00e9ndez se consagr\u00f3 campe\u00f3n de la Copa AUF Uruguay con Defensor Sporting y finaliz\u00f3 su temporada 2022. \u00bfEscuchar\u00e1 ofertas para el futuro?, \u00bfQu\u00e9 otro nombre se maneja? En el d\u00eda de hoy culmin\u00f3 la actividad del f\u00fatbol uruguayo, con la consagraci\u00f3n del violeta como campe\u00f3n de la Copa AUF Uruguay tras vencer en la [&hellip;]\" \/>\n<meta property=\"og:url\" content=\"https:\/\/www.padreydecano.com\/cms\/noticias\/en-busqueda-del-entrenador\/\" \/>\n<meta property=\"og:site_name\" content=\"Padre y Decano - El Sitio del Pueblo\" \/>\n<meta property=\"article:published_time\" content=\"2022-11-14T02:30:23+00:00\" \/>\n<meta property=\"article:modified_time\" content=\"2022-11-15T16:46:48+00:00\" \/>\n<meta property=\"og:image\" content=\"https:\/\/www.padreydecano.com\/cms\/wp-content\/uploads\/2020\/12\/encuestadtcap.jpg\" \/>\n\t<meta property=\"og:image:width\" content=\"1280\" \/>\n\t<meta property=\"og:image:height\" content=\"720\" \/>\n\t<meta property=\"og:image:type\" content=\"image\/jpeg\" \/>\n<meta name=\"author\" content=\"Redactores Padre y Decano\" \/>\n<meta name=\"twitter:card\" content=\"summary_large_image\" \/>\n<meta name=\"twitter:label1\" content=\"Escrito por\" \/>\n\t<meta name=\"twitter:data1\" content=\"Redactores Padre y Decano\" \/>\n\t<meta name=\"twitter:label2\" content=\"Tiempo de lectura\" \/>\n\t<meta name=\"twitter:data2\" content=\"3 minutos\" \/>\n<script type=\"application\/ld+json\" class=\"yoast-schema-graph\">{\"@context\":\"https:\/\/schema.org\",\"@graph\":[{\"@type\":\"Article\",\"@id\":\"https:\/\/www.padreydecano.com\/cms\/noticias\/en-busqueda-del-entrenador\/#article\",\"isPartOf\":{\"@id\":\"https:\/\/www.padreydecano.com\/cms\/noticias\/en-busqueda-del-entrenador\/\"},\"author\":{\"name\":\"Redactores Padre y Decano\",\"@id\":\"https:\/\/www.padreydecano.com\/cms\/#\/schema\/person\/37aae8f93aa78e4c5385497f056e3246\"},\"headline\":\"En b\u00fasqueda del entrenador\",\"datePublished\":\"2022-11-14T02:30:23+00:00\",\"dateModified\":\"2022-11-15T16:46:48+00:00\",\"mainEntityOfPage\":{\"@id\":\"https:\/\/www.padreydecano.com\/cms\/noticias\/en-busqueda-del-entrenador\/\"},\"wordCount\":452,\"commentCount\":54,\"publisher\":{\"@id\":\"https:\/\/www.padreydecano.com\/cms\/#organization\"},\"image\":{\"@id\":\"https:\/\/www.padreydecano.com\/cms\/noticias\/en-busqueda-del-entrenador\/#primaryimage\"},\"thumbnailUrl\":\"https:\/\/www.padreydecano.com\/cms\/wp-content\/uploads\/2020\/12\/encuestadtcap.jpg\",\"articleSection\":[\"Noticias\"],\"inLanguage\":\"es\",\"potentialAction\":[{\"@type\":\"CommentAction\",\"name\":\"Comment\",\"target\":[\"https:\/\/www.padreydecano.com\/cms\/noticias\/en-busqueda-del-entrenador\/#respond\"]}]},{\"@type\":\"WebPage\",\"@id\":\"https:\/\/www.padreydecano.com\/cms\/noticias\/en-busqueda-del-entrenador\/\",\"url\":\"https:\/\/www.padreydecano.com\/cms\/noticias\/en-busqueda-del-entrenador\/\",\"name\":\"En b\u00fasqueda del entrenador - Padre y Decano - El Sitio del Pueblo\",\"isPartOf\":{\"@id\":\"https:\/\/www.padreydecano.com\/cms\/#website\"},\"primaryImageOfPage\":{\"@id\":\"https:\/\/www.padreydecano.com\/cms\/noticias\/en-busqueda-del-entrenador\/#primaryimage\"},\"image\":{\"@id\":\"https:\/\/www.padreydecano.com\/cms\/noticias\/en-busqueda-del-entrenador\/#primaryimage\"},\"thumbnailUrl\":\"https:\/\/www.padreydecano.com\/cms\/wp-content\/uploads\/2020\/12\/encuestadtcap.jpg\",\"datePublished\":\"2022-11-14T02:30:23+00:00\",\"dateModified\":\"2022-11-15T16:46:48+00:00\",\"breadcrumb\":{\"@id\":\"https:\/\/www.padreydecano.com\/cms\/noticias\/en-busqueda-del-entrenador\/#breadcrumb\"},\"inLanguage\":\"es\",\"potentialAction\":[{\"@type\":\"ReadAction\",\"target\":[\"https:\/\/www.padreydecano.com\/cms\/noticias\/en-busqueda-del-entrenador\/\"]}]},{\"@type\":\"ImageObject\",\"inLanguage\":\"es\",\"@id\":\"https:\/\/www.padreydecano.com\/cms\/noticias\/en-busqueda-del-entrenador\/#primaryimage\",\"url\":\"https:\/\/www.padreydecano.com\/cms\/wp-content\/uploads\/2020\/12\/encuestadtcap.jpg\",\"contentUrl\":\"https:\/\/www.padreydecano.com\/cms\/wp-content\/uploads\/2020\/12\/encuestadtcap.jpg\",\"width\":1280,\"height\":720},{\"@type\":\"BreadcrumbList\",\"@id\":\"https:\/\/www.padreydecano.com\/cms\/noticias\/en-busqueda-del-entrenador\/#breadcrumb\",\"itemListElement\":[{\"@type\":\"ListItem\",\"position\":1,\"name\":\"Portada\",\"item\":\"https:\/\/www.padreydecano.com\/cms\/\"},{\"@type\":\"ListItem\",\"position\":2,\"name\":\"En b\u00fasqueda del entrenador\"}]},{\"@type\":\"WebSite\",\"@id\":\"https:\/\/www.padreydecano.com\/cms\/#website\",\"url\":\"https:\/\/www.padreydecano.com\/cms\/\",\"name\":\"Padre y Decano - El Sitio del Pueblo\",\"description\":\"Club Atl\u00e9tico Pe\u00f1arol\",\"publisher\":{\"@id\":\"https:\/\/www.padreydecano.com\/cms\/#organization\"},\"potentialAction\":[{\"@type\":\"SearchAction\",\"target\":{\"@type\":\"EntryPoint\",\"urlTemplate\":\"https:\/\/www.padreydecano.com\/cms\/?s={search_term_string}\"},\"query-input\":\"required name=search_term_string\"}],\"inLanguage\":\"es\"},{\"@type\":\"Organization\",\"@id\":\"https:\/\/www.padreydecano.com\/cms\/#organization\",\"name\":\"Padre y Decano\",\"url\":\"https:\/\/www.padreydecano.com\/cms\/\",\"logo\":{\"@type\":\"ImageObject\",\"inLanguage\":\"es\",\"@id\":\"https:\/\/www.padreydecano.com\/cms\/#\/schema\/logo\/image\/\",\"url\":\"https:\/\/www.padreydecano.com\/cms\/wp-content\/uploads\/2022\/01\/avatar-square.png\",\"contentUrl\":\"https:\/\/www.padreydecano.com\/cms\/wp-content\/uploads\/2022\/01\/avatar-square.png\",\"width\":1500,\"height\":1500,\"caption\":\"Padre y Decano\"},\"image\":{\"@id\":\"https:\/\/www.padreydecano.com\/cms\/#\/schema\/logo\/image\/\"}},{\"@type\":\"Person\",\"@id\":\"https:\/\/www.padreydecano.com\/cms\/#\/schema\/person\/37aae8f93aa78e4c5385497f056e3246\",\"name\":\"Redactores Padre y Decano\",\"image\":{\"@type\":\"ImageObject\",\"inLanguage\":\"es\",\"@id\":\"https:\/\/www.padreydecano.com\/cms\/#\/schema\/person\/image\/\",\"url\":\"https:\/\/secure.gravatar.com\/avatar\/8810c4b9081192b118b104af54549af8?s=96&d=https%3A%2F%2Fpadreydecano.com%2Fcms%2Fwp-content%2Fthemes%2Fpyd-theme%2Fimg%2Fdefault-avatar.png&r=g\",\"contentUrl\":\"https:\/\/secure.gravatar.com\/avatar\/8810c4b9081192b118b104af54549af8?s=96&d=https%3A%2F%2Fpadreydecano.com%2Fcms%2Fwp-content%2Fthemes%2Fpyd-theme%2Fimg%2Fdefault-avatar.png&r=g\",\"caption\":\"Redactores Padre y Decano\"},\"sameAs\":[\"http:\/\/www.padreydecano.com\"]}]}<\/script>\n<!-- \/ Yoast SEO plugin. -->","yoast_head_json":{"title":"En b\u00fasqueda del entrenador - Padre y Decano - El Sitio del Pueblo","robots":{"index":"index","follow":"follow","max-snippet":"max-snippet:-1","max-image-preview":"max-image-preview:large","max-video-preview":"max-video-preview:-1"},"canonical":"https:\/\/www.padreydecano.com\/cms\/noticias\/en-busqueda-del-entrenador\/","og_locale":"es_ES","og_type":"article","og_title":"En b\u00fasqueda del entrenador - Padre y Decano - El Sitio del Pueblo","og_description":"Marcelo M\u00e9ndez se consagr\u00f3 campe\u00f3n de la Copa AUF Uruguay con Defensor Sporting y finaliz\u00f3 su temporada 2022. \u00bfEscuchar\u00e1 ofertas para el futuro?, \u00bfQu\u00e9 otro nombre se maneja? En el d\u00eda de hoy culmin\u00f3 la actividad del f\u00fatbol uruguayo, con la consagraci\u00f3n del violeta como campe\u00f3n de la Copa AUF Uruguay tras vencer en la [&hellip;]","og_url":"https:\/\/www.padreydecano.com\/cms\/noticias\/en-busqueda-del-entrenador\/","og_site_name":"Padre y Decano - El Sitio del Pueblo","article_published_time":"2022-11-14T02:30:23+00:00","article_modified_time":"2022-11-15T16:46:48+00:00","og_image":[{"width":1280,"height":720,"url":"https:\/\/www.padreydecano.com\/cms\/wp-content\/uploads\/2020\/12\/encuestadtcap.jpg","type":"image\/jpeg"}],"author":"Redactores Padre y Decano","twitter_card":"summary_large_image","twitter_misc":{"Escrito por":"Redactores Padre y Decano","Tiempo de lectura":"3 minutos"},"schema":{"@context":"https:\/\/schema.org","@graph":[{"@type":"Article","@id":"https:\/\/www.padreydecano.com\/cms\/noticias\/en-busqueda-del-entrenador\/#article","isPartOf":{"@id":"https:\/\/www.padreydecano.com\/cms\/noticias\/en-busqueda-del-entrenador\/"},"author":{"name":"Redactores Padre y Decano","@id":"https:\/\/www.padreydecano.com\/cms\/#\/schema\/person\/37aae8f93aa78e4c5385497f056e3246"},"headline":"En b\u00fasqueda del entrenador","datePublished":"2022-11-14T02:30:23+00:00","dateModified":"2022-11-15T16:46:48+00:00","mainEntityOfPage":{"@id":"https:\/\/www.padreydecano.com\/cms\/noticias\/en-busqueda-del-entrenador\/"},"wordCount":452,"commentCount":54,"publisher":{"@id":"https:\/\/www.padreydecano.com\/cms\/#organization"},"image":{"@id":"https:\/\/www.padreydecano.com\/cms\/noticias\/en-busqueda-del-entrenador\/#primaryimage"},"thumbnailUrl":"https:\/\/www.padreydecano.com\/cms\/wp-content\/uploads\/2020\/12\/encuestadtcap.jpg","articleSection":["Noticias"],"inLanguage":"es","potentialAction":[{"@type":"CommentAction","name":"Comment","target":["https:\/\/www.padreydecano.com\/cms\/noticias\/en-busqueda-del-entrenador\/#respond"]}]},{"@type":"WebPage","@id":"https:\/\/www.padreydecano.com\/cms\/noticias\/en-busqueda-del-entrenador\/","url":"https:\/\/www.padreydecano.com\/cms\/noticias\/en-busqueda-del-entrenador\/","name":"En b\u00fasqueda del entrenador - Padre y Decano - El Sitio del Pueblo","isPartOf":{"@id":"https:\/\/www.padreydecano.com\/cms\/#website"},"primaryImageOfPage":{"@id":"https:\/\/www.padreydecano.com\/cms\/noticias\/en-busqueda-del-entrenador\/#primaryimage"},"image":{"@id":"https:\/\/www.padreydecano.com\/cms\/noticias\/en-busqueda-del-entrenador\/#primaryimage"},"thumbnailUrl":"https:\/\/www.padreydecano.com\/cms\/wp-content\/uploads\/2020\/12\/encuestadtcap.jpg","datePublished":"2022-11-14T02:30:23+00:00","dateModified":"2022-11-15T16:46:48+00:00","breadcrumb":{"@id":"https:\/\/www.padreydecano.com\/cms\/noticias\/en-busqueda-del-entrenador\/#breadcrumb"},"inLanguage":"es","potentialAction":[{"@type":"ReadAction","target":["https:\/\/www.padreydecano.com\/cms\/noticias\/en-busqueda-del-entrenador\/"]}]},{"@type":"ImageObject","inLanguage":"es","@id":"https:\/\/www.padreydecano.com\/cms\/noticias\/en-busqueda-del-entrenador\/#primaryimage","url":"https:\/\/www.padreydecano.com\/cms\/wp-content\/uploads\/2020\/12\/encuestadtcap.jpg","contentUrl":"https:\/\/www.padreydecano.com\/cms\/wp-content\/uploads\/2020\/12\/encuestadtcap.jpg","width":1280,"height":720},{"@type":"BreadcrumbList","@id":"https:\/\/www.padreydecano.com\/cms\/noticias\/en-busqueda-del-entrenador\/#breadcrumb","itemListElement":[{"@type":"ListItem","position":1,"name":"Portada","item":"https:\/\/www.padreydecano.com\/cms\/"},{"@type":"ListItem","position":2,"name":"En b\u00fasqueda del entrenador"}]},{"@type":"WebSite","@id":"https:\/\/www.padreydecano.com\/cms\/#website","url":"https:\/\/www.padreydecano.com\/cms\/","name":"Padre y Decano - El Sitio del Pueblo","description":"Club Atl\u00e9tico Pe\u00f1arol","publisher":{"@id":"https:\/\/www.padreydecano.com\/cms\/#organization"},"potentialAction":[{"@type":"SearchAction","target":{"@type":"EntryPoint","urlTemplate":"https:\/\/www.padreydecano.com\/cms\/?s={search_term_string}"},"query-input":"required name=search_term_string"}],"inLanguage":"es"},{"@type":"Organization","@id":"https:\/\/www.padreydecano.com\/cms\/#organization","name":"Padre y Decano","url":"https:\/\/www.padreydecano.com\/cms\/","logo":{"@type":"ImageObject","inLanguage":"es","@id":"https:\/\/www.padreydecano.com\/cms\/#\/schema\/logo\/image\/","url":"https:\/\/www.padreydecano.com\/cms\/wp-content\/uploads\/2022\/01\/avatar-square.png","contentUrl":"https:\/\/www.padreydecano.com\/cms\/wp-content\/uploads\/2022\/01\/avatar-square.png","width":1500,"height":1500,"caption":"Padre y Decano"},"image":{"@id":"https:\/\/www.padreydecano.com\/cms\/#\/schema\/logo\/image\/"}},{"@type":"Person","@id":"https:\/\/www.padreydecano.com\/cms\/#\/schema\/person\/37aae8f93aa78e4c5385497f056e3246","name":"Redactores Padre y Decano","image":{"@type":"ImageObject","inLanguage":"es","@id":"https:\/\/www.padreydecano.com\/cms\/#\/schema\/person\/image\/","url":"https:\/\/secure.gravatar.com\/avatar\/8810c4b9081192b118b104af54549af8?s=96&d=https%3A%2F%2Fpadreydecano.com%2Fcms%2Fwp-content%2Fthemes%2Fpyd-theme%2Fimg%2Fdefault-avatar.png&r=g","contentUrl":"https:\/\/secure.gravatar.com\/avatar\/8810c4b9081192b118b104af54549af8?s=96&d=https%3A%2F%2Fpadreydecano.com%2Fcms%2Fwp-content%2Fthemes%2Fpyd-theme%2Fimg%2Fdefault-avatar.png&r=g","caption":"Redactores Padre y Decano"},"sameAs":["http:\/\/www.padreydecano.com"]}]}},"_links":{"self":[{"href":"https:\/\/www.padreydecano.com\/cms\/wp-json\/wp\/v2\/posts\/79416"}],"collection":[{"href":"https:\/\/www.padreydecano.com\/cms\/wp-json\/wp\/v2\/posts"}],"about":[{"href":"https:\/\/www.padreydecano.com\/cms\/wp-json\/wp\/v2\/types\/post"}],"author":[{"embeddable":true,"href":"https:\/\/www.padreydecano.com\/cms\/wp-json\/wp\/v2\/users\/27"}],"replies":[{"embeddable":true,"href":"https:\/\/www.padreydecano.com\/cms\/wp-json\/wp\/v2\/comments?post=79416"}],"version-history":[{"count":0,"href":"https:\/\/www.padreydecano.com\/cms\/wp-json\/wp\/v2\/posts\/79416\/revisions"}],"wp:featuredmedia":[{"embeddable":true,"href":"https:\/\/www.padreydecano.com\/cms\/wp-json\/wp\/v2\/media\/75078"}],"wp:attachment":[{"href":"https:\/\/www.padreydecano.com\/cms\/wp-json\/wp\/v2\/media?parent=79416"}],"wp:term":[{"taxonomy":"category","embeddable":true,"href":"https:\/\/www.padreydecano.com\/cms\/wp-json\/wp\/v2\/categories?post=79416"},{"taxonomy":"post_tag","embeddable":true,"href":"https:\/\/www.padreydecano.com\/cms\/wp-json\/wp\/v2\/tags?post=79416"}],"curies":[{"name":"wp","href":"https:\/\/api.w.org\/{rel}","templated":true}]}}