{"id":79327,"date":"2022-10-26T20:35:00","date_gmt":"2022-10-26T23:35:00","guid":{"rendered":"http:\/\/www.padreydecano.com\/cms\/?p=79327"},"modified":"2022-10-27T11:57:49","modified_gmt":"2022-10-27T14:57:49","slug":"salio-el-fallo","status":"publish","type":"post","link":"https:\/\/www.padreydecano.com\/cms\/noticias\/salio-el-fallo\/","title":{"rendered":"Sali\u00f3 el fallo"},"content":{"rendered":"<p><img loading=\"lazy\" decoding=\"async\" class=\"alignnone size-medium wp-image-79328\" src=\"https:\/\/www.padreydecano.com\/cms\/wp-content\/uploads\/2022\/10\/821821-600x572.jpg\" alt=\"\" width=\"600\" height=\"572\" srcset=\"https:\/\/www.padreydecano.com\/cms\/wp-content\/uploads\/2022\/10\/821821-600x572.jpg 600w, https:\/\/www.padreydecano.com\/cms\/wp-content\/uploads\/2022\/10\/821821-300x286.jpg 300w, https:\/\/www.padreydecano.com\/cms\/wp-content\/uploads\/2022\/10\/821821-128x122.jpg 128w, https:\/\/www.padreydecano.com\/cms\/wp-content\/uploads\/2022\/10\/821821-32x32.jpg 32w, https:\/\/www.padreydecano.com\/cms\/wp-content\/uploads\/2022\/10\/821821.jpg 640w\" sizes=\"(max-width: 600px) 100vw, 600px\" \/><\/p>\n<p><strong>Se dio por finalizado el encuentro entre Pe\u00f1arol y Boston River, con victoria para el equipo Sastre por 2 a 1. Adem\u00e1s el carbonero fue sancionado con un partido a puertas cerradas que ya cumpli\u00f3.<\/strong><\/p>\n<p>Se determin\u00f3 el fallo por lo que fue la suspensi\u00f3n del encuentro entre Pe\u00f1arol y Boston River, el pasado 12 de octubre en el Parque Viera.<\/p>\n<p>El carbonero igualaba 1 a 1 cuando el partido fue parado por decisi\u00f3n del \u00e1rbitro, debido a que un seguridad le asegur\u00f3 que hab\u00eda un arma de fuego en la tribuna ocupada por hinchas aurinegros.<\/p>\n<p>El \u00e1rbitro principal del encuentro, Leodan Gonz\u00e1lez, reanud\u00f3 el encuentro con un penal a favor de Boston River, una vez convirti\u00f3 el partido no contin\u00fao.<\/p>\n<p>Pe\u00f1arol debi\u00f3 disputar el encuentro ante River Plate por la decimocuarta fecha del Torneo Clausura 2022 sin hinchas aurinegros en la tribuna como medida cautelar, sin que se haya confirmado el fallo.<\/p>\n<p>Si bien no existi\u00f3 la presencia de un arma de fuego en la tribuna, el decano sufri\u00f3 la finalizaci\u00f3n del partido sin la oportunidad de disputar el pico de m\u00e1s de 15 minutos y con deber cumplir de un partido de local sin su p\u00fablico, sentenciado por la Comisi\u00f3n Disciplinaria de la AUF este mi\u00e9rcoles.<\/p>\n<p><strong><span style=\"color: #ffcc00;\">Fallo<\/span><\/strong><\/p>\n<p><strong>Por lo expuesto esta COMISI\u00d3N DISCIPLINARIA resuelve:<\/strong><\/p>\n<p><strong>1:<\/strong> Determinar la existencia de responsabilidad objetiva de parte del Club Atl\u00e9tico Pe\u00f1arol.<\/p>\n<p><strong>2:<\/strong> Dar por terminado el partido en disputa, manteni\u00e9ndose el resultado con la consiguiente p\u00e9rdida por parte del Club Atl\u00e9t\u00edco Pe\u00f1arol de los tres (3) puntos en disputa (art\u00edculo 14 literal d del C\u00f3digo Disciplinario) otorg\u00e1ndoselos al Club Boston River. Asimismo, se dispone que el Club Atl\u00e9tico Pe\u00f1arol deber\u00e1 jugar un (1) partido en que oficie de locatario a puertas cerradas, sanci\u00f3n que ya se tiene por cumplida en funci\u00f3n de la medida cautelar adoptada oportunamente (art\u00edculo 14.1 literal 9 del C\u00f3digo Disciplinario).<\/p>\n<p><strong>3: <\/strong>Comun\u00edquese a la Mesa Ejecut\u00edva de la LPPD a sus efectos, a la Instituci\u00f3n.<\/p>\n<div class=\"user-wrapper\"><a class=\"userlink\"href=\"https:\/\/twitter.com\/ftrucce18\" target=\"_blank\"><figure><img decoding=\"async\" src=\"http:\/\/www.padreydecano.com\/cms\/wp-users-files\/postfirmas\/ftrucce.jpg\" \/><\/figure><p class=\"user\"><strong>Franco Trucce<\/strong><br \/>@FTrucce18<\/p><\/a><\/div>\n","protected":false},"excerpt":{"rendered":"<p>Se dio por finalizado el encuentro entre Pe\u00f1arol y Boston River, con victoria para el equipo Sastre por 2 a 1. Adem\u00e1s el carbonero fue sancionado con un partido a puertas cerradas que ya cumpli\u00f3. Se determin\u00f3 el fallo por lo que fue la suspensi\u00f3n del encuentro entre Pe\u00f1arol y Boston River, el pasado 12 [&hellip;]<\/p>\n","protected":false},"author":27,"featured_media":79328,"comment_status":"open","ping_status":"closed","sticky":false,"template":"","format":"standard","meta":{"footnotes":""},"categories":[1],"tags":[557],"yoast_head":"<!-- This site is optimized with the Yoast SEO plugin v23.2 - https:\/\/yoast.com\/wordpress\/plugins\/seo\/ -->\n<title>Sali\u00f3 el fallo - Padre y Decano - El Sitio del Pueblo<\/title>\n<meta name=\"robots\" content=\"index, follow, max-snippet:-1, max-image-preview:large, max-video-preview:-1\" \/>\n<link rel=\"canonical\" href=\"https:\/\/www.padreydecano.com\/cms\/noticias\/salio-el-fallo\/\" \/>\n<meta property=\"og:locale\" content=\"es_ES\" \/>\n<meta property=\"og:type\" content=\"article\" \/>\n<meta property=\"og:title\" content=\"Sali\u00f3 el fallo - Padre y Decano - El Sitio del Pueblo\" \/>\n<meta property=\"og:description\" content=\"Se dio por finalizado el encuentro entre Pe\u00f1arol y Boston River, con victoria para el equipo Sastre por 2 a 1. Adem\u00e1s el carbonero fue sancionado con un partido a puertas cerradas que ya cumpli\u00f3. Se determin\u00f3 el fallo por lo que fue la suspensi\u00f3n del encuentro entre Pe\u00f1arol y Boston River, el pasado 12 [&hellip;]\" \/>\n<meta property=\"og:url\" content=\"https:\/\/www.padreydecano.com\/cms\/noticias\/salio-el-fallo\/\" \/>\n<meta property=\"og:site_name\" content=\"Padre y Decano - El Sitio del Pueblo\" \/>\n<meta property=\"article:published_time\" content=\"2022-10-26T23:35:00+00:00\" \/>\n<meta property=\"article:modified_time\" content=\"2022-10-27T14:57:49+00:00\" \/>\n<meta property=\"og:image\" content=\"https:\/\/www.padreydecano.com\/cms\/wp-content\/uploads\/2022\/10\/821821.jpg\" \/>\n\t<meta property=\"og:image:width\" content=\"640\" \/>\n\t<meta property=\"og:image:height\" content=\"610\" \/>\n\t<meta property=\"og:image:type\" content=\"image\/jpeg\" \/>\n<meta name=\"author\" content=\"Redactores Padre y Decano\" \/>\n<meta name=\"twitter:card\" content=\"summary_large_image\" \/>\n<meta name=\"twitter:label1\" content=\"Escrito por\" \/>\n\t<meta name=\"twitter:data1\" content=\"Redactores Padre y Decano\" \/>\n\t<meta name=\"twitter:label2\" content=\"Tiempo de lectura\" \/>\n\t<meta name=\"twitter:data2\" content=\"2 minutos\" \/>\n<script type=\"application\/ld+json\" class=\"yoast-schema-graph\">{\"@context\":\"https:\/\/schema.org\",\"@graph\":[{\"@type\":\"Article\",\"@id\":\"https:\/\/www.padreydecano.com\/cms\/noticias\/salio-el-fallo\/#article\",\"isPartOf\":{\"@id\":\"https:\/\/www.padreydecano.com\/cms\/noticias\/salio-el-fallo\/\"},\"author\":{\"name\":\"Redactores Padre y Decano\",\"@id\":\"https:\/\/www.padreydecano.com\/cms\/#\/schema\/person\/37aae8f93aa78e4c5385497f056e3246\"},\"headline\":\"Sali\u00f3 el fallo\",\"datePublished\":\"2022-10-26T23:35:00+00:00\",\"dateModified\":\"2022-10-27T14:57:49+00:00\",\"mainEntityOfPage\":{\"@id\":\"https:\/\/www.padreydecano.com\/cms\/noticias\/salio-el-fallo\/\"},\"wordCount\":350,\"commentCount\":9,\"publisher\":{\"@id\":\"https:\/\/www.padreydecano.com\/cms\/#organization\"},\"image\":{\"@id\":\"https:\/\/www.padreydecano.com\/cms\/noticias\/salio-el-fallo\/#primaryimage\"},\"thumbnailUrl\":\"https:\/\/www.padreydecano.com\/cms\/wp-content\/uploads\/2022\/10\/821821.jpg\",\"keywords\":[\"Campeonato Uruguayo 2022\"],\"articleSection\":[\"Noticias\"],\"inLanguage\":\"es\",\"potentialAction\":[{\"@type\":\"CommentAction\",\"name\":\"Comment\",\"target\":[\"https:\/\/www.padreydecano.com\/cms\/noticias\/salio-el-fallo\/#respond\"]}]},{\"@type\":\"WebPage\",\"@id\":\"https:\/\/www.padreydecano.com\/cms\/noticias\/salio-el-fallo\/\",\"url\":\"https:\/\/www.padreydecano.com\/cms\/noticias\/salio-el-fallo\/\",\"name\":\"Sali\u00f3 el fallo - Padre y Decano - El Sitio del Pueblo\",\"isPartOf\":{\"@id\":\"https:\/\/www.padreydecano.com\/cms\/#website\"},\"primaryImageOfPage\":{\"@id\":\"https:\/\/www.padreydecano.com\/cms\/noticias\/salio-el-fallo\/#primaryimage\"},\"image\":{\"@id\":\"https:\/\/www.padreydecano.com\/cms\/noticias\/salio-el-fallo\/#primaryimage\"},\"thumbnailUrl\":\"https:\/\/www.padreydecano.com\/cms\/wp-content\/uploads\/2022\/10\/821821.jpg\",\"datePublished\":\"2022-10-26T23:35:00+00:00\",\"dateModified\":\"2022-10-27T14:57:49+00:00\",\"breadcrumb\":{\"@id\":\"https:\/\/www.padreydecano.com\/cms\/noticias\/salio-el-fallo\/#breadcrumb\"},\"inLanguage\":\"es\",\"potentialAction\":[{\"@type\":\"ReadAction\",\"target\":[\"https:\/\/www.padreydecano.com\/cms\/noticias\/salio-el-fallo\/\"]}]},{\"@type\":\"ImageObject\",\"inLanguage\":\"es\",\"@id\":\"https:\/\/www.padreydecano.com\/cms\/noticias\/salio-el-fallo\/#primaryimage\",\"url\":\"https:\/\/www.padreydecano.com\/cms\/wp-content\/uploads\/2022\/10\/821821.jpg\",\"contentUrl\":\"https:\/\/www.padreydecano.com\/cms\/wp-content\/uploads\/2022\/10\/821821.jpg\",\"width\":640,\"height\":610},{\"@type\":\"BreadcrumbList\",\"@id\":\"https:\/\/www.padreydecano.com\/cms\/noticias\/salio-el-fallo\/#breadcrumb\",\"itemListElement\":[{\"@type\":\"ListItem\",\"position\":1,\"name\":\"Portada\",\"item\":\"https:\/\/www.padreydecano.com\/cms\/\"},{\"@type\":\"ListItem\",\"position\":2,\"name\":\"Sali\u00f3 el fallo\"}]},{\"@type\":\"WebSite\",\"@id\":\"https:\/\/www.padreydecano.com\/cms\/#website\",\"url\":\"https:\/\/www.padreydecano.com\/cms\/\",\"name\":\"Padre y Decano - El Sitio del Pueblo\",\"description\":\"Club Atl\u00e9tico Pe\u00f1arol\",\"publisher\":{\"@id\":\"https:\/\/www.padreydecano.com\/cms\/#organization\"},\"potentialAction\":[{\"@type\":\"SearchAction\",\"target\":{\"@type\":\"EntryPoint\",\"urlTemplate\":\"https:\/\/www.padreydecano.com\/cms\/?s={search_term_string}\"},\"query-input\":\"required name=search_term_string\"}],\"inLanguage\":\"es\"},{\"@type\":\"Organization\",\"@id\":\"https:\/\/www.padreydecano.com\/cms\/#organization\",\"name\":\"Padre y Decano\",\"url\":\"https:\/\/www.padreydecano.com\/cms\/\",\"logo\":{\"@type\":\"ImageObject\",\"inLanguage\":\"es\",\"@id\":\"https:\/\/www.padreydecano.com\/cms\/#\/schema\/logo\/image\/\",\"url\":\"https:\/\/www.padreydecano.com\/cms\/wp-content\/uploads\/2022\/01\/avatar-square.png\",\"contentUrl\":\"https:\/\/www.padreydecano.com\/cms\/wp-content\/uploads\/2022\/01\/avatar-square.png\",\"width\":1500,\"height\":1500,\"caption\":\"Padre y Decano\"},\"image\":{\"@id\":\"https:\/\/www.padreydecano.com\/cms\/#\/schema\/logo\/image\/\"}},{\"@type\":\"Person\",\"@id\":\"https:\/\/www.padreydecano.com\/cms\/#\/schema\/person\/37aae8f93aa78e4c5385497f056e3246\",\"name\":\"Redactores Padre y Decano\",\"image\":{\"@type\":\"ImageObject\",\"inLanguage\":\"es\",\"@id\":\"https:\/\/www.padreydecano.com\/cms\/#\/schema\/person\/image\/\",\"url\":\"https:\/\/secure.gravatar.com\/avatar\/8810c4b9081192b118b104af54549af8?s=96&d=https%3A%2F%2Fpadreydecano.com%2Fcms%2Fwp-content%2Fthemes%2Fpyd-theme%2Fimg%2Fdefault-avatar.png&r=g\",\"contentUrl\":\"https:\/\/secure.gravatar.com\/avatar\/8810c4b9081192b118b104af54549af8?s=96&d=https%3A%2F%2Fpadreydecano.com%2Fcms%2Fwp-content%2Fthemes%2Fpyd-theme%2Fimg%2Fdefault-avatar.png&r=g\",\"caption\":\"Redactores Padre y Decano\"},\"sameAs\":[\"http:\/\/www.padreydecano.com\"]}]}<\/script>\n<!-- \/ Yoast SEO plugin. -->","yoast_head_json":{"title":"Sali\u00f3 el fallo - Padre y Decano - El Sitio del Pueblo","robots":{"index":"index","follow":"follow","max-snippet":"max-snippet:-1","max-image-preview":"max-image-preview:large","max-video-preview":"max-video-preview:-1"},"canonical":"https:\/\/www.padreydecano.com\/cms\/noticias\/salio-el-fallo\/","og_locale":"es_ES","og_type":"article","og_title":"Sali\u00f3 el fallo - Padre y Decano - El Sitio del Pueblo","og_description":"Se dio por finalizado el encuentro entre Pe\u00f1arol y Boston River, con victoria para el equipo Sastre por 2 a 1. Adem\u00e1s el carbonero fue sancionado con un partido a puertas cerradas que ya cumpli\u00f3. Se determin\u00f3 el fallo por lo que fue la suspensi\u00f3n del encuentro entre Pe\u00f1arol y Boston River, el pasado 12 [&hellip;]","og_url":"https:\/\/www.padreydecano.com\/cms\/noticias\/salio-el-fallo\/","og_site_name":"Padre y Decano - El Sitio del Pueblo","article_published_time":"2022-10-26T23:35:00+00:00","article_modified_time":"2022-10-27T14:57:49+00:00","og_image":[{"width":640,"height":610,"url":"https:\/\/www.padreydecano.com\/cms\/wp-content\/uploads\/2022\/10\/821821.jpg","type":"image\/jpeg"}],"author":"Redactores Padre y Decano","twitter_card":"summary_large_image","twitter_misc":{"Escrito por":"Redactores Padre y Decano","Tiempo de lectura":"2 minutos"},"schema":{"@context":"https:\/\/schema.org","@graph":[{"@type":"Article","@id":"https:\/\/www.padreydecano.com\/cms\/noticias\/salio-el-fallo\/#article","isPartOf":{"@id":"https:\/\/www.padreydecano.com\/cms\/noticias\/salio-el-fallo\/"},"author":{"name":"Redactores Padre y Decano","@id":"https:\/\/www.padreydecano.com\/cms\/#\/schema\/person\/37aae8f93aa78e4c5385497f056e3246"},"headline":"Sali\u00f3 el fallo","datePublished":"2022-10-26T23:35:00+00:00","dateModified":"2022-10-27T14:57:49+00:00","mainEntityOfPage":{"@id":"https:\/\/www.padreydecano.com\/cms\/noticias\/salio-el-fallo\/"},"wordCount":350,"commentCount":9,"publisher":{"@id":"https:\/\/www.padreydecano.com\/cms\/#organization"},"image":{"@id":"https:\/\/www.padreydecano.com\/cms\/noticias\/salio-el-fallo\/#primaryimage"},"thumbnailUrl":"https:\/\/www.padreydecano.com\/cms\/wp-content\/uploads\/2022\/10\/821821.jpg","keywords":["Campeonato Uruguayo 2022"],"articleSection":["Noticias"],"inLanguage":"es","potentialAction":[{"@type":"CommentAction","name":"Comment","target":["https:\/\/www.padreydecano.com\/cms\/noticias\/salio-el-fallo\/#respond"]}]},{"@type":"WebPage","@id":"https:\/\/www.padreydecano.com\/cms\/noticias\/salio-el-fallo\/","url":"https:\/\/www.padreydecano.com\/cms\/noticias\/salio-el-fallo\/","name":"Sali\u00f3 el fallo - Padre y Decano - El Sitio del Pueblo","isPartOf":{"@id":"https:\/\/www.padreydecano.com\/cms\/#website"},"primaryImageOfPage":{"@id":"https:\/\/www.padreydecano.com\/cms\/noticias\/salio-el-fallo\/#primaryimage"},"image":{"@id":"https:\/\/www.padreydecano.com\/cms\/noticias\/salio-el-fallo\/#primaryimage"},"thumbnailUrl":"https:\/\/www.padreydecano.com\/cms\/wp-content\/uploads\/2022\/10\/821821.jpg","datePublished":"2022-10-26T23:35:00+00:00","dateModified":"2022-10-27T14:57:49+00:00","breadcrumb":{"@id":"https:\/\/www.padreydecano.com\/cms\/noticias\/salio-el-fallo\/#breadcrumb"},"inLanguage":"es","potentialAction":[{"@type":"ReadAction","target":["https:\/\/www.padreydecano.com\/cms\/noticias\/salio-el-fallo\/"]}]},{"@type":"ImageObject","inLanguage":"es","@id":"https:\/\/www.padreydecano.com\/cms\/noticias\/salio-el-fallo\/#primaryimage","url":"https:\/\/www.padreydecano.com\/cms\/wp-content\/uploads\/2022\/10\/821821.jpg","contentUrl":"https:\/\/www.padreydecano.com\/cms\/wp-content\/uploads\/2022\/10\/821821.jpg","width":640,"height":610},{"@type":"BreadcrumbList","@id":"https:\/\/www.padreydecano.com\/cms\/noticias\/salio-el-fallo\/#breadcrumb","itemListElement":[{"@type":"ListItem","position":1,"name":"Portada","item":"https:\/\/www.padreydecano.com\/cms\/"},{"@type":"ListItem","position":2,"name":"Sali\u00f3 el fallo"}]},{"@type":"WebSite","@id":"https:\/\/www.padreydecano.com\/cms\/#website","url":"https:\/\/www.padreydecano.com\/cms\/","name":"Padre y Decano - El Sitio del Pueblo","description":"Club Atl\u00e9tico Pe\u00f1arol","publisher":{"@id":"https:\/\/www.padreydecano.com\/cms\/#organization"},"potentialAction":[{"@type":"SearchAction","target":{"@type":"EntryPoint","urlTemplate":"https:\/\/www.padreydecano.com\/cms\/?s={search_term_string}"},"query-input":"required name=search_term_string"}],"inLanguage":"es"},{"@type":"Organization","@id":"https:\/\/www.padreydecano.com\/cms\/#organization","name":"Padre y Decano","url":"https:\/\/www.padreydecano.com\/cms\/","logo":{"@type":"ImageObject","inLanguage":"es","@id":"https:\/\/www.padreydecano.com\/cms\/#\/schema\/logo\/image\/","url":"https:\/\/www.padreydecano.com\/cms\/wp-content\/uploads\/2022\/01\/avatar-square.png","contentUrl":"https:\/\/www.padreydecano.com\/cms\/wp-content\/uploads\/2022\/01\/avatar-square.png","width":1500,"height":1500,"caption":"Padre y Decano"},"image":{"@id":"https:\/\/www.padreydecano.com\/cms\/#\/schema\/logo\/image\/"}},{"@type":"Person","@id":"https:\/\/www.padreydecano.com\/cms\/#\/schema\/person\/37aae8f93aa78e4c5385497f056e3246","name":"Redactores Padre y Decano","image":{"@type":"ImageObject","inLanguage":"es","@id":"https:\/\/www.padreydecano.com\/cms\/#\/schema\/person\/image\/","url":"https:\/\/secure.gravatar.com\/avatar\/8810c4b9081192b118b104af54549af8?s=96&d=https%3A%2F%2Fpadreydecano.com%2Fcms%2Fwp-content%2Fthemes%2Fpyd-theme%2Fimg%2Fdefault-avatar.png&r=g","contentUrl":"https:\/\/secure.gravatar.com\/avatar\/8810c4b9081192b118b104af54549af8?s=96&d=https%3A%2F%2Fpadreydecano.com%2Fcms%2Fwp-content%2Fthemes%2Fpyd-theme%2Fimg%2Fdefault-avatar.png&r=g","caption":"Redactores Padre y Decano"},"sameAs":["http:\/\/www.padreydecano.com"]}]}},"_links":{"self":[{"href":"https:\/\/www.padreydecano.com\/cms\/wp-json\/wp\/v2\/posts\/79327"}],"collection":[{"href":"https:\/\/www.padreydecano.com\/cms\/wp-json\/wp\/v2\/posts"}],"about":[{"href":"https:\/\/www.padreydecano.com\/cms\/wp-json\/wp\/v2\/types\/post"}],"author":[{"embeddable":true,"href":"https:\/\/www.padreydecano.com\/cms\/wp-json\/wp\/v2\/users\/27"}],"replies":[{"embeddable":true,"href":"https:\/\/www.padreydecano.com\/cms\/wp-json\/wp\/v2\/comments?post=79327"}],"version-history":[{"count":0,"href":"https:\/\/www.padreydecano.com\/cms\/wp-json\/wp\/v2\/posts\/79327\/revisions"}],"wp:featuredmedia":[{"embeddable":true,"href":"https:\/\/www.padreydecano.com\/cms\/wp-json\/wp\/v2\/media\/79328"}],"wp:attachment":[{"href":"https:\/\/www.padreydecano.com\/cms\/wp-json\/wp\/v2\/media?parent=79327"}],"wp:term":[{"taxonomy":"category","embeddable":true,"href":"https:\/\/www.padreydecano.com\/cms\/wp-json\/wp\/v2\/categories?post=79327"},{"taxonomy":"post_tag","embeddable":true,"href":"https:\/\/www.padreydecano.com\/cms\/wp-json\/wp\/v2\/tags?post=79327"}],"curies":[{"name":"wp","href":"https:\/\/api.w.org\/{rel}","templated":true}]}}