{"id":79242,"date":"2022-10-13T16:00:01","date_gmt":"2022-10-13T19:00:01","guid":{"rendered":"http:\/\/www.padreydecano.com\/cms\/?p=79242"},"modified":"2022-10-14T10:49:38","modified_gmt":"2022-10-14T13:49:38","slug":"costaron-caro","status":"publish","type":"post","link":"https:\/\/www.padreydecano.com\/cms\/noticias\/costaron-caro\/","title":{"rendered":"Costaron caro\u00a0"},"content":{"rendered":"<p><img loading=\"lazy\" decoding=\"async\" class=\"alignnone size-medium wp-image-78792\" src=\"https:\/\/www.padreydecano.com\/cms\/wp-content\/uploads\/2022\/06\/DAMt7ftXoAA-bMG.jpg_large-600x397.jpg\" alt=\"\" width=\"600\" height=\"397\" srcset=\"https:\/\/www.padreydecano.com\/cms\/wp-content\/uploads\/2022\/06\/DAMt7ftXoAA-bMG.jpg_large-600x397.jpg 600w, https:\/\/www.padreydecano.com\/cms\/wp-content\/uploads\/2022\/06\/DAMt7ftXoAA-bMG.jpg_large-768x509.jpg 768w, https:\/\/www.padreydecano.com\/cms\/wp-content\/uploads\/2022\/06\/DAMt7ftXoAA-bMG.jpg_large-300x199.jpg 300w, https:\/\/www.padreydecano.com\/cms\/wp-content\/uploads\/2022\/06\/DAMt7ftXoAA-bMG.jpg_large-128x85.jpg 128w, https:\/\/www.padreydecano.com\/cms\/wp-content\/uploads\/2022\/06\/DAMt7ftXoAA-bMG.jpg_large-32x21.jpg 32w, https:\/\/www.padreydecano.com\/cms\/wp-content\/uploads\/2022\/06\/DAMt7ftXoAA-bMG.jpg_large.jpg 900w\" sizes=\"(max-width: 600px) 100vw, 600px\" \/><\/p>\n<p><strong>Fechas antes del final del Torneo Clausura, se decretaron los 3 descensos de la Primera Divisi\u00f3n Profesional. Pe\u00f1arol perdi\u00f3 puntos con los 3 equipos descendidos, una constante de los \u00faltimos a\u00f1os.<\/strong><\/p>\n<p>Aunque todav\u00eda quedan disputar dos fechas del Torneo Clausura 2022, ya se confirmaron los 3 descensos de la temporada que el pr\u00f3ximo a\u00f1o disputar\u00e1n la Segunda Divisi\u00f3n Profesional. El carbonero perdi\u00f3 puntos con los 3 a lo largo de la temporada.<\/p>\n<p><span style=\"color: #ffcc00;\"><strong>Albion<\/strong><\/span><\/p>\n<p>Albion fue el equipo de los descendidos que menos dificult\u00f3 a Pe\u00f1arol. Un empate 1-1 en el Apertura en el Centenario, y dos victorias del carbonero 3 a 1 en el Intermedio disputado en el Saroldi y 2 a 0 en el Campe\u00f3n del Siglo por el Clausura con los recordados goles en contra de \u00c1ngelo Pizzorno.<\/p>\n<p><strong>7 de 9 puntos ganados: 2 puntos perdidos.<\/strong><\/p>\n<p><span style=\"color: #ffcc00;\"><strong>Rentistas<\/strong><\/span><\/p>\n<p>El carbonero igual\u00f3 0-0 ante el Bicho Colorado en Paysand\u00fa por el Apertura, luego lo derrot\u00f3 en el Intermedio 2 a 0 en aquel recordado partido que se jug\u00f3 en dos d\u00edas distintos debido a un apag\u00f3n en el Estadio Centenario y por \u00faltimo se empat\u00f3 2-2 en el Estadio Campe\u00f3n del Siglo por el Clausura. Rentistas descendi\u00f3 en la fecha siguiente luego de igualar ante el mirasol.<\/p>\n<p><strong>5 de 9 puntos ganados: 4 puntos perdidos.\u00a0<\/strong><\/p>\n<p><span style=\"color: #ffcc00;\"><strong>Cerrito<\/strong><\/span><\/p>\n<p>Ante el equipo auriverde Pe\u00f1arol igual\u00f3 sin goles en el Apertura en un ins\u00edpido partido disputado en el Estadio Centenario y posteriormente gan\u00f3 Pe\u00f1arol 3 a 1 en el Estadio Campe\u00f3n del Siglo por el Clausura. En el encuentro que gan\u00f3 el decano Cerrito ya se encontraba descendido.<\/p>\n<p>Cerrito es el equipo que menos puntos sum\u00f3 en el a\u00f1o. Se encuentra \u00faltimo en la Tabla Anual con 14 unidades, una de ellas se la gan\u00f3 a Pe\u00f1arol.<\/p>\n<p><strong>4 de 6 puntos ganados: 2 puntos perdidos.<\/strong><\/p>\n<p>En total, Pe\u00f1arol perdi\u00f3 8 puntos con equipos que descendieron esta temporada.<\/p>\n<p>Esas 8 unidades hoy lo colocaban a Pe\u00f1arol en zona de clasificaci\u00f3n a la Pre Libertadores como Uruguay 3, una zona ut\u00f3pica con la actual posici\u00f3n del decano en la tabla, y con la chance real de acceder de forma directa a la fase de grupos de la Copa Libertadores.<\/p>\n<p>Desde el 2019 hasta la fecha, Pe\u00f1arol disput\u00f3 29 partidos ante los equipos descendidos. Gan\u00f3 13, empat\u00f3 13 y perdi\u00f3 3, perdiendo 35 puntos en el camino con equipos del fondo de la tabla.<\/p>\n<p>Preocupante los resultados ante los equipos que abandonan la m\u00e1xima categor\u00eda del f\u00fatbol de nuestro pa\u00eds.<\/p>\n<div class=\"user-wrapper\"><a class=\"userlink\"href=\"https:\/\/twitter.com\/ftrucce18\" target=\"_blank\"><figure><img decoding=\"async\" src=\"http:\/\/www.padreydecano.com\/cms\/wp-users-files\/postfirmas\/ftrucce.jpg\" \/><\/figure><p class=\"user\"><strong>Franco Trucce<\/strong><br \/>@FTrucce18<\/p><\/a><\/div>\n","protected":false},"excerpt":{"rendered":"<p>Fechas antes del final del Torneo Clausura, se decretaron los 3 descensos de la Primera Divisi\u00f3n Profesional. Pe\u00f1arol perdi\u00f3 puntos con los 3 equipos descendidos, una constante de los \u00faltimos a\u00f1os. Aunque todav\u00eda quedan disputar dos fechas del Torneo Clausura 2022, ya se confirmaron los 3 descensos de la temporada que el pr\u00f3ximo a\u00f1o disputar\u00e1n [&hellip;]<\/p>\n","protected":false},"author":27,"featured_media":78792,"comment_status":"open","ping_status":"closed","sticky":false,"template":"","format":"standard","meta":{"footnotes":""},"categories":[1],"tags":[557],"yoast_head":"<!-- This site is optimized with the Yoast SEO plugin v23.2 - https:\/\/yoast.com\/wordpress\/plugins\/seo\/ -->\n<title>Costaron caro\u00a0 - Padre y Decano - El Sitio del Pueblo<\/title>\n<meta name=\"robots\" content=\"index, follow, max-snippet:-1, max-image-preview:large, max-video-preview:-1\" \/>\n<link rel=\"canonical\" href=\"https:\/\/www.padreydecano.com\/cms\/noticias\/costaron-caro\/\" \/>\n<meta property=\"og:locale\" content=\"es_ES\" \/>\n<meta property=\"og:type\" content=\"article\" \/>\n<meta property=\"og:title\" content=\"Costaron caro\u00a0 - Padre y Decano - El Sitio del Pueblo\" \/>\n<meta property=\"og:description\" content=\"Fechas antes del final del Torneo Clausura, se decretaron los 3 descensos de la Primera Divisi\u00f3n Profesional. Pe\u00f1arol perdi\u00f3 puntos con los 3 equipos descendidos, una constante de los \u00faltimos a\u00f1os. Aunque todav\u00eda quedan disputar dos fechas del Torneo Clausura 2022, ya se confirmaron los 3 descensos de la temporada que el pr\u00f3ximo a\u00f1o disputar\u00e1n [&hellip;]\" \/>\n<meta property=\"og:url\" content=\"https:\/\/www.padreydecano.com\/cms\/noticias\/costaron-caro\/\" \/>\n<meta property=\"og:site_name\" content=\"Padre y Decano - El Sitio del Pueblo\" \/>\n<meta property=\"article:published_time\" content=\"2022-10-13T19:00:01+00:00\" \/>\n<meta property=\"article:modified_time\" content=\"2022-10-14T13:49:38+00:00\" \/>\n<meta property=\"og:image\" content=\"https:\/\/www.padreydecano.com\/cms\/wp-content\/uploads\/2022\/06\/DAMt7ftXoAA-bMG.jpg_large.jpg\" \/>\n\t<meta property=\"og:image:width\" content=\"900\" \/>\n\t<meta property=\"og:image:height\" content=\"596\" \/>\n\t<meta property=\"og:image:type\" content=\"image\/jpeg\" \/>\n<meta name=\"author\" content=\"Redactores Padre y Decano\" \/>\n<meta name=\"twitter:card\" content=\"summary_large_image\" \/>\n<meta name=\"twitter:label1\" content=\"Escrito por\" \/>\n\t<meta name=\"twitter:data1\" content=\"Redactores Padre y Decano\" \/>\n\t<meta name=\"twitter:label2\" content=\"Tiempo de lectura\" \/>\n\t<meta name=\"twitter:data2\" content=\"3 minutos\" \/>\n<script type=\"application\/ld+json\" class=\"yoast-schema-graph\">{\"@context\":\"https:\/\/schema.org\",\"@graph\":[{\"@type\":\"Article\",\"@id\":\"https:\/\/www.padreydecano.com\/cms\/noticias\/costaron-caro\/#article\",\"isPartOf\":{\"@id\":\"https:\/\/www.padreydecano.com\/cms\/noticias\/costaron-caro\/\"},\"author\":{\"name\":\"Redactores Padre y Decano\",\"@id\":\"https:\/\/www.padreydecano.com\/cms\/#\/schema\/person\/37aae8f93aa78e4c5385497f056e3246\"},\"headline\":\"Costaron caro\u00a0\",\"datePublished\":\"2022-10-13T19:00:01+00:00\",\"dateModified\":\"2022-10-14T13:49:38+00:00\",\"mainEntityOfPage\":{\"@id\":\"https:\/\/www.padreydecano.com\/cms\/noticias\/costaron-caro\/\"},\"wordCount\":413,\"commentCount\":2,\"publisher\":{\"@id\":\"https:\/\/www.padreydecano.com\/cms\/#organization\"},\"image\":{\"@id\":\"https:\/\/www.padreydecano.com\/cms\/noticias\/costaron-caro\/#primaryimage\"},\"thumbnailUrl\":\"https:\/\/www.padreydecano.com\/cms\/wp-content\/uploads\/2022\/06\/DAMt7ftXoAA-bMG.jpg_large.jpg\",\"keywords\":[\"Campeonato Uruguayo 2022\"],\"articleSection\":[\"Noticias\"],\"inLanguage\":\"es\",\"potentialAction\":[{\"@type\":\"CommentAction\",\"name\":\"Comment\",\"target\":[\"https:\/\/www.padreydecano.com\/cms\/noticias\/costaron-caro\/#respond\"]}]},{\"@type\":\"WebPage\",\"@id\":\"https:\/\/www.padreydecano.com\/cms\/noticias\/costaron-caro\/\",\"url\":\"https:\/\/www.padreydecano.com\/cms\/noticias\/costaron-caro\/\",\"name\":\"Costaron caro\u00a0 - Padre y Decano - El Sitio del Pueblo\",\"isPartOf\":{\"@id\":\"https:\/\/www.padreydecano.com\/cms\/#website\"},\"primaryImageOfPage\":{\"@id\":\"https:\/\/www.padreydecano.com\/cms\/noticias\/costaron-caro\/#primaryimage\"},\"image\":{\"@id\":\"https:\/\/www.padreydecano.com\/cms\/noticias\/costaron-caro\/#primaryimage\"},\"thumbnailUrl\":\"https:\/\/www.padreydecano.com\/cms\/wp-content\/uploads\/2022\/06\/DAMt7ftXoAA-bMG.jpg_large.jpg\",\"datePublished\":\"2022-10-13T19:00:01+00:00\",\"dateModified\":\"2022-10-14T13:49:38+00:00\",\"breadcrumb\":{\"@id\":\"https:\/\/www.padreydecano.com\/cms\/noticias\/costaron-caro\/#breadcrumb\"},\"inLanguage\":\"es\",\"potentialAction\":[{\"@type\":\"ReadAction\",\"target\":[\"https:\/\/www.padreydecano.com\/cms\/noticias\/costaron-caro\/\"]}]},{\"@type\":\"ImageObject\",\"inLanguage\":\"es\",\"@id\":\"https:\/\/www.padreydecano.com\/cms\/noticias\/costaron-caro\/#primaryimage\",\"url\":\"https:\/\/www.padreydecano.com\/cms\/wp-content\/uploads\/2022\/06\/DAMt7ftXoAA-bMG.jpg_large.jpg\",\"contentUrl\":\"https:\/\/www.padreydecano.com\/cms\/wp-content\/uploads\/2022\/06\/DAMt7ftXoAA-bMG.jpg_large.jpg\",\"width\":900,\"height\":596},{\"@type\":\"BreadcrumbList\",\"@id\":\"https:\/\/www.padreydecano.com\/cms\/noticias\/costaron-caro\/#breadcrumb\",\"itemListElement\":[{\"@type\":\"ListItem\",\"position\":1,\"name\":\"Portada\",\"item\":\"https:\/\/www.padreydecano.com\/cms\/\"},{\"@type\":\"ListItem\",\"position\":2,\"name\":\"Costaron caro\u00a0\"}]},{\"@type\":\"WebSite\",\"@id\":\"https:\/\/www.padreydecano.com\/cms\/#website\",\"url\":\"https:\/\/www.padreydecano.com\/cms\/\",\"name\":\"Padre y Decano - El Sitio del Pueblo\",\"description\":\"Club Atl\u00e9tico Pe\u00f1arol\",\"publisher\":{\"@id\":\"https:\/\/www.padreydecano.com\/cms\/#organization\"},\"potentialAction\":[{\"@type\":\"SearchAction\",\"target\":{\"@type\":\"EntryPoint\",\"urlTemplate\":\"https:\/\/www.padreydecano.com\/cms\/?s={search_term_string}\"},\"query-input\":\"required name=search_term_string\"}],\"inLanguage\":\"es\"},{\"@type\":\"Organization\",\"@id\":\"https:\/\/www.padreydecano.com\/cms\/#organization\",\"name\":\"Padre y Decano\",\"url\":\"https:\/\/www.padreydecano.com\/cms\/\",\"logo\":{\"@type\":\"ImageObject\",\"inLanguage\":\"es\",\"@id\":\"https:\/\/www.padreydecano.com\/cms\/#\/schema\/logo\/image\/\",\"url\":\"https:\/\/www.padreydecano.com\/cms\/wp-content\/uploads\/2022\/01\/avatar-square.png\",\"contentUrl\":\"https:\/\/www.padreydecano.com\/cms\/wp-content\/uploads\/2022\/01\/avatar-square.png\",\"width\":1500,\"height\":1500,\"caption\":\"Padre y Decano\"},\"image\":{\"@id\":\"https:\/\/www.padreydecano.com\/cms\/#\/schema\/logo\/image\/\"}},{\"@type\":\"Person\",\"@id\":\"https:\/\/www.padreydecano.com\/cms\/#\/schema\/person\/37aae8f93aa78e4c5385497f056e3246\",\"name\":\"Redactores Padre y Decano\",\"image\":{\"@type\":\"ImageObject\",\"inLanguage\":\"es\",\"@id\":\"https:\/\/www.padreydecano.com\/cms\/#\/schema\/person\/image\/\",\"url\":\"https:\/\/secure.gravatar.com\/avatar\/8810c4b9081192b118b104af54549af8?s=96&d=https%3A%2F%2Fpadreydecano.com%2Fcms%2Fwp-content%2Fthemes%2Fpyd-theme%2Fimg%2Fdefault-avatar.png&r=g\",\"contentUrl\":\"https:\/\/secure.gravatar.com\/avatar\/8810c4b9081192b118b104af54549af8?s=96&d=https%3A%2F%2Fpadreydecano.com%2Fcms%2Fwp-content%2Fthemes%2Fpyd-theme%2Fimg%2Fdefault-avatar.png&r=g\",\"caption\":\"Redactores Padre y Decano\"},\"sameAs\":[\"http:\/\/www.padreydecano.com\"]}]}<\/script>\n<!-- \/ Yoast SEO plugin. -->","yoast_head_json":{"title":"Costaron caro\u00a0 - Padre y Decano - El Sitio del Pueblo","robots":{"index":"index","follow":"follow","max-snippet":"max-snippet:-1","max-image-preview":"max-image-preview:large","max-video-preview":"max-video-preview:-1"},"canonical":"https:\/\/www.padreydecano.com\/cms\/noticias\/costaron-caro\/","og_locale":"es_ES","og_type":"article","og_title":"Costaron caro\u00a0 - Padre y Decano - El Sitio del Pueblo","og_description":"Fechas antes del final del Torneo Clausura, se decretaron los 3 descensos de la Primera Divisi\u00f3n Profesional. Pe\u00f1arol perdi\u00f3 puntos con los 3 equipos descendidos, una constante de los \u00faltimos a\u00f1os. Aunque todav\u00eda quedan disputar dos fechas del Torneo Clausura 2022, ya se confirmaron los 3 descensos de la temporada que el pr\u00f3ximo a\u00f1o disputar\u00e1n [&hellip;]","og_url":"https:\/\/www.padreydecano.com\/cms\/noticias\/costaron-caro\/","og_site_name":"Padre y Decano - El Sitio del Pueblo","article_published_time":"2022-10-13T19:00:01+00:00","article_modified_time":"2022-10-14T13:49:38+00:00","og_image":[{"width":900,"height":596,"url":"https:\/\/www.padreydecano.com\/cms\/wp-content\/uploads\/2022\/06\/DAMt7ftXoAA-bMG.jpg_large.jpg","type":"image\/jpeg"}],"author":"Redactores Padre y Decano","twitter_card":"summary_large_image","twitter_misc":{"Escrito por":"Redactores Padre y Decano","Tiempo de lectura":"3 minutos"},"schema":{"@context":"https:\/\/schema.org","@graph":[{"@type":"Article","@id":"https:\/\/www.padreydecano.com\/cms\/noticias\/costaron-caro\/#article","isPartOf":{"@id":"https:\/\/www.padreydecano.com\/cms\/noticias\/costaron-caro\/"},"author":{"name":"Redactores Padre y Decano","@id":"https:\/\/www.padreydecano.com\/cms\/#\/schema\/person\/37aae8f93aa78e4c5385497f056e3246"},"headline":"Costaron caro\u00a0","datePublished":"2022-10-13T19:00:01+00:00","dateModified":"2022-10-14T13:49:38+00:00","mainEntityOfPage":{"@id":"https:\/\/www.padreydecano.com\/cms\/noticias\/costaron-caro\/"},"wordCount":413,"commentCount":2,"publisher":{"@id":"https:\/\/www.padreydecano.com\/cms\/#organization"},"image":{"@id":"https:\/\/www.padreydecano.com\/cms\/noticias\/costaron-caro\/#primaryimage"},"thumbnailUrl":"https:\/\/www.padreydecano.com\/cms\/wp-content\/uploads\/2022\/06\/DAMt7ftXoAA-bMG.jpg_large.jpg","keywords":["Campeonato Uruguayo 2022"],"articleSection":["Noticias"],"inLanguage":"es","potentialAction":[{"@type":"CommentAction","name":"Comment","target":["https:\/\/www.padreydecano.com\/cms\/noticias\/costaron-caro\/#respond"]}]},{"@type":"WebPage","@id":"https:\/\/www.padreydecano.com\/cms\/noticias\/costaron-caro\/","url":"https:\/\/www.padreydecano.com\/cms\/noticias\/costaron-caro\/","name":"Costaron caro\u00a0 - Padre y Decano - El Sitio del Pueblo","isPartOf":{"@id":"https:\/\/www.padreydecano.com\/cms\/#website"},"primaryImageOfPage":{"@id":"https:\/\/www.padreydecano.com\/cms\/noticias\/costaron-caro\/#primaryimage"},"image":{"@id":"https:\/\/www.padreydecano.com\/cms\/noticias\/costaron-caro\/#primaryimage"},"thumbnailUrl":"https:\/\/www.padreydecano.com\/cms\/wp-content\/uploads\/2022\/06\/DAMt7ftXoAA-bMG.jpg_large.jpg","datePublished":"2022-10-13T19:00:01+00:00","dateModified":"2022-10-14T13:49:38+00:00","breadcrumb":{"@id":"https:\/\/www.padreydecano.com\/cms\/noticias\/costaron-caro\/#breadcrumb"},"inLanguage":"es","potentialAction":[{"@type":"ReadAction","target":["https:\/\/www.padreydecano.com\/cms\/noticias\/costaron-caro\/"]}]},{"@type":"ImageObject","inLanguage":"es","@id":"https:\/\/www.padreydecano.com\/cms\/noticias\/costaron-caro\/#primaryimage","url":"https:\/\/www.padreydecano.com\/cms\/wp-content\/uploads\/2022\/06\/DAMt7ftXoAA-bMG.jpg_large.jpg","contentUrl":"https:\/\/www.padreydecano.com\/cms\/wp-content\/uploads\/2022\/06\/DAMt7ftXoAA-bMG.jpg_large.jpg","width":900,"height":596},{"@type":"BreadcrumbList","@id":"https:\/\/www.padreydecano.com\/cms\/noticias\/costaron-caro\/#breadcrumb","itemListElement":[{"@type":"ListItem","position":1,"name":"Portada","item":"https:\/\/www.padreydecano.com\/cms\/"},{"@type":"ListItem","position":2,"name":"Costaron caro\u00a0"}]},{"@type":"WebSite","@id":"https:\/\/www.padreydecano.com\/cms\/#website","url":"https:\/\/www.padreydecano.com\/cms\/","name":"Padre y Decano - El Sitio del Pueblo","description":"Club Atl\u00e9tico Pe\u00f1arol","publisher":{"@id":"https:\/\/www.padreydecano.com\/cms\/#organization"},"potentialAction":[{"@type":"SearchAction","target":{"@type":"EntryPoint","urlTemplate":"https:\/\/www.padreydecano.com\/cms\/?s={search_term_string}"},"query-input":"required name=search_term_string"}],"inLanguage":"es"},{"@type":"Organization","@id":"https:\/\/www.padreydecano.com\/cms\/#organization","name":"Padre y Decano","url":"https:\/\/www.padreydecano.com\/cms\/","logo":{"@type":"ImageObject","inLanguage":"es","@id":"https:\/\/www.padreydecano.com\/cms\/#\/schema\/logo\/image\/","url":"https:\/\/www.padreydecano.com\/cms\/wp-content\/uploads\/2022\/01\/avatar-square.png","contentUrl":"https:\/\/www.padreydecano.com\/cms\/wp-content\/uploads\/2022\/01\/avatar-square.png","width":1500,"height":1500,"caption":"Padre y Decano"},"image":{"@id":"https:\/\/www.padreydecano.com\/cms\/#\/schema\/logo\/image\/"}},{"@type":"Person","@id":"https:\/\/www.padreydecano.com\/cms\/#\/schema\/person\/37aae8f93aa78e4c5385497f056e3246","name":"Redactores Padre y Decano","image":{"@type":"ImageObject","inLanguage":"es","@id":"https:\/\/www.padreydecano.com\/cms\/#\/schema\/person\/image\/","url":"https:\/\/secure.gravatar.com\/avatar\/8810c4b9081192b118b104af54549af8?s=96&d=https%3A%2F%2Fpadreydecano.com%2Fcms%2Fwp-content%2Fthemes%2Fpyd-theme%2Fimg%2Fdefault-avatar.png&r=g","contentUrl":"https:\/\/secure.gravatar.com\/avatar\/8810c4b9081192b118b104af54549af8?s=96&d=https%3A%2F%2Fpadreydecano.com%2Fcms%2Fwp-content%2Fthemes%2Fpyd-theme%2Fimg%2Fdefault-avatar.png&r=g","caption":"Redactores Padre y Decano"},"sameAs":["http:\/\/www.padreydecano.com"]}]}},"_links":{"self":[{"href":"https:\/\/www.padreydecano.com\/cms\/wp-json\/wp\/v2\/posts\/79242"}],"collection":[{"href":"https:\/\/www.padreydecano.com\/cms\/wp-json\/wp\/v2\/posts"}],"about":[{"href":"https:\/\/www.padreydecano.com\/cms\/wp-json\/wp\/v2\/types\/post"}],"author":[{"embeddable":true,"href":"https:\/\/www.padreydecano.com\/cms\/wp-json\/wp\/v2\/users\/27"}],"replies":[{"embeddable":true,"href":"https:\/\/www.padreydecano.com\/cms\/wp-json\/wp\/v2\/comments?post=79242"}],"version-history":[{"count":0,"href":"https:\/\/www.padreydecano.com\/cms\/wp-json\/wp\/v2\/posts\/79242\/revisions"}],"wp:featuredmedia":[{"embeddable":true,"href":"https:\/\/www.padreydecano.com\/cms\/wp-json\/wp\/v2\/media\/78792"}],"wp:attachment":[{"href":"https:\/\/www.padreydecano.com\/cms\/wp-json\/wp\/v2\/media?parent=79242"}],"wp:term":[{"taxonomy":"category","embeddable":true,"href":"https:\/\/www.padreydecano.com\/cms\/wp-json\/wp\/v2\/categories?post=79242"},{"taxonomy":"post_tag","embeddable":true,"href":"https:\/\/www.padreydecano.com\/cms\/wp-json\/wp\/v2\/tags?post=79242"}],"curies":[{"name":"wp","href":"https:\/\/api.w.org\/{rel}","templated":true}]}}