{"id":79161,"date":"2022-09-29T11:17:12","date_gmt":"2022-09-29T14:17:12","guid":{"rendered":"http:\/\/www.padreydecano.com\/cms\/?p=79161"},"modified":"2022-10-03T00:35:29","modified_gmt":"2022-10-03T03:35:29","slug":"guantes-de-heroe","status":"publish","type":"post","link":"https:\/\/www.padreydecano.com\/cms\/noticias\/guantes-de-heroe\/","title":{"rendered":"Guantes de h\u00e9roe\u00a0"},"content":{"rendered":"<p><img loading=\"lazy\" decoding=\"async\" class=\"alignnone size-medium wp-image-79162\" src=\"https:\/\/www.padreydecano.com\/cms\/wp-content\/uploads\/2022\/09\/IMG-20220929-WA0041-600x479.jpg\" alt=\"\" width=\"600\" height=\"479\" srcset=\"https:\/\/www.padreydecano.com\/cms\/wp-content\/uploads\/2022\/09\/IMG-20220929-WA0041-600x479.jpg 600w, https:\/\/www.padreydecano.com\/cms\/wp-content\/uploads\/2022\/09\/IMG-20220929-WA0041-768x613.jpg 768w, https:\/\/www.padreydecano.com\/cms\/wp-content\/uploads\/2022\/09\/IMG-20220929-WA0041-300x239.jpg 300w, https:\/\/www.padreydecano.com\/cms\/wp-content\/uploads\/2022\/09\/IMG-20220929-WA0041-128x102.jpg 128w, https:\/\/www.padreydecano.com\/cms\/wp-content\/uploads\/2022\/09\/IMG-20220929-WA0041-32x26.jpg 32w, https:\/\/www.padreydecano.com\/cms\/wp-content\/uploads\/2022\/09\/IMG-20220929-WA0041.jpg 818w\" sizes=\"(max-width: 600px) 100vw, 600px\" \/><\/p>\n<p><strong>Thiago Cardozo fue la figura de la noche en el Estadio Campe\u00f3n del Siglo. El arquero de 26 a\u00f1os respondi\u00f3 de gran manera en el tiempo reglamentario y fue el h\u00e9roe en la tanda de penales atajando 3 tiros.<\/strong><\/p>\n<p>Pe\u00f1arol clasific\u00f3 a los cuartos de final de la Copa Uruguay tras derrotar en la tanda de penales a Boston River. La gran figura de la noche fue Thiago Cardozo.<\/p>\n<p>En los 90 minutos de juego, el meta carbonero respondi\u00f3 bien en los intentos del Sastre. En el tramo final del partido la visita incomod\u00f3 al decano y Cardozo apareci\u00f3 en el partido.<\/p>\n<p>Primero, con una atajada a media altura tras un intento desde afuera del \u00e1rea luego de un error en el despeje por parte de Yonatthan Rak y luego con una buena doble atajada en los \u00faltimos minutos despu\u00e9s de un error de Agust\u00edn Da Silveira en la salida. La doble atajada del final le dio un envi\u00f3n an\u00edmico muy importante para lo que vino despu\u00e9s.<\/p>\n<p>Se vinieron los penales, un enemigo importante para Pe\u00f1arol en los \u00faltimos a\u00f1os, que ten\u00eda al hincha acostumbrado a que penal pateado fuera gol.<\/p>\n<p>Por si fuera poco, el carbonero comenz\u00f3 pateando y Bentancourt err\u00f3 el primer disparo. La presi\u00f3n creci\u00f3 en el arco aurinegro y luego de que la visita convirtiera su primer intento y el decano el segundo, Thiago ataj\u00f3 el segundo para igualar el tanteador.<\/p>\n<p>Del tercer penal se encarg\u00f3 Mat\u00edas Aguirregay y tambi\u00e9n fue rechazado por el golero rival, muy parecido al no convertido por Bentancourt. La visita convirti\u00f3 y volv\u00eda a estar arriba en el marcador.<\/p>\n<p>Luego de que Juan Manuel Ramos convirtiera el cuarto tiro del mirasol, Thiago Cardozo ataj\u00f3 el tiro de la visita y dejaba otra vez la tanda igualada.<\/p>\n<p>Lucas Viatri fue el encargado del quinto penal, lo ejecut\u00f3 de forma espantosa y pas\u00f3 por arriba del travesa\u00f1o. Los nervios se adue\u00f1aron del ambiente, si la visita convert\u00eda se quedaba con la llave, pero volvi\u00f3 a aparecer \u00e9l. Christian Olivera, el ex Pe\u00f1arol, pate\u00f3 el decisivo y otra vez Cardozo salv\u00f3 al carbonero y lo manten\u00eda con vida en la tanda.<\/p>\n<p>En el uno y uno, convirtieron tanto Agust\u00edn \u00c1lvarez Wallace como el jugador rival. Luego en el s\u00e9ptimo penal meti\u00f3 Brian Mansilla y el jugador sastre err\u00f3 el quinto penal. Avanzando Pe\u00f1arol a la siguiente fase de la Copa Uruguay con una imponente actuaci\u00f3n de Thiago Cardozo en el tiempo reglamentario pero principalmente en la tanda de penales.<\/p>\n<p>La actuaci\u00f3n del meta de 26 a\u00f1os har\u00e1 que aumente en la consideraci\u00f3n del entrenador en lo que resta de la temporada. Cardozo, al igual que sus 2 compa\u00f1eros de puesto (Kevin Dawson y Neto Volpi) finaliza contrato en diciembre del presente a\u00f1o.<\/p>\n<div class=\"user-wrapper\"><a class=\"userlink\"href=\"https:\/\/twitter.com\/ftrucce18\" target=\"_blank\"><figure><img decoding=\"async\" src=\"http:\/\/www.padreydecano.com\/cms\/wp-users-files\/postfirmas\/ftrucce.jpg\" \/><\/figure><p class=\"user\"><strong>Franco Trucce<\/strong><br \/>@FTrucce18<\/p><\/a><\/div>\n","protected":false},"excerpt":{"rendered":"<p>Thiago Cardozo fue la figura de la noche en el Estadio Campe\u00f3n del Siglo. El arquero de 26 a\u00f1os respondi\u00f3 de gran manera en el tiempo reglamentario y fue el h\u00e9roe en la tanda de penales atajando 3 tiros. Pe\u00f1arol clasific\u00f3 a los cuartos de final de la Copa Uruguay tras derrotar en la tanda [&hellip;]<\/p>\n","protected":false},"author":27,"featured_media":79162,"comment_status":"open","ping_status":"closed","sticky":false,"template":"","format":"standard","meta":{"footnotes":""},"categories":[1],"tags":[557],"yoast_head":"<!-- This site is optimized with the Yoast SEO plugin v23.2 - https:\/\/yoast.com\/wordpress\/plugins\/seo\/ -->\n<title>Guantes de h\u00e9roe\u00a0 - Padre y Decano - El Sitio del Pueblo<\/title>\n<meta name=\"robots\" content=\"index, follow, max-snippet:-1, max-image-preview:large, max-video-preview:-1\" \/>\n<link rel=\"canonical\" href=\"https:\/\/www.padreydecano.com\/cms\/noticias\/guantes-de-heroe\/\" \/>\n<meta property=\"og:locale\" content=\"es_ES\" \/>\n<meta property=\"og:type\" content=\"article\" \/>\n<meta property=\"og:title\" content=\"Guantes de h\u00e9roe\u00a0 - Padre y Decano - El Sitio del Pueblo\" \/>\n<meta property=\"og:description\" content=\"Thiago Cardozo fue la figura de la noche en el Estadio Campe\u00f3n del Siglo. El arquero de 26 a\u00f1os respondi\u00f3 de gran manera en el tiempo reglamentario y fue el h\u00e9roe en la tanda de penales atajando 3 tiros. Pe\u00f1arol clasific\u00f3 a los cuartos de final de la Copa Uruguay tras derrotar en la tanda [&hellip;]\" \/>\n<meta property=\"og:url\" content=\"https:\/\/www.padreydecano.com\/cms\/noticias\/guantes-de-heroe\/\" \/>\n<meta property=\"og:site_name\" content=\"Padre y Decano - El Sitio del Pueblo\" \/>\n<meta property=\"article:published_time\" content=\"2022-09-29T14:17:12+00:00\" \/>\n<meta property=\"article:modified_time\" content=\"2022-10-03T03:35:29+00:00\" \/>\n<meta property=\"og:image\" content=\"https:\/\/www.padreydecano.com\/cms\/wp-content\/uploads\/2022\/09\/IMG-20220929-WA0041.jpg\" \/>\n\t<meta property=\"og:image:width\" content=\"818\" \/>\n\t<meta property=\"og:image:height\" content=\"653\" \/>\n\t<meta property=\"og:image:type\" content=\"image\/jpeg\" \/>\n<meta name=\"author\" content=\"Redactores Padre y Decano\" \/>\n<meta name=\"twitter:card\" content=\"summary_large_image\" \/>\n<meta name=\"twitter:label1\" content=\"Escrito por\" \/>\n\t<meta name=\"twitter:data1\" content=\"Redactores Padre y Decano\" \/>\n\t<meta name=\"twitter:label2\" content=\"Tiempo de lectura\" \/>\n\t<meta name=\"twitter:data2\" content=\"3 minutos\" \/>\n<script type=\"application\/ld+json\" class=\"yoast-schema-graph\">{\"@context\":\"https:\/\/schema.org\",\"@graph\":[{\"@type\":\"Article\",\"@id\":\"https:\/\/www.padreydecano.com\/cms\/noticias\/guantes-de-heroe\/#article\",\"isPartOf\":{\"@id\":\"https:\/\/www.padreydecano.com\/cms\/noticias\/guantes-de-heroe\/\"},\"author\":{\"name\":\"Redactores Padre y Decano\",\"@id\":\"https:\/\/www.padreydecano.com\/cms\/#\/schema\/person\/37aae8f93aa78e4c5385497f056e3246\"},\"headline\":\"Guantes de h\u00e9roe\u00a0\",\"datePublished\":\"2022-09-29T14:17:12+00:00\",\"dateModified\":\"2022-10-03T03:35:29+00:00\",\"mainEntityOfPage\":{\"@id\":\"https:\/\/www.padreydecano.com\/cms\/noticias\/guantes-de-heroe\/\"},\"wordCount\":488,\"commentCount\":11,\"publisher\":{\"@id\":\"https:\/\/www.padreydecano.com\/cms\/#organization\"},\"image\":{\"@id\":\"https:\/\/www.padreydecano.com\/cms\/noticias\/guantes-de-heroe\/#primaryimage\"},\"thumbnailUrl\":\"https:\/\/www.padreydecano.com\/cms\/wp-content\/uploads\/2022\/09\/IMG-20220929-WA0041.jpg\",\"keywords\":[\"Campeonato Uruguayo 2022\"],\"articleSection\":[\"Noticias\"],\"inLanguage\":\"es\",\"potentialAction\":[{\"@type\":\"CommentAction\",\"name\":\"Comment\",\"target\":[\"https:\/\/www.padreydecano.com\/cms\/noticias\/guantes-de-heroe\/#respond\"]}]},{\"@type\":\"WebPage\",\"@id\":\"https:\/\/www.padreydecano.com\/cms\/noticias\/guantes-de-heroe\/\",\"url\":\"https:\/\/www.padreydecano.com\/cms\/noticias\/guantes-de-heroe\/\",\"name\":\"Guantes de h\u00e9roe\u00a0 - Padre y Decano - El Sitio del Pueblo\",\"isPartOf\":{\"@id\":\"https:\/\/www.padreydecano.com\/cms\/#website\"},\"primaryImageOfPage\":{\"@id\":\"https:\/\/www.padreydecano.com\/cms\/noticias\/guantes-de-heroe\/#primaryimage\"},\"image\":{\"@id\":\"https:\/\/www.padreydecano.com\/cms\/noticias\/guantes-de-heroe\/#primaryimage\"},\"thumbnailUrl\":\"https:\/\/www.padreydecano.com\/cms\/wp-content\/uploads\/2022\/09\/IMG-20220929-WA0041.jpg\",\"datePublished\":\"2022-09-29T14:17:12+00:00\",\"dateModified\":\"2022-10-03T03:35:29+00:00\",\"breadcrumb\":{\"@id\":\"https:\/\/www.padreydecano.com\/cms\/noticias\/guantes-de-heroe\/#breadcrumb\"},\"inLanguage\":\"es\",\"potentialAction\":[{\"@type\":\"ReadAction\",\"target\":[\"https:\/\/www.padreydecano.com\/cms\/noticias\/guantes-de-heroe\/\"]}]},{\"@type\":\"ImageObject\",\"inLanguage\":\"es\",\"@id\":\"https:\/\/www.padreydecano.com\/cms\/noticias\/guantes-de-heroe\/#primaryimage\",\"url\":\"https:\/\/www.padreydecano.com\/cms\/wp-content\/uploads\/2022\/09\/IMG-20220929-WA0041.jpg\",\"contentUrl\":\"https:\/\/www.padreydecano.com\/cms\/wp-content\/uploads\/2022\/09\/IMG-20220929-WA0041.jpg\",\"width\":818,\"height\":653},{\"@type\":\"BreadcrumbList\",\"@id\":\"https:\/\/www.padreydecano.com\/cms\/noticias\/guantes-de-heroe\/#breadcrumb\",\"itemListElement\":[{\"@type\":\"ListItem\",\"position\":1,\"name\":\"Portada\",\"item\":\"https:\/\/www.padreydecano.com\/cms\/\"},{\"@type\":\"ListItem\",\"position\":2,\"name\":\"Guantes de h\u00e9roe\u00a0\"}]},{\"@type\":\"WebSite\",\"@id\":\"https:\/\/www.padreydecano.com\/cms\/#website\",\"url\":\"https:\/\/www.padreydecano.com\/cms\/\",\"name\":\"Padre y Decano - El Sitio del Pueblo\",\"description\":\"Club Atl\u00e9tico Pe\u00f1arol\",\"publisher\":{\"@id\":\"https:\/\/www.padreydecano.com\/cms\/#organization\"},\"potentialAction\":[{\"@type\":\"SearchAction\",\"target\":{\"@type\":\"EntryPoint\",\"urlTemplate\":\"https:\/\/www.padreydecano.com\/cms\/?s={search_term_string}\"},\"query-input\":\"required name=search_term_string\"}],\"inLanguage\":\"es\"},{\"@type\":\"Organization\",\"@id\":\"https:\/\/www.padreydecano.com\/cms\/#organization\",\"name\":\"Padre y Decano\",\"url\":\"https:\/\/www.padreydecano.com\/cms\/\",\"logo\":{\"@type\":\"ImageObject\",\"inLanguage\":\"es\",\"@id\":\"https:\/\/www.padreydecano.com\/cms\/#\/schema\/logo\/image\/\",\"url\":\"https:\/\/www.padreydecano.com\/cms\/wp-content\/uploads\/2022\/01\/avatar-square.png\",\"contentUrl\":\"https:\/\/www.padreydecano.com\/cms\/wp-content\/uploads\/2022\/01\/avatar-square.png\",\"width\":1500,\"height\":1500,\"caption\":\"Padre y Decano\"},\"image\":{\"@id\":\"https:\/\/www.padreydecano.com\/cms\/#\/schema\/logo\/image\/\"}},{\"@type\":\"Person\",\"@id\":\"https:\/\/www.padreydecano.com\/cms\/#\/schema\/person\/37aae8f93aa78e4c5385497f056e3246\",\"name\":\"Redactores Padre y Decano\",\"image\":{\"@type\":\"ImageObject\",\"inLanguage\":\"es\",\"@id\":\"https:\/\/www.padreydecano.com\/cms\/#\/schema\/person\/image\/\",\"url\":\"https:\/\/secure.gravatar.com\/avatar\/8810c4b9081192b118b104af54549af8?s=96&d=https%3A%2F%2Fpadreydecano.com%2Fcms%2Fwp-content%2Fthemes%2Fpyd-theme%2Fimg%2Fdefault-avatar.png&r=g\",\"contentUrl\":\"https:\/\/secure.gravatar.com\/avatar\/8810c4b9081192b118b104af54549af8?s=96&d=https%3A%2F%2Fpadreydecano.com%2Fcms%2Fwp-content%2Fthemes%2Fpyd-theme%2Fimg%2Fdefault-avatar.png&r=g\",\"caption\":\"Redactores Padre y Decano\"},\"sameAs\":[\"http:\/\/www.padreydecano.com\"]}]}<\/script>\n<!-- \/ Yoast SEO plugin. -->","yoast_head_json":{"title":"Guantes de h\u00e9roe\u00a0 - Padre y Decano - El Sitio del Pueblo","robots":{"index":"index","follow":"follow","max-snippet":"max-snippet:-1","max-image-preview":"max-image-preview:large","max-video-preview":"max-video-preview:-1"},"canonical":"https:\/\/www.padreydecano.com\/cms\/noticias\/guantes-de-heroe\/","og_locale":"es_ES","og_type":"article","og_title":"Guantes de h\u00e9roe\u00a0 - Padre y Decano - El Sitio del Pueblo","og_description":"Thiago Cardozo fue la figura de la noche en el Estadio Campe\u00f3n del Siglo. El arquero de 26 a\u00f1os respondi\u00f3 de gran manera en el tiempo reglamentario y fue el h\u00e9roe en la tanda de penales atajando 3 tiros. Pe\u00f1arol clasific\u00f3 a los cuartos de final de la Copa Uruguay tras derrotar en la tanda [&hellip;]","og_url":"https:\/\/www.padreydecano.com\/cms\/noticias\/guantes-de-heroe\/","og_site_name":"Padre y Decano - El Sitio del Pueblo","article_published_time":"2022-09-29T14:17:12+00:00","article_modified_time":"2022-10-03T03:35:29+00:00","og_image":[{"width":818,"height":653,"url":"https:\/\/www.padreydecano.com\/cms\/wp-content\/uploads\/2022\/09\/IMG-20220929-WA0041.jpg","type":"image\/jpeg"}],"author":"Redactores Padre y Decano","twitter_card":"summary_large_image","twitter_misc":{"Escrito por":"Redactores Padre y Decano","Tiempo de lectura":"3 minutos"},"schema":{"@context":"https:\/\/schema.org","@graph":[{"@type":"Article","@id":"https:\/\/www.padreydecano.com\/cms\/noticias\/guantes-de-heroe\/#article","isPartOf":{"@id":"https:\/\/www.padreydecano.com\/cms\/noticias\/guantes-de-heroe\/"},"author":{"name":"Redactores Padre y Decano","@id":"https:\/\/www.padreydecano.com\/cms\/#\/schema\/person\/37aae8f93aa78e4c5385497f056e3246"},"headline":"Guantes de h\u00e9roe\u00a0","datePublished":"2022-09-29T14:17:12+00:00","dateModified":"2022-10-03T03:35:29+00:00","mainEntityOfPage":{"@id":"https:\/\/www.padreydecano.com\/cms\/noticias\/guantes-de-heroe\/"},"wordCount":488,"commentCount":11,"publisher":{"@id":"https:\/\/www.padreydecano.com\/cms\/#organization"},"image":{"@id":"https:\/\/www.padreydecano.com\/cms\/noticias\/guantes-de-heroe\/#primaryimage"},"thumbnailUrl":"https:\/\/www.padreydecano.com\/cms\/wp-content\/uploads\/2022\/09\/IMG-20220929-WA0041.jpg","keywords":["Campeonato Uruguayo 2022"],"articleSection":["Noticias"],"inLanguage":"es","potentialAction":[{"@type":"CommentAction","name":"Comment","target":["https:\/\/www.padreydecano.com\/cms\/noticias\/guantes-de-heroe\/#respond"]}]},{"@type":"WebPage","@id":"https:\/\/www.padreydecano.com\/cms\/noticias\/guantes-de-heroe\/","url":"https:\/\/www.padreydecano.com\/cms\/noticias\/guantes-de-heroe\/","name":"Guantes de h\u00e9roe\u00a0 - Padre y Decano - El Sitio del Pueblo","isPartOf":{"@id":"https:\/\/www.padreydecano.com\/cms\/#website"},"primaryImageOfPage":{"@id":"https:\/\/www.padreydecano.com\/cms\/noticias\/guantes-de-heroe\/#primaryimage"},"image":{"@id":"https:\/\/www.padreydecano.com\/cms\/noticias\/guantes-de-heroe\/#primaryimage"},"thumbnailUrl":"https:\/\/www.padreydecano.com\/cms\/wp-content\/uploads\/2022\/09\/IMG-20220929-WA0041.jpg","datePublished":"2022-09-29T14:17:12+00:00","dateModified":"2022-10-03T03:35:29+00:00","breadcrumb":{"@id":"https:\/\/www.padreydecano.com\/cms\/noticias\/guantes-de-heroe\/#breadcrumb"},"inLanguage":"es","potentialAction":[{"@type":"ReadAction","target":["https:\/\/www.padreydecano.com\/cms\/noticias\/guantes-de-heroe\/"]}]},{"@type":"ImageObject","inLanguage":"es","@id":"https:\/\/www.padreydecano.com\/cms\/noticias\/guantes-de-heroe\/#primaryimage","url":"https:\/\/www.padreydecano.com\/cms\/wp-content\/uploads\/2022\/09\/IMG-20220929-WA0041.jpg","contentUrl":"https:\/\/www.padreydecano.com\/cms\/wp-content\/uploads\/2022\/09\/IMG-20220929-WA0041.jpg","width":818,"height":653},{"@type":"BreadcrumbList","@id":"https:\/\/www.padreydecano.com\/cms\/noticias\/guantes-de-heroe\/#breadcrumb","itemListElement":[{"@type":"ListItem","position":1,"name":"Portada","item":"https:\/\/www.padreydecano.com\/cms\/"},{"@type":"ListItem","position":2,"name":"Guantes de h\u00e9roe\u00a0"}]},{"@type":"WebSite","@id":"https:\/\/www.padreydecano.com\/cms\/#website","url":"https:\/\/www.padreydecano.com\/cms\/","name":"Padre y Decano - El Sitio del Pueblo","description":"Club Atl\u00e9tico Pe\u00f1arol","publisher":{"@id":"https:\/\/www.padreydecano.com\/cms\/#organization"},"potentialAction":[{"@type":"SearchAction","target":{"@type":"EntryPoint","urlTemplate":"https:\/\/www.padreydecano.com\/cms\/?s={search_term_string}"},"query-input":"required name=search_term_string"}],"inLanguage":"es"},{"@type":"Organization","@id":"https:\/\/www.padreydecano.com\/cms\/#organization","name":"Padre y Decano","url":"https:\/\/www.padreydecano.com\/cms\/","logo":{"@type":"ImageObject","inLanguage":"es","@id":"https:\/\/www.padreydecano.com\/cms\/#\/schema\/logo\/image\/","url":"https:\/\/www.padreydecano.com\/cms\/wp-content\/uploads\/2022\/01\/avatar-square.png","contentUrl":"https:\/\/www.padreydecano.com\/cms\/wp-content\/uploads\/2022\/01\/avatar-square.png","width":1500,"height":1500,"caption":"Padre y Decano"},"image":{"@id":"https:\/\/www.padreydecano.com\/cms\/#\/schema\/logo\/image\/"}},{"@type":"Person","@id":"https:\/\/www.padreydecano.com\/cms\/#\/schema\/person\/37aae8f93aa78e4c5385497f056e3246","name":"Redactores Padre y Decano","image":{"@type":"ImageObject","inLanguage":"es","@id":"https:\/\/www.padreydecano.com\/cms\/#\/schema\/person\/image\/","url":"https:\/\/secure.gravatar.com\/avatar\/8810c4b9081192b118b104af54549af8?s=96&d=https%3A%2F%2Fpadreydecano.com%2Fcms%2Fwp-content%2Fthemes%2Fpyd-theme%2Fimg%2Fdefault-avatar.png&r=g","contentUrl":"https:\/\/secure.gravatar.com\/avatar\/8810c4b9081192b118b104af54549af8?s=96&d=https%3A%2F%2Fpadreydecano.com%2Fcms%2Fwp-content%2Fthemes%2Fpyd-theme%2Fimg%2Fdefault-avatar.png&r=g","caption":"Redactores Padre y Decano"},"sameAs":["http:\/\/www.padreydecano.com"]}]}},"_links":{"self":[{"href":"https:\/\/www.padreydecano.com\/cms\/wp-json\/wp\/v2\/posts\/79161"}],"collection":[{"href":"https:\/\/www.padreydecano.com\/cms\/wp-json\/wp\/v2\/posts"}],"about":[{"href":"https:\/\/www.padreydecano.com\/cms\/wp-json\/wp\/v2\/types\/post"}],"author":[{"embeddable":true,"href":"https:\/\/www.padreydecano.com\/cms\/wp-json\/wp\/v2\/users\/27"}],"replies":[{"embeddable":true,"href":"https:\/\/www.padreydecano.com\/cms\/wp-json\/wp\/v2\/comments?post=79161"}],"version-history":[{"count":0,"href":"https:\/\/www.padreydecano.com\/cms\/wp-json\/wp\/v2\/posts\/79161\/revisions"}],"wp:featuredmedia":[{"embeddable":true,"href":"https:\/\/www.padreydecano.com\/cms\/wp-json\/wp\/v2\/media\/79162"}],"wp:attachment":[{"href":"https:\/\/www.padreydecano.com\/cms\/wp-json\/wp\/v2\/media?parent=79161"}],"wp:term":[{"taxonomy":"category","embeddable":true,"href":"https:\/\/www.padreydecano.com\/cms\/wp-json\/wp\/v2\/categories?post=79161"},{"taxonomy":"post_tag","embeddable":true,"href":"https:\/\/www.padreydecano.com\/cms\/wp-json\/wp\/v2\/tags?post=79161"}],"curies":[{"name":"wp","href":"https:\/\/api.w.org\/{rel}","templated":true}]}}