{"id":79140,"date":"2022-09-25T17:25:14","date_gmt":"2022-09-25T20:25:14","guid":{"rendered":"http:\/\/www.padreydecano.com\/cms\/?p=79140"},"modified":"2022-09-26T10:12:10","modified_gmt":"2022-09-26T13:12:10","slug":"brian-lozano-autocritico","status":"publish","type":"post","link":"https:\/\/www.padreydecano.com\/cms\/noticias\/brian-lozano-autocritico\/","title":{"rendered":"Brian Lozano autocr\u00edtico"},"content":{"rendered":"<p><img loading=\"lazy\" decoding=\"async\" class=\"alignnone size-medium wp-image-79141\" src=\"https:\/\/www.padreydecano.com\/cms\/wp-content\/uploads\/2022\/09\/IMG-20220904-WA0186-600x399.jpg\" alt=\"\" width=\"600\" height=\"399\" srcset=\"https:\/\/www.padreydecano.com\/cms\/wp-content\/uploads\/2022\/09\/IMG-20220904-WA0186-600x399.jpg 600w, https:\/\/www.padreydecano.com\/cms\/wp-content\/uploads\/2022\/09\/IMG-20220904-WA0186-1024x681.jpg 1024w, https:\/\/www.padreydecano.com\/cms\/wp-content\/uploads\/2022\/09\/IMG-20220904-WA0186-768x511.jpg 768w, https:\/\/www.padreydecano.com\/cms\/wp-content\/uploads\/2022\/09\/IMG-20220904-WA0186-1536x1022.jpg 1536w, https:\/\/www.padreydecano.com\/cms\/wp-content\/uploads\/2022\/09\/IMG-20220904-WA0186-300x200.jpg 300w, https:\/\/www.padreydecano.com\/cms\/wp-content\/uploads\/2022\/09\/IMG-20220904-WA0186-128x85.jpg 128w, https:\/\/www.padreydecano.com\/cms\/wp-content\/uploads\/2022\/09\/IMG-20220904-WA0186-32x21.jpg 32w, https:\/\/www.padreydecano.com\/cms\/wp-content\/uploads\/2022\/09\/IMG-20220904-WA0186.jpg 2048w\" sizes=\"(max-width: 600px) 100vw, 600px\" \/><\/p>\n<p><strong>El atacante carbonero habl\u00f3 del momento actual del decano, la energ\u00eda del equipo y su autocr\u00edtica por su rendimiento. \u00abS\u00e9 que estoy muy lejos de lo que yo puedo llegar a dar\u00bb.<\/strong><\/p>\n<p><span style=\"color: #ffcc00;\"><strong>Momento del equipo:<\/strong><\/span> \u00abLa evaluaci\u00f3n no es muy positiva que digamos. No estamos en la posici\u00f3n que quer\u00edamos estar, en la posici\u00f3n que est\u00e1bamos trabajando para conseguir pelear el Clausura y poder ganarlo. Hoy estamos muy lejos tanto del Clausura como de la Anual, ahora queda seguir trabajando, redoblar esfuerzos y poder conseguir el objetivo de poder clasificar a alguna copa internacional. Hoy estamos lejos de las puntas y si no clasificamos a alguna copa sabemos que ser\u00e1 un fracaso muy fuerte para todos nosotros y para lo que es el Club\u00bb.<\/p>\n<p><span style=\"color: #ffcc00;\"><strong>Presi\u00f3n por ganar:<\/strong> <\/span>\u00abA veces en lo an\u00edmico cuando los resultados no se dan creo que la energ\u00eda se va desgastando. Obviamente la responsabilidad en un equipo como es Pe\u00f1arol siempre es muy fuerte. No te dir\u00eda sentir presi\u00f3n, nosotros jugamos al f\u00fatbol porque es nuestro trabajo, tratamos de hacerlo lo mejor posible todos los d\u00edas y cada fin de semana\u00bb.<\/p>\n<p><span style=\"color: #ffcc00;\"><strong>Frustraci\u00f3n:<\/strong> <\/span>\u00abHoy estamos pasando un momento que no es bueno, lo que tenemos que hacer es cerrar filas, seguir trabajando y confiar en nosotros, confiar en el trabajo. Obviamente se entiende la frustraci\u00f3n de la gente, esa misma frustraci\u00f3n sentimos nosotros en el d\u00eda a d\u00eda porque las cosas no nos salen, pero lo \u00fanico que puedo decir es que debemos seguir trabajando y confiar en lo que estamos haciendo. A veces hay momentos que hacemos m\u00e1s que el rival pero no se da el resultado. Creo que ante Montevideo City Torque merecimos un poco m\u00e1s pero en una jugada aislada terminamos perdiendo el partido\u00bb.<\/p>\n<p><span style=\"color: #ffcc00;\"><strong>Autocr\u00edtica:<\/strong> <\/span>\u00abEsto m\u00e1s que nada es un deporte colectivo, ac\u00e1 siempre digo lo mismo, no hay un jugador que se saque personalmente, cuando las cosas est\u00e1n bien a todos nos va a ir bien y si la cosa est\u00e1 mal a todos nos va a ir mal. Yo soy una persona muy autocr\u00edtica y muy exigente conmigo mismo, s\u00e9 que estoy muy lejos de lo que yo puedo llegar a dar personalmente, estoy trabajando para eso y poder hacer lo mejor posible en el d\u00eda trabajando primero que nada para despu\u00e9s en el fin de semana poder dar lo mejor\u00bb.<\/p>\n<div class=\"user-wrapper\"><a class=\"userlink\"href=\"https:\/\/twitter.com\/ftrucce18\" target=\"_blank\"><figure><img decoding=\"async\" src=\"http:\/\/www.padreydecano.com\/cms\/wp-users-files\/postfirmas\/ftrucce.jpg\" \/><\/figure><p class=\"user\"><strong>Franco Trucce<\/strong><br \/>@FTrucce18<\/p><\/a><\/div>\n","protected":false},"excerpt":{"rendered":"<p>El atacante carbonero habl\u00f3 del momento actual del decano, la energ\u00eda del equipo y su autocr\u00edtica por su rendimiento. \u00abS\u00e9 que estoy muy lejos de lo que yo puedo llegar a dar\u00bb. Momento del equipo: \u00abLa evaluaci\u00f3n no es muy positiva que digamos. No estamos en la posici\u00f3n que quer\u00edamos estar, en la posici\u00f3n que [&hellip;]<\/p>\n","protected":false},"author":27,"featured_media":79141,"comment_status":"open","ping_status":"closed","sticky":false,"template":"","format":"standard","meta":{"footnotes":""},"categories":[1],"tags":[557],"yoast_head":"<!-- This site is optimized with the Yoast SEO plugin v23.2 - https:\/\/yoast.com\/wordpress\/plugins\/seo\/ -->\n<title>Brian Lozano autocr\u00edtico - Padre y Decano - El Sitio del Pueblo<\/title>\n<meta name=\"robots\" content=\"index, follow, max-snippet:-1, max-image-preview:large, max-video-preview:-1\" \/>\n<link rel=\"canonical\" href=\"https:\/\/www.padreydecano.com\/cms\/noticias\/brian-lozano-autocritico\/\" \/>\n<meta property=\"og:locale\" content=\"es_ES\" \/>\n<meta property=\"og:type\" content=\"article\" \/>\n<meta property=\"og:title\" content=\"Brian Lozano autocr\u00edtico - Padre y Decano - El Sitio del Pueblo\" \/>\n<meta property=\"og:description\" content=\"El atacante carbonero habl\u00f3 del momento actual del decano, la energ\u00eda del equipo y su autocr\u00edtica por su rendimiento. \u00abS\u00e9 que estoy muy lejos de lo que yo puedo llegar a dar\u00bb. Momento del equipo: \u00abLa evaluaci\u00f3n no es muy positiva que digamos. No estamos en la posici\u00f3n que quer\u00edamos estar, en la posici\u00f3n que [&hellip;]\" \/>\n<meta property=\"og:url\" content=\"https:\/\/www.padreydecano.com\/cms\/noticias\/brian-lozano-autocritico\/\" \/>\n<meta property=\"og:site_name\" content=\"Padre y Decano - El Sitio del Pueblo\" \/>\n<meta property=\"article:published_time\" content=\"2022-09-25T20:25:14+00:00\" \/>\n<meta property=\"article:modified_time\" content=\"2022-09-26T13:12:10+00:00\" \/>\n<meta property=\"og:image\" content=\"https:\/\/www.padreydecano.com\/cms\/wp-content\/uploads\/2022\/09\/IMG-20220904-WA0186.jpg\" \/>\n\t<meta property=\"og:image:width\" content=\"2048\" \/>\n\t<meta property=\"og:image:height\" content=\"1362\" \/>\n\t<meta property=\"og:image:type\" content=\"image\/jpeg\" \/>\n<meta name=\"author\" content=\"Redactores Padre y Decano\" \/>\n<meta name=\"twitter:card\" content=\"summary_large_image\" \/>\n<meta name=\"twitter:label1\" content=\"Escrito por\" \/>\n\t<meta name=\"twitter:data1\" content=\"Redactores Padre y Decano\" \/>\n\t<meta name=\"twitter:label2\" content=\"Tiempo de lectura\" \/>\n\t<meta name=\"twitter:data2\" content=\"2 minutos\" \/>\n<script type=\"application\/ld+json\" class=\"yoast-schema-graph\">{\"@context\":\"https:\/\/schema.org\",\"@graph\":[{\"@type\":\"Article\",\"@id\":\"https:\/\/www.padreydecano.com\/cms\/noticias\/brian-lozano-autocritico\/#article\",\"isPartOf\":{\"@id\":\"https:\/\/www.padreydecano.com\/cms\/noticias\/brian-lozano-autocritico\/\"},\"author\":{\"name\":\"Redactores Padre y Decano\",\"@id\":\"https:\/\/www.padreydecano.com\/cms\/#\/schema\/person\/37aae8f93aa78e4c5385497f056e3246\"},\"headline\":\"Brian Lozano autocr\u00edtico\",\"datePublished\":\"2022-09-25T20:25:14+00:00\",\"dateModified\":\"2022-09-26T13:12:10+00:00\",\"mainEntityOfPage\":{\"@id\":\"https:\/\/www.padreydecano.com\/cms\/noticias\/brian-lozano-autocritico\/\"},\"wordCount\":423,\"commentCount\":2,\"publisher\":{\"@id\":\"https:\/\/www.padreydecano.com\/cms\/#organization\"},\"image\":{\"@id\":\"https:\/\/www.padreydecano.com\/cms\/noticias\/brian-lozano-autocritico\/#primaryimage\"},\"thumbnailUrl\":\"https:\/\/www.padreydecano.com\/cms\/wp-content\/uploads\/2022\/09\/IMG-20220904-WA0186.jpg\",\"keywords\":[\"Campeonato Uruguayo 2022\"],\"articleSection\":[\"Noticias\"],\"inLanguage\":\"es\",\"potentialAction\":[{\"@type\":\"CommentAction\",\"name\":\"Comment\",\"target\":[\"https:\/\/www.padreydecano.com\/cms\/noticias\/brian-lozano-autocritico\/#respond\"]}]},{\"@type\":\"WebPage\",\"@id\":\"https:\/\/www.padreydecano.com\/cms\/noticias\/brian-lozano-autocritico\/\",\"url\":\"https:\/\/www.padreydecano.com\/cms\/noticias\/brian-lozano-autocritico\/\",\"name\":\"Brian Lozano autocr\u00edtico - Padre y Decano - El Sitio del Pueblo\",\"isPartOf\":{\"@id\":\"https:\/\/www.padreydecano.com\/cms\/#website\"},\"primaryImageOfPage\":{\"@id\":\"https:\/\/www.padreydecano.com\/cms\/noticias\/brian-lozano-autocritico\/#primaryimage\"},\"image\":{\"@id\":\"https:\/\/www.padreydecano.com\/cms\/noticias\/brian-lozano-autocritico\/#primaryimage\"},\"thumbnailUrl\":\"https:\/\/www.padreydecano.com\/cms\/wp-content\/uploads\/2022\/09\/IMG-20220904-WA0186.jpg\",\"datePublished\":\"2022-09-25T20:25:14+00:00\",\"dateModified\":\"2022-09-26T13:12:10+00:00\",\"breadcrumb\":{\"@id\":\"https:\/\/www.padreydecano.com\/cms\/noticias\/brian-lozano-autocritico\/#breadcrumb\"},\"inLanguage\":\"es\",\"potentialAction\":[{\"@type\":\"ReadAction\",\"target\":[\"https:\/\/www.padreydecano.com\/cms\/noticias\/brian-lozano-autocritico\/\"]}]},{\"@type\":\"ImageObject\",\"inLanguage\":\"es\",\"@id\":\"https:\/\/www.padreydecano.com\/cms\/noticias\/brian-lozano-autocritico\/#primaryimage\",\"url\":\"https:\/\/www.padreydecano.com\/cms\/wp-content\/uploads\/2022\/09\/IMG-20220904-WA0186.jpg\",\"contentUrl\":\"https:\/\/www.padreydecano.com\/cms\/wp-content\/uploads\/2022\/09\/IMG-20220904-WA0186.jpg\",\"width\":2048,\"height\":1362},{\"@type\":\"BreadcrumbList\",\"@id\":\"https:\/\/www.padreydecano.com\/cms\/noticias\/brian-lozano-autocritico\/#breadcrumb\",\"itemListElement\":[{\"@type\":\"ListItem\",\"position\":1,\"name\":\"Portada\",\"item\":\"https:\/\/www.padreydecano.com\/cms\/\"},{\"@type\":\"ListItem\",\"position\":2,\"name\":\"Brian Lozano autocr\u00edtico\"}]},{\"@type\":\"WebSite\",\"@id\":\"https:\/\/www.padreydecano.com\/cms\/#website\",\"url\":\"https:\/\/www.padreydecano.com\/cms\/\",\"name\":\"Padre y Decano - El Sitio del Pueblo\",\"description\":\"Club Atl\u00e9tico Pe\u00f1arol\",\"publisher\":{\"@id\":\"https:\/\/www.padreydecano.com\/cms\/#organization\"},\"potentialAction\":[{\"@type\":\"SearchAction\",\"target\":{\"@type\":\"EntryPoint\",\"urlTemplate\":\"https:\/\/www.padreydecano.com\/cms\/?s={search_term_string}\"},\"query-input\":\"required name=search_term_string\"}],\"inLanguage\":\"es\"},{\"@type\":\"Organization\",\"@id\":\"https:\/\/www.padreydecano.com\/cms\/#organization\",\"name\":\"Padre y Decano\",\"url\":\"https:\/\/www.padreydecano.com\/cms\/\",\"logo\":{\"@type\":\"ImageObject\",\"inLanguage\":\"es\",\"@id\":\"https:\/\/www.padreydecano.com\/cms\/#\/schema\/logo\/image\/\",\"url\":\"https:\/\/www.padreydecano.com\/cms\/wp-content\/uploads\/2022\/01\/avatar-square.png\",\"contentUrl\":\"https:\/\/www.padreydecano.com\/cms\/wp-content\/uploads\/2022\/01\/avatar-square.png\",\"width\":1500,\"height\":1500,\"caption\":\"Padre y Decano\"},\"image\":{\"@id\":\"https:\/\/www.padreydecano.com\/cms\/#\/schema\/logo\/image\/\"}},{\"@type\":\"Person\",\"@id\":\"https:\/\/www.padreydecano.com\/cms\/#\/schema\/person\/37aae8f93aa78e4c5385497f056e3246\",\"name\":\"Redactores Padre y Decano\",\"image\":{\"@type\":\"ImageObject\",\"inLanguage\":\"es\",\"@id\":\"https:\/\/www.padreydecano.com\/cms\/#\/schema\/person\/image\/\",\"url\":\"https:\/\/secure.gravatar.com\/avatar\/8810c4b9081192b118b104af54549af8?s=96&d=https%3A%2F%2Fpadreydecano.com%2Fcms%2Fwp-content%2Fthemes%2Fpyd-theme%2Fimg%2Fdefault-avatar.png&r=g\",\"contentUrl\":\"https:\/\/secure.gravatar.com\/avatar\/8810c4b9081192b118b104af54549af8?s=96&d=https%3A%2F%2Fpadreydecano.com%2Fcms%2Fwp-content%2Fthemes%2Fpyd-theme%2Fimg%2Fdefault-avatar.png&r=g\",\"caption\":\"Redactores Padre y Decano\"},\"sameAs\":[\"http:\/\/www.padreydecano.com\"]}]}<\/script>\n<!-- \/ Yoast SEO plugin. -->","yoast_head_json":{"title":"Brian Lozano autocr\u00edtico - Padre y Decano - El Sitio del Pueblo","robots":{"index":"index","follow":"follow","max-snippet":"max-snippet:-1","max-image-preview":"max-image-preview:large","max-video-preview":"max-video-preview:-1"},"canonical":"https:\/\/www.padreydecano.com\/cms\/noticias\/brian-lozano-autocritico\/","og_locale":"es_ES","og_type":"article","og_title":"Brian Lozano autocr\u00edtico - Padre y Decano - El Sitio del Pueblo","og_description":"El atacante carbonero habl\u00f3 del momento actual del decano, la energ\u00eda del equipo y su autocr\u00edtica por su rendimiento. \u00abS\u00e9 que estoy muy lejos de lo que yo puedo llegar a dar\u00bb. Momento del equipo: \u00abLa evaluaci\u00f3n no es muy positiva que digamos. No estamos en la posici\u00f3n que quer\u00edamos estar, en la posici\u00f3n que [&hellip;]","og_url":"https:\/\/www.padreydecano.com\/cms\/noticias\/brian-lozano-autocritico\/","og_site_name":"Padre y Decano - El Sitio del Pueblo","article_published_time":"2022-09-25T20:25:14+00:00","article_modified_time":"2022-09-26T13:12:10+00:00","og_image":[{"width":2048,"height":1362,"url":"https:\/\/www.padreydecano.com\/cms\/wp-content\/uploads\/2022\/09\/IMG-20220904-WA0186.jpg","type":"image\/jpeg"}],"author":"Redactores Padre y Decano","twitter_card":"summary_large_image","twitter_misc":{"Escrito por":"Redactores Padre y Decano","Tiempo de lectura":"2 minutos"},"schema":{"@context":"https:\/\/schema.org","@graph":[{"@type":"Article","@id":"https:\/\/www.padreydecano.com\/cms\/noticias\/brian-lozano-autocritico\/#article","isPartOf":{"@id":"https:\/\/www.padreydecano.com\/cms\/noticias\/brian-lozano-autocritico\/"},"author":{"name":"Redactores Padre y Decano","@id":"https:\/\/www.padreydecano.com\/cms\/#\/schema\/person\/37aae8f93aa78e4c5385497f056e3246"},"headline":"Brian Lozano autocr\u00edtico","datePublished":"2022-09-25T20:25:14+00:00","dateModified":"2022-09-26T13:12:10+00:00","mainEntityOfPage":{"@id":"https:\/\/www.padreydecano.com\/cms\/noticias\/brian-lozano-autocritico\/"},"wordCount":423,"commentCount":2,"publisher":{"@id":"https:\/\/www.padreydecano.com\/cms\/#organization"},"image":{"@id":"https:\/\/www.padreydecano.com\/cms\/noticias\/brian-lozano-autocritico\/#primaryimage"},"thumbnailUrl":"https:\/\/www.padreydecano.com\/cms\/wp-content\/uploads\/2022\/09\/IMG-20220904-WA0186.jpg","keywords":["Campeonato Uruguayo 2022"],"articleSection":["Noticias"],"inLanguage":"es","potentialAction":[{"@type":"CommentAction","name":"Comment","target":["https:\/\/www.padreydecano.com\/cms\/noticias\/brian-lozano-autocritico\/#respond"]}]},{"@type":"WebPage","@id":"https:\/\/www.padreydecano.com\/cms\/noticias\/brian-lozano-autocritico\/","url":"https:\/\/www.padreydecano.com\/cms\/noticias\/brian-lozano-autocritico\/","name":"Brian Lozano autocr\u00edtico - Padre y Decano - El Sitio del Pueblo","isPartOf":{"@id":"https:\/\/www.padreydecano.com\/cms\/#website"},"primaryImageOfPage":{"@id":"https:\/\/www.padreydecano.com\/cms\/noticias\/brian-lozano-autocritico\/#primaryimage"},"image":{"@id":"https:\/\/www.padreydecano.com\/cms\/noticias\/brian-lozano-autocritico\/#primaryimage"},"thumbnailUrl":"https:\/\/www.padreydecano.com\/cms\/wp-content\/uploads\/2022\/09\/IMG-20220904-WA0186.jpg","datePublished":"2022-09-25T20:25:14+00:00","dateModified":"2022-09-26T13:12:10+00:00","breadcrumb":{"@id":"https:\/\/www.padreydecano.com\/cms\/noticias\/brian-lozano-autocritico\/#breadcrumb"},"inLanguage":"es","potentialAction":[{"@type":"ReadAction","target":["https:\/\/www.padreydecano.com\/cms\/noticias\/brian-lozano-autocritico\/"]}]},{"@type":"ImageObject","inLanguage":"es","@id":"https:\/\/www.padreydecano.com\/cms\/noticias\/brian-lozano-autocritico\/#primaryimage","url":"https:\/\/www.padreydecano.com\/cms\/wp-content\/uploads\/2022\/09\/IMG-20220904-WA0186.jpg","contentUrl":"https:\/\/www.padreydecano.com\/cms\/wp-content\/uploads\/2022\/09\/IMG-20220904-WA0186.jpg","width":2048,"height":1362},{"@type":"BreadcrumbList","@id":"https:\/\/www.padreydecano.com\/cms\/noticias\/brian-lozano-autocritico\/#breadcrumb","itemListElement":[{"@type":"ListItem","position":1,"name":"Portada","item":"https:\/\/www.padreydecano.com\/cms\/"},{"@type":"ListItem","position":2,"name":"Brian Lozano autocr\u00edtico"}]},{"@type":"WebSite","@id":"https:\/\/www.padreydecano.com\/cms\/#website","url":"https:\/\/www.padreydecano.com\/cms\/","name":"Padre y Decano - El Sitio del Pueblo","description":"Club Atl\u00e9tico Pe\u00f1arol","publisher":{"@id":"https:\/\/www.padreydecano.com\/cms\/#organization"},"potentialAction":[{"@type":"SearchAction","target":{"@type":"EntryPoint","urlTemplate":"https:\/\/www.padreydecano.com\/cms\/?s={search_term_string}"},"query-input":"required name=search_term_string"}],"inLanguage":"es"},{"@type":"Organization","@id":"https:\/\/www.padreydecano.com\/cms\/#organization","name":"Padre y Decano","url":"https:\/\/www.padreydecano.com\/cms\/","logo":{"@type":"ImageObject","inLanguage":"es","@id":"https:\/\/www.padreydecano.com\/cms\/#\/schema\/logo\/image\/","url":"https:\/\/www.padreydecano.com\/cms\/wp-content\/uploads\/2022\/01\/avatar-square.png","contentUrl":"https:\/\/www.padreydecano.com\/cms\/wp-content\/uploads\/2022\/01\/avatar-square.png","width":1500,"height":1500,"caption":"Padre y Decano"},"image":{"@id":"https:\/\/www.padreydecano.com\/cms\/#\/schema\/logo\/image\/"}},{"@type":"Person","@id":"https:\/\/www.padreydecano.com\/cms\/#\/schema\/person\/37aae8f93aa78e4c5385497f056e3246","name":"Redactores Padre y Decano","image":{"@type":"ImageObject","inLanguage":"es","@id":"https:\/\/www.padreydecano.com\/cms\/#\/schema\/person\/image\/","url":"https:\/\/secure.gravatar.com\/avatar\/8810c4b9081192b118b104af54549af8?s=96&d=https%3A%2F%2Fpadreydecano.com%2Fcms%2Fwp-content%2Fthemes%2Fpyd-theme%2Fimg%2Fdefault-avatar.png&r=g","contentUrl":"https:\/\/secure.gravatar.com\/avatar\/8810c4b9081192b118b104af54549af8?s=96&d=https%3A%2F%2Fpadreydecano.com%2Fcms%2Fwp-content%2Fthemes%2Fpyd-theme%2Fimg%2Fdefault-avatar.png&r=g","caption":"Redactores Padre y Decano"},"sameAs":["http:\/\/www.padreydecano.com"]}]}},"_links":{"self":[{"href":"https:\/\/www.padreydecano.com\/cms\/wp-json\/wp\/v2\/posts\/79140"}],"collection":[{"href":"https:\/\/www.padreydecano.com\/cms\/wp-json\/wp\/v2\/posts"}],"about":[{"href":"https:\/\/www.padreydecano.com\/cms\/wp-json\/wp\/v2\/types\/post"}],"author":[{"embeddable":true,"href":"https:\/\/www.padreydecano.com\/cms\/wp-json\/wp\/v2\/users\/27"}],"replies":[{"embeddable":true,"href":"https:\/\/www.padreydecano.com\/cms\/wp-json\/wp\/v2\/comments?post=79140"}],"version-history":[{"count":0,"href":"https:\/\/www.padreydecano.com\/cms\/wp-json\/wp\/v2\/posts\/79140\/revisions"}],"wp:featuredmedia":[{"embeddable":true,"href":"https:\/\/www.padreydecano.com\/cms\/wp-json\/wp\/v2\/media\/79141"}],"wp:attachment":[{"href":"https:\/\/www.padreydecano.com\/cms\/wp-json\/wp\/v2\/media?parent=79140"}],"wp:term":[{"taxonomy":"category","embeddable":true,"href":"https:\/\/www.padreydecano.com\/cms\/wp-json\/wp\/v2\/categories?post=79140"},{"taxonomy":"post_tag","embeddable":true,"href":"https:\/\/www.padreydecano.com\/cms\/wp-json\/wp\/v2\/tags?post=79140"}],"curies":[{"name":"wp","href":"https:\/\/api.w.org\/{rel}","templated":true}]}}