{"id":79131,"date":"2022-09-24T16:58:37","date_gmt":"2022-09-24T19:58:37","guid":{"rendered":"http:\/\/www.padreydecano.com\/cms\/?p=79131"},"modified":"2022-09-24T22:47:24","modified_gmt":"2022-09-25T01:47:24","slug":"sumar-y-mejorar","status":"publish","type":"post","link":"https:\/\/www.padreydecano.com\/cms\/noticias\/sumar-y-mejorar\/","title":{"rendered":"Sumar y mejorar"},"content":{"rendered":"<div id=\"attachment_79100\" style=\"width: 1648px\" class=\"wp-caption aligncenter\"><img loading=\"lazy\" decoding=\"async\" aria-describedby=\"caption-attachment-79100\" class=\"wp-image-79100 size-full\" src=\"https:\/\/www.padreydecano.com\/cms\/wp-content\/uploads\/2022\/09\/E6CF84C2-946F-4EAA-8FF3-B49CDB6A335D.jpeg\" alt=\"\" width=\"1638\" height=\"2048\" srcset=\"https:\/\/www.padreydecano.com\/cms\/wp-content\/uploads\/2022\/09\/E6CF84C2-946F-4EAA-8FF3-B49CDB6A335D.jpeg 1638w, https:\/\/www.padreydecano.com\/cms\/wp-content\/uploads\/2022\/09\/E6CF84C2-946F-4EAA-8FF3-B49CDB6A335D-480x600.jpeg 480w, https:\/\/www.padreydecano.com\/cms\/wp-content\/uploads\/2022\/09\/E6CF84C2-946F-4EAA-8FF3-B49CDB6A335D-819x1024.jpeg 819w, https:\/\/www.padreydecano.com\/cms\/wp-content\/uploads\/2022\/09\/E6CF84C2-946F-4EAA-8FF3-B49CDB6A335D-768x960.jpeg 768w, https:\/\/www.padreydecano.com\/cms\/wp-content\/uploads\/2022\/09\/E6CF84C2-946F-4EAA-8FF3-B49CDB6A335D-1229x1536.jpeg 1229w, https:\/\/www.padreydecano.com\/cms\/wp-content\/uploads\/2022\/09\/E6CF84C2-946F-4EAA-8FF3-B49CDB6A335D-240x300.jpeg 240w, https:\/\/www.padreydecano.com\/cms\/wp-content\/uploads\/2022\/09\/E6CF84C2-946F-4EAA-8FF3-B49CDB6A335D-102x128.jpeg 102w, https:\/\/www.padreydecano.com\/cms\/wp-content\/uploads\/2022\/09\/E6CF84C2-946F-4EAA-8FF3-B49CDB6A335D-26x32.jpeg 26w\" sizes=\"(max-width: 1638px) 100vw, 1638px\" \/><p id=\"caption-attachment-79100\" class=\"wp-caption-text\">Foto: @OficialCAP<\/p><\/div>\n<p><strong>Pe\u00f1arol recibe a Montevideo City Torque por la decima fecha del Torneo Clausura. A las 19.00 HS, y en el Estadio Campe\u00f3n del Siglo, el Carbonero buscar\u00e1 una victoria que le permita seguir prendido en los puestos de arriba, esperando un traspi\u00e9 de los punteros. El partido se televisar\u00e1 por VTV.<\/strong><\/p>\n<p><span style=\"color: #ffcc00;\"><strong>Equipo probable<\/strong><\/span><\/p>\n<p>Kevin Dawson; Ezequiel Busquets, Hern\u00e1n Menosse, Yhonatthan Rak, Valent\u00edn Rodr\u00edguez, Walter Gargano, Rodrigo Saravia, Kevin Mendez, Nicol\u00e1s Rossi, Brian Lozano; Ruben Bentancourt.<\/p>\n<p><span style=\"color: #ffcc00;\"><strong>\u00bfC\u00f3mo vienen ambos?<\/strong><\/span><\/p>\n<p>Pe\u00f1arol viene de cosechar un valioso triunfo pese a un nuevo mal encuentro. Fue victoria ante Cerrito por 3 a 1. Si bien el elenco Mirasol consigui\u00f3 3 unidades fundamentales preocupa el bajo rendimiento colectivo. El Decano se ubica en la sexta posici\u00f3n de la tabla del Torneo Clausura con 15 puntos.<\/p>\n<p>Por su parte, Montevideo City Torque viene de caer ante Liverpool por 2 a 0. Con la reciente derrota, Sebasti\u00e1n Eguren dej\u00f3 de ser el entrenador.<\/p>\n<p><span style=\"color: #ffcc00;\"><strong>\u00daltimos antecedentes<\/strong><\/span><\/p>\n<p><strong>Torneo Clausura 2020<\/strong>: Montevideo City Torque 1 VS. 2 <span style=\"color: #ffcc00;\"><strong>Pe\u00f1arol<\/strong><\/span><\/p>\n<p><strong>Torneo Apertura 2021<\/strong>: Montevideo City Torque 0 VS. 1 <span style=\"color: #ffcc00;\"><strong>Pe\u00f1arol<\/strong><\/span><\/p>\n<p><strong>Torneo Clausura 2021<\/strong>: <span style=\"color: #ffcc00;\"><strong>Pe\u00f1arol<\/strong> <\/span>3 VS. 1 Montevideo City Torque<\/p>\n<p><strong>Torneo Apertura 2022:<\/strong> Montevideo City Torque 0 VS. 1 <span style=\"color: #ffcc00;\"><strong>Pe\u00f1arol<\/strong><\/span><\/p>\n<p><strong>Torneo Intermedio 2022:<\/strong> <span style=\"color: #ffcc00;\"><strong>Pe\u00f1arol<\/strong> <\/span>1 VS. 2 Montevideo City Torque<\/p>\n<p><span style=\"color: #ffcc00;\"><strong>\u00c1rbitros<\/strong><\/span><\/p>\n<p>Antonio Garc\u00eda ser\u00e1 el \u00e1rbitro principal del encuentro. Nicol\u00e1s Taran y Federico Piccardo estar\u00e1n en las l\u00edneas, mientras que Federico Arman ser\u00e1 el cuarto \u00e1rbitro.<\/p>\n<p>El VAR estar\u00e1 al mando de Esteban Ostojich junto con Agustin Berisso.<\/p>\n<p><span style=\"color: #ffcc00;\"><strong>Lo que se viene <\/strong><\/span><\/p>\n<p>Por la Copa Uruguay, el Aurinegro enfrentar\u00e1 a Boston River, el pr\u00f3ximo mi\u00e9rcoles 28 de setiembre.<\/p>\n<p>El pr\u00f3ximo fin de semana, Pe\u00f1arol visitar\u00e1 el Parque Viera para enfrentar a Wanderers por la decimoprimera fecha. El encuentro est\u00e1 programado para el domingo 2 de octubre a las 19.30 HS.<\/p>\n<div class=\"user-wrapper\"><a class=\"userlink\" href=\"https:\/\/twitter.com\/mathiaastilve\" target=\"_blank\"><figure><img decoding=\"async\" src=\"http:\/\/www.padreydecano.com\/cms\/wp-users-files\/postfirmas\/mathiastilve.jpg\" \/><\/figure><p class=\"user\"><strong>Mathias Tilve<\/strong><br \/>@mathiaastilve<\/p><\/a><\/div>\n","protected":false},"excerpt":{"rendered":"<p>Pe\u00f1arol recibe a Montevideo City Torque por la decima fecha del Torneo Clausura. A las 19.00 HS, y en el Estadio Campe\u00f3n del Siglo, el Carbonero buscar\u00e1 una victoria que le permita seguir prendido en los puestos de arriba, esperando un traspi\u00e9 de los punteros. El partido se televisar\u00e1 por VTV. Equipo probable Kevin Dawson; [&hellip;]<\/p>\n","protected":false},"author":30,"featured_media":79100,"comment_status":"open","ping_status":"closed","sticky":false,"template":"","format":"standard","meta":{"footnotes":""},"categories":[1],"tags":[557],"yoast_head":"<!-- This site is optimized with the Yoast SEO plugin v23.2 - https:\/\/yoast.com\/wordpress\/plugins\/seo\/ -->\n<title>Sumar y mejorar - Padre y Decano - El Sitio del Pueblo<\/title>\n<meta name=\"robots\" content=\"index, follow, max-snippet:-1, max-image-preview:large, max-video-preview:-1\" \/>\n<link rel=\"canonical\" href=\"https:\/\/www.padreydecano.com\/cms\/noticias\/sumar-y-mejorar\/\" \/>\n<meta property=\"og:locale\" content=\"es_ES\" \/>\n<meta property=\"og:type\" content=\"article\" \/>\n<meta property=\"og:title\" content=\"Sumar y mejorar - Padre y Decano - El Sitio del Pueblo\" \/>\n<meta property=\"og:description\" content=\"Pe\u00f1arol recibe a Montevideo City Torque por la decima fecha del Torneo Clausura. A las 19.00 HS, y en el Estadio Campe\u00f3n del Siglo, el Carbonero buscar\u00e1 una victoria que le permita seguir prendido en los puestos de arriba, esperando un traspi\u00e9 de los punteros. El partido se televisar\u00e1 por VTV. Equipo probable Kevin Dawson; [&hellip;]\" \/>\n<meta property=\"og:url\" content=\"https:\/\/www.padreydecano.com\/cms\/noticias\/sumar-y-mejorar\/\" \/>\n<meta property=\"og:site_name\" content=\"Padre y Decano - El Sitio del Pueblo\" \/>\n<meta property=\"article:published_time\" content=\"2022-09-24T19:58:37+00:00\" \/>\n<meta property=\"article:modified_time\" content=\"2022-09-25T01:47:24+00:00\" \/>\n<meta property=\"og:image\" content=\"https:\/\/www.padreydecano.com\/cms\/wp-content\/uploads\/2022\/09\/E6CF84C2-946F-4EAA-8FF3-B49CDB6A335D.jpeg\" \/>\n\t<meta property=\"og:image:width\" content=\"1638\" \/>\n\t<meta property=\"og:image:height\" content=\"2048\" \/>\n\t<meta property=\"og:image:type\" content=\"image\/jpeg\" \/>\n<meta name=\"author\" content=\"Udelar\" \/>\n<meta name=\"twitter:card\" content=\"summary_large_image\" \/>\n<meta name=\"twitter:label1\" content=\"Escrito por\" \/>\n\t<meta name=\"twitter:data1\" content=\"Udelar\" \/>\n\t<meta name=\"twitter:label2\" content=\"Tiempo de lectura\" \/>\n\t<meta name=\"twitter:data2\" content=\"2 minutos\" \/>\n<script type=\"application\/ld+json\" class=\"yoast-schema-graph\">{\"@context\":\"https:\/\/schema.org\",\"@graph\":[{\"@type\":\"Article\",\"@id\":\"https:\/\/www.padreydecano.com\/cms\/noticias\/sumar-y-mejorar\/#article\",\"isPartOf\":{\"@id\":\"https:\/\/www.padreydecano.com\/cms\/noticias\/sumar-y-mejorar\/\"},\"author\":{\"name\":\"Udelar\",\"@id\":\"https:\/\/www.padreydecano.com\/cms\/#\/schema\/person\/b22191326be6d1c7fa55c2ad137a9a32\"},\"headline\":\"Sumar y mejorar\",\"datePublished\":\"2022-09-24T19:58:37+00:00\",\"dateModified\":\"2022-09-25T01:47:24+00:00\",\"mainEntityOfPage\":{\"@id\":\"https:\/\/www.padreydecano.com\/cms\/noticias\/sumar-y-mejorar\/\"},\"wordCount\":309,\"commentCount\":32,\"publisher\":{\"@id\":\"https:\/\/www.padreydecano.com\/cms\/#organization\"},\"image\":{\"@id\":\"https:\/\/www.padreydecano.com\/cms\/noticias\/sumar-y-mejorar\/#primaryimage\"},\"thumbnailUrl\":\"https:\/\/www.padreydecano.com\/cms\/wp-content\/uploads\/2022\/09\/E6CF84C2-946F-4EAA-8FF3-B49CDB6A335D.jpeg\",\"keywords\":[\"Campeonato Uruguayo 2022\"],\"articleSection\":[\"Noticias\"],\"inLanguage\":\"es\",\"potentialAction\":[{\"@type\":\"CommentAction\",\"name\":\"Comment\",\"target\":[\"https:\/\/www.padreydecano.com\/cms\/noticias\/sumar-y-mejorar\/#respond\"]}]},{\"@type\":\"WebPage\",\"@id\":\"https:\/\/www.padreydecano.com\/cms\/noticias\/sumar-y-mejorar\/\",\"url\":\"https:\/\/www.padreydecano.com\/cms\/noticias\/sumar-y-mejorar\/\",\"name\":\"Sumar y mejorar - Padre y Decano - El Sitio del Pueblo\",\"isPartOf\":{\"@id\":\"https:\/\/www.padreydecano.com\/cms\/#website\"},\"primaryImageOfPage\":{\"@id\":\"https:\/\/www.padreydecano.com\/cms\/noticias\/sumar-y-mejorar\/#primaryimage\"},\"image\":{\"@id\":\"https:\/\/www.padreydecano.com\/cms\/noticias\/sumar-y-mejorar\/#primaryimage\"},\"thumbnailUrl\":\"https:\/\/www.padreydecano.com\/cms\/wp-content\/uploads\/2022\/09\/E6CF84C2-946F-4EAA-8FF3-B49CDB6A335D.jpeg\",\"datePublished\":\"2022-09-24T19:58:37+00:00\",\"dateModified\":\"2022-09-25T01:47:24+00:00\",\"breadcrumb\":{\"@id\":\"https:\/\/www.padreydecano.com\/cms\/noticias\/sumar-y-mejorar\/#breadcrumb\"},\"inLanguage\":\"es\",\"potentialAction\":[{\"@type\":\"ReadAction\",\"target\":[\"https:\/\/www.padreydecano.com\/cms\/noticias\/sumar-y-mejorar\/\"]}]},{\"@type\":\"ImageObject\",\"inLanguage\":\"es\",\"@id\":\"https:\/\/www.padreydecano.com\/cms\/noticias\/sumar-y-mejorar\/#primaryimage\",\"url\":\"https:\/\/www.padreydecano.com\/cms\/wp-content\/uploads\/2022\/09\/E6CF84C2-946F-4EAA-8FF3-B49CDB6A335D.jpeg\",\"contentUrl\":\"https:\/\/www.padreydecano.com\/cms\/wp-content\/uploads\/2022\/09\/E6CF84C2-946F-4EAA-8FF3-B49CDB6A335D.jpeg\",\"width\":1638,\"height\":2048,\"caption\":\"Foto: @OficialCAP\"},{\"@type\":\"BreadcrumbList\",\"@id\":\"https:\/\/www.padreydecano.com\/cms\/noticias\/sumar-y-mejorar\/#breadcrumb\",\"itemListElement\":[{\"@type\":\"ListItem\",\"position\":1,\"name\":\"Portada\",\"item\":\"https:\/\/www.padreydecano.com\/cms\/\"},{\"@type\":\"ListItem\",\"position\":2,\"name\":\"Sumar y mejorar\"}]},{\"@type\":\"WebSite\",\"@id\":\"https:\/\/www.padreydecano.com\/cms\/#website\",\"url\":\"https:\/\/www.padreydecano.com\/cms\/\",\"name\":\"Padre y Decano - El Sitio del Pueblo\",\"description\":\"Club Atl\u00e9tico Pe\u00f1arol\",\"publisher\":{\"@id\":\"https:\/\/www.padreydecano.com\/cms\/#organization\"},\"potentialAction\":[{\"@type\":\"SearchAction\",\"target\":{\"@type\":\"EntryPoint\",\"urlTemplate\":\"https:\/\/www.padreydecano.com\/cms\/?s={search_term_string}\"},\"query-input\":\"required name=search_term_string\"}],\"inLanguage\":\"es\"},{\"@type\":\"Organization\",\"@id\":\"https:\/\/www.padreydecano.com\/cms\/#organization\",\"name\":\"Padre y Decano\",\"url\":\"https:\/\/www.padreydecano.com\/cms\/\",\"logo\":{\"@type\":\"ImageObject\",\"inLanguage\":\"es\",\"@id\":\"https:\/\/www.padreydecano.com\/cms\/#\/schema\/logo\/image\/\",\"url\":\"https:\/\/www.padreydecano.com\/cms\/wp-content\/uploads\/2022\/01\/avatar-square.png\",\"contentUrl\":\"https:\/\/www.padreydecano.com\/cms\/wp-content\/uploads\/2022\/01\/avatar-square.png\",\"width\":1500,\"height\":1500,\"caption\":\"Padre y Decano\"},\"image\":{\"@id\":\"https:\/\/www.padreydecano.com\/cms\/#\/schema\/logo\/image\/\"}},{\"@type\":\"Person\",\"@id\":\"https:\/\/www.padreydecano.com\/cms\/#\/schema\/person\/b22191326be6d1c7fa55c2ad137a9a32\",\"name\":\"Udelar\",\"image\":{\"@type\":\"ImageObject\",\"inLanguage\":\"es\",\"@id\":\"https:\/\/www.padreydecano.com\/cms\/#\/schema\/person\/image\/\",\"url\":\"https:\/\/secure.gravatar.com\/avatar\/611ece663b16897a2cd2f46982281225?s=96&d=https%3A%2F%2Fpadreydecano.com%2Fcms%2Fwp-content%2Fthemes%2Fpyd-theme%2Fimg%2Fdefault-avatar.png&r=g\",\"contentUrl\":\"https:\/\/secure.gravatar.com\/avatar\/611ece663b16897a2cd2f46982281225?s=96&d=https%3A%2F%2Fpadreydecano.com%2Fcms%2Fwp-content%2Fthemes%2Fpyd-theme%2Fimg%2Fdefault-avatar.png&r=g\",\"caption\":\"Udelar\"}}]}<\/script>\n<!-- \/ Yoast SEO plugin. -->","yoast_head_json":{"title":"Sumar y mejorar - Padre y Decano - El Sitio del Pueblo","robots":{"index":"index","follow":"follow","max-snippet":"max-snippet:-1","max-image-preview":"max-image-preview:large","max-video-preview":"max-video-preview:-1"},"canonical":"https:\/\/www.padreydecano.com\/cms\/noticias\/sumar-y-mejorar\/","og_locale":"es_ES","og_type":"article","og_title":"Sumar y mejorar - Padre y Decano - El Sitio del Pueblo","og_description":"Pe\u00f1arol recibe a Montevideo City Torque por la decima fecha del Torneo Clausura. A las 19.00 HS, y en el Estadio Campe\u00f3n del Siglo, el Carbonero buscar\u00e1 una victoria que le permita seguir prendido en los puestos de arriba, esperando un traspi\u00e9 de los punteros. El partido se televisar\u00e1 por VTV. Equipo probable Kevin Dawson; [&hellip;]","og_url":"https:\/\/www.padreydecano.com\/cms\/noticias\/sumar-y-mejorar\/","og_site_name":"Padre y Decano - El Sitio del Pueblo","article_published_time":"2022-09-24T19:58:37+00:00","article_modified_time":"2022-09-25T01:47:24+00:00","og_image":[{"width":1638,"height":2048,"url":"https:\/\/www.padreydecano.com\/cms\/wp-content\/uploads\/2022\/09\/E6CF84C2-946F-4EAA-8FF3-B49CDB6A335D.jpeg","type":"image\/jpeg"}],"author":"Udelar","twitter_card":"summary_large_image","twitter_misc":{"Escrito por":"Udelar","Tiempo de lectura":"2 minutos"},"schema":{"@context":"https:\/\/schema.org","@graph":[{"@type":"Article","@id":"https:\/\/www.padreydecano.com\/cms\/noticias\/sumar-y-mejorar\/#article","isPartOf":{"@id":"https:\/\/www.padreydecano.com\/cms\/noticias\/sumar-y-mejorar\/"},"author":{"name":"Udelar","@id":"https:\/\/www.padreydecano.com\/cms\/#\/schema\/person\/b22191326be6d1c7fa55c2ad137a9a32"},"headline":"Sumar y mejorar","datePublished":"2022-09-24T19:58:37+00:00","dateModified":"2022-09-25T01:47:24+00:00","mainEntityOfPage":{"@id":"https:\/\/www.padreydecano.com\/cms\/noticias\/sumar-y-mejorar\/"},"wordCount":309,"commentCount":32,"publisher":{"@id":"https:\/\/www.padreydecano.com\/cms\/#organization"},"image":{"@id":"https:\/\/www.padreydecano.com\/cms\/noticias\/sumar-y-mejorar\/#primaryimage"},"thumbnailUrl":"https:\/\/www.padreydecano.com\/cms\/wp-content\/uploads\/2022\/09\/E6CF84C2-946F-4EAA-8FF3-B49CDB6A335D.jpeg","keywords":["Campeonato Uruguayo 2022"],"articleSection":["Noticias"],"inLanguage":"es","potentialAction":[{"@type":"CommentAction","name":"Comment","target":["https:\/\/www.padreydecano.com\/cms\/noticias\/sumar-y-mejorar\/#respond"]}]},{"@type":"WebPage","@id":"https:\/\/www.padreydecano.com\/cms\/noticias\/sumar-y-mejorar\/","url":"https:\/\/www.padreydecano.com\/cms\/noticias\/sumar-y-mejorar\/","name":"Sumar y mejorar - Padre y Decano - El Sitio del Pueblo","isPartOf":{"@id":"https:\/\/www.padreydecano.com\/cms\/#website"},"primaryImageOfPage":{"@id":"https:\/\/www.padreydecano.com\/cms\/noticias\/sumar-y-mejorar\/#primaryimage"},"image":{"@id":"https:\/\/www.padreydecano.com\/cms\/noticias\/sumar-y-mejorar\/#primaryimage"},"thumbnailUrl":"https:\/\/www.padreydecano.com\/cms\/wp-content\/uploads\/2022\/09\/E6CF84C2-946F-4EAA-8FF3-B49CDB6A335D.jpeg","datePublished":"2022-09-24T19:58:37+00:00","dateModified":"2022-09-25T01:47:24+00:00","breadcrumb":{"@id":"https:\/\/www.padreydecano.com\/cms\/noticias\/sumar-y-mejorar\/#breadcrumb"},"inLanguage":"es","potentialAction":[{"@type":"ReadAction","target":["https:\/\/www.padreydecano.com\/cms\/noticias\/sumar-y-mejorar\/"]}]},{"@type":"ImageObject","inLanguage":"es","@id":"https:\/\/www.padreydecano.com\/cms\/noticias\/sumar-y-mejorar\/#primaryimage","url":"https:\/\/www.padreydecano.com\/cms\/wp-content\/uploads\/2022\/09\/E6CF84C2-946F-4EAA-8FF3-B49CDB6A335D.jpeg","contentUrl":"https:\/\/www.padreydecano.com\/cms\/wp-content\/uploads\/2022\/09\/E6CF84C2-946F-4EAA-8FF3-B49CDB6A335D.jpeg","width":1638,"height":2048,"caption":"Foto: @OficialCAP"},{"@type":"BreadcrumbList","@id":"https:\/\/www.padreydecano.com\/cms\/noticias\/sumar-y-mejorar\/#breadcrumb","itemListElement":[{"@type":"ListItem","position":1,"name":"Portada","item":"https:\/\/www.padreydecano.com\/cms\/"},{"@type":"ListItem","position":2,"name":"Sumar y mejorar"}]},{"@type":"WebSite","@id":"https:\/\/www.padreydecano.com\/cms\/#website","url":"https:\/\/www.padreydecano.com\/cms\/","name":"Padre y Decano - El Sitio del Pueblo","description":"Club Atl\u00e9tico Pe\u00f1arol","publisher":{"@id":"https:\/\/www.padreydecano.com\/cms\/#organization"},"potentialAction":[{"@type":"SearchAction","target":{"@type":"EntryPoint","urlTemplate":"https:\/\/www.padreydecano.com\/cms\/?s={search_term_string}"},"query-input":"required name=search_term_string"}],"inLanguage":"es"},{"@type":"Organization","@id":"https:\/\/www.padreydecano.com\/cms\/#organization","name":"Padre y Decano","url":"https:\/\/www.padreydecano.com\/cms\/","logo":{"@type":"ImageObject","inLanguage":"es","@id":"https:\/\/www.padreydecano.com\/cms\/#\/schema\/logo\/image\/","url":"https:\/\/www.padreydecano.com\/cms\/wp-content\/uploads\/2022\/01\/avatar-square.png","contentUrl":"https:\/\/www.padreydecano.com\/cms\/wp-content\/uploads\/2022\/01\/avatar-square.png","width":1500,"height":1500,"caption":"Padre y Decano"},"image":{"@id":"https:\/\/www.padreydecano.com\/cms\/#\/schema\/logo\/image\/"}},{"@type":"Person","@id":"https:\/\/www.padreydecano.com\/cms\/#\/schema\/person\/b22191326be6d1c7fa55c2ad137a9a32","name":"Udelar","image":{"@type":"ImageObject","inLanguage":"es","@id":"https:\/\/www.padreydecano.com\/cms\/#\/schema\/person\/image\/","url":"https:\/\/secure.gravatar.com\/avatar\/611ece663b16897a2cd2f46982281225?s=96&d=https%3A%2F%2Fpadreydecano.com%2Fcms%2Fwp-content%2Fthemes%2Fpyd-theme%2Fimg%2Fdefault-avatar.png&r=g","contentUrl":"https:\/\/secure.gravatar.com\/avatar\/611ece663b16897a2cd2f46982281225?s=96&d=https%3A%2F%2Fpadreydecano.com%2Fcms%2Fwp-content%2Fthemes%2Fpyd-theme%2Fimg%2Fdefault-avatar.png&r=g","caption":"Udelar"}}]}},"_links":{"self":[{"href":"https:\/\/www.padreydecano.com\/cms\/wp-json\/wp\/v2\/posts\/79131"}],"collection":[{"href":"https:\/\/www.padreydecano.com\/cms\/wp-json\/wp\/v2\/posts"}],"about":[{"href":"https:\/\/www.padreydecano.com\/cms\/wp-json\/wp\/v2\/types\/post"}],"author":[{"embeddable":true,"href":"https:\/\/www.padreydecano.com\/cms\/wp-json\/wp\/v2\/users\/30"}],"replies":[{"embeddable":true,"href":"https:\/\/www.padreydecano.com\/cms\/wp-json\/wp\/v2\/comments?post=79131"}],"version-history":[{"count":0,"href":"https:\/\/www.padreydecano.com\/cms\/wp-json\/wp\/v2\/posts\/79131\/revisions"}],"wp:featuredmedia":[{"embeddable":true,"href":"https:\/\/www.padreydecano.com\/cms\/wp-json\/wp\/v2\/media\/79100"}],"wp:attachment":[{"href":"https:\/\/www.padreydecano.com\/cms\/wp-json\/wp\/v2\/media?parent=79131"}],"wp:term":[{"taxonomy":"category","embeddable":true,"href":"https:\/\/www.padreydecano.com\/cms\/wp-json\/wp\/v2\/categories?post=79131"},{"taxonomy":"post_tag","embeddable":true,"href":"https:\/\/www.padreydecano.com\/cms\/wp-json\/wp\/v2\/tags?post=79131"}],"curies":[{"name":"wp","href":"https:\/\/api.w.org\/{rel}","templated":true}]}}