{"id":79127,"date":"2022-09-23T17:26:37","date_gmt":"2022-09-23T20:26:37","guid":{"rendered":"http:\/\/www.padreydecano.com\/cms\/?p=79127"},"modified":"2022-09-29T00:44:17","modified_gmt":"2022-09-29T03:44:17","slug":"precios-populares-en-el-aniversario","status":"publish","type":"post","link":"https:\/\/www.padreydecano.com\/cms\/noticias\/precios-populares-en-el-aniversario\/","title":{"rendered":"Precios populares en el aniversario"},"content":{"rendered":"<p><img loading=\"lazy\" decoding=\"async\" class=\"alignnone size-medium wp-image-77157\" src=\"https:\/\/www.padreydecano.com\/cms\/wp-content\/uploads\/2021\/11\/f8186c23-aeee-4eac-bc35-c6ea028bf44e-600x400.jpg\" alt=\"\" width=\"600\" height=\"400\" srcset=\"https:\/\/www.padreydecano.com\/cms\/wp-content\/uploads\/2021\/11\/f8186c23-aeee-4eac-bc35-c6ea028bf44e-600x400.jpg 600w, https:\/\/www.padreydecano.com\/cms\/wp-content\/uploads\/2021\/11\/f8186c23-aeee-4eac-bc35-c6ea028bf44e-768x512.jpg 768w, https:\/\/www.padreydecano.com\/cms\/wp-content\/uploads\/2021\/11\/f8186c23-aeee-4eac-bc35-c6ea028bf44e-1024x683.jpg 1024w, https:\/\/www.padreydecano.com\/cms\/wp-content\/uploads\/2021\/11\/f8186c23-aeee-4eac-bc35-c6ea028bf44e.jpg 1600w\" sizes=\"(max-width: 600px) 100vw, 600px\" \/><\/p>\n<p><strong>Pe\u00f1arol fij\u00f3 precios populares para el p\u00fablico en general para el encuentro ante Boston River del pr\u00f3ximo mi\u00e9rcoles 28 de septiembre por Copa Uruguay. Los socios ingresar\u00e1n gratis.<\/strong><\/p>\n<p>El padre y decano del f\u00fatbol uruguayo celebrar\u00e1 sus 131 a\u00f1os de gloria el pr\u00f3ximo mi\u00e9rcoles 28 de septiembre. Ese mismo d\u00eda el carbonero recibir\u00e1 a Boston River a partir de las 20:30 horas por los octavos de final de la primera edici\u00f3n de la Copa Uruguay.<\/p>\n<p>Se fijaron precios populares pensando en que todos los hinchas tengan la oportunidad de asistir al recinto mirasol en la fecha tan especial para todos los simpatizantes aurinegros.<\/p>\n<p><span style=\"color: #ffcc00;\"><strong>Tribuna Cataldi<\/strong><\/span><\/p>\n<p><strong>Socios:<\/strong> Gratis<\/p>\n<p><strong>Generales:<\/strong> $ 131<\/p>\n<p><span style=\"color: #ffcc00;\"><strong>Tribuna Guelfi\u00a0<\/strong><\/span><\/p>\n<p><strong>Socios:<\/strong> Gratis<\/p>\n<p><strong>Generales: $<\/strong> 131<\/p>\n<p><span style=\"color: #ffcc00;\"><strong>Tribuna Damiani\u00a0<\/strong><\/span><\/p>\n<p><strong>Socios:<\/strong> Gratis<\/p>\n<p><strong>Generales:<\/strong> $ 331<\/p>\n<p><span style=\"color: #ffcc00;\"><strong>Tribuna Henderson\u00a0<\/strong><\/span><\/p>\n<p><strong>Socios:<\/strong> $ 431<\/p>\n<p><strong>Generales:<\/strong> $ 531<\/p>\n<p>Para el partido mencionado, Pe\u00f1arol utilizar\u00e1 su nueva camiseta aniversario, la cual se pondr\u00e1 a la venta para los hinchas carboneros el pr\u00f3ximo lunes 26 de septiembre. Pr\u00f3ximamente m\u00e1s detalles.<\/p>\n<div class=\"user-wrapper\"><a class=\"userlink\"href=\"https:\/\/twitter.com\/ftrucce18\" target=\"_blank\"><figure><img decoding=\"async\" src=\"http:\/\/www.padreydecano.com\/cms\/wp-users-files\/postfirmas\/ftrucce.jpg\" \/><\/figure><p class=\"user\"><strong>Franco Trucce<\/strong><br \/>@FTrucce18<\/p><\/a><\/div>\n","protected":false},"excerpt":{"rendered":"<p>Pe\u00f1arol fij\u00f3 precios populares para el p\u00fablico en general para el encuentro ante Boston River del pr\u00f3ximo mi\u00e9rcoles 28 de septiembre por Copa Uruguay. Los socios ingresar\u00e1n gratis. El padre y decano del f\u00fatbol uruguayo celebrar\u00e1 sus 131 a\u00f1os de gloria el pr\u00f3ximo mi\u00e9rcoles 28 de septiembre. Ese mismo d\u00eda el carbonero recibir\u00e1 a Boston [&hellip;]<\/p>\n","protected":false},"author":27,"featured_media":77157,"comment_status":"open","ping_status":"closed","sticky":false,"template":"","format":"standard","meta":{"footnotes":""},"categories":[1],"tags":[557],"yoast_head":"<!-- This site is optimized with the Yoast SEO plugin v23.2 - https:\/\/yoast.com\/wordpress\/plugins\/seo\/ -->\n<title>Precios populares en el aniversario - Padre y Decano - El Sitio del Pueblo<\/title>\n<meta name=\"robots\" content=\"index, follow, max-snippet:-1, max-image-preview:large, max-video-preview:-1\" \/>\n<link rel=\"canonical\" href=\"https:\/\/www.padreydecano.com\/cms\/noticias\/precios-populares-en-el-aniversario\/\" \/>\n<meta property=\"og:locale\" content=\"es_ES\" \/>\n<meta property=\"og:type\" content=\"article\" \/>\n<meta property=\"og:title\" content=\"Precios populares en el aniversario - Padre y Decano - El Sitio del Pueblo\" \/>\n<meta property=\"og:description\" content=\"Pe\u00f1arol fij\u00f3 precios populares para el p\u00fablico en general para el encuentro ante Boston River del pr\u00f3ximo mi\u00e9rcoles 28 de septiembre por Copa Uruguay. Los socios ingresar\u00e1n gratis. El padre y decano del f\u00fatbol uruguayo celebrar\u00e1 sus 131 a\u00f1os de gloria el pr\u00f3ximo mi\u00e9rcoles 28 de septiembre. Ese mismo d\u00eda el carbonero recibir\u00e1 a Boston [&hellip;]\" \/>\n<meta property=\"og:url\" content=\"https:\/\/www.padreydecano.com\/cms\/noticias\/precios-populares-en-el-aniversario\/\" \/>\n<meta property=\"og:site_name\" content=\"Padre y Decano - El Sitio del Pueblo\" \/>\n<meta property=\"article:published_time\" content=\"2022-09-23T20:26:37+00:00\" \/>\n<meta property=\"article:modified_time\" content=\"2022-09-29T03:44:17+00:00\" \/>\n<meta property=\"og:image\" content=\"https:\/\/www.padreydecano.com\/cms\/wp-content\/uploads\/2021\/11\/f8186c23-aeee-4eac-bc35-c6ea028bf44e.jpg\" \/>\n\t<meta property=\"og:image:width\" content=\"1600\" \/>\n\t<meta property=\"og:image:height\" content=\"1067\" \/>\n\t<meta property=\"og:image:type\" content=\"image\/jpeg\" \/>\n<meta name=\"author\" content=\"Redactores Padre y Decano\" \/>\n<meta name=\"twitter:card\" content=\"summary_large_image\" \/>\n<meta name=\"twitter:label1\" content=\"Escrito por\" \/>\n\t<meta name=\"twitter:data1\" content=\"Redactores Padre y Decano\" \/>\n\t<meta name=\"twitter:label2\" content=\"Tiempo de lectura\" \/>\n\t<meta name=\"twitter:data2\" content=\"1 minuto\" \/>\n<script type=\"application\/ld+json\" class=\"yoast-schema-graph\">{\"@context\":\"https:\/\/schema.org\",\"@graph\":[{\"@type\":\"Article\",\"@id\":\"https:\/\/www.padreydecano.com\/cms\/noticias\/precios-populares-en-el-aniversario\/#article\",\"isPartOf\":{\"@id\":\"https:\/\/www.padreydecano.com\/cms\/noticias\/precios-populares-en-el-aniversario\/\"},\"author\":{\"name\":\"Redactores Padre y Decano\",\"@id\":\"https:\/\/www.padreydecano.com\/cms\/#\/schema\/person\/37aae8f93aa78e4c5385497f056e3246\"},\"headline\":\"Precios populares en el aniversario\",\"datePublished\":\"2022-09-23T20:26:37+00:00\",\"dateModified\":\"2022-09-29T03:44:17+00:00\",\"mainEntityOfPage\":{\"@id\":\"https:\/\/www.padreydecano.com\/cms\/noticias\/precios-populares-en-el-aniversario\/\"},\"wordCount\":168,\"commentCount\":8,\"publisher\":{\"@id\":\"https:\/\/www.padreydecano.com\/cms\/#organization\"},\"image\":{\"@id\":\"https:\/\/www.padreydecano.com\/cms\/noticias\/precios-populares-en-el-aniversario\/#primaryimage\"},\"thumbnailUrl\":\"https:\/\/www.padreydecano.com\/cms\/wp-content\/uploads\/2021\/11\/f8186c23-aeee-4eac-bc35-c6ea028bf44e.jpg\",\"keywords\":[\"Campeonato Uruguayo 2022\"],\"articleSection\":[\"Noticias\"],\"inLanguage\":\"es\",\"potentialAction\":[{\"@type\":\"CommentAction\",\"name\":\"Comment\",\"target\":[\"https:\/\/www.padreydecano.com\/cms\/noticias\/precios-populares-en-el-aniversario\/#respond\"]}]},{\"@type\":\"WebPage\",\"@id\":\"https:\/\/www.padreydecano.com\/cms\/noticias\/precios-populares-en-el-aniversario\/\",\"url\":\"https:\/\/www.padreydecano.com\/cms\/noticias\/precios-populares-en-el-aniversario\/\",\"name\":\"Precios populares en el aniversario - Padre y Decano - El Sitio del Pueblo\",\"isPartOf\":{\"@id\":\"https:\/\/www.padreydecano.com\/cms\/#website\"},\"primaryImageOfPage\":{\"@id\":\"https:\/\/www.padreydecano.com\/cms\/noticias\/precios-populares-en-el-aniversario\/#primaryimage\"},\"image\":{\"@id\":\"https:\/\/www.padreydecano.com\/cms\/noticias\/precios-populares-en-el-aniversario\/#primaryimage\"},\"thumbnailUrl\":\"https:\/\/www.padreydecano.com\/cms\/wp-content\/uploads\/2021\/11\/f8186c23-aeee-4eac-bc35-c6ea028bf44e.jpg\",\"datePublished\":\"2022-09-23T20:26:37+00:00\",\"dateModified\":\"2022-09-29T03:44:17+00:00\",\"breadcrumb\":{\"@id\":\"https:\/\/www.padreydecano.com\/cms\/noticias\/precios-populares-en-el-aniversario\/#breadcrumb\"},\"inLanguage\":\"es\",\"potentialAction\":[{\"@type\":\"ReadAction\",\"target\":[\"https:\/\/www.padreydecano.com\/cms\/noticias\/precios-populares-en-el-aniversario\/\"]}]},{\"@type\":\"ImageObject\",\"inLanguage\":\"es\",\"@id\":\"https:\/\/www.padreydecano.com\/cms\/noticias\/precios-populares-en-el-aniversario\/#primaryimage\",\"url\":\"https:\/\/www.padreydecano.com\/cms\/wp-content\/uploads\/2021\/11\/f8186c23-aeee-4eac-bc35-c6ea028bf44e.jpg\",\"contentUrl\":\"https:\/\/www.padreydecano.com\/cms\/wp-content\/uploads\/2021\/11\/f8186c23-aeee-4eac-bc35-c6ea028bf44e.jpg\",\"width\":1600,\"height\":1067},{\"@type\":\"BreadcrumbList\",\"@id\":\"https:\/\/www.padreydecano.com\/cms\/noticias\/precios-populares-en-el-aniversario\/#breadcrumb\",\"itemListElement\":[{\"@type\":\"ListItem\",\"position\":1,\"name\":\"Portada\",\"item\":\"https:\/\/www.padreydecano.com\/cms\/\"},{\"@type\":\"ListItem\",\"position\":2,\"name\":\"Precios populares en el aniversario\"}]},{\"@type\":\"WebSite\",\"@id\":\"https:\/\/www.padreydecano.com\/cms\/#website\",\"url\":\"https:\/\/www.padreydecano.com\/cms\/\",\"name\":\"Padre y Decano - El Sitio del Pueblo\",\"description\":\"Club Atl\u00e9tico Pe\u00f1arol\",\"publisher\":{\"@id\":\"https:\/\/www.padreydecano.com\/cms\/#organization\"},\"potentialAction\":[{\"@type\":\"SearchAction\",\"target\":{\"@type\":\"EntryPoint\",\"urlTemplate\":\"https:\/\/www.padreydecano.com\/cms\/?s={search_term_string}\"},\"query-input\":\"required name=search_term_string\"}],\"inLanguage\":\"es\"},{\"@type\":\"Organization\",\"@id\":\"https:\/\/www.padreydecano.com\/cms\/#organization\",\"name\":\"Padre y Decano\",\"url\":\"https:\/\/www.padreydecano.com\/cms\/\",\"logo\":{\"@type\":\"ImageObject\",\"inLanguage\":\"es\",\"@id\":\"https:\/\/www.padreydecano.com\/cms\/#\/schema\/logo\/image\/\",\"url\":\"https:\/\/www.padreydecano.com\/cms\/wp-content\/uploads\/2022\/01\/avatar-square.png\",\"contentUrl\":\"https:\/\/www.padreydecano.com\/cms\/wp-content\/uploads\/2022\/01\/avatar-square.png\",\"width\":1500,\"height\":1500,\"caption\":\"Padre y Decano\"},\"image\":{\"@id\":\"https:\/\/www.padreydecano.com\/cms\/#\/schema\/logo\/image\/\"}},{\"@type\":\"Person\",\"@id\":\"https:\/\/www.padreydecano.com\/cms\/#\/schema\/person\/37aae8f93aa78e4c5385497f056e3246\",\"name\":\"Redactores Padre y Decano\",\"image\":{\"@type\":\"ImageObject\",\"inLanguage\":\"es\",\"@id\":\"https:\/\/www.padreydecano.com\/cms\/#\/schema\/person\/image\/\",\"url\":\"https:\/\/secure.gravatar.com\/avatar\/8810c4b9081192b118b104af54549af8?s=96&d=https%3A%2F%2Fpadreydecano.com%2Fcms%2Fwp-content%2Fthemes%2Fpyd-theme%2Fimg%2Fdefault-avatar.png&r=g\",\"contentUrl\":\"https:\/\/secure.gravatar.com\/avatar\/8810c4b9081192b118b104af54549af8?s=96&d=https%3A%2F%2Fpadreydecano.com%2Fcms%2Fwp-content%2Fthemes%2Fpyd-theme%2Fimg%2Fdefault-avatar.png&r=g\",\"caption\":\"Redactores Padre y Decano\"},\"sameAs\":[\"http:\/\/www.padreydecano.com\"]}]}<\/script>\n<!-- \/ Yoast SEO plugin. -->","yoast_head_json":{"title":"Precios populares en el aniversario - Padre y Decano - El Sitio del Pueblo","robots":{"index":"index","follow":"follow","max-snippet":"max-snippet:-1","max-image-preview":"max-image-preview:large","max-video-preview":"max-video-preview:-1"},"canonical":"https:\/\/www.padreydecano.com\/cms\/noticias\/precios-populares-en-el-aniversario\/","og_locale":"es_ES","og_type":"article","og_title":"Precios populares en el aniversario - Padre y Decano - El Sitio del Pueblo","og_description":"Pe\u00f1arol fij\u00f3 precios populares para el p\u00fablico en general para el encuentro ante Boston River del pr\u00f3ximo mi\u00e9rcoles 28 de septiembre por Copa Uruguay. Los socios ingresar\u00e1n gratis. El padre y decano del f\u00fatbol uruguayo celebrar\u00e1 sus 131 a\u00f1os de gloria el pr\u00f3ximo mi\u00e9rcoles 28 de septiembre. Ese mismo d\u00eda el carbonero recibir\u00e1 a Boston [&hellip;]","og_url":"https:\/\/www.padreydecano.com\/cms\/noticias\/precios-populares-en-el-aniversario\/","og_site_name":"Padre y Decano - El Sitio del Pueblo","article_published_time":"2022-09-23T20:26:37+00:00","article_modified_time":"2022-09-29T03:44:17+00:00","og_image":[{"width":1600,"height":1067,"url":"https:\/\/www.padreydecano.com\/cms\/wp-content\/uploads\/2021\/11\/f8186c23-aeee-4eac-bc35-c6ea028bf44e.jpg","type":"image\/jpeg"}],"author":"Redactores Padre y Decano","twitter_card":"summary_large_image","twitter_misc":{"Escrito por":"Redactores Padre y Decano","Tiempo de lectura":"1 minuto"},"schema":{"@context":"https:\/\/schema.org","@graph":[{"@type":"Article","@id":"https:\/\/www.padreydecano.com\/cms\/noticias\/precios-populares-en-el-aniversario\/#article","isPartOf":{"@id":"https:\/\/www.padreydecano.com\/cms\/noticias\/precios-populares-en-el-aniversario\/"},"author":{"name":"Redactores Padre y Decano","@id":"https:\/\/www.padreydecano.com\/cms\/#\/schema\/person\/37aae8f93aa78e4c5385497f056e3246"},"headline":"Precios populares en el aniversario","datePublished":"2022-09-23T20:26:37+00:00","dateModified":"2022-09-29T03:44:17+00:00","mainEntityOfPage":{"@id":"https:\/\/www.padreydecano.com\/cms\/noticias\/precios-populares-en-el-aniversario\/"},"wordCount":168,"commentCount":8,"publisher":{"@id":"https:\/\/www.padreydecano.com\/cms\/#organization"},"image":{"@id":"https:\/\/www.padreydecano.com\/cms\/noticias\/precios-populares-en-el-aniversario\/#primaryimage"},"thumbnailUrl":"https:\/\/www.padreydecano.com\/cms\/wp-content\/uploads\/2021\/11\/f8186c23-aeee-4eac-bc35-c6ea028bf44e.jpg","keywords":["Campeonato Uruguayo 2022"],"articleSection":["Noticias"],"inLanguage":"es","potentialAction":[{"@type":"CommentAction","name":"Comment","target":["https:\/\/www.padreydecano.com\/cms\/noticias\/precios-populares-en-el-aniversario\/#respond"]}]},{"@type":"WebPage","@id":"https:\/\/www.padreydecano.com\/cms\/noticias\/precios-populares-en-el-aniversario\/","url":"https:\/\/www.padreydecano.com\/cms\/noticias\/precios-populares-en-el-aniversario\/","name":"Precios populares en el aniversario - Padre y Decano - El Sitio del Pueblo","isPartOf":{"@id":"https:\/\/www.padreydecano.com\/cms\/#website"},"primaryImageOfPage":{"@id":"https:\/\/www.padreydecano.com\/cms\/noticias\/precios-populares-en-el-aniversario\/#primaryimage"},"image":{"@id":"https:\/\/www.padreydecano.com\/cms\/noticias\/precios-populares-en-el-aniversario\/#primaryimage"},"thumbnailUrl":"https:\/\/www.padreydecano.com\/cms\/wp-content\/uploads\/2021\/11\/f8186c23-aeee-4eac-bc35-c6ea028bf44e.jpg","datePublished":"2022-09-23T20:26:37+00:00","dateModified":"2022-09-29T03:44:17+00:00","breadcrumb":{"@id":"https:\/\/www.padreydecano.com\/cms\/noticias\/precios-populares-en-el-aniversario\/#breadcrumb"},"inLanguage":"es","potentialAction":[{"@type":"ReadAction","target":["https:\/\/www.padreydecano.com\/cms\/noticias\/precios-populares-en-el-aniversario\/"]}]},{"@type":"ImageObject","inLanguage":"es","@id":"https:\/\/www.padreydecano.com\/cms\/noticias\/precios-populares-en-el-aniversario\/#primaryimage","url":"https:\/\/www.padreydecano.com\/cms\/wp-content\/uploads\/2021\/11\/f8186c23-aeee-4eac-bc35-c6ea028bf44e.jpg","contentUrl":"https:\/\/www.padreydecano.com\/cms\/wp-content\/uploads\/2021\/11\/f8186c23-aeee-4eac-bc35-c6ea028bf44e.jpg","width":1600,"height":1067},{"@type":"BreadcrumbList","@id":"https:\/\/www.padreydecano.com\/cms\/noticias\/precios-populares-en-el-aniversario\/#breadcrumb","itemListElement":[{"@type":"ListItem","position":1,"name":"Portada","item":"https:\/\/www.padreydecano.com\/cms\/"},{"@type":"ListItem","position":2,"name":"Precios populares en el aniversario"}]},{"@type":"WebSite","@id":"https:\/\/www.padreydecano.com\/cms\/#website","url":"https:\/\/www.padreydecano.com\/cms\/","name":"Padre y Decano - El Sitio del Pueblo","description":"Club Atl\u00e9tico Pe\u00f1arol","publisher":{"@id":"https:\/\/www.padreydecano.com\/cms\/#organization"},"potentialAction":[{"@type":"SearchAction","target":{"@type":"EntryPoint","urlTemplate":"https:\/\/www.padreydecano.com\/cms\/?s={search_term_string}"},"query-input":"required name=search_term_string"}],"inLanguage":"es"},{"@type":"Organization","@id":"https:\/\/www.padreydecano.com\/cms\/#organization","name":"Padre y Decano","url":"https:\/\/www.padreydecano.com\/cms\/","logo":{"@type":"ImageObject","inLanguage":"es","@id":"https:\/\/www.padreydecano.com\/cms\/#\/schema\/logo\/image\/","url":"https:\/\/www.padreydecano.com\/cms\/wp-content\/uploads\/2022\/01\/avatar-square.png","contentUrl":"https:\/\/www.padreydecano.com\/cms\/wp-content\/uploads\/2022\/01\/avatar-square.png","width":1500,"height":1500,"caption":"Padre y Decano"},"image":{"@id":"https:\/\/www.padreydecano.com\/cms\/#\/schema\/logo\/image\/"}},{"@type":"Person","@id":"https:\/\/www.padreydecano.com\/cms\/#\/schema\/person\/37aae8f93aa78e4c5385497f056e3246","name":"Redactores Padre y Decano","image":{"@type":"ImageObject","inLanguage":"es","@id":"https:\/\/www.padreydecano.com\/cms\/#\/schema\/person\/image\/","url":"https:\/\/secure.gravatar.com\/avatar\/8810c4b9081192b118b104af54549af8?s=96&d=https%3A%2F%2Fpadreydecano.com%2Fcms%2Fwp-content%2Fthemes%2Fpyd-theme%2Fimg%2Fdefault-avatar.png&r=g","contentUrl":"https:\/\/secure.gravatar.com\/avatar\/8810c4b9081192b118b104af54549af8?s=96&d=https%3A%2F%2Fpadreydecano.com%2Fcms%2Fwp-content%2Fthemes%2Fpyd-theme%2Fimg%2Fdefault-avatar.png&r=g","caption":"Redactores Padre y Decano"},"sameAs":["http:\/\/www.padreydecano.com"]}]}},"_links":{"self":[{"href":"https:\/\/www.padreydecano.com\/cms\/wp-json\/wp\/v2\/posts\/79127"}],"collection":[{"href":"https:\/\/www.padreydecano.com\/cms\/wp-json\/wp\/v2\/posts"}],"about":[{"href":"https:\/\/www.padreydecano.com\/cms\/wp-json\/wp\/v2\/types\/post"}],"author":[{"embeddable":true,"href":"https:\/\/www.padreydecano.com\/cms\/wp-json\/wp\/v2\/users\/27"}],"replies":[{"embeddable":true,"href":"https:\/\/www.padreydecano.com\/cms\/wp-json\/wp\/v2\/comments?post=79127"}],"version-history":[{"count":0,"href":"https:\/\/www.padreydecano.com\/cms\/wp-json\/wp\/v2\/posts\/79127\/revisions"}],"wp:featuredmedia":[{"embeddable":true,"href":"https:\/\/www.padreydecano.com\/cms\/wp-json\/wp\/v2\/media\/77157"}],"wp:attachment":[{"href":"https:\/\/www.padreydecano.com\/cms\/wp-json\/wp\/v2\/media?parent=79127"}],"wp:term":[{"taxonomy":"category","embeddable":true,"href":"https:\/\/www.padreydecano.com\/cms\/wp-json\/wp\/v2\/categories?post=79127"},{"taxonomy":"post_tag","embeddable":true,"href":"https:\/\/www.padreydecano.com\/cms\/wp-json\/wp\/v2\/tags?post=79127"}],"curies":[{"name":"wp","href":"https:\/\/api.w.org\/{rel}","templated":true}]}}