{"id":79110,"date":"2022-09-15T22:20:50","date_gmt":"2022-09-16T01:20:50","guid":{"rendered":"http:\/\/www.padreydecano.com\/cms\/?p=79110"},"modified":"2022-09-19T08:28:03","modified_gmt":"2022-09-19T11:28:03","slug":"resurgir-con-los-pibes","status":"publish","type":"post","link":"https:\/\/www.padreydecano.com\/cms\/partidos\/resurgir-con-los-pibes\/","title":{"rendered":"Resurgir con los pibes"},"content":{"rendered":"<p><img loading=\"lazy\" decoding=\"async\" class=\"alignnone size-medium wp-image-79111\" src=\"https:\/\/www.padreydecano.com\/cms\/wp-content\/uploads\/2022\/09\/Fct-xUYWQAYLjVv-600x400.jpg\" alt=\"\" width=\"600\" height=\"400\" srcset=\"https:\/\/www.padreydecano.com\/cms\/wp-content\/uploads\/2022\/09\/Fct-xUYWQAYLjVv-600x400.jpg 600w, https:\/\/www.padreydecano.com\/cms\/wp-content\/uploads\/2022\/09\/Fct-xUYWQAYLjVv-1024x683.jpg 1024w, https:\/\/www.padreydecano.com\/cms\/wp-content\/uploads\/2022\/09\/Fct-xUYWQAYLjVv-768x512.jpg 768w, https:\/\/www.padreydecano.com\/cms\/wp-content\/uploads\/2022\/09\/Fct-xUYWQAYLjVv-1536x1025.jpg 1536w, https:\/\/www.padreydecano.com\/cms\/wp-content\/uploads\/2022\/09\/Fct-xUYWQAYLjVv-300x200.jpg 300w, https:\/\/www.padreydecano.com\/cms\/wp-content\/uploads\/2022\/09\/Fct-xUYWQAYLjVv-128x85.jpg 128w, https:\/\/www.padreydecano.com\/cms\/wp-content\/uploads\/2022\/09\/Fct-xUYWQAYLjVv-32x21.jpg 32w, https:\/\/www.padreydecano.com\/cms\/wp-content\/uploads\/2022\/09\/Fct-xUYWQAYLjVv.jpg 2048w\" sizes=\"(max-width: 600px) 100vw, 600px\" \/><\/p>\n<p><strong>Pe\u00f1arol derrot\u00f3 en Belvedere a Liverpool por 1 a 0 con gol del juvenil Brian Mansilla.<\/strong><\/p>\n<p>Luego del empate amargo ante Rentistas y de cuatro juegos sin ganar, el carbonero visit\u00f3 al campe\u00f3n del Torneo Apertura con la \u00fanica obligaci\u00f3n de ganar para trepar en la Anual.<\/p>\n<p>El equipo de Leonardo Ramos form\u00f3 con Kevin Dawson; Ezequiel Busquets, Hern\u00e1n Menosse, Yonatthan Rak, Valent\u00edn Rodr\u00edguez; Rodrigo Saravia (Brian Mansilla), Nicol\u00e1s Milesi (Agust\u00edn \u00c1lvarez); Nicol\u00e1s Rossi (Sergio N\u00fa\u00f1ez), Kevin M\u00e9ndez (Ignacio Laquintana), Brian Lozano; Lucas Viatri (Ruben Bentancourt).<\/p>\n<p><span style=\"color: #ffcc00;\"><strong>Primer tiempo<\/strong><\/span><\/p>\n<p>Los primeros 45&#8242; fueron con la t\u00f3nica del Pe\u00f1arol de todo el a\u00f1o. Un equipo chato, con pocas ideas en ataque y apelando a las individualidades. Rossi y M\u00e9ndez estuvieron bien marcados contra la banda y tuvieron poca participaci\u00f3n. Lozano se movi\u00f3 por todo el frente de ataque pero no encontr\u00f3 d\u00f3nde gravitar. Viatri casi no toc\u00f3 la pelota, fue un espectador m\u00e1s.<\/p>\n<p>Defensivamente fue un partido discreto. Valent\u00edn cada partido se afianza m\u00e1s en el lateral y el equipo crecer\u00e1 sustancialmente. Rak y Menosse no pasaron sobresaltos, pero las transiciones a velocidad los complican. Liverpool no fue una m\u00e1quina, pero estuvo m\u00e1s cerca de la apertura del marcador.<\/p>\n<p><strong><span style=\"color: #ffcc00;\">Segundo tiempo<\/span><\/strong><\/p>\n<p>De movida el conjunto de Ramos vino con una variante, \u00c1lvarez Wallace ingres\u00f3 bien y se complement\u00f3 con Saravia. Tambi\u00e9n N\u00fa\u00f1ez y Bentancourt ingresaron en busca del primer gol. El &#8216;Toto&#8217; fue clave y con una gran corrida hizo expulsar a un rival al minuto 67. De ah\u00ed en m\u00e1s el aurinegro se hizo m\u00e1s protagonista y fue por la victoria.<\/p>\n<p>Sergio N\u00fa\u00f1ez le cambi\u00f3 la cara al equipo, a pura velocidad, tuvo varias claras pero no la mand\u00f3 a guardar. Sin embargo, el equipo creci\u00f3 en confianza y empuj\u00f3 hasta el final. Ingres\u00f3 Mansilla y fue quien tuvo la carta de gol. Luego de un gran centro de Lozano, el juvenil arremeti\u00f3 sin marca y con un fuerte cabezazo la mand\u00f3 a guardar. Adem\u00e1s, el dolore\u00f1o tuvo su primer gol en primera.<\/p>\n<p>Una victoria que tiene que servir en lo an\u00edmico, para ganar todo lo que queda de ac\u00e1 en m\u00e1s. Es muy dif\u00edcil encontrar funcionamiento, con un entrenador nuevo y con la presi\u00f3n de por medio. Los pibes parecen ser la soluci\u00f3n en un momento tan complejo.<\/p>\n<div class=\"user-wrapper\"><a class=\"userlink\" href=\"https:\/\/twitter.com\/griegosebas\" target=\"_blank\"><figure><img decoding=\"async\" src=\"http:\/\/www.padreydecano.com\/cms\/wp-users-files\/postfirmas\/sebagriego.jpg\" \/><\/figure><p class=\"user\"><strong>Sebasti&aacute;n Griego<\/strong><br \/>@SebaGriego<\/p><\/a><\/div>\n","protected":false},"excerpt":{"rendered":"<p>Pe\u00f1arol derrot\u00f3 en Belvedere a Liverpool por 1 a 0 con gol del juvenil Brian Mansilla. Luego del empate amargo ante Rentistas y de cuatro juegos sin ganar, el carbonero visit\u00f3 al campe\u00f3n del Torneo Apertura con la \u00fanica obligaci\u00f3n de ganar para trepar en la Anual. El equipo de Leonardo Ramos form\u00f3 con Kevin [&hellip;]<\/p>\n","protected":false},"author":27,"featured_media":79111,"comment_status":"open","ping_status":"closed","sticky":false,"template":"","format":"standard","meta":{"footnotes":""},"categories":[13],"tags":[557],"yoast_head":"<!-- This site is optimized with the Yoast SEO plugin v23.2 - https:\/\/yoast.com\/wordpress\/plugins\/seo\/ -->\n<title>Resurgir con los pibes - Padre y Decano - El Sitio del Pueblo<\/title>\n<meta name=\"robots\" content=\"index, follow, max-snippet:-1, max-image-preview:large, max-video-preview:-1\" \/>\n<link rel=\"canonical\" href=\"https:\/\/www.padreydecano.com\/cms\/partidos\/resurgir-con-los-pibes\/\" \/>\n<meta property=\"og:locale\" content=\"es_ES\" \/>\n<meta property=\"og:type\" content=\"article\" \/>\n<meta property=\"og:title\" content=\"Resurgir con los pibes - Padre y Decano - El Sitio del Pueblo\" \/>\n<meta property=\"og:description\" content=\"Pe\u00f1arol derrot\u00f3 en Belvedere a Liverpool por 1 a 0 con gol del juvenil Brian Mansilla. Luego del empate amargo ante Rentistas y de cuatro juegos sin ganar, el carbonero visit\u00f3 al campe\u00f3n del Torneo Apertura con la \u00fanica obligaci\u00f3n de ganar para trepar en la Anual. El equipo de Leonardo Ramos form\u00f3 con Kevin [&hellip;]\" \/>\n<meta property=\"og:url\" content=\"https:\/\/www.padreydecano.com\/cms\/partidos\/resurgir-con-los-pibes\/\" \/>\n<meta property=\"og:site_name\" content=\"Padre y Decano - El Sitio del Pueblo\" \/>\n<meta property=\"article:published_time\" content=\"2022-09-16T01:20:50+00:00\" \/>\n<meta property=\"article:modified_time\" content=\"2022-09-19T11:28:03+00:00\" \/>\n<meta property=\"og:image\" content=\"https:\/\/www.padreydecano.com\/cms\/wp-content\/uploads\/2022\/09\/Fct-xUYWQAYLjVv.jpg\" \/>\n\t<meta property=\"og:image:width\" content=\"2048\" \/>\n\t<meta property=\"og:image:height\" content=\"1366\" \/>\n\t<meta property=\"og:image:type\" content=\"image\/jpeg\" \/>\n<meta name=\"author\" content=\"Redactores Padre y Decano\" \/>\n<meta name=\"twitter:card\" content=\"summary_large_image\" \/>\n<meta name=\"twitter:label1\" content=\"Escrito por\" \/>\n\t<meta name=\"twitter:data1\" content=\"Redactores Padre y Decano\" \/>\n\t<meta name=\"twitter:label2\" content=\"Tiempo de lectura\" \/>\n\t<meta name=\"twitter:data2\" content=\"2 minutos\" \/>\n<script type=\"application\/ld+json\" class=\"yoast-schema-graph\">{\"@context\":\"https:\/\/schema.org\",\"@graph\":[{\"@type\":\"Article\",\"@id\":\"https:\/\/www.padreydecano.com\/cms\/partidos\/resurgir-con-los-pibes\/#article\",\"isPartOf\":{\"@id\":\"https:\/\/www.padreydecano.com\/cms\/partidos\/resurgir-con-los-pibes\/\"},\"author\":{\"name\":\"Redactores Padre y Decano\",\"@id\":\"https:\/\/www.padreydecano.com\/cms\/#\/schema\/person\/37aae8f93aa78e4c5385497f056e3246\"},\"headline\":\"Resurgir con los pibes\",\"datePublished\":\"2022-09-16T01:20:50+00:00\",\"dateModified\":\"2022-09-19T11:28:03+00:00\",\"mainEntityOfPage\":{\"@id\":\"https:\/\/www.padreydecano.com\/cms\/partidos\/resurgir-con-los-pibes\/\"},\"wordCount\":413,\"commentCount\":78,\"publisher\":{\"@id\":\"https:\/\/www.padreydecano.com\/cms\/#organization\"},\"image\":{\"@id\":\"https:\/\/www.padreydecano.com\/cms\/partidos\/resurgir-con-los-pibes\/#primaryimage\"},\"thumbnailUrl\":\"https:\/\/www.padreydecano.com\/cms\/wp-content\/uploads\/2022\/09\/Fct-xUYWQAYLjVv.jpg\",\"keywords\":[\"Campeonato Uruguayo 2022\"],\"articleSection\":[\"Partidos\"],\"inLanguage\":\"es\",\"potentialAction\":[{\"@type\":\"CommentAction\",\"name\":\"Comment\",\"target\":[\"https:\/\/www.padreydecano.com\/cms\/partidos\/resurgir-con-los-pibes\/#respond\"]}]},{\"@type\":\"WebPage\",\"@id\":\"https:\/\/www.padreydecano.com\/cms\/partidos\/resurgir-con-los-pibes\/\",\"url\":\"https:\/\/www.padreydecano.com\/cms\/partidos\/resurgir-con-los-pibes\/\",\"name\":\"Resurgir con los pibes - Padre y Decano - El Sitio del Pueblo\",\"isPartOf\":{\"@id\":\"https:\/\/www.padreydecano.com\/cms\/#website\"},\"primaryImageOfPage\":{\"@id\":\"https:\/\/www.padreydecano.com\/cms\/partidos\/resurgir-con-los-pibes\/#primaryimage\"},\"image\":{\"@id\":\"https:\/\/www.padreydecano.com\/cms\/partidos\/resurgir-con-los-pibes\/#primaryimage\"},\"thumbnailUrl\":\"https:\/\/www.padreydecano.com\/cms\/wp-content\/uploads\/2022\/09\/Fct-xUYWQAYLjVv.jpg\",\"datePublished\":\"2022-09-16T01:20:50+00:00\",\"dateModified\":\"2022-09-19T11:28:03+00:00\",\"breadcrumb\":{\"@id\":\"https:\/\/www.padreydecano.com\/cms\/partidos\/resurgir-con-los-pibes\/#breadcrumb\"},\"inLanguage\":\"es\",\"potentialAction\":[{\"@type\":\"ReadAction\",\"target\":[\"https:\/\/www.padreydecano.com\/cms\/partidos\/resurgir-con-los-pibes\/\"]}]},{\"@type\":\"ImageObject\",\"inLanguage\":\"es\",\"@id\":\"https:\/\/www.padreydecano.com\/cms\/partidos\/resurgir-con-los-pibes\/#primaryimage\",\"url\":\"https:\/\/www.padreydecano.com\/cms\/wp-content\/uploads\/2022\/09\/Fct-xUYWQAYLjVv.jpg\",\"contentUrl\":\"https:\/\/www.padreydecano.com\/cms\/wp-content\/uploads\/2022\/09\/Fct-xUYWQAYLjVv.jpg\",\"width\":2048,\"height\":1366},{\"@type\":\"BreadcrumbList\",\"@id\":\"https:\/\/www.padreydecano.com\/cms\/partidos\/resurgir-con-los-pibes\/#breadcrumb\",\"itemListElement\":[{\"@type\":\"ListItem\",\"position\":1,\"name\":\"Portada\",\"item\":\"https:\/\/www.padreydecano.com\/cms\/\"},{\"@type\":\"ListItem\",\"position\":2,\"name\":\"Resurgir con los pibes\"}]},{\"@type\":\"WebSite\",\"@id\":\"https:\/\/www.padreydecano.com\/cms\/#website\",\"url\":\"https:\/\/www.padreydecano.com\/cms\/\",\"name\":\"Padre y Decano - El Sitio del Pueblo\",\"description\":\"Club Atl\u00e9tico Pe\u00f1arol\",\"publisher\":{\"@id\":\"https:\/\/www.padreydecano.com\/cms\/#organization\"},\"potentialAction\":[{\"@type\":\"SearchAction\",\"target\":{\"@type\":\"EntryPoint\",\"urlTemplate\":\"https:\/\/www.padreydecano.com\/cms\/?s={search_term_string}\"},\"query-input\":\"required name=search_term_string\"}],\"inLanguage\":\"es\"},{\"@type\":\"Organization\",\"@id\":\"https:\/\/www.padreydecano.com\/cms\/#organization\",\"name\":\"Padre y Decano\",\"url\":\"https:\/\/www.padreydecano.com\/cms\/\",\"logo\":{\"@type\":\"ImageObject\",\"inLanguage\":\"es\",\"@id\":\"https:\/\/www.padreydecano.com\/cms\/#\/schema\/logo\/image\/\",\"url\":\"https:\/\/www.padreydecano.com\/cms\/wp-content\/uploads\/2022\/01\/avatar-square.png\",\"contentUrl\":\"https:\/\/www.padreydecano.com\/cms\/wp-content\/uploads\/2022\/01\/avatar-square.png\",\"width\":1500,\"height\":1500,\"caption\":\"Padre y Decano\"},\"image\":{\"@id\":\"https:\/\/www.padreydecano.com\/cms\/#\/schema\/logo\/image\/\"}},{\"@type\":\"Person\",\"@id\":\"https:\/\/www.padreydecano.com\/cms\/#\/schema\/person\/37aae8f93aa78e4c5385497f056e3246\",\"name\":\"Redactores Padre y Decano\",\"image\":{\"@type\":\"ImageObject\",\"inLanguage\":\"es\",\"@id\":\"https:\/\/www.padreydecano.com\/cms\/#\/schema\/person\/image\/\",\"url\":\"https:\/\/secure.gravatar.com\/avatar\/8810c4b9081192b118b104af54549af8?s=96&d=https%3A%2F%2Fpadreydecano.com%2Fcms%2Fwp-content%2Fthemes%2Fpyd-theme%2Fimg%2Fdefault-avatar.png&r=g\",\"contentUrl\":\"https:\/\/secure.gravatar.com\/avatar\/8810c4b9081192b118b104af54549af8?s=96&d=https%3A%2F%2Fpadreydecano.com%2Fcms%2Fwp-content%2Fthemes%2Fpyd-theme%2Fimg%2Fdefault-avatar.png&r=g\",\"caption\":\"Redactores Padre y Decano\"},\"sameAs\":[\"http:\/\/www.padreydecano.com\"]}]}<\/script>\n<!-- \/ Yoast SEO plugin. -->","yoast_head_json":{"title":"Resurgir con los pibes - Padre y Decano - El Sitio del Pueblo","robots":{"index":"index","follow":"follow","max-snippet":"max-snippet:-1","max-image-preview":"max-image-preview:large","max-video-preview":"max-video-preview:-1"},"canonical":"https:\/\/www.padreydecano.com\/cms\/partidos\/resurgir-con-los-pibes\/","og_locale":"es_ES","og_type":"article","og_title":"Resurgir con los pibes - Padre y Decano - El Sitio del Pueblo","og_description":"Pe\u00f1arol derrot\u00f3 en Belvedere a Liverpool por 1 a 0 con gol del juvenil Brian Mansilla. Luego del empate amargo ante Rentistas y de cuatro juegos sin ganar, el carbonero visit\u00f3 al campe\u00f3n del Torneo Apertura con la \u00fanica obligaci\u00f3n de ganar para trepar en la Anual. El equipo de Leonardo Ramos form\u00f3 con Kevin [&hellip;]","og_url":"https:\/\/www.padreydecano.com\/cms\/partidos\/resurgir-con-los-pibes\/","og_site_name":"Padre y Decano - El Sitio del Pueblo","article_published_time":"2022-09-16T01:20:50+00:00","article_modified_time":"2022-09-19T11:28:03+00:00","og_image":[{"width":2048,"height":1366,"url":"https:\/\/www.padreydecano.com\/cms\/wp-content\/uploads\/2022\/09\/Fct-xUYWQAYLjVv.jpg","type":"image\/jpeg"}],"author":"Redactores Padre y Decano","twitter_card":"summary_large_image","twitter_misc":{"Escrito por":"Redactores Padre y Decano","Tiempo de lectura":"2 minutos"},"schema":{"@context":"https:\/\/schema.org","@graph":[{"@type":"Article","@id":"https:\/\/www.padreydecano.com\/cms\/partidos\/resurgir-con-los-pibes\/#article","isPartOf":{"@id":"https:\/\/www.padreydecano.com\/cms\/partidos\/resurgir-con-los-pibes\/"},"author":{"name":"Redactores Padre y Decano","@id":"https:\/\/www.padreydecano.com\/cms\/#\/schema\/person\/37aae8f93aa78e4c5385497f056e3246"},"headline":"Resurgir con los pibes","datePublished":"2022-09-16T01:20:50+00:00","dateModified":"2022-09-19T11:28:03+00:00","mainEntityOfPage":{"@id":"https:\/\/www.padreydecano.com\/cms\/partidos\/resurgir-con-los-pibes\/"},"wordCount":413,"commentCount":78,"publisher":{"@id":"https:\/\/www.padreydecano.com\/cms\/#organization"},"image":{"@id":"https:\/\/www.padreydecano.com\/cms\/partidos\/resurgir-con-los-pibes\/#primaryimage"},"thumbnailUrl":"https:\/\/www.padreydecano.com\/cms\/wp-content\/uploads\/2022\/09\/Fct-xUYWQAYLjVv.jpg","keywords":["Campeonato Uruguayo 2022"],"articleSection":["Partidos"],"inLanguage":"es","potentialAction":[{"@type":"CommentAction","name":"Comment","target":["https:\/\/www.padreydecano.com\/cms\/partidos\/resurgir-con-los-pibes\/#respond"]}]},{"@type":"WebPage","@id":"https:\/\/www.padreydecano.com\/cms\/partidos\/resurgir-con-los-pibes\/","url":"https:\/\/www.padreydecano.com\/cms\/partidos\/resurgir-con-los-pibes\/","name":"Resurgir con los pibes - Padre y Decano - El Sitio del Pueblo","isPartOf":{"@id":"https:\/\/www.padreydecano.com\/cms\/#website"},"primaryImageOfPage":{"@id":"https:\/\/www.padreydecano.com\/cms\/partidos\/resurgir-con-los-pibes\/#primaryimage"},"image":{"@id":"https:\/\/www.padreydecano.com\/cms\/partidos\/resurgir-con-los-pibes\/#primaryimage"},"thumbnailUrl":"https:\/\/www.padreydecano.com\/cms\/wp-content\/uploads\/2022\/09\/Fct-xUYWQAYLjVv.jpg","datePublished":"2022-09-16T01:20:50+00:00","dateModified":"2022-09-19T11:28:03+00:00","breadcrumb":{"@id":"https:\/\/www.padreydecano.com\/cms\/partidos\/resurgir-con-los-pibes\/#breadcrumb"},"inLanguage":"es","potentialAction":[{"@type":"ReadAction","target":["https:\/\/www.padreydecano.com\/cms\/partidos\/resurgir-con-los-pibes\/"]}]},{"@type":"ImageObject","inLanguage":"es","@id":"https:\/\/www.padreydecano.com\/cms\/partidos\/resurgir-con-los-pibes\/#primaryimage","url":"https:\/\/www.padreydecano.com\/cms\/wp-content\/uploads\/2022\/09\/Fct-xUYWQAYLjVv.jpg","contentUrl":"https:\/\/www.padreydecano.com\/cms\/wp-content\/uploads\/2022\/09\/Fct-xUYWQAYLjVv.jpg","width":2048,"height":1366},{"@type":"BreadcrumbList","@id":"https:\/\/www.padreydecano.com\/cms\/partidos\/resurgir-con-los-pibes\/#breadcrumb","itemListElement":[{"@type":"ListItem","position":1,"name":"Portada","item":"https:\/\/www.padreydecano.com\/cms\/"},{"@type":"ListItem","position":2,"name":"Resurgir con los pibes"}]},{"@type":"WebSite","@id":"https:\/\/www.padreydecano.com\/cms\/#website","url":"https:\/\/www.padreydecano.com\/cms\/","name":"Padre y Decano - El Sitio del Pueblo","description":"Club Atl\u00e9tico Pe\u00f1arol","publisher":{"@id":"https:\/\/www.padreydecano.com\/cms\/#organization"},"potentialAction":[{"@type":"SearchAction","target":{"@type":"EntryPoint","urlTemplate":"https:\/\/www.padreydecano.com\/cms\/?s={search_term_string}"},"query-input":"required name=search_term_string"}],"inLanguage":"es"},{"@type":"Organization","@id":"https:\/\/www.padreydecano.com\/cms\/#organization","name":"Padre y Decano","url":"https:\/\/www.padreydecano.com\/cms\/","logo":{"@type":"ImageObject","inLanguage":"es","@id":"https:\/\/www.padreydecano.com\/cms\/#\/schema\/logo\/image\/","url":"https:\/\/www.padreydecano.com\/cms\/wp-content\/uploads\/2022\/01\/avatar-square.png","contentUrl":"https:\/\/www.padreydecano.com\/cms\/wp-content\/uploads\/2022\/01\/avatar-square.png","width":1500,"height":1500,"caption":"Padre y Decano"},"image":{"@id":"https:\/\/www.padreydecano.com\/cms\/#\/schema\/logo\/image\/"}},{"@type":"Person","@id":"https:\/\/www.padreydecano.com\/cms\/#\/schema\/person\/37aae8f93aa78e4c5385497f056e3246","name":"Redactores Padre y Decano","image":{"@type":"ImageObject","inLanguage":"es","@id":"https:\/\/www.padreydecano.com\/cms\/#\/schema\/person\/image\/","url":"https:\/\/secure.gravatar.com\/avatar\/8810c4b9081192b118b104af54549af8?s=96&d=https%3A%2F%2Fpadreydecano.com%2Fcms%2Fwp-content%2Fthemes%2Fpyd-theme%2Fimg%2Fdefault-avatar.png&r=g","contentUrl":"https:\/\/secure.gravatar.com\/avatar\/8810c4b9081192b118b104af54549af8?s=96&d=https%3A%2F%2Fpadreydecano.com%2Fcms%2Fwp-content%2Fthemes%2Fpyd-theme%2Fimg%2Fdefault-avatar.png&r=g","caption":"Redactores Padre y Decano"},"sameAs":["http:\/\/www.padreydecano.com"]}]}},"_links":{"self":[{"href":"https:\/\/www.padreydecano.com\/cms\/wp-json\/wp\/v2\/posts\/79110"}],"collection":[{"href":"https:\/\/www.padreydecano.com\/cms\/wp-json\/wp\/v2\/posts"}],"about":[{"href":"https:\/\/www.padreydecano.com\/cms\/wp-json\/wp\/v2\/types\/post"}],"author":[{"embeddable":true,"href":"https:\/\/www.padreydecano.com\/cms\/wp-json\/wp\/v2\/users\/27"}],"replies":[{"embeddable":true,"href":"https:\/\/www.padreydecano.com\/cms\/wp-json\/wp\/v2\/comments?post=79110"}],"version-history":[{"count":0,"href":"https:\/\/www.padreydecano.com\/cms\/wp-json\/wp\/v2\/posts\/79110\/revisions"}],"wp:featuredmedia":[{"embeddable":true,"href":"https:\/\/www.padreydecano.com\/cms\/wp-json\/wp\/v2\/media\/79111"}],"wp:attachment":[{"href":"https:\/\/www.padreydecano.com\/cms\/wp-json\/wp\/v2\/media?parent=79110"}],"wp:term":[{"taxonomy":"category","embeddable":true,"href":"https:\/\/www.padreydecano.com\/cms\/wp-json\/wp\/v2\/categories?post=79110"},{"taxonomy":"post_tag","embeddable":true,"href":"https:\/\/www.padreydecano.com\/cms\/wp-json\/wp\/v2\/tags?post=79110"}],"curies":[{"name":"wp","href":"https:\/\/api.w.org\/{rel}","templated":true}]}}