{"id":79109,"date":"2022-09-15T13:27:10","date_gmt":"2022-09-15T16:27:10","guid":{"rendered":"http:\/\/www.padreydecano.com\/cms\/?p=79109"},"modified":"2022-09-19T08:25:40","modified_gmt":"2022-09-19T11:25:40","slug":"necesitado-y-obligado-de-puntos","status":"publish","type":"post","link":"https:\/\/www.padreydecano.com\/cms\/los-aromos\/necesitado-y-obligado-de-puntos\/","title":{"rendered":"Necesitado y obligado de puntos"},"content":{"rendered":"<p><img loading=\"lazy\" decoding=\"async\" class=\"alignnone size-large wp-image-78788\" src=\"https:\/\/www.padreydecano.com\/cms\/wp-content\/uploads\/2022\/06\/EC0DFB42-C8FF-4039-8AE0-00C584A14136-1024x683.jpeg\" alt=\"\" width=\"1024\" height=\"683\" srcset=\"https:\/\/www.padreydecano.com\/cms\/wp-content\/uploads\/2022\/06\/EC0DFB42-C8FF-4039-8AE0-00C584A14136-1024x683.jpeg 1024w, https:\/\/www.padreydecano.com\/cms\/wp-content\/uploads\/2022\/06\/EC0DFB42-C8FF-4039-8AE0-00C584A14136-600x400.jpeg 600w, https:\/\/www.padreydecano.com\/cms\/wp-content\/uploads\/2022\/06\/EC0DFB42-C8FF-4039-8AE0-00C584A14136-768x512.jpeg 768w, https:\/\/www.padreydecano.com\/cms\/wp-content\/uploads\/2022\/06\/EC0DFB42-C8FF-4039-8AE0-00C584A14136-1536x1025.jpeg 1536w, https:\/\/www.padreydecano.com\/cms\/wp-content\/uploads\/2022\/06\/EC0DFB42-C8FF-4039-8AE0-00C584A14136-300x200.jpeg 300w, https:\/\/www.padreydecano.com\/cms\/wp-content\/uploads\/2022\/06\/EC0DFB42-C8FF-4039-8AE0-00C584A14136-128x85.jpeg 128w, https:\/\/www.padreydecano.com\/cms\/wp-content\/uploads\/2022\/06\/EC0DFB42-C8FF-4039-8AE0-00C584A14136-32x21.jpeg 32w, https:\/\/www.padreydecano.com\/cms\/wp-content\/uploads\/2022\/06\/EC0DFB42-C8FF-4039-8AE0-00C584A14136.jpeg 2048w\" sizes=\"(max-width: 1024px) 100vw, 1024px\" \/><\/p>\n<p><strong>Pe\u00f1arol visita a Liverpool por la octava fecha del Torneo Clausura. A las 15:30 horas, y en el Estadio Belvedere, el Decano deber\u00e1 sumar de a 3 y volver a la victoria. El partido se televisar\u00e1 por VTV.<\/strong><\/p>\n<p><span style=\"color: #ffcc00;\"><strong>Equipo probable<\/strong><\/span><\/p>\n<p>A\u00fan no hay equipo confirmado por parte de Leo Ramos, pero se especula que haya variantes en el once inicial con respecto al que comenz\u00f3 en el \u00faltimo encuentro. Entre ellos, est\u00e1 la posibilidad de que Valent\u00edn Rodriguez sea titular en el lateral izquierdo suplantando a Juan Manuel Ramos.<\/p>\n<p><span style=\"color: #ffcc00;\"><strong>\u00bfC\u00f3mo vienen ambos?<\/strong><\/span><\/p>\n<p>Liverpool viene de vencer en condici\u00f3n de local a Cerrito por 3 a 0. Con goles de Thiago Vecino por duplicado, y Federico Pereira, el negriazul cosech\u00f3 un triunfo vital para seguir prendido en los puestos de arriba.<\/p>\n<p>Por su parte, el Decano, igual\u00f3 en 2 ante Rentistas. Nuevamente, la falta de generaci\u00f3n de juego y la irregularidad constante, fueron factores para que el Carbonero no sume de a 3 y se aleje de los escalones de vanguardia. Los goles fueron convertidos por Lucas Viatri.<\/p>\n<p><span style=\"color: #ffcc00;\"><strong>\u00daltimos 5 antecedentes<\/strong><\/span><\/p>\n<p>Torneo Clausura 2020: Liverpool 1 VS. 1 Pe\u00f1arol<\/p>\n<p>Torneo Apertura 2021: Liverpool 3 VS. 3 Pe\u00f1arol<\/p>\n<p>Torneo Clausura 2021: Pe\u00f1arol 1 VS. 0 Liverpool<\/p>\n<p>Torneo Apertura 2022: Pe\u00f1arol 2 VS. 1!Liverpool<\/p>\n<p>Torneo Intermedio 2022: Pe\u00f1arol 0 VS. 1 Pe\u00f1arol<\/p>\n<p><span style=\"color: #ffcc00;\"><strong>\u00c1rbitros<\/strong><\/span><\/p>\n<p>Esteban Ostojich ser\u00e1 el \u00e1rbitro principal del encuentro entre Pe\u00f1arol y Liverpool. Agust\u00edn Berisso y Sebasti\u00e1n Schroeder estar\u00e1n en las l\u00edneas, mientras que el cuarto \u00e1rbitro ser\u00e1 Daniel Fedorczuk.<\/p>\n<p>El VAR estar\u00e1 a cargo de Jhonatan Fuentes junto con Santiago Motta.<\/p>\n<p><span style=\"color: #ffcc00;\"><strong>Lo que se viene<\/strong><\/span><\/p>\n<p>Por la novena fecha, Pe\u00f1arol recibir\u00e1 a Cerrito. Para dicho partido, cabe recordar que se disputar\u00e1 sin p\u00fablico locatario debido a la sanci\u00f3n correspondiente a los incidentes en el partido cl\u00e1sico.<\/p>\n<div class=\"user-wrapper\"><a class=\"userlink\" href=\"https:\/\/twitter.com\/mathiaastilve\" target=\"_blank\"><figure><img decoding=\"async\" src=\"http:\/\/www.padreydecano.com\/cms\/wp-users-files\/postfirmas\/mathiastilve.jpg\" \/><\/figure><p class=\"user\"><strong>Mathias Tilve<\/strong><br \/>@mathiaastilve<\/p><\/a><\/div>\n","protected":false},"excerpt":{"rendered":"<p>Pe\u00f1arol visita a Liverpool por la octava fecha del Torneo Clausura. A las 15:30 horas, y en el Estadio Belvedere, el Decano deber\u00e1 sumar de a 3 y volver a la victoria. El partido se televisar\u00e1 por VTV. Equipo probable A\u00fan no hay equipo confirmado por parte de Leo Ramos, pero se especula que haya [&hellip;]<\/p>\n","protected":false},"author":5,"featured_media":78788,"comment_status":"open","ping_status":"closed","sticky":false,"template":"","format":"standard","meta":{"footnotes":""},"categories":[7],"tags":[557],"yoast_head":"<!-- This site is optimized with the Yoast SEO plugin v23.2 - https:\/\/yoast.com\/wordpress\/plugins\/seo\/ -->\n<title>Necesitado y obligado de puntos - Padre y Decano - El Sitio del Pueblo<\/title>\n<meta name=\"robots\" content=\"index, follow, max-snippet:-1, max-image-preview:large, max-video-preview:-1\" \/>\n<link rel=\"canonical\" href=\"https:\/\/www.padreydecano.com\/cms\/los-aromos\/necesitado-y-obligado-de-puntos\/\" \/>\n<meta property=\"og:locale\" content=\"es_ES\" \/>\n<meta property=\"og:type\" content=\"article\" \/>\n<meta property=\"og:title\" content=\"Necesitado y obligado de puntos - Padre y Decano - El Sitio del Pueblo\" \/>\n<meta property=\"og:description\" content=\"Pe\u00f1arol visita a Liverpool por la octava fecha del Torneo Clausura. A las 15:30 horas, y en el Estadio Belvedere, el Decano deber\u00e1 sumar de a 3 y volver a la victoria. El partido se televisar\u00e1 por VTV. Equipo probable A\u00fan no hay equipo confirmado por parte de Leo Ramos, pero se especula que haya [&hellip;]\" \/>\n<meta property=\"og:url\" content=\"https:\/\/www.padreydecano.com\/cms\/los-aromos\/necesitado-y-obligado-de-puntos\/\" \/>\n<meta property=\"og:site_name\" content=\"Padre y Decano - El Sitio del Pueblo\" \/>\n<meta property=\"article:published_time\" content=\"2022-09-15T16:27:10+00:00\" \/>\n<meta property=\"article:modified_time\" content=\"2022-09-19T11:25:40+00:00\" \/>\n<meta property=\"og:image\" content=\"https:\/\/www.padreydecano.com\/cms\/wp-content\/uploads\/2022\/06\/EC0DFB42-C8FF-4039-8AE0-00C584A14136.jpeg\" \/>\n\t<meta property=\"og:image:width\" content=\"2048\" \/>\n\t<meta property=\"og:image:height\" content=\"1366\" \/>\n\t<meta property=\"og:image:type\" content=\"image\/jpeg\" \/>\n<meta name=\"author\" content=\"Emirona07\" \/>\n<meta name=\"twitter:card\" content=\"summary_large_image\" \/>\n<meta name=\"twitter:label1\" content=\"Escrito por\" \/>\n\t<meta name=\"twitter:data1\" content=\"Emirona07\" \/>\n\t<meta name=\"twitter:label2\" content=\"Tiempo de lectura\" \/>\n\t<meta name=\"twitter:data2\" content=\"2 minutos\" \/>\n<script type=\"application\/ld+json\" class=\"yoast-schema-graph\">{\"@context\":\"https:\/\/schema.org\",\"@graph\":[{\"@type\":\"Article\",\"@id\":\"https:\/\/www.padreydecano.com\/cms\/los-aromos\/necesitado-y-obligado-de-puntos\/#article\",\"isPartOf\":{\"@id\":\"https:\/\/www.padreydecano.com\/cms\/los-aromos\/necesitado-y-obligado-de-puntos\/\"},\"author\":{\"name\":\"Emirona07\",\"@id\":\"https:\/\/www.padreydecano.com\/cms\/#\/schema\/person\/51e0214db654d9624824b37c2838bb65\"},\"headline\":\"Necesitado y obligado de puntos\",\"datePublished\":\"2022-09-15T16:27:10+00:00\",\"dateModified\":\"2022-09-19T11:25:40+00:00\",\"mainEntityOfPage\":{\"@id\":\"https:\/\/www.padreydecano.com\/cms\/los-aromos\/necesitado-y-obligado-de-puntos\/\"},\"wordCount\":302,\"commentCount\":15,\"publisher\":{\"@id\":\"https:\/\/www.padreydecano.com\/cms\/#organization\"},\"image\":{\"@id\":\"https:\/\/www.padreydecano.com\/cms\/los-aromos\/necesitado-y-obligado-de-puntos\/#primaryimage\"},\"thumbnailUrl\":\"https:\/\/www.padreydecano.com\/cms\/wp-content\/uploads\/2022\/06\/EC0DFB42-C8FF-4039-8AE0-00C584A14136.jpeg\",\"keywords\":[\"Campeonato Uruguayo 2022\"],\"articleSection\":[\"Los Aromos\"],\"inLanguage\":\"es\",\"potentialAction\":[{\"@type\":\"CommentAction\",\"name\":\"Comment\",\"target\":[\"https:\/\/www.padreydecano.com\/cms\/los-aromos\/necesitado-y-obligado-de-puntos\/#respond\"]}]},{\"@type\":\"WebPage\",\"@id\":\"https:\/\/www.padreydecano.com\/cms\/los-aromos\/necesitado-y-obligado-de-puntos\/\",\"url\":\"https:\/\/www.padreydecano.com\/cms\/los-aromos\/necesitado-y-obligado-de-puntos\/\",\"name\":\"Necesitado y obligado de puntos - Padre y Decano - El Sitio del Pueblo\",\"isPartOf\":{\"@id\":\"https:\/\/www.padreydecano.com\/cms\/#website\"},\"primaryImageOfPage\":{\"@id\":\"https:\/\/www.padreydecano.com\/cms\/los-aromos\/necesitado-y-obligado-de-puntos\/#primaryimage\"},\"image\":{\"@id\":\"https:\/\/www.padreydecano.com\/cms\/los-aromos\/necesitado-y-obligado-de-puntos\/#primaryimage\"},\"thumbnailUrl\":\"https:\/\/www.padreydecano.com\/cms\/wp-content\/uploads\/2022\/06\/EC0DFB42-C8FF-4039-8AE0-00C584A14136.jpeg\",\"datePublished\":\"2022-09-15T16:27:10+00:00\",\"dateModified\":\"2022-09-19T11:25:40+00:00\",\"breadcrumb\":{\"@id\":\"https:\/\/www.padreydecano.com\/cms\/los-aromos\/necesitado-y-obligado-de-puntos\/#breadcrumb\"},\"inLanguage\":\"es\",\"potentialAction\":[{\"@type\":\"ReadAction\",\"target\":[\"https:\/\/www.padreydecano.com\/cms\/los-aromos\/necesitado-y-obligado-de-puntos\/\"]}]},{\"@type\":\"ImageObject\",\"inLanguage\":\"es\",\"@id\":\"https:\/\/www.padreydecano.com\/cms\/los-aromos\/necesitado-y-obligado-de-puntos\/#primaryimage\",\"url\":\"https:\/\/www.padreydecano.com\/cms\/wp-content\/uploads\/2022\/06\/EC0DFB42-C8FF-4039-8AE0-00C584A14136.jpeg\",\"contentUrl\":\"https:\/\/www.padreydecano.com\/cms\/wp-content\/uploads\/2022\/06\/EC0DFB42-C8FF-4039-8AE0-00C584A14136.jpeg\",\"width\":2048,\"height\":1366},{\"@type\":\"BreadcrumbList\",\"@id\":\"https:\/\/www.padreydecano.com\/cms\/los-aromos\/necesitado-y-obligado-de-puntos\/#breadcrumb\",\"itemListElement\":[{\"@type\":\"ListItem\",\"position\":1,\"name\":\"Portada\",\"item\":\"https:\/\/www.padreydecano.com\/cms\/\"},{\"@type\":\"ListItem\",\"position\":2,\"name\":\"Necesitado y obligado de puntos\"}]},{\"@type\":\"WebSite\",\"@id\":\"https:\/\/www.padreydecano.com\/cms\/#website\",\"url\":\"https:\/\/www.padreydecano.com\/cms\/\",\"name\":\"Padre y Decano - El Sitio del Pueblo\",\"description\":\"Club Atl\u00e9tico Pe\u00f1arol\",\"publisher\":{\"@id\":\"https:\/\/www.padreydecano.com\/cms\/#organization\"},\"potentialAction\":[{\"@type\":\"SearchAction\",\"target\":{\"@type\":\"EntryPoint\",\"urlTemplate\":\"https:\/\/www.padreydecano.com\/cms\/?s={search_term_string}\"},\"query-input\":\"required name=search_term_string\"}],\"inLanguage\":\"es\"},{\"@type\":\"Organization\",\"@id\":\"https:\/\/www.padreydecano.com\/cms\/#organization\",\"name\":\"Padre y Decano\",\"url\":\"https:\/\/www.padreydecano.com\/cms\/\",\"logo\":{\"@type\":\"ImageObject\",\"inLanguage\":\"es\",\"@id\":\"https:\/\/www.padreydecano.com\/cms\/#\/schema\/logo\/image\/\",\"url\":\"https:\/\/www.padreydecano.com\/cms\/wp-content\/uploads\/2022\/01\/avatar-square.png\",\"contentUrl\":\"https:\/\/www.padreydecano.com\/cms\/wp-content\/uploads\/2022\/01\/avatar-square.png\",\"width\":1500,\"height\":1500,\"caption\":\"Padre y Decano\"},\"image\":{\"@id\":\"https:\/\/www.padreydecano.com\/cms\/#\/schema\/logo\/image\/\"}},{\"@type\":\"Person\",\"@id\":\"https:\/\/www.padreydecano.com\/cms\/#\/schema\/person\/51e0214db654d9624824b37c2838bb65\",\"name\":\"Emirona07\",\"image\":{\"@type\":\"ImageObject\",\"inLanguage\":\"es\",\"@id\":\"https:\/\/www.padreydecano.com\/cms\/#\/schema\/person\/image\/\",\"url\":\"https:\/\/secure.gravatar.com\/avatar\/93c9118dbd5373a8a065bb5cdddde6bf?s=96&d=https%3A%2F%2Fpadreydecano.com%2Fcms%2Fwp-content%2Fthemes%2Fpyd-theme%2Fimg%2Fdefault-avatar.png&r=g\",\"contentUrl\":\"https:\/\/secure.gravatar.com\/avatar\/93c9118dbd5373a8a065bb5cdddde6bf?s=96&d=https%3A%2F%2Fpadreydecano.com%2Fcms%2Fwp-content%2Fthemes%2Fpyd-theme%2Fimg%2Fdefault-avatar.png&r=g\",\"caption\":\"Emirona07\"}}]}<\/script>\n<!-- \/ Yoast SEO plugin. -->","yoast_head_json":{"title":"Necesitado y obligado de puntos - Padre y Decano - El Sitio del Pueblo","robots":{"index":"index","follow":"follow","max-snippet":"max-snippet:-1","max-image-preview":"max-image-preview:large","max-video-preview":"max-video-preview:-1"},"canonical":"https:\/\/www.padreydecano.com\/cms\/los-aromos\/necesitado-y-obligado-de-puntos\/","og_locale":"es_ES","og_type":"article","og_title":"Necesitado y obligado de puntos - Padre y Decano - El Sitio del Pueblo","og_description":"Pe\u00f1arol visita a Liverpool por la octava fecha del Torneo Clausura. A las 15:30 horas, y en el Estadio Belvedere, el Decano deber\u00e1 sumar de a 3 y volver a la victoria. El partido se televisar\u00e1 por VTV. Equipo probable A\u00fan no hay equipo confirmado por parte de Leo Ramos, pero se especula que haya [&hellip;]","og_url":"https:\/\/www.padreydecano.com\/cms\/los-aromos\/necesitado-y-obligado-de-puntos\/","og_site_name":"Padre y Decano - El Sitio del Pueblo","article_published_time":"2022-09-15T16:27:10+00:00","article_modified_time":"2022-09-19T11:25:40+00:00","og_image":[{"width":2048,"height":1366,"url":"https:\/\/www.padreydecano.com\/cms\/wp-content\/uploads\/2022\/06\/EC0DFB42-C8FF-4039-8AE0-00C584A14136.jpeg","type":"image\/jpeg"}],"author":"Emirona07","twitter_card":"summary_large_image","twitter_misc":{"Escrito por":"Emirona07","Tiempo de lectura":"2 minutos"},"schema":{"@context":"https:\/\/schema.org","@graph":[{"@type":"Article","@id":"https:\/\/www.padreydecano.com\/cms\/los-aromos\/necesitado-y-obligado-de-puntos\/#article","isPartOf":{"@id":"https:\/\/www.padreydecano.com\/cms\/los-aromos\/necesitado-y-obligado-de-puntos\/"},"author":{"name":"Emirona07","@id":"https:\/\/www.padreydecano.com\/cms\/#\/schema\/person\/51e0214db654d9624824b37c2838bb65"},"headline":"Necesitado y obligado de puntos","datePublished":"2022-09-15T16:27:10+00:00","dateModified":"2022-09-19T11:25:40+00:00","mainEntityOfPage":{"@id":"https:\/\/www.padreydecano.com\/cms\/los-aromos\/necesitado-y-obligado-de-puntos\/"},"wordCount":302,"commentCount":15,"publisher":{"@id":"https:\/\/www.padreydecano.com\/cms\/#organization"},"image":{"@id":"https:\/\/www.padreydecano.com\/cms\/los-aromos\/necesitado-y-obligado-de-puntos\/#primaryimage"},"thumbnailUrl":"https:\/\/www.padreydecano.com\/cms\/wp-content\/uploads\/2022\/06\/EC0DFB42-C8FF-4039-8AE0-00C584A14136.jpeg","keywords":["Campeonato Uruguayo 2022"],"articleSection":["Los Aromos"],"inLanguage":"es","potentialAction":[{"@type":"CommentAction","name":"Comment","target":["https:\/\/www.padreydecano.com\/cms\/los-aromos\/necesitado-y-obligado-de-puntos\/#respond"]}]},{"@type":"WebPage","@id":"https:\/\/www.padreydecano.com\/cms\/los-aromos\/necesitado-y-obligado-de-puntos\/","url":"https:\/\/www.padreydecano.com\/cms\/los-aromos\/necesitado-y-obligado-de-puntos\/","name":"Necesitado y obligado de puntos - Padre y Decano - El Sitio del Pueblo","isPartOf":{"@id":"https:\/\/www.padreydecano.com\/cms\/#website"},"primaryImageOfPage":{"@id":"https:\/\/www.padreydecano.com\/cms\/los-aromos\/necesitado-y-obligado-de-puntos\/#primaryimage"},"image":{"@id":"https:\/\/www.padreydecano.com\/cms\/los-aromos\/necesitado-y-obligado-de-puntos\/#primaryimage"},"thumbnailUrl":"https:\/\/www.padreydecano.com\/cms\/wp-content\/uploads\/2022\/06\/EC0DFB42-C8FF-4039-8AE0-00C584A14136.jpeg","datePublished":"2022-09-15T16:27:10+00:00","dateModified":"2022-09-19T11:25:40+00:00","breadcrumb":{"@id":"https:\/\/www.padreydecano.com\/cms\/los-aromos\/necesitado-y-obligado-de-puntos\/#breadcrumb"},"inLanguage":"es","potentialAction":[{"@type":"ReadAction","target":["https:\/\/www.padreydecano.com\/cms\/los-aromos\/necesitado-y-obligado-de-puntos\/"]}]},{"@type":"ImageObject","inLanguage":"es","@id":"https:\/\/www.padreydecano.com\/cms\/los-aromos\/necesitado-y-obligado-de-puntos\/#primaryimage","url":"https:\/\/www.padreydecano.com\/cms\/wp-content\/uploads\/2022\/06\/EC0DFB42-C8FF-4039-8AE0-00C584A14136.jpeg","contentUrl":"https:\/\/www.padreydecano.com\/cms\/wp-content\/uploads\/2022\/06\/EC0DFB42-C8FF-4039-8AE0-00C584A14136.jpeg","width":2048,"height":1366},{"@type":"BreadcrumbList","@id":"https:\/\/www.padreydecano.com\/cms\/los-aromos\/necesitado-y-obligado-de-puntos\/#breadcrumb","itemListElement":[{"@type":"ListItem","position":1,"name":"Portada","item":"https:\/\/www.padreydecano.com\/cms\/"},{"@type":"ListItem","position":2,"name":"Necesitado y obligado de puntos"}]},{"@type":"WebSite","@id":"https:\/\/www.padreydecano.com\/cms\/#website","url":"https:\/\/www.padreydecano.com\/cms\/","name":"Padre y Decano - El Sitio del Pueblo","description":"Club Atl\u00e9tico Pe\u00f1arol","publisher":{"@id":"https:\/\/www.padreydecano.com\/cms\/#organization"},"potentialAction":[{"@type":"SearchAction","target":{"@type":"EntryPoint","urlTemplate":"https:\/\/www.padreydecano.com\/cms\/?s={search_term_string}"},"query-input":"required name=search_term_string"}],"inLanguage":"es"},{"@type":"Organization","@id":"https:\/\/www.padreydecano.com\/cms\/#organization","name":"Padre y Decano","url":"https:\/\/www.padreydecano.com\/cms\/","logo":{"@type":"ImageObject","inLanguage":"es","@id":"https:\/\/www.padreydecano.com\/cms\/#\/schema\/logo\/image\/","url":"https:\/\/www.padreydecano.com\/cms\/wp-content\/uploads\/2022\/01\/avatar-square.png","contentUrl":"https:\/\/www.padreydecano.com\/cms\/wp-content\/uploads\/2022\/01\/avatar-square.png","width":1500,"height":1500,"caption":"Padre y Decano"},"image":{"@id":"https:\/\/www.padreydecano.com\/cms\/#\/schema\/logo\/image\/"}},{"@type":"Person","@id":"https:\/\/www.padreydecano.com\/cms\/#\/schema\/person\/51e0214db654d9624824b37c2838bb65","name":"Emirona07","image":{"@type":"ImageObject","inLanguage":"es","@id":"https:\/\/www.padreydecano.com\/cms\/#\/schema\/person\/image\/","url":"https:\/\/secure.gravatar.com\/avatar\/93c9118dbd5373a8a065bb5cdddde6bf?s=96&d=https%3A%2F%2Fpadreydecano.com%2Fcms%2Fwp-content%2Fthemes%2Fpyd-theme%2Fimg%2Fdefault-avatar.png&r=g","contentUrl":"https:\/\/secure.gravatar.com\/avatar\/93c9118dbd5373a8a065bb5cdddde6bf?s=96&d=https%3A%2F%2Fpadreydecano.com%2Fcms%2Fwp-content%2Fthemes%2Fpyd-theme%2Fimg%2Fdefault-avatar.png&r=g","caption":"Emirona07"}}]}},"_links":{"self":[{"href":"https:\/\/www.padreydecano.com\/cms\/wp-json\/wp\/v2\/posts\/79109"}],"collection":[{"href":"https:\/\/www.padreydecano.com\/cms\/wp-json\/wp\/v2\/posts"}],"about":[{"href":"https:\/\/www.padreydecano.com\/cms\/wp-json\/wp\/v2\/types\/post"}],"author":[{"embeddable":true,"href":"https:\/\/www.padreydecano.com\/cms\/wp-json\/wp\/v2\/users\/5"}],"replies":[{"embeddable":true,"href":"https:\/\/www.padreydecano.com\/cms\/wp-json\/wp\/v2\/comments?post=79109"}],"version-history":[{"count":0,"href":"https:\/\/www.padreydecano.com\/cms\/wp-json\/wp\/v2\/posts\/79109\/revisions"}],"wp:featuredmedia":[{"embeddable":true,"href":"https:\/\/www.padreydecano.com\/cms\/wp-json\/wp\/v2\/media\/78788"}],"wp:attachment":[{"href":"https:\/\/www.padreydecano.com\/cms\/wp-json\/wp\/v2\/media?parent=79109"}],"wp:term":[{"taxonomy":"category","embeddable":true,"href":"https:\/\/www.padreydecano.com\/cms\/wp-json\/wp\/v2\/categories?post=79109"},{"taxonomy":"post_tag","embeddable":true,"href":"https:\/\/www.padreydecano.com\/cms\/wp-json\/wp\/v2\/tags?post=79109"}],"curies":[{"name":"wp","href":"https:\/\/api.w.org\/{rel}","templated":true}]}}