{"id":79101,"date":"2022-09-11T23:47:16","date_gmt":"2022-09-12T02:47:16","guid":{"rendered":"http:\/\/www.padreydecano.com\/cms\/?p=79101"},"modified":"2022-09-15T13:27:30","modified_gmt":"2022-09-15T16:27:30","slug":"con-sabor-a-poco-2","status":"publish","type":"post","link":"https:\/\/www.padreydecano.com\/cms\/partidos\/con-sabor-a-poco-2\/","title":{"rendered":"Con sabor a poco"},"content":{"rendered":"<p><img loading=\"lazy\" decoding=\"async\" class=\"alignnone size-medium wp-image-79102\" src=\"https:\/\/www.padreydecano.com\/cms\/wp-content\/uploads\/2022\/09\/20220911_233909-600x400.jpg\" alt=\"\" width=\"600\" height=\"400\" srcset=\"https:\/\/www.padreydecano.com\/cms\/wp-content\/uploads\/2022\/09\/20220911_233909-600x400.jpg 600w, https:\/\/www.padreydecano.com\/cms\/wp-content\/uploads\/2022\/09\/20220911_233909-1024x683.jpg 1024w, https:\/\/www.padreydecano.com\/cms\/wp-content\/uploads\/2022\/09\/20220911_233909-768x512.jpg 768w, https:\/\/www.padreydecano.com\/cms\/wp-content\/uploads\/2022\/09\/20220911_233909-1536x1025.jpg 1536w, https:\/\/www.padreydecano.com\/cms\/wp-content\/uploads\/2022\/09\/20220911_233909-300x200.jpg 300w, https:\/\/www.padreydecano.com\/cms\/wp-content\/uploads\/2022\/09\/20220911_233909-128x85.jpg 128w, https:\/\/www.padreydecano.com\/cms\/wp-content\/uploads\/2022\/09\/20220911_233909-32x21.jpg 32w, https:\/\/www.padreydecano.com\/cms\/wp-content\/uploads\/2022\/09\/20220911_233909.jpg 2048w\" sizes=\"(max-width: 600px) 100vw, 600px\" \/><\/p>\n<p><strong>Pe\u00f1arol igual\u00f3 2 a 2 frente a Rentistas en el Estadio Campe\u00f3n del Siglo por la s\u00e9ptima fecha del Torneo Clausura 2022. En otro mal partido del decano, no alcanz\u00f3 para dar vuelta el marcador.<\/strong><\/p>\n<p>Luego de vencer a Col\u00f3n por la Copa Uruguay, Pe\u00f1arol recib\u00eda a Rentistas, uno de los equipos del fondo de la tabla del Clausura.<\/p>\n<p>Leo Ramos par\u00f3 un equipo sin mayores sorpresas salvo por la salida de Walter Gargano. El equipo form\u00f3 con: Kevin Dawson; Mat\u00edas Aguirregaray (Ezequiel Busquets), Hern\u00e1n Menosse, Yonatthan Rak, Juan Manuel Ramos (Valent\u00edn Rodr\u00edguez); Brian Lozano, Nicol\u00e1s Milesi (Ignacio Laquintana), Rodrigo Saravia, Kevin M\u00e9ndez; Lucas Viatri y Ruben Bentancourt (Sergio N\u00fa\u00f1ez).<\/p>\n<p><strong>Banco: <\/strong>Thiago Cardozo, Agust\u00edn Da Silveira, Agust\u00edn \u00c1lvarez Wallace, Walter Gargano y Billy Arce.<\/p>\n<p><strong><span style=\"color: #ffcc00;\">Primer tiempo<\/span><\/strong><\/p>\n<p>Rentistas peg\u00f3 r\u00e1pido en el partido, apenas a los 7 minutos de iniciado el encuentro apareci\u00f3 el ex Pe\u00f1arol Luis Acevedo, para aprovechar un descuido de la defensa y abrir el marcador en el recinto aurinegro.<\/p>\n<p>El gol tempranero golpe\u00f3 fuerte al decano, que con mucho nerviosismo y sin trasladar bien el bal\u00f3n, de a poco intent\u00f3 t\u00edmidamente ir por el empate.<\/p>\n<p>Llegando a los 20 minutos, Viatri intent\u00f3 de afuera del \u00e1rea, sin incomodar al guardameta rival. Viatri fue importante en el resultado final del partido.<\/p>\n<p>El argentino volvi\u00f3 a aparecer minutos m\u00e1s tarde. Saravia le da un gran pase a Lozano que levanta el centro a Viatri, este cabecea y la pelota pas\u00f3 cerca del vertical.<\/p>\n<p>Posteriormente, otro buen pase de Saravia dej\u00f3 muy bien posicionado a Lozano. Brian asisti\u00f3 al medio y en primera instancia apareci\u00f3 Bentancourt de taco, ante el rechazo de un defensor en la l\u00ednea. En el rebote intent\u00f3 Rak sin mayores \u00e9xitos.<\/p>\n<p><span style=\"color: #ffcc00;\"><strong>Segundo tiempo<\/strong><\/span><\/p>\n<p>Para el complemento, nuevamente el carbonero sali\u00f3 a jugar con el mismo equipo.<\/p>\n<p>Al carbonero le costaba llegar al \u00e1rea rival y ten\u00eda del otro lado a un intratable Acu\u00f1a que super\u00f3 en todo momento a Menosse.<\/p>\n<p>Llegando a la hora de juego, Acu\u00f1a se adue\u00f1\u00f3 del bal\u00f3n en el \u00e1rea y convirti\u00f3 el segundo gol del bicho colorado en el partido. El panorama se ve\u00eda muy complicado, 2 goles abajo en el marcador y otro bajo rendimiento del equipo.<\/p>\n<p>Valent\u00edn Rodr\u00edguez, que ingres\u00f3 de gran manera y fue importante por la banda izquierda, centr\u00f3 a Viatri que apareci\u00f3 de cabeza para descontar a los 67&#8242;.<\/p>\n<p>El descuento le dio un envi\u00f3n an\u00edmico al equipo, que meti\u00f3 al visitante en su arco y fue por el empate. Rossi replic\u00f3 la jugada de Valent\u00edn Rodr\u00edguez y con otro centro volvi\u00f3 a aparecer Viatri para empatar el marcador.<\/p>\n<p>En los minutos finales, Pe\u00f1arol fue superior al rival y mereci\u00f3 ganarlo, pero no pudo concretar y se escap\u00f3 el triunfo como local.<\/p>\n<p>Pe\u00f1arol volvi\u00f3 a dejar puntos importantes como local. El equipo dirigido por Leo Ramos qued\u00f3 a 9 puntos del segundo de la Anual y a 19 del primero. Y en el Clausura con diferencia de 9 puntos con los l\u00edderes.<\/p>\n<p>Contin\u00faa el preocupante momento deportivo del Club, que sigue sin concretar los resultados y fuera de la zona de clasificaci\u00f3n a la Copa Libertadores.<\/p>\n<div class=\"user-wrapper\"><a class=\"userlink\"href=\"https:\/\/twitter.com\/ftrucce18\" target=\"_blank\"><figure><img decoding=\"async\" src=\"http:\/\/www.padreydecano.com\/cms\/wp-users-files\/postfirmas\/ftrucce.jpg\" \/><\/figure><p class=\"user\"><strong>Franco Trucce<\/strong><br \/>@FTrucce18<\/p><\/a><\/div>\n","protected":false},"excerpt":{"rendered":"<p>Pe\u00f1arol igual\u00f3 2 a 2 frente a Rentistas en el Estadio Campe\u00f3n del Siglo por la s\u00e9ptima fecha del Torneo Clausura 2022. En otro mal partido del decano, no alcanz\u00f3 para dar vuelta el marcador. Luego de vencer a Col\u00f3n por la Copa Uruguay, Pe\u00f1arol recib\u00eda a Rentistas, uno de los equipos del fondo de [&hellip;]<\/p>\n","protected":false},"author":27,"featured_media":79102,"comment_status":"open","ping_status":"closed","sticky":false,"template":"","format":"standard","meta":{"footnotes":""},"categories":[13],"tags":[557],"yoast_head":"<!-- This site is optimized with the Yoast SEO plugin v23.2 - https:\/\/yoast.com\/wordpress\/plugins\/seo\/ -->\n<title>Con sabor a poco - Padre y Decano - El Sitio del Pueblo<\/title>\n<meta name=\"robots\" content=\"index, follow, max-snippet:-1, max-image-preview:large, max-video-preview:-1\" \/>\n<link rel=\"canonical\" href=\"https:\/\/www.padreydecano.com\/cms\/partidos\/con-sabor-a-poco-2\/\" \/>\n<meta property=\"og:locale\" content=\"es_ES\" \/>\n<meta property=\"og:type\" content=\"article\" \/>\n<meta property=\"og:title\" content=\"Con sabor a poco - Padre y Decano - El Sitio del Pueblo\" \/>\n<meta property=\"og:description\" content=\"Pe\u00f1arol igual\u00f3 2 a 2 frente a Rentistas en el Estadio Campe\u00f3n del Siglo por la s\u00e9ptima fecha del Torneo Clausura 2022. En otro mal partido del decano, no alcanz\u00f3 para dar vuelta el marcador. Luego de vencer a Col\u00f3n por la Copa Uruguay, Pe\u00f1arol recib\u00eda a Rentistas, uno de los equipos del fondo de [&hellip;]\" \/>\n<meta property=\"og:url\" content=\"https:\/\/www.padreydecano.com\/cms\/partidos\/con-sabor-a-poco-2\/\" \/>\n<meta property=\"og:site_name\" content=\"Padre y Decano - El Sitio del Pueblo\" \/>\n<meta property=\"article:published_time\" content=\"2022-09-12T02:47:16+00:00\" \/>\n<meta property=\"article:modified_time\" content=\"2022-09-15T16:27:30+00:00\" \/>\n<meta property=\"og:image\" content=\"https:\/\/www.padreydecano.com\/cms\/wp-content\/uploads\/2022\/09\/20220911_233909.jpg\" \/>\n\t<meta property=\"og:image:width\" content=\"2048\" \/>\n\t<meta property=\"og:image:height\" content=\"1366\" \/>\n\t<meta property=\"og:image:type\" content=\"image\/jpeg\" \/>\n<meta name=\"author\" content=\"Redactores Padre y Decano\" \/>\n<meta name=\"twitter:card\" content=\"summary_large_image\" \/>\n<meta name=\"twitter:label1\" content=\"Escrito por\" \/>\n\t<meta name=\"twitter:data1\" content=\"Redactores Padre y Decano\" \/>\n\t<meta name=\"twitter:label2\" content=\"Tiempo de lectura\" \/>\n\t<meta name=\"twitter:data2\" content=\"3 minutos\" \/>\n<script type=\"application\/ld+json\" class=\"yoast-schema-graph\">{\"@context\":\"https:\/\/schema.org\",\"@graph\":[{\"@type\":\"Article\",\"@id\":\"https:\/\/www.padreydecano.com\/cms\/partidos\/con-sabor-a-poco-2\/#article\",\"isPartOf\":{\"@id\":\"https:\/\/www.padreydecano.com\/cms\/partidos\/con-sabor-a-poco-2\/\"},\"author\":{\"name\":\"Redactores Padre y Decano\",\"@id\":\"https:\/\/www.padreydecano.com\/cms\/#\/schema\/person\/37aae8f93aa78e4c5385497f056e3246\"},\"headline\":\"Con sabor a poco\",\"datePublished\":\"2022-09-12T02:47:16+00:00\",\"dateModified\":\"2022-09-15T16:27:30+00:00\",\"mainEntityOfPage\":{\"@id\":\"https:\/\/www.padreydecano.com\/cms\/partidos\/con-sabor-a-poco-2\/\"},\"wordCount\":552,\"commentCount\":91,\"publisher\":{\"@id\":\"https:\/\/www.padreydecano.com\/cms\/#organization\"},\"image\":{\"@id\":\"https:\/\/www.padreydecano.com\/cms\/partidos\/con-sabor-a-poco-2\/#primaryimage\"},\"thumbnailUrl\":\"https:\/\/www.padreydecano.com\/cms\/wp-content\/uploads\/2022\/09\/20220911_233909.jpg\",\"keywords\":[\"Campeonato Uruguayo 2022\"],\"articleSection\":[\"Partidos\"],\"inLanguage\":\"es\",\"potentialAction\":[{\"@type\":\"CommentAction\",\"name\":\"Comment\",\"target\":[\"https:\/\/www.padreydecano.com\/cms\/partidos\/con-sabor-a-poco-2\/#respond\"]}]},{\"@type\":\"WebPage\",\"@id\":\"https:\/\/www.padreydecano.com\/cms\/partidos\/con-sabor-a-poco-2\/\",\"url\":\"https:\/\/www.padreydecano.com\/cms\/partidos\/con-sabor-a-poco-2\/\",\"name\":\"Con sabor a poco - Padre y Decano - El Sitio del Pueblo\",\"isPartOf\":{\"@id\":\"https:\/\/www.padreydecano.com\/cms\/#website\"},\"primaryImageOfPage\":{\"@id\":\"https:\/\/www.padreydecano.com\/cms\/partidos\/con-sabor-a-poco-2\/#primaryimage\"},\"image\":{\"@id\":\"https:\/\/www.padreydecano.com\/cms\/partidos\/con-sabor-a-poco-2\/#primaryimage\"},\"thumbnailUrl\":\"https:\/\/www.padreydecano.com\/cms\/wp-content\/uploads\/2022\/09\/20220911_233909.jpg\",\"datePublished\":\"2022-09-12T02:47:16+00:00\",\"dateModified\":\"2022-09-15T16:27:30+00:00\",\"breadcrumb\":{\"@id\":\"https:\/\/www.padreydecano.com\/cms\/partidos\/con-sabor-a-poco-2\/#breadcrumb\"},\"inLanguage\":\"es\",\"potentialAction\":[{\"@type\":\"ReadAction\",\"target\":[\"https:\/\/www.padreydecano.com\/cms\/partidos\/con-sabor-a-poco-2\/\"]}]},{\"@type\":\"ImageObject\",\"inLanguage\":\"es\",\"@id\":\"https:\/\/www.padreydecano.com\/cms\/partidos\/con-sabor-a-poco-2\/#primaryimage\",\"url\":\"https:\/\/www.padreydecano.com\/cms\/wp-content\/uploads\/2022\/09\/20220911_233909.jpg\",\"contentUrl\":\"https:\/\/www.padreydecano.com\/cms\/wp-content\/uploads\/2022\/09\/20220911_233909.jpg\",\"width\":2048,\"height\":1366},{\"@type\":\"BreadcrumbList\",\"@id\":\"https:\/\/www.padreydecano.com\/cms\/partidos\/con-sabor-a-poco-2\/#breadcrumb\",\"itemListElement\":[{\"@type\":\"ListItem\",\"position\":1,\"name\":\"Portada\",\"item\":\"https:\/\/www.padreydecano.com\/cms\/\"},{\"@type\":\"ListItem\",\"position\":2,\"name\":\"Con sabor a poco\"}]},{\"@type\":\"WebSite\",\"@id\":\"https:\/\/www.padreydecano.com\/cms\/#website\",\"url\":\"https:\/\/www.padreydecano.com\/cms\/\",\"name\":\"Padre y Decano - El Sitio del Pueblo\",\"description\":\"Club Atl\u00e9tico Pe\u00f1arol\",\"publisher\":{\"@id\":\"https:\/\/www.padreydecano.com\/cms\/#organization\"},\"potentialAction\":[{\"@type\":\"SearchAction\",\"target\":{\"@type\":\"EntryPoint\",\"urlTemplate\":\"https:\/\/www.padreydecano.com\/cms\/?s={search_term_string}\"},\"query-input\":\"required name=search_term_string\"}],\"inLanguage\":\"es\"},{\"@type\":\"Organization\",\"@id\":\"https:\/\/www.padreydecano.com\/cms\/#organization\",\"name\":\"Padre y Decano\",\"url\":\"https:\/\/www.padreydecano.com\/cms\/\",\"logo\":{\"@type\":\"ImageObject\",\"inLanguage\":\"es\",\"@id\":\"https:\/\/www.padreydecano.com\/cms\/#\/schema\/logo\/image\/\",\"url\":\"https:\/\/www.padreydecano.com\/cms\/wp-content\/uploads\/2022\/01\/avatar-square.png\",\"contentUrl\":\"https:\/\/www.padreydecano.com\/cms\/wp-content\/uploads\/2022\/01\/avatar-square.png\",\"width\":1500,\"height\":1500,\"caption\":\"Padre y Decano\"},\"image\":{\"@id\":\"https:\/\/www.padreydecano.com\/cms\/#\/schema\/logo\/image\/\"}},{\"@type\":\"Person\",\"@id\":\"https:\/\/www.padreydecano.com\/cms\/#\/schema\/person\/37aae8f93aa78e4c5385497f056e3246\",\"name\":\"Redactores Padre y Decano\",\"image\":{\"@type\":\"ImageObject\",\"inLanguage\":\"es\",\"@id\":\"https:\/\/www.padreydecano.com\/cms\/#\/schema\/person\/image\/\",\"url\":\"https:\/\/secure.gravatar.com\/avatar\/8810c4b9081192b118b104af54549af8?s=96&d=https%3A%2F%2Fpadreydecano.com%2Fcms%2Fwp-content%2Fthemes%2Fpyd-theme%2Fimg%2Fdefault-avatar.png&r=g\",\"contentUrl\":\"https:\/\/secure.gravatar.com\/avatar\/8810c4b9081192b118b104af54549af8?s=96&d=https%3A%2F%2Fpadreydecano.com%2Fcms%2Fwp-content%2Fthemes%2Fpyd-theme%2Fimg%2Fdefault-avatar.png&r=g\",\"caption\":\"Redactores Padre y Decano\"},\"sameAs\":[\"http:\/\/www.padreydecano.com\"]}]}<\/script>\n<!-- \/ Yoast SEO plugin. -->","yoast_head_json":{"title":"Con sabor a poco - Padre y Decano - El Sitio del Pueblo","robots":{"index":"index","follow":"follow","max-snippet":"max-snippet:-1","max-image-preview":"max-image-preview:large","max-video-preview":"max-video-preview:-1"},"canonical":"https:\/\/www.padreydecano.com\/cms\/partidos\/con-sabor-a-poco-2\/","og_locale":"es_ES","og_type":"article","og_title":"Con sabor a poco - Padre y Decano - El Sitio del Pueblo","og_description":"Pe\u00f1arol igual\u00f3 2 a 2 frente a Rentistas en el Estadio Campe\u00f3n del Siglo por la s\u00e9ptima fecha del Torneo Clausura 2022. En otro mal partido del decano, no alcanz\u00f3 para dar vuelta el marcador. Luego de vencer a Col\u00f3n por la Copa Uruguay, Pe\u00f1arol recib\u00eda a Rentistas, uno de los equipos del fondo de [&hellip;]","og_url":"https:\/\/www.padreydecano.com\/cms\/partidos\/con-sabor-a-poco-2\/","og_site_name":"Padre y Decano - El Sitio del Pueblo","article_published_time":"2022-09-12T02:47:16+00:00","article_modified_time":"2022-09-15T16:27:30+00:00","og_image":[{"width":2048,"height":1366,"url":"https:\/\/www.padreydecano.com\/cms\/wp-content\/uploads\/2022\/09\/20220911_233909.jpg","type":"image\/jpeg"}],"author":"Redactores Padre y Decano","twitter_card":"summary_large_image","twitter_misc":{"Escrito por":"Redactores Padre y Decano","Tiempo de lectura":"3 minutos"},"schema":{"@context":"https:\/\/schema.org","@graph":[{"@type":"Article","@id":"https:\/\/www.padreydecano.com\/cms\/partidos\/con-sabor-a-poco-2\/#article","isPartOf":{"@id":"https:\/\/www.padreydecano.com\/cms\/partidos\/con-sabor-a-poco-2\/"},"author":{"name":"Redactores Padre y Decano","@id":"https:\/\/www.padreydecano.com\/cms\/#\/schema\/person\/37aae8f93aa78e4c5385497f056e3246"},"headline":"Con sabor a poco","datePublished":"2022-09-12T02:47:16+00:00","dateModified":"2022-09-15T16:27:30+00:00","mainEntityOfPage":{"@id":"https:\/\/www.padreydecano.com\/cms\/partidos\/con-sabor-a-poco-2\/"},"wordCount":552,"commentCount":91,"publisher":{"@id":"https:\/\/www.padreydecano.com\/cms\/#organization"},"image":{"@id":"https:\/\/www.padreydecano.com\/cms\/partidos\/con-sabor-a-poco-2\/#primaryimage"},"thumbnailUrl":"https:\/\/www.padreydecano.com\/cms\/wp-content\/uploads\/2022\/09\/20220911_233909.jpg","keywords":["Campeonato Uruguayo 2022"],"articleSection":["Partidos"],"inLanguage":"es","potentialAction":[{"@type":"CommentAction","name":"Comment","target":["https:\/\/www.padreydecano.com\/cms\/partidos\/con-sabor-a-poco-2\/#respond"]}]},{"@type":"WebPage","@id":"https:\/\/www.padreydecano.com\/cms\/partidos\/con-sabor-a-poco-2\/","url":"https:\/\/www.padreydecano.com\/cms\/partidos\/con-sabor-a-poco-2\/","name":"Con sabor a poco - Padre y Decano - El Sitio del Pueblo","isPartOf":{"@id":"https:\/\/www.padreydecano.com\/cms\/#website"},"primaryImageOfPage":{"@id":"https:\/\/www.padreydecano.com\/cms\/partidos\/con-sabor-a-poco-2\/#primaryimage"},"image":{"@id":"https:\/\/www.padreydecano.com\/cms\/partidos\/con-sabor-a-poco-2\/#primaryimage"},"thumbnailUrl":"https:\/\/www.padreydecano.com\/cms\/wp-content\/uploads\/2022\/09\/20220911_233909.jpg","datePublished":"2022-09-12T02:47:16+00:00","dateModified":"2022-09-15T16:27:30+00:00","breadcrumb":{"@id":"https:\/\/www.padreydecano.com\/cms\/partidos\/con-sabor-a-poco-2\/#breadcrumb"},"inLanguage":"es","potentialAction":[{"@type":"ReadAction","target":["https:\/\/www.padreydecano.com\/cms\/partidos\/con-sabor-a-poco-2\/"]}]},{"@type":"ImageObject","inLanguage":"es","@id":"https:\/\/www.padreydecano.com\/cms\/partidos\/con-sabor-a-poco-2\/#primaryimage","url":"https:\/\/www.padreydecano.com\/cms\/wp-content\/uploads\/2022\/09\/20220911_233909.jpg","contentUrl":"https:\/\/www.padreydecano.com\/cms\/wp-content\/uploads\/2022\/09\/20220911_233909.jpg","width":2048,"height":1366},{"@type":"BreadcrumbList","@id":"https:\/\/www.padreydecano.com\/cms\/partidos\/con-sabor-a-poco-2\/#breadcrumb","itemListElement":[{"@type":"ListItem","position":1,"name":"Portada","item":"https:\/\/www.padreydecano.com\/cms\/"},{"@type":"ListItem","position":2,"name":"Con sabor a poco"}]},{"@type":"WebSite","@id":"https:\/\/www.padreydecano.com\/cms\/#website","url":"https:\/\/www.padreydecano.com\/cms\/","name":"Padre y Decano - El Sitio del Pueblo","description":"Club Atl\u00e9tico Pe\u00f1arol","publisher":{"@id":"https:\/\/www.padreydecano.com\/cms\/#organization"},"potentialAction":[{"@type":"SearchAction","target":{"@type":"EntryPoint","urlTemplate":"https:\/\/www.padreydecano.com\/cms\/?s={search_term_string}"},"query-input":"required name=search_term_string"}],"inLanguage":"es"},{"@type":"Organization","@id":"https:\/\/www.padreydecano.com\/cms\/#organization","name":"Padre y Decano","url":"https:\/\/www.padreydecano.com\/cms\/","logo":{"@type":"ImageObject","inLanguage":"es","@id":"https:\/\/www.padreydecano.com\/cms\/#\/schema\/logo\/image\/","url":"https:\/\/www.padreydecano.com\/cms\/wp-content\/uploads\/2022\/01\/avatar-square.png","contentUrl":"https:\/\/www.padreydecano.com\/cms\/wp-content\/uploads\/2022\/01\/avatar-square.png","width":1500,"height":1500,"caption":"Padre y Decano"},"image":{"@id":"https:\/\/www.padreydecano.com\/cms\/#\/schema\/logo\/image\/"}},{"@type":"Person","@id":"https:\/\/www.padreydecano.com\/cms\/#\/schema\/person\/37aae8f93aa78e4c5385497f056e3246","name":"Redactores Padre y Decano","image":{"@type":"ImageObject","inLanguage":"es","@id":"https:\/\/www.padreydecano.com\/cms\/#\/schema\/person\/image\/","url":"https:\/\/secure.gravatar.com\/avatar\/8810c4b9081192b118b104af54549af8?s=96&d=https%3A%2F%2Fpadreydecano.com%2Fcms%2Fwp-content%2Fthemes%2Fpyd-theme%2Fimg%2Fdefault-avatar.png&r=g","contentUrl":"https:\/\/secure.gravatar.com\/avatar\/8810c4b9081192b118b104af54549af8?s=96&d=https%3A%2F%2Fpadreydecano.com%2Fcms%2Fwp-content%2Fthemes%2Fpyd-theme%2Fimg%2Fdefault-avatar.png&r=g","caption":"Redactores Padre y Decano"},"sameAs":["http:\/\/www.padreydecano.com"]}]}},"_links":{"self":[{"href":"https:\/\/www.padreydecano.com\/cms\/wp-json\/wp\/v2\/posts\/79101"}],"collection":[{"href":"https:\/\/www.padreydecano.com\/cms\/wp-json\/wp\/v2\/posts"}],"about":[{"href":"https:\/\/www.padreydecano.com\/cms\/wp-json\/wp\/v2\/types\/post"}],"author":[{"embeddable":true,"href":"https:\/\/www.padreydecano.com\/cms\/wp-json\/wp\/v2\/users\/27"}],"replies":[{"embeddable":true,"href":"https:\/\/www.padreydecano.com\/cms\/wp-json\/wp\/v2\/comments?post=79101"}],"version-history":[{"count":0,"href":"https:\/\/www.padreydecano.com\/cms\/wp-json\/wp\/v2\/posts\/79101\/revisions"}],"wp:featuredmedia":[{"embeddable":true,"href":"https:\/\/www.padreydecano.com\/cms\/wp-json\/wp\/v2\/media\/79102"}],"wp:attachment":[{"href":"https:\/\/www.padreydecano.com\/cms\/wp-json\/wp\/v2\/media?parent=79101"}],"wp:term":[{"taxonomy":"category","embeddable":true,"href":"https:\/\/www.padreydecano.com\/cms\/wp-json\/wp\/v2\/categories?post=79101"},{"taxonomy":"post_tag","embeddable":true,"href":"https:\/\/www.padreydecano.com\/cms\/wp-json\/wp\/v2\/tags?post=79101"}],"curies":[{"name":"wp","href":"https:\/\/api.w.org\/{rel}","templated":true}]}}