{"id":79060,"date":"2022-09-05T14:14:50","date_gmt":"2022-09-05T17:14:50","guid":{"rendered":"http:\/\/www.padreydecano.com\/cms\/?p=79060"},"modified":"2022-09-06T00:27:06","modified_gmt":"2022-09-06T03:27:06","slug":"con-cinta-sin-capitania","status":"publish","type":"post","link":"https:\/\/www.padreydecano.com\/cms\/noticias\/con-cinta-sin-capitania\/","title":{"rendered":"Con cinta, sin capitan\u00eda"},"content":{"rendered":"<p><img loading=\"lazy\" decoding=\"async\" class=\"alignnone size-medium wp-image-79062\" src=\"https:\/\/www.padreydecano.com\/cms\/wp-content\/uploads\/2022\/09\/IMG-20220905-WA0047-600x399.jpg\" alt=\"\" width=\"600\" height=\"399\" srcset=\"https:\/\/www.padreydecano.com\/cms\/wp-content\/uploads\/2022\/09\/IMG-20220905-WA0047-600x399.jpg 600w, https:\/\/www.padreydecano.com\/cms\/wp-content\/uploads\/2022\/09\/IMG-20220905-WA0047-1024x681.jpg 1024w, https:\/\/www.padreydecano.com\/cms\/wp-content\/uploads\/2022\/09\/IMG-20220905-WA0047-768x511.jpg 768w, https:\/\/www.padreydecano.com\/cms\/wp-content\/uploads\/2022\/09\/IMG-20220905-WA0047-1536x1022.jpg 1536w, https:\/\/www.padreydecano.com\/cms\/wp-content\/uploads\/2022\/09\/IMG-20220905-WA0047-300x200.jpg 300w, https:\/\/www.padreydecano.com\/cms\/wp-content\/uploads\/2022\/09\/IMG-20220905-WA0047-128x85.jpg 128w, https:\/\/www.padreydecano.com\/cms\/wp-content\/uploads\/2022\/09\/IMG-20220905-WA0047-32x21.jpg 32w, https:\/\/www.padreydecano.com\/cms\/wp-content\/uploads\/2022\/09\/IMG-20220905-WA0047.jpg 2048w\" sizes=\"(max-width: 600px) 100vw, 600px\" \/><\/p>\n<p><strong>En un p\u00e9simo momento deportivo, Pe\u00f1arol peca la falta de profesionalismo de sus referentes con actitudes dentro y fuera de la cancha, principalmente del capit\u00e1n que contin\u00faa con su bajo rendimiento.<\/strong><\/p>\n<p>Contin\u00faan los ecos de la imperdonable derrota en el Parque Central ante el tradicional rival. El carbonero fue ampliamente superado y nunca estuvo en partido. M\u00e1s de lo mismo, fallaron desde los dirigentes en el armado del plantel, el entrenador en el armado del equipo, los jugadores disputando un encuentro de esta \u00edndole sin actitud y nuevamente actitudes del hombre que carga con la cinta de capit\u00e1n en su brazo izquierdo.<\/p>\n<p>Sin hacer periodismo de chimentos ni jugando al paparazzi, en un pa\u00eds como Uruguay es dif\u00edcil tener una vida privada siendo parte del equipo m\u00e1s popular. Es un secreto a voces que \u00faltimamente ha tenido mejor rendimiento como RRPP que dentro de la cancha, donde se supone tiene su mayor ingreso. Publicidades de bailes en redes sociales y se lo ha visto part\u00edcipe reiteradas veces en estos eventos nocturnos el mismo fin de semana que Pe\u00f1arol jug\u00f3. Se lo nota mal en lo f\u00edsico y el equipo nota la falta de referentes.<\/p>\n<p>Gargano ha sido una pieza vital en las \u00faltimas consagraciones del equipo, principalmente en el bicampeonato 2017 y 2018, pero ya en ese momento se notaba falta de adhesi\u00f3n al Club, tatu\u00e1ndose 2 d\u00edas antes del primer cl\u00e1sico de la historia en el Estadio Campe\u00f3n del Siglo, y\u00e9ndose a M\u00e9xico una fecha antes de finalizar el Apertura(que si bien ya se hab\u00eda ganado, los puntos perdidos sentenciaron el campeonato por no ganar la Tabla Anual) y con ausencias en la tribuna cuando ya sea por lesiones (de todo tipo) u otros no le tocaba jugar.<\/p>\n<p>Hoy por hoy cuenta con un baj\u00edsimo nivel dentro de la cancha y m\u00e1s a\u00fan de entrega. Por si fuera poco, en pleno entretiempo y un minuto despu\u00e9s de recibir un gol en un cl\u00e1sico de visitante, intercambi\u00f3 camisetas con un jugador rival. <strong>UN MINUTO DESPU\u00c9S DE RECIBIR UN GOL Y ESTAR ABAJO EN EL MARCADOR EN UN CL\u00c1SICO.\u00a0<\/strong><\/p>\n<p>Para los hinchas de Pe\u00f1arol fue imposible no recordar el episodio entre N\u00e9stor Gon\u00e7\u00e1lves con Daniel Quevedo cuando este intercambi\u00f3 camiseta con Luis Artime en un cl\u00e1sico: \u00abLe ped\u00ed la camiseta y cuando llegu\u00e9 al vestuario, entr\u00f3 Tito, me agarr\u00f3 la camiseta, la tir\u00f3 al ba\u00f1o y me dijo &#8216;Esa camiseta no puede estar en el vestuario de Pe\u00f1arol'\u00bb. Enorme diferencia entre realidades.<\/p>\n<p>Una vez terminado el partido donde Pe\u00f1arol fue vergonzosamente superado en todos los aspectos dentro de la cancha y con el plantel entero ya fuera del escenario del tradicional rival, varios hinchas y periodistas manifestaron que Walter Gargano los bloque\u00f3 en redes sociales por sus comentarios sobre el rendimiento del jugador, como si el capit\u00e1n quisiese ocultarse a s\u00ed mismo la realidad no solo personal sino de la instituci\u00f3n.<\/p>\n<p>Preocupa el momento deportivo del carbonero, preocupan los resultados, preocupa la distancia en las tablas y que ya se perdi\u00f3 la gran mayor\u00eda de competencias de la temporada, no pudiendo competir hasta el final en ninguna de ellas, pero sobre todo preocupa el actual momento del capit\u00e1n Walter Gargano, quien tiene contrato con Pe\u00f1arol hasta mediados de 2023 con cl\u00e1usula de renovaci\u00f3n.<\/p>\n<div class=\"user-wrapper\"><a class=\"userlink\"href=\"https:\/\/twitter.com\/ftrucce18\" target=\"_blank\"><figure><img decoding=\"async\" src=\"http:\/\/www.padreydecano.com\/cms\/wp-users-files\/postfirmas\/ftrucce.jpg\" \/><\/figure><p class=\"user\"><strong>Franco Trucce<\/strong><br \/>@FTrucce18<\/p><\/a><\/div>\n","protected":false},"excerpt":{"rendered":"<p>En un p\u00e9simo momento deportivo, Pe\u00f1arol peca la falta de profesionalismo de sus referentes con actitudes dentro y fuera de la cancha, principalmente del capit\u00e1n que contin\u00faa con su bajo rendimiento. Contin\u00faan los ecos de la imperdonable derrota en el Parque Central ante el tradicional rival. El carbonero fue ampliamente superado y nunca estuvo en [&hellip;]<\/p>\n","protected":false},"author":27,"featured_media":79062,"comment_status":"open","ping_status":"closed","sticky":false,"template":"","format":"standard","meta":{"footnotes":""},"categories":[1],"tags":[557],"yoast_head":"<!-- This site is optimized with the Yoast SEO plugin v23.2 - https:\/\/yoast.com\/wordpress\/plugins\/seo\/ -->\n<title>Con cinta, sin capitan\u00eda - Padre y Decano - El Sitio del Pueblo<\/title>\n<meta name=\"robots\" content=\"index, follow, max-snippet:-1, max-image-preview:large, max-video-preview:-1\" \/>\n<link rel=\"canonical\" href=\"https:\/\/www.padreydecano.com\/cms\/noticias\/con-cinta-sin-capitania\/\" \/>\n<meta property=\"og:locale\" content=\"es_ES\" \/>\n<meta property=\"og:type\" content=\"article\" \/>\n<meta property=\"og:title\" content=\"Con cinta, sin capitan\u00eda - Padre y Decano - El Sitio del Pueblo\" \/>\n<meta property=\"og:description\" content=\"En un p\u00e9simo momento deportivo, Pe\u00f1arol peca la falta de profesionalismo de sus referentes con actitudes dentro y fuera de la cancha, principalmente del capit\u00e1n que contin\u00faa con su bajo rendimiento. Contin\u00faan los ecos de la imperdonable derrota en el Parque Central ante el tradicional rival. El carbonero fue ampliamente superado y nunca estuvo en [&hellip;]\" \/>\n<meta property=\"og:url\" content=\"https:\/\/www.padreydecano.com\/cms\/noticias\/con-cinta-sin-capitania\/\" \/>\n<meta property=\"og:site_name\" content=\"Padre y Decano - El Sitio del Pueblo\" \/>\n<meta property=\"article:published_time\" content=\"2022-09-05T17:14:50+00:00\" \/>\n<meta property=\"article:modified_time\" content=\"2022-09-06T03:27:06+00:00\" \/>\n<meta property=\"og:image\" content=\"https:\/\/www.padreydecano.com\/cms\/wp-content\/uploads\/2022\/09\/IMG-20220905-WA0047.jpg\" \/>\n\t<meta property=\"og:image:width\" content=\"2048\" \/>\n\t<meta property=\"og:image:height\" content=\"1362\" \/>\n\t<meta property=\"og:image:type\" content=\"image\/jpeg\" \/>\n<meta name=\"author\" content=\"Redactores Padre y Decano\" \/>\n<meta name=\"twitter:card\" content=\"summary_large_image\" \/>\n<meta name=\"twitter:label1\" content=\"Escrito por\" \/>\n\t<meta name=\"twitter:data1\" content=\"Redactores Padre y Decano\" \/>\n\t<meta name=\"twitter:label2\" content=\"Tiempo de lectura\" \/>\n\t<meta name=\"twitter:data2\" content=\"3 minutos\" \/>\n<script type=\"application\/ld+json\" class=\"yoast-schema-graph\">{\"@context\":\"https:\/\/schema.org\",\"@graph\":[{\"@type\":\"Article\",\"@id\":\"https:\/\/www.padreydecano.com\/cms\/noticias\/con-cinta-sin-capitania\/#article\",\"isPartOf\":{\"@id\":\"https:\/\/www.padreydecano.com\/cms\/noticias\/con-cinta-sin-capitania\/\"},\"author\":{\"name\":\"Redactores Padre y Decano\",\"@id\":\"https:\/\/www.padreydecano.com\/cms\/#\/schema\/person\/37aae8f93aa78e4c5385497f056e3246\"},\"headline\":\"Con cinta, sin capitan\u00eda\",\"datePublished\":\"2022-09-05T17:14:50+00:00\",\"dateModified\":\"2022-09-06T03:27:06+00:00\",\"mainEntityOfPage\":{\"@id\":\"https:\/\/www.padreydecano.com\/cms\/noticias\/con-cinta-sin-capitania\/\"},\"wordCount\":587,\"commentCount\":52,\"publisher\":{\"@id\":\"https:\/\/www.padreydecano.com\/cms\/#organization\"},\"image\":{\"@id\":\"https:\/\/www.padreydecano.com\/cms\/noticias\/con-cinta-sin-capitania\/#primaryimage\"},\"thumbnailUrl\":\"https:\/\/www.padreydecano.com\/cms\/wp-content\/uploads\/2022\/09\/IMG-20220905-WA0047.jpg\",\"keywords\":[\"Campeonato Uruguayo 2022\"],\"articleSection\":[\"Noticias\"],\"inLanguage\":\"es\",\"potentialAction\":[{\"@type\":\"CommentAction\",\"name\":\"Comment\",\"target\":[\"https:\/\/www.padreydecano.com\/cms\/noticias\/con-cinta-sin-capitania\/#respond\"]}]},{\"@type\":\"WebPage\",\"@id\":\"https:\/\/www.padreydecano.com\/cms\/noticias\/con-cinta-sin-capitania\/\",\"url\":\"https:\/\/www.padreydecano.com\/cms\/noticias\/con-cinta-sin-capitania\/\",\"name\":\"Con cinta, sin capitan\u00eda - Padre y Decano - El Sitio del Pueblo\",\"isPartOf\":{\"@id\":\"https:\/\/www.padreydecano.com\/cms\/#website\"},\"primaryImageOfPage\":{\"@id\":\"https:\/\/www.padreydecano.com\/cms\/noticias\/con-cinta-sin-capitania\/#primaryimage\"},\"image\":{\"@id\":\"https:\/\/www.padreydecano.com\/cms\/noticias\/con-cinta-sin-capitania\/#primaryimage\"},\"thumbnailUrl\":\"https:\/\/www.padreydecano.com\/cms\/wp-content\/uploads\/2022\/09\/IMG-20220905-WA0047.jpg\",\"datePublished\":\"2022-09-05T17:14:50+00:00\",\"dateModified\":\"2022-09-06T03:27:06+00:00\",\"breadcrumb\":{\"@id\":\"https:\/\/www.padreydecano.com\/cms\/noticias\/con-cinta-sin-capitania\/#breadcrumb\"},\"inLanguage\":\"es\",\"potentialAction\":[{\"@type\":\"ReadAction\",\"target\":[\"https:\/\/www.padreydecano.com\/cms\/noticias\/con-cinta-sin-capitania\/\"]}]},{\"@type\":\"ImageObject\",\"inLanguage\":\"es\",\"@id\":\"https:\/\/www.padreydecano.com\/cms\/noticias\/con-cinta-sin-capitania\/#primaryimage\",\"url\":\"https:\/\/www.padreydecano.com\/cms\/wp-content\/uploads\/2022\/09\/IMG-20220905-WA0047.jpg\",\"contentUrl\":\"https:\/\/www.padreydecano.com\/cms\/wp-content\/uploads\/2022\/09\/IMG-20220905-WA0047.jpg\",\"width\":2048,\"height\":1362},{\"@type\":\"BreadcrumbList\",\"@id\":\"https:\/\/www.padreydecano.com\/cms\/noticias\/con-cinta-sin-capitania\/#breadcrumb\",\"itemListElement\":[{\"@type\":\"ListItem\",\"position\":1,\"name\":\"Portada\",\"item\":\"https:\/\/www.padreydecano.com\/cms\/\"},{\"@type\":\"ListItem\",\"position\":2,\"name\":\"Con cinta, sin capitan\u00eda\"}]},{\"@type\":\"WebSite\",\"@id\":\"https:\/\/www.padreydecano.com\/cms\/#website\",\"url\":\"https:\/\/www.padreydecano.com\/cms\/\",\"name\":\"Padre y Decano - El Sitio del Pueblo\",\"description\":\"Club Atl\u00e9tico Pe\u00f1arol\",\"publisher\":{\"@id\":\"https:\/\/www.padreydecano.com\/cms\/#organization\"},\"potentialAction\":[{\"@type\":\"SearchAction\",\"target\":{\"@type\":\"EntryPoint\",\"urlTemplate\":\"https:\/\/www.padreydecano.com\/cms\/?s={search_term_string}\"},\"query-input\":\"required name=search_term_string\"}],\"inLanguage\":\"es\"},{\"@type\":\"Organization\",\"@id\":\"https:\/\/www.padreydecano.com\/cms\/#organization\",\"name\":\"Padre y Decano\",\"url\":\"https:\/\/www.padreydecano.com\/cms\/\",\"logo\":{\"@type\":\"ImageObject\",\"inLanguage\":\"es\",\"@id\":\"https:\/\/www.padreydecano.com\/cms\/#\/schema\/logo\/image\/\",\"url\":\"https:\/\/www.padreydecano.com\/cms\/wp-content\/uploads\/2022\/01\/avatar-square.png\",\"contentUrl\":\"https:\/\/www.padreydecano.com\/cms\/wp-content\/uploads\/2022\/01\/avatar-square.png\",\"width\":1500,\"height\":1500,\"caption\":\"Padre y Decano\"},\"image\":{\"@id\":\"https:\/\/www.padreydecano.com\/cms\/#\/schema\/logo\/image\/\"}},{\"@type\":\"Person\",\"@id\":\"https:\/\/www.padreydecano.com\/cms\/#\/schema\/person\/37aae8f93aa78e4c5385497f056e3246\",\"name\":\"Redactores Padre y Decano\",\"image\":{\"@type\":\"ImageObject\",\"inLanguage\":\"es\",\"@id\":\"https:\/\/www.padreydecano.com\/cms\/#\/schema\/person\/image\/\",\"url\":\"https:\/\/secure.gravatar.com\/avatar\/8810c4b9081192b118b104af54549af8?s=96&d=https%3A%2F%2Fpadreydecano.com%2Fcms%2Fwp-content%2Fthemes%2Fpyd-theme%2Fimg%2Fdefault-avatar.png&r=g\",\"contentUrl\":\"https:\/\/secure.gravatar.com\/avatar\/8810c4b9081192b118b104af54549af8?s=96&d=https%3A%2F%2Fpadreydecano.com%2Fcms%2Fwp-content%2Fthemes%2Fpyd-theme%2Fimg%2Fdefault-avatar.png&r=g\",\"caption\":\"Redactores Padre y Decano\"},\"sameAs\":[\"http:\/\/www.padreydecano.com\"]}]}<\/script>\n<!-- \/ Yoast SEO plugin. -->","yoast_head_json":{"title":"Con cinta, sin capitan\u00eda - Padre y Decano - El Sitio del Pueblo","robots":{"index":"index","follow":"follow","max-snippet":"max-snippet:-1","max-image-preview":"max-image-preview:large","max-video-preview":"max-video-preview:-1"},"canonical":"https:\/\/www.padreydecano.com\/cms\/noticias\/con-cinta-sin-capitania\/","og_locale":"es_ES","og_type":"article","og_title":"Con cinta, sin capitan\u00eda - Padre y Decano - El Sitio del Pueblo","og_description":"En un p\u00e9simo momento deportivo, Pe\u00f1arol peca la falta de profesionalismo de sus referentes con actitudes dentro y fuera de la cancha, principalmente del capit\u00e1n que contin\u00faa con su bajo rendimiento. Contin\u00faan los ecos de la imperdonable derrota en el Parque Central ante el tradicional rival. El carbonero fue ampliamente superado y nunca estuvo en [&hellip;]","og_url":"https:\/\/www.padreydecano.com\/cms\/noticias\/con-cinta-sin-capitania\/","og_site_name":"Padre y Decano - El Sitio del Pueblo","article_published_time":"2022-09-05T17:14:50+00:00","article_modified_time":"2022-09-06T03:27:06+00:00","og_image":[{"width":2048,"height":1362,"url":"https:\/\/www.padreydecano.com\/cms\/wp-content\/uploads\/2022\/09\/IMG-20220905-WA0047.jpg","type":"image\/jpeg"}],"author":"Redactores Padre y Decano","twitter_card":"summary_large_image","twitter_misc":{"Escrito por":"Redactores Padre y Decano","Tiempo de lectura":"3 minutos"},"schema":{"@context":"https:\/\/schema.org","@graph":[{"@type":"Article","@id":"https:\/\/www.padreydecano.com\/cms\/noticias\/con-cinta-sin-capitania\/#article","isPartOf":{"@id":"https:\/\/www.padreydecano.com\/cms\/noticias\/con-cinta-sin-capitania\/"},"author":{"name":"Redactores Padre y Decano","@id":"https:\/\/www.padreydecano.com\/cms\/#\/schema\/person\/37aae8f93aa78e4c5385497f056e3246"},"headline":"Con cinta, sin capitan\u00eda","datePublished":"2022-09-05T17:14:50+00:00","dateModified":"2022-09-06T03:27:06+00:00","mainEntityOfPage":{"@id":"https:\/\/www.padreydecano.com\/cms\/noticias\/con-cinta-sin-capitania\/"},"wordCount":587,"commentCount":52,"publisher":{"@id":"https:\/\/www.padreydecano.com\/cms\/#organization"},"image":{"@id":"https:\/\/www.padreydecano.com\/cms\/noticias\/con-cinta-sin-capitania\/#primaryimage"},"thumbnailUrl":"https:\/\/www.padreydecano.com\/cms\/wp-content\/uploads\/2022\/09\/IMG-20220905-WA0047.jpg","keywords":["Campeonato Uruguayo 2022"],"articleSection":["Noticias"],"inLanguage":"es","potentialAction":[{"@type":"CommentAction","name":"Comment","target":["https:\/\/www.padreydecano.com\/cms\/noticias\/con-cinta-sin-capitania\/#respond"]}]},{"@type":"WebPage","@id":"https:\/\/www.padreydecano.com\/cms\/noticias\/con-cinta-sin-capitania\/","url":"https:\/\/www.padreydecano.com\/cms\/noticias\/con-cinta-sin-capitania\/","name":"Con cinta, sin capitan\u00eda - Padre y Decano - El Sitio del Pueblo","isPartOf":{"@id":"https:\/\/www.padreydecano.com\/cms\/#website"},"primaryImageOfPage":{"@id":"https:\/\/www.padreydecano.com\/cms\/noticias\/con-cinta-sin-capitania\/#primaryimage"},"image":{"@id":"https:\/\/www.padreydecano.com\/cms\/noticias\/con-cinta-sin-capitania\/#primaryimage"},"thumbnailUrl":"https:\/\/www.padreydecano.com\/cms\/wp-content\/uploads\/2022\/09\/IMG-20220905-WA0047.jpg","datePublished":"2022-09-05T17:14:50+00:00","dateModified":"2022-09-06T03:27:06+00:00","breadcrumb":{"@id":"https:\/\/www.padreydecano.com\/cms\/noticias\/con-cinta-sin-capitania\/#breadcrumb"},"inLanguage":"es","potentialAction":[{"@type":"ReadAction","target":["https:\/\/www.padreydecano.com\/cms\/noticias\/con-cinta-sin-capitania\/"]}]},{"@type":"ImageObject","inLanguage":"es","@id":"https:\/\/www.padreydecano.com\/cms\/noticias\/con-cinta-sin-capitania\/#primaryimage","url":"https:\/\/www.padreydecano.com\/cms\/wp-content\/uploads\/2022\/09\/IMG-20220905-WA0047.jpg","contentUrl":"https:\/\/www.padreydecano.com\/cms\/wp-content\/uploads\/2022\/09\/IMG-20220905-WA0047.jpg","width":2048,"height":1362},{"@type":"BreadcrumbList","@id":"https:\/\/www.padreydecano.com\/cms\/noticias\/con-cinta-sin-capitania\/#breadcrumb","itemListElement":[{"@type":"ListItem","position":1,"name":"Portada","item":"https:\/\/www.padreydecano.com\/cms\/"},{"@type":"ListItem","position":2,"name":"Con cinta, sin capitan\u00eda"}]},{"@type":"WebSite","@id":"https:\/\/www.padreydecano.com\/cms\/#website","url":"https:\/\/www.padreydecano.com\/cms\/","name":"Padre y Decano - El Sitio del Pueblo","description":"Club Atl\u00e9tico Pe\u00f1arol","publisher":{"@id":"https:\/\/www.padreydecano.com\/cms\/#organization"},"potentialAction":[{"@type":"SearchAction","target":{"@type":"EntryPoint","urlTemplate":"https:\/\/www.padreydecano.com\/cms\/?s={search_term_string}"},"query-input":"required name=search_term_string"}],"inLanguage":"es"},{"@type":"Organization","@id":"https:\/\/www.padreydecano.com\/cms\/#organization","name":"Padre y Decano","url":"https:\/\/www.padreydecano.com\/cms\/","logo":{"@type":"ImageObject","inLanguage":"es","@id":"https:\/\/www.padreydecano.com\/cms\/#\/schema\/logo\/image\/","url":"https:\/\/www.padreydecano.com\/cms\/wp-content\/uploads\/2022\/01\/avatar-square.png","contentUrl":"https:\/\/www.padreydecano.com\/cms\/wp-content\/uploads\/2022\/01\/avatar-square.png","width":1500,"height":1500,"caption":"Padre y Decano"},"image":{"@id":"https:\/\/www.padreydecano.com\/cms\/#\/schema\/logo\/image\/"}},{"@type":"Person","@id":"https:\/\/www.padreydecano.com\/cms\/#\/schema\/person\/37aae8f93aa78e4c5385497f056e3246","name":"Redactores Padre y Decano","image":{"@type":"ImageObject","inLanguage":"es","@id":"https:\/\/www.padreydecano.com\/cms\/#\/schema\/person\/image\/","url":"https:\/\/secure.gravatar.com\/avatar\/8810c4b9081192b118b104af54549af8?s=96&d=https%3A%2F%2Fpadreydecano.com%2Fcms%2Fwp-content%2Fthemes%2Fpyd-theme%2Fimg%2Fdefault-avatar.png&r=g","contentUrl":"https:\/\/secure.gravatar.com\/avatar\/8810c4b9081192b118b104af54549af8?s=96&d=https%3A%2F%2Fpadreydecano.com%2Fcms%2Fwp-content%2Fthemes%2Fpyd-theme%2Fimg%2Fdefault-avatar.png&r=g","caption":"Redactores Padre y Decano"},"sameAs":["http:\/\/www.padreydecano.com"]}]}},"_links":{"self":[{"href":"https:\/\/www.padreydecano.com\/cms\/wp-json\/wp\/v2\/posts\/79060"}],"collection":[{"href":"https:\/\/www.padreydecano.com\/cms\/wp-json\/wp\/v2\/posts"}],"about":[{"href":"https:\/\/www.padreydecano.com\/cms\/wp-json\/wp\/v2\/types\/post"}],"author":[{"embeddable":true,"href":"https:\/\/www.padreydecano.com\/cms\/wp-json\/wp\/v2\/users\/27"}],"replies":[{"embeddable":true,"href":"https:\/\/www.padreydecano.com\/cms\/wp-json\/wp\/v2\/comments?post=79060"}],"version-history":[{"count":0,"href":"https:\/\/www.padreydecano.com\/cms\/wp-json\/wp\/v2\/posts\/79060\/revisions"}],"wp:featuredmedia":[{"embeddable":true,"href":"https:\/\/www.padreydecano.com\/cms\/wp-json\/wp\/v2\/media\/79062"}],"wp:attachment":[{"href":"https:\/\/www.padreydecano.com\/cms\/wp-json\/wp\/v2\/media?parent=79060"}],"wp:term":[{"taxonomy":"category","embeddable":true,"href":"https:\/\/www.padreydecano.com\/cms\/wp-json\/wp\/v2\/categories?post=79060"},{"taxonomy":"post_tag","embeddable":true,"href":"https:\/\/www.padreydecano.com\/cms\/wp-json\/wp\/v2\/tags?post=79060"}],"curies":[{"name":"wp","href":"https:\/\/api.w.org\/{rel}","templated":true}]}}