{"id":79007,"date":"2022-08-17T14:45:55","date_gmt":"2022-08-17T17:45:55","guid":{"rendered":"http:\/\/www.padreydecano.com\/cms\/?p=79007"},"modified":"2022-08-22T09:59:31","modified_gmt":"2022-08-22T12:59:31","slug":"venta-de-entradas-vs-deportivo-maldonado-clausura-2022","status":"publish","type":"post","link":"https:\/\/www.padreydecano.com\/cms\/noticias\/venta-de-entradas-vs-deportivo-maldonado-clausura-2022\/","title":{"rendered":"Venta de entradas vs Deportivo Maldonado (Clausura 2022)"},"content":{"rendered":"<p><img loading=\"lazy\" decoding=\"async\" class=\"alignnone size-medium wp-image-79008\" src=\"https:\/\/www.padreydecano.com\/cms\/wp-content\/uploads\/2022\/08\/20220817_144258-600x332.jpg\" alt=\"\" width=\"600\" height=\"332\" srcset=\"https:\/\/www.padreydecano.com\/cms\/wp-content\/uploads\/2022\/08\/20220817_144258-600x332.jpg 600w, https:\/\/www.padreydecano.com\/cms\/wp-content\/uploads\/2022\/08\/20220817_144258-1024x567.jpg 1024w, https:\/\/www.padreydecano.com\/cms\/wp-content\/uploads\/2022\/08\/20220817_144258-768x425.jpg 768w, https:\/\/www.padreydecano.com\/cms\/wp-content\/uploads\/2022\/08\/20220817_144258-300x166.jpg 300w, https:\/\/www.padreydecano.com\/cms\/wp-content\/uploads\/2022\/08\/20220817_144258-128x71.jpg 128w, https:\/\/www.padreydecano.com\/cms\/wp-content\/uploads\/2022\/08\/20220817_144258-32x18.jpg 32w, https:\/\/www.padreydecano.com\/cms\/wp-content\/uploads\/2022\/08\/20220817_144258.jpg 1080w\" sizes=\"(max-width: 600px) 100vw, 600px\" \/><\/p>\n<p><strong>El pr\u00f3ximo lunes a las 19 horas, Pe\u00f1arol visitar\u00e1 a Deportivo Maldonado en el Estadio Parque Artigas de la ciudad de Paysand\u00fa por la sexta fecha del Torneo Clausura 2022.<\/strong><\/p>\n<p>Vale la pena recordar que la sexta fecha se invirti\u00f3 con la cuarta debido al operativo de seguridad del partido cl\u00e1sico que se llevar\u00e1 a cabo el pr\u00f3ximo 4 de septiembre, por lo que Pe\u00f1arol visitar\u00e1 a Deportivo Maldonado por la sexta antes de haber disputado la cuarta y quinta fecha.<\/p>\n<p>Las entradas se encuentran disponibles a trav\u00e9s de la web de Redtickets y en los locales de Redpagos.<\/p>\n<p><span style=\"color: #ffcc00;\"><strong>Tribuna Norte (Guelfi)<\/strong><\/span><\/p>\n<p><strong>Generales:<\/strong> $ 450.<\/p>\n<p><span style=\"color: #ffcc00;\"><strong>Tribuna Sur (Cataldi)<\/strong><\/span><\/p>\n<p><strong>Generales:<\/strong> $ 450.<\/p>\n<p><span style=\"color: #ffcc00;\"><strong>Tribuna Este (Damiani)<\/strong><\/span><\/p>\n<p><strong>Generales:<\/strong> $ 600.<\/p>\n<p>Los menores de hasta 8 a\u00f1os (inclusive) ingresar\u00e1n de forma gratuita acompa\u00f1ados de un adulto responsable presentando la c\u00e9dula de identidad de ambos.<\/p>\n<div class=\"user-wrapper\"><a class=\"userlink\"href=\"https:\/\/twitter.com\/ftrucce18\" target=\"_blank\"><figure><img decoding=\"async\" src=\"http:\/\/www.padreydecano.com\/cms\/wp-users-files\/postfirmas\/ftrucce.jpg\" \/><\/figure><p class=\"user\"><strong>Franco Trucce<\/strong><br \/>@FTrucce18<\/p><\/a><\/div>\n","protected":false},"excerpt":{"rendered":"<p>El pr\u00f3ximo lunes a las 19 horas, Pe\u00f1arol visitar\u00e1 a Deportivo Maldonado en el Estadio Parque Artigas de la ciudad de Paysand\u00fa por la sexta fecha del Torneo Clausura 2022. Vale la pena recordar que la sexta fecha se invirti\u00f3 con la cuarta debido al operativo de seguridad del partido cl\u00e1sico que se llevar\u00e1 a [&hellip;]<\/p>\n","protected":false},"author":27,"featured_media":79008,"comment_status":"open","ping_status":"closed","sticky":false,"template":"","format":"standard","meta":{"footnotes":""},"categories":[1],"tags":[557],"yoast_head":"<!-- This site is optimized with the Yoast SEO plugin v23.2 - https:\/\/yoast.com\/wordpress\/plugins\/seo\/ -->\n<title>Venta de entradas vs Deportivo Maldonado (Clausura 2022) - Padre y Decano - El Sitio del Pueblo<\/title>\n<meta name=\"robots\" content=\"index, follow, max-snippet:-1, max-image-preview:large, max-video-preview:-1\" \/>\n<link rel=\"canonical\" href=\"https:\/\/www.padreydecano.com\/cms\/noticias\/venta-de-entradas-vs-deportivo-maldonado-clausura-2022\/\" \/>\n<meta property=\"og:locale\" content=\"es_ES\" \/>\n<meta property=\"og:type\" content=\"article\" \/>\n<meta property=\"og:title\" content=\"Venta de entradas vs Deportivo Maldonado (Clausura 2022) - Padre y Decano - El Sitio del Pueblo\" \/>\n<meta property=\"og:description\" content=\"El pr\u00f3ximo lunes a las 19 horas, Pe\u00f1arol visitar\u00e1 a Deportivo Maldonado en el Estadio Parque Artigas de la ciudad de Paysand\u00fa por la sexta fecha del Torneo Clausura 2022. Vale la pena recordar que la sexta fecha se invirti\u00f3 con la cuarta debido al operativo de seguridad del partido cl\u00e1sico que se llevar\u00e1 a [&hellip;]\" \/>\n<meta property=\"og:url\" content=\"https:\/\/www.padreydecano.com\/cms\/noticias\/venta-de-entradas-vs-deportivo-maldonado-clausura-2022\/\" \/>\n<meta property=\"og:site_name\" content=\"Padre y Decano - El Sitio del Pueblo\" \/>\n<meta property=\"article:published_time\" content=\"2022-08-17T17:45:55+00:00\" \/>\n<meta property=\"article:modified_time\" content=\"2022-08-22T12:59:31+00:00\" \/>\n<meta property=\"og:image\" content=\"https:\/\/www.padreydecano.com\/cms\/wp-content\/uploads\/2022\/08\/20220817_144258.jpg\" \/>\n\t<meta property=\"og:image:width\" content=\"1080\" \/>\n\t<meta property=\"og:image:height\" content=\"598\" \/>\n\t<meta property=\"og:image:type\" content=\"image\/jpeg\" \/>\n<meta name=\"author\" content=\"Redactores Padre y Decano\" \/>\n<meta name=\"twitter:card\" content=\"summary_large_image\" \/>\n<meta name=\"twitter:label1\" content=\"Escrito por\" \/>\n\t<meta name=\"twitter:data1\" content=\"Redactores Padre y Decano\" \/>\n\t<meta name=\"twitter:label2\" content=\"Tiempo de lectura\" \/>\n\t<meta name=\"twitter:data2\" content=\"1 minuto\" \/>\n<script type=\"application\/ld+json\" class=\"yoast-schema-graph\">{\"@context\":\"https:\/\/schema.org\",\"@graph\":[{\"@type\":\"Article\",\"@id\":\"https:\/\/www.padreydecano.com\/cms\/noticias\/venta-de-entradas-vs-deportivo-maldonado-clausura-2022\/#article\",\"isPartOf\":{\"@id\":\"https:\/\/www.padreydecano.com\/cms\/noticias\/venta-de-entradas-vs-deportivo-maldonado-clausura-2022\/\"},\"author\":{\"name\":\"Redactores Padre y Decano\",\"@id\":\"https:\/\/www.padreydecano.com\/cms\/#\/schema\/person\/37aae8f93aa78e4c5385497f056e3246\"},\"headline\":\"Venta de entradas vs Deportivo Maldonado (Clausura 2022)\",\"datePublished\":\"2022-08-17T17:45:55+00:00\",\"dateModified\":\"2022-08-22T12:59:31+00:00\",\"mainEntityOfPage\":{\"@id\":\"https:\/\/www.padreydecano.com\/cms\/noticias\/venta-de-entradas-vs-deportivo-maldonado-clausura-2022\/\"},\"wordCount\":148,\"commentCount\":0,\"publisher\":{\"@id\":\"https:\/\/www.padreydecano.com\/cms\/#organization\"},\"image\":{\"@id\":\"https:\/\/www.padreydecano.com\/cms\/noticias\/venta-de-entradas-vs-deportivo-maldonado-clausura-2022\/#primaryimage\"},\"thumbnailUrl\":\"https:\/\/www.padreydecano.com\/cms\/wp-content\/uploads\/2022\/08\/20220817_144258.jpg\",\"keywords\":[\"Campeonato Uruguayo 2022\"],\"articleSection\":[\"Noticias\"],\"inLanguage\":\"es\",\"potentialAction\":[{\"@type\":\"CommentAction\",\"name\":\"Comment\",\"target\":[\"https:\/\/www.padreydecano.com\/cms\/noticias\/venta-de-entradas-vs-deportivo-maldonado-clausura-2022\/#respond\"]}]},{\"@type\":\"WebPage\",\"@id\":\"https:\/\/www.padreydecano.com\/cms\/noticias\/venta-de-entradas-vs-deportivo-maldonado-clausura-2022\/\",\"url\":\"https:\/\/www.padreydecano.com\/cms\/noticias\/venta-de-entradas-vs-deportivo-maldonado-clausura-2022\/\",\"name\":\"Venta de entradas vs Deportivo Maldonado (Clausura 2022) - Padre y Decano - El Sitio del Pueblo\",\"isPartOf\":{\"@id\":\"https:\/\/www.padreydecano.com\/cms\/#website\"},\"primaryImageOfPage\":{\"@id\":\"https:\/\/www.padreydecano.com\/cms\/noticias\/venta-de-entradas-vs-deportivo-maldonado-clausura-2022\/#primaryimage\"},\"image\":{\"@id\":\"https:\/\/www.padreydecano.com\/cms\/noticias\/venta-de-entradas-vs-deportivo-maldonado-clausura-2022\/#primaryimage\"},\"thumbnailUrl\":\"https:\/\/www.padreydecano.com\/cms\/wp-content\/uploads\/2022\/08\/20220817_144258.jpg\",\"datePublished\":\"2022-08-17T17:45:55+00:00\",\"dateModified\":\"2022-08-22T12:59:31+00:00\",\"breadcrumb\":{\"@id\":\"https:\/\/www.padreydecano.com\/cms\/noticias\/venta-de-entradas-vs-deportivo-maldonado-clausura-2022\/#breadcrumb\"},\"inLanguage\":\"es\",\"potentialAction\":[{\"@type\":\"ReadAction\",\"target\":[\"https:\/\/www.padreydecano.com\/cms\/noticias\/venta-de-entradas-vs-deportivo-maldonado-clausura-2022\/\"]}]},{\"@type\":\"ImageObject\",\"inLanguage\":\"es\",\"@id\":\"https:\/\/www.padreydecano.com\/cms\/noticias\/venta-de-entradas-vs-deportivo-maldonado-clausura-2022\/#primaryimage\",\"url\":\"https:\/\/www.padreydecano.com\/cms\/wp-content\/uploads\/2022\/08\/20220817_144258.jpg\",\"contentUrl\":\"https:\/\/www.padreydecano.com\/cms\/wp-content\/uploads\/2022\/08\/20220817_144258.jpg\",\"width\":1080,\"height\":598},{\"@type\":\"BreadcrumbList\",\"@id\":\"https:\/\/www.padreydecano.com\/cms\/noticias\/venta-de-entradas-vs-deportivo-maldonado-clausura-2022\/#breadcrumb\",\"itemListElement\":[{\"@type\":\"ListItem\",\"position\":1,\"name\":\"Portada\",\"item\":\"https:\/\/www.padreydecano.com\/cms\/\"},{\"@type\":\"ListItem\",\"position\":2,\"name\":\"Venta de entradas vs Deportivo Maldonado (Clausura 2022)\"}]},{\"@type\":\"WebSite\",\"@id\":\"https:\/\/www.padreydecano.com\/cms\/#website\",\"url\":\"https:\/\/www.padreydecano.com\/cms\/\",\"name\":\"Padre y Decano - El Sitio del Pueblo\",\"description\":\"Club Atl\u00e9tico Pe\u00f1arol\",\"publisher\":{\"@id\":\"https:\/\/www.padreydecano.com\/cms\/#organization\"},\"potentialAction\":[{\"@type\":\"SearchAction\",\"target\":{\"@type\":\"EntryPoint\",\"urlTemplate\":\"https:\/\/www.padreydecano.com\/cms\/?s={search_term_string}\"},\"query-input\":\"required name=search_term_string\"}],\"inLanguage\":\"es\"},{\"@type\":\"Organization\",\"@id\":\"https:\/\/www.padreydecano.com\/cms\/#organization\",\"name\":\"Padre y Decano\",\"url\":\"https:\/\/www.padreydecano.com\/cms\/\",\"logo\":{\"@type\":\"ImageObject\",\"inLanguage\":\"es\",\"@id\":\"https:\/\/www.padreydecano.com\/cms\/#\/schema\/logo\/image\/\",\"url\":\"https:\/\/www.padreydecano.com\/cms\/wp-content\/uploads\/2022\/01\/avatar-square.png\",\"contentUrl\":\"https:\/\/www.padreydecano.com\/cms\/wp-content\/uploads\/2022\/01\/avatar-square.png\",\"width\":1500,\"height\":1500,\"caption\":\"Padre y Decano\"},\"image\":{\"@id\":\"https:\/\/www.padreydecano.com\/cms\/#\/schema\/logo\/image\/\"}},{\"@type\":\"Person\",\"@id\":\"https:\/\/www.padreydecano.com\/cms\/#\/schema\/person\/37aae8f93aa78e4c5385497f056e3246\",\"name\":\"Redactores Padre y Decano\",\"image\":{\"@type\":\"ImageObject\",\"inLanguage\":\"es\",\"@id\":\"https:\/\/www.padreydecano.com\/cms\/#\/schema\/person\/image\/\",\"url\":\"https:\/\/secure.gravatar.com\/avatar\/8810c4b9081192b118b104af54549af8?s=96&d=https%3A%2F%2Fpadreydecano.com%2Fcms%2Fwp-content%2Fthemes%2Fpyd-theme%2Fimg%2Fdefault-avatar.png&r=g\",\"contentUrl\":\"https:\/\/secure.gravatar.com\/avatar\/8810c4b9081192b118b104af54549af8?s=96&d=https%3A%2F%2Fpadreydecano.com%2Fcms%2Fwp-content%2Fthemes%2Fpyd-theme%2Fimg%2Fdefault-avatar.png&r=g\",\"caption\":\"Redactores Padre y Decano\"},\"sameAs\":[\"http:\/\/www.padreydecano.com\"]}]}<\/script>\n<!-- \/ Yoast SEO plugin. -->","yoast_head_json":{"title":"Venta de entradas vs Deportivo Maldonado (Clausura 2022) - Padre y Decano - El Sitio del Pueblo","robots":{"index":"index","follow":"follow","max-snippet":"max-snippet:-1","max-image-preview":"max-image-preview:large","max-video-preview":"max-video-preview:-1"},"canonical":"https:\/\/www.padreydecano.com\/cms\/noticias\/venta-de-entradas-vs-deportivo-maldonado-clausura-2022\/","og_locale":"es_ES","og_type":"article","og_title":"Venta de entradas vs Deportivo Maldonado (Clausura 2022) - Padre y Decano - El Sitio del Pueblo","og_description":"El pr\u00f3ximo lunes a las 19 horas, Pe\u00f1arol visitar\u00e1 a Deportivo Maldonado en el Estadio Parque Artigas de la ciudad de Paysand\u00fa por la sexta fecha del Torneo Clausura 2022. Vale la pena recordar que la sexta fecha se invirti\u00f3 con la cuarta debido al operativo de seguridad del partido cl\u00e1sico que se llevar\u00e1 a [&hellip;]","og_url":"https:\/\/www.padreydecano.com\/cms\/noticias\/venta-de-entradas-vs-deportivo-maldonado-clausura-2022\/","og_site_name":"Padre y Decano - El Sitio del Pueblo","article_published_time":"2022-08-17T17:45:55+00:00","article_modified_time":"2022-08-22T12:59:31+00:00","og_image":[{"width":1080,"height":598,"url":"https:\/\/www.padreydecano.com\/cms\/wp-content\/uploads\/2022\/08\/20220817_144258.jpg","type":"image\/jpeg"}],"author":"Redactores Padre y Decano","twitter_card":"summary_large_image","twitter_misc":{"Escrito por":"Redactores Padre y Decano","Tiempo de lectura":"1 minuto"},"schema":{"@context":"https:\/\/schema.org","@graph":[{"@type":"Article","@id":"https:\/\/www.padreydecano.com\/cms\/noticias\/venta-de-entradas-vs-deportivo-maldonado-clausura-2022\/#article","isPartOf":{"@id":"https:\/\/www.padreydecano.com\/cms\/noticias\/venta-de-entradas-vs-deportivo-maldonado-clausura-2022\/"},"author":{"name":"Redactores Padre y Decano","@id":"https:\/\/www.padreydecano.com\/cms\/#\/schema\/person\/37aae8f93aa78e4c5385497f056e3246"},"headline":"Venta de entradas vs Deportivo Maldonado (Clausura 2022)","datePublished":"2022-08-17T17:45:55+00:00","dateModified":"2022-08-22T12:59:31+00:00","mainEntityOfPage":{"@id":"https:\/\/www.padreydecano.com\/cms\/noticias\/venta-de-entradas-vs-deportivo-maldonado-clausura-2022\/"},"wordCount":148,"commentCount":0,"publisher":{"@id":"https:\/\/www.padreydecano.com\/cms\/#organization"},"image":{"@id":"https:\/\/www.padreydecano.com\/cms\/noticias\/venta-de-entradas-vs-deportivo-maldonado-clausura-2022\/#primaryimage"},"thumbnailUrl":"https:\/\/www.padreydecano.com\/cms\/wp-content\/uploads\/2022\/08\/20220817_144258.jpg","keywords":["Campeonato Uruguayo 2022"],"articleSection":["Noticias"],"inLanguage":"es","potentialAction":[{"@type":"CommentAction","name":"Comment","target":["https:\/\/www.padreydecano.com\/cms\/noticias\/venta-de-entradas-vs-deportivo-maldonado-clausura-2022\/#respond"]}]},{"@type":"WebPage","@id":"https:\/\/www.padreydecano.com\/cms\/noticias\/venta-de-entradas-vs-deportivo-maldonado-clausura-2022\/","url":"https:\/\/www.padreydecano.com\/cms\/noticias\/venta-de-entradas-vs-deportivo-maldonado-clausura-2022\/","name":"Venta de entradas vs Deportivo Maldonado (Clausura 2022) - Padre y Decano - El Sitio del Pueblo","isPartOf":{"@id":"https:\/\/www.padreydecano.com\/cms\/#website"},"primaryImageOfPage":{"@id":"https:\/\/www.padreydecano.com\/cms\/noticias\/venta-de-entradas-vs-deportivo-maldonado-clausura-2022\/#primaryimage"},"image":{"@id":"https:\/\/www.padreydecano.com\/cms\/noticias\/venta-de-entradas-vs-deportivo-maldonado-clausura-2022\/#primaryimage"},"thumbnailUrl":"https:\/\/www.padreydecano.com\/cms\/wp-content\/uploads\/2022\/08\/20220817_144258.jpg","datePublished":"2022-08-17T17:45:55+00:00","dateModified":"2022-08-22T12:59:31+00:00","breadcrumb":{"@id":"https:\/\/www.padreydecano.com\/cms\/noticias\/venta-de-entradas-vs-deportivo-maldonado-clausura-2022\/#breadcrumb"},"inLanguage":"es","potentialAction":[{"@type":"ReadAction","target":["https:\/\/www.padreydecano.com\/cms\/noticias\/venta-de-entradas-vs-deportivo-maldonado-clausura-2022\/"]}]},{"@type":"ImageObject","inLanguage":"es","@id":"https:\/\/www.padreydecano.com\/cms\/noticias\/venta-de-entradas-vs-deportivo-maldonado-clausura-2022\/#primaryimage","url":"https:\/\/www.padreydecano.com\/cms\/wp-content\/uploads\/2022\/08\/20220817_144258.jpg","contentUrl":"https:\/\/www.padreydecano.com\/cms\/wp-content\/uploads\/2022\/08\/20220817_144258.jpg","width":1080,"height":598},{"@type":"BreadcrumbList","@id":"https:\/\/www.padreydecano.com\/cms\/noticias\/venta-de-entradas-vs-deportivo-maldonado-clausura-2022\/#breadcrumb","itemListElement":[{"@type":"ListItem","position":1,"name":"Portada","item":"https:\/\/www.padreydecano.com\/cms\/"},{"@type":"ListItem","position":2,"name":"Venta de entradas vs Deportivo Maldonado (Clausura 2022)"}]},{"@type":"WebSite","@id":"https:\/\/www.padreydecano.com\/cms\/#website","url":"https:\/\/www.padreydecano.com\/cms\/","name":"Padre y Decano - El Sitio del Pueblo","description":"Club Atl\u00e9tico Pe\u00f1arol","publisher":{"@id":"https:\/\/www.padreydecano.com\/cms\/#organization"},"potentialAction":[{"@type":"SearchAction","target":{"@type":"EntryPoint","urlTemplate":"https:\/\/www.padreydecano.com\/cms\/?s={search_term_string}"},"query-input":"required name=search_term_string"}],"inLanguage":"es"},{"@type":"Organization","@id":"https:\/\/www.padreydecano.com\/cms\/#organization","name":"Padre y Decano","url":"https:\/\/www.padreydecano.com\/cms\/","logo":{"@type":"ImageObject","inLanguage":"es","@id":"https:\/\/www.padreydecano.com\/cms\/#\/schema\/logo\/image\/","url":"https:\/\/www.padreydecano.com\/cms\/wp-content\/uploads\/2022\/01\/avatar-square.png","contentUrl":"https:\/\/www.padreydecano.com\/cms\/wp-content\/uploads\/2022\/01\/avatar-square.png","width":1500,"height":1500,"caption":"Padre y Decano"},"image":{"@id":"https:\/\/www.padreydecano.com\/cms\/#\/schema\/logo\/image\/"}},{"@type":"Person","@id":"https:\/\/www.padreydecano.com\/cms\/#\/schema\/person\/37aae8f93aa78e4c5385497f056e3246","name":"Redactores Padre y Decano","image":{"@type":"ImageObject","inLanguage":"es","@id":"https:\/\/www.padreydecano.com\/cms\/#\/schema\/person\/image\/","url":"https:\/\/secure.gravatar.com\/avatar\/8810c4b9081192b118b104af54549af8?s=96&d=https%3A%2F%2Fpadreydecano.com%2Fcms%2Fwp-content%2Fthemes%2Fpyd-theme%2Fimg%2Fdefault-avatar.png&r=g","contentUrl":"https:\/\/secure.gravatar.com\/avatar\/8810c4b9081192b118b104af54549af8?s=96&d=https%3A%2F%2Fpadreydecano.com%2Fcms%2Fwp-content%2Fthemes%2Fpyd-theme%2Fimg%2Fdefault-avatar.png&r=g","caption":"Redactores Padre y Decano"},"sameAs":["http:\/\/www.padreydecano.com"]}]}},"_links":{"self":[{"href":"https:\/\/www.padreydecano.com\/cms\/wp-json\/wp\/v2\/posts\/79007"}],"collection":[{"href":"https:\/\/www.padreydecano.com\/cms\/wp-json\/wp\/v2\/posts"}],"about":[{"href":"https:\/\/www.padreydecano.com\/cms\/wp-json\/wp\/v2\/types\/post"}],"author":[{"embeddable":true,"href":"https:\/\/www.padreydecano.com\/cms\/wp-json\/wp\/v2\/users\/27"}],"replies":[{"embeddable":true,"href":"https:\/\/www.padreydecano.com\/cms\/wp-json\/wp\/v2\/comments?post=79007"}],"version-history":[{"count":0,"href":"https:\/\/www.padreydecano.com\/cms\/wp-json\/wp\/v2\/posts\/79007\/revisions"}],"wp:featuredmedia":[{"embeddable":true,"href":"https:\/\/www.padreydecano.com\/cms\/wp-json\/wp\/v2\/media\/79008"}],"wp:attachment":[{"href":"https:\/\/www.padreydecano.com\/cms\/wp-json\/wp\/v2\/media?parent=79007"}],"wp:term":[{"taxonomy":"category","embeddable":true,"href":"https:\/\/www.padreydecano.com\/cms\/wp-json\/wp\/v2\/categories?post=79007"},{"taxonomy":"post_tag","embeddable":true,"href":"https:\/\/www.padreydecano.com\/cms\/wp-json\/wp\/v2\/tags?post=79007"}],"curies":[{"name":"wp","href":"https:\/\/api.w.org\/{rel}","templated":true}]}}