{"id":79005,"date":"2022-08-16T00:16:54","date_gmt":"2022-08-16T03:16:54","guid":{"rendered":"http:\/\/www.padreydecano.com\/cms\/?p=79005"},"modified":"2022-08-22T09:59:22","modified_gmt":"2022-08-22T12:59:22","slug":"jairo-oneill-no-seguira-en-penarol","status":"publish","type":"post","link":"https:\/\/www.padreydecano.com\/cms\/noticias\/jairo-oneill-no-seguira-en-penarol\/","title":{"rendered":"Jairo O&#8217;Neill no seguir\u00e1 en Pe\u00f1arol\u00a0"},"content":{"rendered":"<p><img loading=\"lazy\" decoding=\"async\" class=\"alignnone size-medium wp-image-79006\" src=\"https:\/\/www.padreydecano.com\/cms\/wp-content\/uploads\/2022\/08\/61a7df0d60a51.r_1638392342243.0-23-1600-946-1-600x346.jpeg\" alt=\"\" width=\"600\" height=\"346\" srcset=\"https:\/\/www.padreydecano.com\/cms\/wp-content\/uploads\/2022\/08\/61a7df0d60a51.r_1638392342243.0-23-1600-946-1-600x346.jpeg 600w, https:\/\/www.padreydecano.com\/cms\/wp-content\/uploads\/2022\/08\/61a7df0d60a51.r_1638392342243.0-23-1600-946-1-768x443.jpeg 768w, https:\/\/www.padreydecano.com\/cms\/wp-content\/uploads\/2022\/08\/61a7df0d60a51.r_1638392342243.0-23-1600-946-1-300x173.jpeg 300w, https:\/\/www.padreydecano.com\/cms\/wp-content\/uploads\/2022\/08\/61a7df0d60a51.r_1638392342243.0-23-1600-946-1-128x74.jpeg 128w, https:\/\/www.padreydecano.com\/cms\/wp-content\/uploads\/2022\/08\/61a7df0d60a51.r_1638392342243.0-23-1600-946-1-32x18.jpeg 32w, https:\/\/www.padreydecano.com\/cms\/wp-content\/uploads\/2022\/08\/61a7df0d60a51.r_1638392342243.0-23-1600-946-1.jpeg 969w\" sizes=\"(max-width: 600px) 100vw, 600px\" \/><\/p>\n<p><strong>El lateral izquierdo de 21 a\u00f1os surgido en el Club no renov\u00f3 contrato con Pe\u00f1arol y se marchar\u00e1 libre.<\/strong><\/p>\n<p>Tras muchos idas y vueltas entre el representante del jugador (Javier Guti\u00e9rrez) y el Club, O&#8217;Neill finaliz\u00f3 su v\u00ednculo con el Decano del f\u00fatbol uruguayo y continuar\u00e1 su carrera en el f\u00fatbol sudamericano.<\/p>\n<p>O&#8217;Neill fue ascendido a primera divisi\u00f3n a finales de la temporada 2021 tras las lesiones de Juan Manuel Ramos y Valent\u00edn Rodr\u00edguez sobre la fecha final. En ese momento se le dio un contrato por pocos meses para que el equipo dirigido en ese entonces por Mauricio Larriera tuviera variantes en la defensa de cara a la definici\u00f3n del Campeonato Uruguayo.<\/p>\n<p>En la actual temporada disput\u00f3 5 partidos (432 minutos), 4 como titular. Larriera lo utiliz\u00f3 cuando no pod\u00eda contar con Ramos, siempre que pod\u00eda contar con Juan Manuel, era el titular de la zona.<\/p>\n<p>Jairo buscar\u00e1 m\u00e1s minutos en el exterior luego de que no se consigui\u00f3 un acuerdo entre las partes. Seg\u00fan su agente en Hora 25 Radio, la instituci\u00f3n solo le ofert\u00f3 6 meses m\u00e1s de contrato. Lo cierto es que desde el Club no mostraron mucha intenci\u00f3n de renovar el contrato y el jugador no ten\u00eda la prioridad de quedarse en el aurinegro.<\/p>\n<p>Finalmente el jugador no ser\u00e1 m\u00e1s parte del plantel y Leo Ramos tendr\u00e1 una variante menos en la defensa.<\/p>\n<div class=\"user-wrapper\"><a class=\"userlink\"href=\"https:\/\/twitter.com\/ftrucce18\" target=\"_blank\"><figure><img decoding=\"async\" src=\"http:\/\/www.padreydecano.com\/cms\/wp-users-files\/postfirmas\/ftrucce.jpg\" \/><\/figure><p class=\"user\"><strong>Franco Trucce<\/strong><br \/>@FTrucce18<\/p><\/a><\/div>\n","protected":false},"excerpt":{"rendered":"<p>El lateral izquierdo de 21 a\u00f1os surgido en el Club no renov\u00f3 contrato con Pe\u00f1arol y se marchar\u00e1 libre. Tras muchos idas y vueltas entre el representante del jugador (Javier Guti\u00e9rrez) y el Club, O&#8217;Neill finaliz\u00f3 su v\u00ednculo con el Decano del f\u00fatbol uruguayo y continuar\u00e1 su carrera en el f\u00fatbol sudamericano. O&#8217;Neill fue ascendido [&hellip;]<\/p>\n","protected":false},"author":27,"featured_media":79006,"comment_status":"open","ping_status":"closed","sticky":false,"template":"","format":"standard","meta":{"footnotes":""},"categories":[1],"tags":[557],"yoast_head":"<!-- This site is optimized with the Yoast SEO plugin v23.2 - https:\/\/yoast.com\/wordpress\/plugins\/seo\/ -->\n<title>Jairo O&#039;Neill no seguir\u00e1 en Pe\u00f1arol\u00a0 - Padre y Decano - El Sitio del Pueblo<\/title>\n<meta name=\"robots\" content=\"index, follow, max-snippet:-1, max-image-preview:large, max-video-preview:-1\" \/>\n<link rel=\"canonical\" href=\"https:\/\/www.padreydecano.com\/cms\/noticias\/jairo-oneill-no-seguira-en-penarol\/\" \/>\n<meta property=\"og:locale\" content=\"es_ES\" \/>\n<meta property=\"og:type\" content=\"article\" \/>\n<meta property=\"og:title\" content=\"Jairo O&#039;Neill no seguir\u00e1 en Pe\u00f1arol\u00a0 - Padre y Decano - El Sitio del Pueblo\" \/>\n<meta property=\"og:description\" content=\"El lateral izquierdo de 21 a\u00f1os surgido en el Club no renov\u00f3 contrato con Pe\u00f1arol y se marchar\u00e1 libre. Tras muchos idas y vueltas entre el representante del jugador (Javier Guti\u00e9rrez) y el Club, O&#8217;Neill finaliz\u00f3 su v\u00ednculo con el Decano del f\u00fatbol uruguayo y continuar\u00e1 su carrera en el f\u00fatbol sudamericano. O&#8217;Neill fue ascendido [&hellip;]\" \/>\n<meta property=\"og:url\" content=\"https:\/\/www.padreydecano.com\/cms\/noticias\/jairo-oneill-no-seguira-en-penarol\/\" \/>\n<meta property=\"og:site_name\" content=\"Padre y Decano - El Sitio del Pueblo\" \/>\n<meta property=\"article:published_time\" content=\"2022-08-16T03:16:54+00:00\" \/>\n<meta property=\"article:modified_time\" content=\"2022-08-22T12:59:22+00:00\" \/>\n<meta property=\"og:image\" content=\"https:\/\/www.padreydecano.com\/cms\/wp-content\/uploads\/2022\/08\/61a7df0d60a51.r_1638392342243.0-23-1600-946-1.jpeg\" \/>\n\t<meta property=\"og:image:width\" content=\"969\" \/>\n\t<meta property=\"og:image:height\" content=\"559\" \/>\n\t<meta property=\"og:image:type\" content=\"image\/jpeg\" \/>\n<meta name=\"author\" content=\"Redactores Padre y Decano\" \/>\n<meta name=\"twitter:card\" content=\"summary_large_image\" \/>\n<meta name=\"twitter:label1\" content=\"Escrito por\" \/>\n\t<meta name=\"twitter:data1\" content=\"Redactores Padre y Decano\" \/>\n\t<meta name=\"twitter:label2\" content=\"Tiempo de lectura\" \/>\n\t<meta name=\"twitter:data2\" content=\"2 minutos\" \/>\n<script type=\"application\/ld+json\" class=\"yoast-schema-graph\">{\"@context\":\"https:\/\/schema.org\",\"@graph\":[{\"@type\":\"Article\",\"@id\":\"https:\/\/www.padreydecano.com\/cms\/noticias\/jairo-oneill-no-seguira-en-penarol\/#article\",\"isPartOf\":{\"@id\":\"https:\/\/www.padreydecano.com\/cms\/noticias\/jairo-oneill-no-seguira-en-penarol\/\"},\"author\":{\"name\":\"Redactores Padre y Decano\",\"@id\":\"https:\/\/www.padreydecano.com\/cms\/#\/schema\/person\/37aae8f93aa78e4c5385497f056e3246\"},\"headline\":\"Jairo O&#8217;Neill no seguir\u00e1 en Pe\u00f1arol\u00a0\",\"datePublished\":\"2022-08-16T03:16:54+00:00\",\"dateModified\":\"2022-08-22T12:59:22+00:00\",\"mainEntityOfPage\":{\"@id\":\"https:\/\/www.padreydecano.com\/cms\/noticias\/jairo-oneill-no-seguira-en-penarol\/\"},\"wordCount\":251,\"commentCount\":18,\"publisher\":{\"@id\":\"https:\/\/www.padreydecano.com\/cms\/#organization\"},\"image\":{\"@id\":\"https:\/\/www.padreydecano.com\/cms\/noticias\/jairo-oneill-no-seguira-en-penarol\/#primaryimage\"},\"thumbnailUrl\":\"https:\/\/www.padreydecano.com\/cms\/wp-content\/uploads\/2022\/08\/61a7df0d60a51.r_1638392342243.0-23-1600-946-1.jpeg\",\"keywords\":[\"Campeonato Uruguayo 2022\"],\"articleSection\":[\"Noticias\"],\"inLanguage\":\"es\",\"potentialAction\":[{\"@type\":\"CommentAction\",\"name\":\"Comment\",\"target\":[\"https:\/\/www.padreydecano.com\/cms\/noticias\/jairo-oneill-no-seguira-en-penarol\/#respond\"]}]},{\"@type\":\"WebPage\",\"@id\":\"https:\/\/www.padreydecano.com\/cms\/noticias\/jairo-oneill-no-seguira-en-penarol\/\",\"url\":\"https:\/\/www.padreydecano.com\/cms\/noticias\/jairo-oneill-no-seguira-en-penarol\/\",\"name\":\"Jairo O'Neill no seguir\u00e1 en Pe\u00f1arol\u00a0 - Padre y Decano - El Sitio del Pueblo\",\"isPartOf\":{\"@id\":\"https:\/\/www.padreydecano.com\/cms\/#website\"},\"primaryImageOfPage\":{\"@id\":\"https:\/\/www.padreydecano.com\/cms\/noticias\/jairo-oneill-no-seguira-en-penarol\/#primaryimage\"},\"image\":{\"@id\":\"https:\/\/www.padreydecano.com\/cms\/noticias\/jairo-oneill-no-seguira-en-penarol\/#primaryimage\"},\"thumbnailUrl\":\"https:\/\/www.padreydecano.com\/cms\/wp-content\/uploads\/2022\/08\/61a7df0d60a51.r_1638392342243.0-23-1600-946-1.jpeg\",\"datePublished\":\"2022-08-16T03:16:54+00:00\",\"dateModified\":\"2022-08-22T12:59:22+00:00\",\"breadcrumb\":{\"@id\":\"https:\/\/www.padreydecano.com\/cms\/noticias\/jairo-oneill-no-seguira-en-penarol\/#breadcrumb\"},\"inLanguage\":\"es\",\"potentialAction\":[{\"@type\":\"ReadAction\",\"target\":[\"https:\/\/www.padreydecano.com\/cms\/noticias\/jairo-oneill-no-seguira-en-penarol\/\"]}]},{\"@type\":\"ImageObject\",\"inLanguage\":\"es\",\"@id\":\"https:\/\/www.padreydecano.com\/cms\/noticias\/jairo-oneill-no-seguira-en-penarol\/#primaryimage\",\"url\":\"https:\/\/www.padreydecano.com\/cms\/wp-content\/uploads\/2022\/08\/61a7df0d60a51.r_1638392342243.0-23-1600-946-1.jpeg\",\"contentUrl\":\"https:\/\/www.padreydecano.com\/cms\/wp-content\/uploads\/2022\/08\/61a7df0d60a51.r_1638392342243.0-23-1600-946-1.jpeg\",\"width\":969,\"height\":559},{\"@type\":\"BreadcrumbList\",\"@id\":\"https:\/\/www.padreydecano.com\/cms\/noticias\/jairo-oneill-no-seguira-en-penarol\/#breadcrumb\",\"itemListElement\":[{\"@type\":\"ListItem\",\"position\":1,\"name\":\"Portada\",\"item\":\"https:\/\/www.padreydecano.com\/cms\/\"},{\"@type\":\"ListItem\",\"position\":2,\"name\":\"Jairo O&#8217;Neill no seguir\u00e1 en Pe\u00f1arol\u00a0\"}]},{\"@type\":\"WebSite\",\"@id\":\"https:\/\/www.padreydecano.com\/cms\/#website\",\"url\":\"https:\/\/www.padreydecano.com\/cms\/\",\"name\":\"Padre y Decano - El Sitio del Pueblo\",\"description\":\"Club Atl\u00e9tico Pe\u00f1arol\",\"publisher\":{\"@id\":\"https:\/\/www.padreydecano.com\/cms\/#organization\"},\"potentialAction\":[{\"@type\":\"SearchAction\",\"target\":{\"@type\":\"EntryPoint\",\"urlTemplate\":\"https:\/\/www.padreydecano.com\/cms\/?s={search_term_string}\"},\"query-input\":\"required name=search_term_string\"}],\"inLanguage\":\"es\"},{\"@type\":\"Organization\",\"@id\":\"https:\/\/www.padreydecano.com\/cms\/#organization\",\"name\":\"Padre y Decano\",\"url\":\"https:\/\/www.padreydecano.com\/cms\/\",\"logo\":{\"@type\":\"ImageObject\",\"inLanguage\":\"es\",\"@id\":\"https:\/\/www.padreydecano.com\/cms\/#\/schema\/logo\/image\/\",\"url\":\"https:\/\/www.padreydecano.com\/cms\/wp-content\/uploads\/2022\/01\/avatar-square.png\",\"contentUrl\":\"https:\/\/www.padreydecano.com\/cms\/wp-content\/uploads\/2022\/01\/avatar-square.png\",\"width\":1500,\"height\":1500,\"caption\":\"Padre y Decano\"},\"image\":{\"@id\":\"https:\/\/www.padreydecano.com\/cms\/#\/schema\/logo\/image\/\"}},{\"@type\":\"Person\",\"@id\":\"https:\/\/www.padreydecano.com\/cms\/#\/schema\/person\/37aae8f93aa78e4c5385497f056e3246\",\"name\":\"Redactores Padre y Decano\",\"image\":{\"@type\":\"ImageObject\",\"inLanguage\":\"es\",\"@id\":\"https:\/\/www.padreydecano.com\/cms\/#\/schema\/person\/image\/\",\"url\":\"https:\/\/secure.gravatar.com\/avatar\/8810c4b9081192b118b104af54549af8?s=96&d=https%3A%2F%2Fpadreydecano.com%2Fcms%2Fwp-content%2Fthemes%2Fpyd-theme%2Fimg%2Fdefault-avatar.png&r=g\",\"contentUrl\":\"https:\/\/secure.gravatar.com\/avatar\/8810c4b9081192b118b104af54549af8?s=96&d=https%3A%2F%2Fpadreydecano.com%2Fcms%2Fwp-content%2Fthemes%2Fpyd-theme%2Fimg%2Fdefault-avatar.png&r=g\",\"caption\":\"Redactores Padre y Decano\"},\"sameAs\":[\"http:\/\/www.padreydecano.com\"]}]}<\/script>\n<!-- \/ Yoast SEO plugin. -->","yoast_head_json":{"title":"Jairo O'Neill no seguir\u00e1 en Pe\u00f1arol\u00a0 - Padre y Decano - El Sitio del Pueblo","robots":{"index":"index","follow":"follow","max-snippet":"max-snippet:-1","max-image-preview":"max-image-preview:large","max-video-preview":"max-video-preview:-1"},"canonical":"https:\/\/www.padreydecano.com\/cms\/noticias\/jairo-oneill-no-seguira-en-penarol\/","og_locale":"es_ES","og_type":"article","og_title":"Jairo O'Neill no seguir\u00e1 en Pe\u00f1arol\u00a0 - Padre y Decano - El Sitio del Pueblo","og_description":"El lateral izquierdo de 21 a\u00f1os surgido en el Club no renov\u00f3 contrato con Pe\u00f1arol y se marchar\u00e1 libre. Tras muchos idas y vueltas entre el representante del jugador (Javier Guti\u00e9rrez) y el Club, O&#8217;Neill finaliz\u00f3 su v\u00ednculo con el Decano del f\u00fatbol uruguayo y continuar\u00e1 su carrera en el f\u00fatbol sudamericano. O&#8217;Neill fue ascendido [&hellip;]","og_url":"https:\/\/www.padreydecano.com\/cms\/noticias\/jairo-oneill-no-seguira-en-penarol\/","og_site_name":"Padre y Decano - El Sitio del Pueblo","article_published_time":"2022-08-16T03:16:54+00:00","article_modified_time":"2022-08-22T12:59:22+00:00","og_image":[{"width":969,"height":559,"url":"https:\/\/www.padreydecano.com\/cms\/wp-content\/uploads\/2022\/08\/61a7df0d60a51.r_1638392342243.0-23-1600-946-1.jpeg","type":"image\/jpeg"}],"author":"Redactores Padre y Decano","twitter_card":"summary_large_image","twitter_misc":{"Escrito por":"Redactores Padre y Decano","Tiempo de lectura":"2 minutos"},"schema":{"@context":"https:\/\/schema.org","@graph":[{"@type":"Article","@id":"https:\/\/www.padreydecano.com\/cms\/noticias\/jairo-oneill-no-seguira-en-penarol\/#article","isPartOf":{"@id":"https:\/\/www.padreydecano.com\/cms\/noticias\/jairo-oneill-no-seguira-en-penarol\/"},"author":{"name":"Redactores Padre y Decano","@id":"https:\/\/www.padreydecano.com\/cms\/#\/schema\/person\/37aae8f93aa78e4c5385497f056e3246"},"headline":"Jairo O&#8217;Neill no seguir\u00e1 en Pe\u00f1arol\u00a0","datePublished":"2022-08-16T03:16:54+00:00","dateModified":"2022-08-22T12:59:22+00:00","mainEntityOfPage":{"@id":"https:\/\/www.padreydecano.com\/cms\/noticias\/jairo-oneill-no-seguira-en-penarol\/"},"wordCount":251,"commentCount":18,"publisher":{"@id":"https:\/\/www.padreydecano.com\/cms\/#organization"},"image":{"@id":"https:\/\/www.padreydecano.com\/cms\/noticias\/jairo-oneill-no-seguira-en-penarol\/#primaryimage"},"thumbnailUrl":"https:\/\/www.padreydecano.com\/cms\/wp-content\/uploads\/2022\/08\/61a7df0d60a51.r_1638392342243.0-23-1600-946-1.jpeg","keywords":["Campeonato Uruguayo 2022"],"articleSection":["Noticias"],"inLanguage":"es","potentialAction":[{"@type":"CommentAction","name":"Comment","target":["https:\/\/www.padreydecano.com\/cms\/noticias\/jairo-oneill-no-seguira-en-penarol\/#respond"]}]},{"@type":"WebPage","@id":"https:\/\/www.padreydecano.com\/cms\/noticias\/jairo-oneill-no-seguira-en-penarol\/","url":"https:\/\/www.padreydecano.com\/cms\/noticias\/jairo-oneill-no-seguira-en-penarol\/","name":"Jairo O'Neill no seguir\u00e1 en Pe\u00f1arol\u00a0 - Padre y Decano - El Sitio del Pueblo","isPartOf":{"@id":"https:\/\/www.padreydecano.com\/cms\/#website"},"primaryImageOfPage":{"@id":"https:\/\/www.padreydecano.com\/cms\/noticias\/jairo-oneill-no-seguira-en-penarol\/#primaryimage"},"image":{"@id":"https:\/\/www.padreydecano.com\/cms\/noticias\/jairo-oneill-no-seguira-en-penarol\/#primaryimage"},"thumbnailUrl":"https:\/\/www.padreydecano.com\/cms\/wp-content\/uploads\/2022\/08\/61a7df0d60a51.r_1638392342243.0-23-1600-946-1.jpeg","datePublished":"2022-08-16T03:16:54+00:00","dateModified":"2022-08-22T12:59:22+00:00","breadcrumb":{"@id":"https:\/\/www.padreydecano.com\/cms\/noticias\/jairo-oneill-no-seguira-en-penarol\/#breadcrumb"},"inLanguage":"es","potentialAction":[{"@type":"ReadAction","target":["https:\/\/www.padreydecano.com\/cms\/noticias\/jairo-oneill-no-seguira-en-penarol\/"]}]},{"@type":"ImageObject","inLanguage":"es","@id":"https:\/\/www.padreydecano.com\/cms\/noticias\/jairo-oneill-no-seguira-en-penarol\/#primaryimage","url":"https:\/\/www.padreydecano.com\/cms\/wp-content\/uploads\/2022\/08\/61a7df0d60a51.r_1638392342243.0-23-1600-946-1.jpeg","contentUrl":"https:\/\/www.padreydecano.com\/cms\/wp-content\/uploads\/2022\/08\/61a7df0d60a51.r_1638392342243.0-23-1600-946-1.jpeg","width":969,"height":559},{"@type":"BreadcrumbList","@id":"https:\/\/www.padreydecano.com\/cms\/noticias\/jairo-oneill-no-seguira-en-penarol\/#breadcrumb","itemListElement":[{"@type":"ListItem","position":1,"name":"Portada","item":"https:\/\/www.padreydecano.com\/cms\/"},{"@type":"ListItem","position":2,"name":"Jairo O&#8217;Neill no seguir\u00e1 en Pe\u00f1arol\u00a0"}]},{"@type":"WebSite","@id":"https:\/\/www.padreydecano.com\/cms\/#website","url":"https:\/\/www.padreydecano.com\/cms\/","name":"Padre y Decano - El Sitio del Pueblo","description":"Club Atl\u00e9tico Pe\u00f1arol","publisher":{"@id":"https:\/\/www.padreydecano.com\/cms\/#organization"},"potentialAction":[{"@type":"SearchAction","target":{"@type":"EntryPoint","urlTemplate":"https:\/\/www.padreydecano.com\/cms\/?s={search_term_string}"},"query-input":"required name=search_term_string"}],"inLanguage":"es"},{"@type":"Organization","@id":"https:\/\/www.padreydecano.com\/cms\/#organization","name":"Padre y Decano","url":"https:\/\/www.padreydecano.com\/cms\/","logo":{"@type":"ImageObject","inLanguage":"es","@id":"https:\/\/www.padreydecano.com\/cms\/#\/schema\/logo\/image\/","url":"https:\/\/www.padreydecano.com\/cms\/wp-content\/uploads\/2022\/01\/avatar-square.png","contentUrl":"https:\/\/www.padreydecano.com\/cms\/wp-content\/uploads\/2022\/01\/avatar-square.png","width":1500,"height":1500,"caption":"Padre y Decano"},"image":{"@id":"https:\/\/www.padreydecano.com\/cms\/#\/schema\/logo\/image\/"}},{"@type":"Person","@id":"https:\/\/www.padreydecano.com\/cms\/#\/schema\/person\/37aae8f93aa78e4c5385497f056e3246","name":"Redactores Padre y Decano","image":{"@type":"ImageObject","inLanguage":"es","@id":"https:\/\/www.padreydecano.com\/cms\/#\/schema\/person\/image\/","url":"https:\/\/secure.gravatar.com\/avatar\/8810c4b9081192b118b104af54549af8?s=96&d=https%3A%2F%2Fpadreydecano.com%2Fcms%2Fwp-content%2Fthemes%2Fpyd-theme%2Fimg%2Fdefault-avatar.png&r=g","contentUrl":"https:\/\/secure.gravatar.com\/avatar\/8810c4b9081192b118b104af54549af8?s=96&d=https%3A%2F%2Fpadreydecano.com%2Fcms%2Fwp-content%2Fthemes%2Fpyd-theme%2Fimg%2Fdefault-avatar.png&r=g","caption":"Redactores Padre y Decano"},"sameAs":["http:\/\/www.padreydecano.com"]}]}},"_links":{"self":[{"href":"https:\/\/www.padreydecano.com\/cms\/wp-json\/wp\/v2\/posts\/79005"}],"collection":[{"href":"https:\/\/www.padreydecano.com\/cms\/wp-json\/wp\/v2\/posts"}],"about":[{"href":"https:\/\/www.padreydecano.com\/cms\/wp-json\/wp\/v2\/types\/post"}],"author":[{"embeddable":true,"href":"https:\/\/www.padreydecano.com\/cms\/wp-json\/wp\/v2\/users\/27"}],"replies":[{"embeddable":true,"href":"https:\/\/www.padreydecano.com\/cms\/wp-json\/wp\/v2\/comments?post=79005"}],"version-history":[{"count":0,"href":"https:\/\/www.padreydecano.com\/cms\/wp-json\/wp\/v2\/posts\/79005\/revisions"}],"wp:featuredmedia":[{"embeddable":true,"href":"https:\/\/www.padreydecano.com\/cms\/wp-json\/wp\/v2\/media\/79006"}],"wp:attachment":[{"href":"https:\/\/www.padreydecano.com\/cms\/wp-json\/wp\/v2\/media?parent=79005"}],"wp:term":[{"taxonomy":"category","embeddable":true,"href":"https:\/\/www.padreydecano.com\/cms\/wp-json\/wp\/v2\/categories?post=79005"},{"taxonomy":"post_tag","embeddable":true,"href":"https:\/\/www.padreydecano.com\/cms\/wp-json\/wp\/v2\/tags?post=79005"}],"curies":[{"name":"wp","href":"https:\/\/api.w.org\/{rel}","templated":true}]}}