{"id":79002,"date":"2022-08-14T12:22:09","date_gmt":"2022-08-14T15:22:09","guid":{"rendered":"http:\/\/www.padreydecano.com\/cms\/?p=79002"},"modified":"2022-08-22T11:01:54","modified_gmt":"2022-08-22T14:01:54","slug":"otra-vez-en-casa","status":"publish","type":"post","link":"https:\/\/www.padreydecano.com\/cms\/partidos\/otra-vez-en-casa\/","title":{"rendered":"Otra vez en casa"},"content":{"rendered":"<p><img loading=\"lazy\" decoding=\"async\" class=\"alignnone size-medium wp-image-79003\" src=\"https:\/\/www.padreydecano.com\/cms\/wp-content\/uploads\/2022\/08\/20220814_121837-600x400.jpg\" alt=\"\" width=\"600\" height=\"400\" srcset=\"https:\/\/www.padreydecano.com\/cms\/wp-content\/uploads\/2022\/08\/20220814_121837-600x400.jpg 600w, https:\/\/www.padreydecano.com\/cms\/wp-content\/uploads\/2022\/08\/20220814_121837-1024x683.jpg 1024w, https:\/\/www.padreydecano.com\/cms\/wp-content\/uploads\/2022\/08\/20220814_121837-768x512.jpg 768w, https:\/\/www.padreydecano.com\/cms\/wp-content\/uploads\/2022\/08\/20220814_121837-1536x1025.jpg 1536w, https:\/\/www.padreydecano.com\/cms\/wp-content\/uploads\/2022\/08\/20220814_121837-300x200.jpg 300w, https:\/\/www.padreydecano.com\/cms\/wp-content\/uploads\/2022\/08\/20220814_121837-128x85.jpg 128w, https:\/\/www.padreydecano.com\/cms\/wp-content\/uploads\/2022\/08\/20220814_121837-32x21.jpg 32w, https:\/\/www.padreydecano.com\/cms\/wp-content\/uploads\/2022\/08\/20220814_121837.jpg 2048w\" sizes=\"(max-width: 600px) 100vw, 600px\" \/><\/p>\n<p><strong>Pe\u00f1arol derrot\u00f3 2 a 0 a Albion en el Estadio Campe\u00f3n del Siglo y cort\u00f3 la racha de 5 partidos sin ganar en el escenario mirasol. Los dos goles fueron convertidos por Pizzorno en contra.\u00a0<\/strong><\/p>\n<p>Pe\u00f1arol llegaba a este encuentro con la obligaci\u00f3n de ganar pensando en las tablas y para cortar una p\u00e9sima racha de 5 partidos consecutivos en el Estadio Campe\u00f3n del Siglo sin ganar. Del otro lado, Albion. Un rival que si bien ven\u00eda en un buen momento, volv\u00eda a la debacle y de un nivel inferior al del carbonero.<\/p>\n<p>Leo Ramos solo realiz\u00f3 una variante en el equipo titular tomando en cuenta su anterior partido, y fue por obligaci\u00f3n debido a la salida de Ram\u00f3n Arias del plantel. El equipo fue con: Kevin Dawson; Ezequiel Busquets, Yonatthan Rak, Hern\u00e1n Menosse, Juan Manuel Ramos; Kevin M\u00e9ndez, Sebasti\u00e1n Cristoforo (82&#8242; Rodrigo Saravia), Walter Gargano (60&#8242; Nicol\u00e1s Rossi), Ignacio Laquintana; Lucas Viatri (82&#8242; Nicol\u00e1s Milesi) y Hern\u00e1n Rivero (46&#8242; Ruben Bentancourt).<\/p>\n<p><strong>Banco: <\/strong>Thiago Cardozo, Agust\u00edn Da Silveira, Mat\u00edas Aguirregay,\u00a0 Facundo Bonifazi, Agust\u00edn \u00c1lvarez Wallace y Billy Arce.<\/p>\n<p><span style=\"color: #ffcc00;\"><strong>Primer tiempo<\/strong><\/span><\/p>\n<p>El partido comenz\u00f3 entreverado en la mitad de la cancha. De a poco Pe\u00f1arol se fue adue\u00f1ando del bal\u00f3n y as\u00ed se mantuvo durante la mayor\u00eda del primer tiempo.<\/p>\n<p>Kevin M\u00e9ndez fue muy importante en el ataque de Pe\u00f1arol. Todo lo hecho en ofensiva pas\u00f3 por el jugador formado en el Club. En los primeros 15&#8242; recorri\u00f3 varios metros con la pelota, asisti\u00f3 a Laquintana en la derecha y prob\u00f3 al arco, pero apareci\u00f3 el arquero para mandarla al c\u00f3rner.<\/p>\n<p>A los 18 minutos el \u00e1rbitro principal del encuentro expuls\u00f3 a Callorda tras un codazo a Menosse. La expulsi\u00f3n le dio al equipo de Leo Ramos m\u00e1s espacio en el terreno de juego y se pudo aprovechar m\u00e1s el trabajo de Gargano en la mitad de la cancha, mientras que complic\u00f3 mucho los planes de Albion.<\/p>\n<p>M\u00e9ndez, con mucha confianza, prob\u00f3 de afuera del \u00e1rea, adue\u00f1\u00e1ndose de la pelota el golero sin mayores dificultades.<\/p>\n<p>Rivero tuvo chances dentro del \u00e1rea. Primero un cabezazo en la l\u00ednea del \u00e1rea chica que desv\u00eda el guardameta al c\u00f3rner y posteriormente una pelota que le cae en el \u00e1rea y no puede conectar de buena manera.<\/p>\n<p>A los 36 minutos, apareci\u00f3 Kevin M\u00e9ndez en el \u00e1rea y de frente al arco convirti\u00f3, pero inmediatamente fue anulado en el VAR por una milim\u00e9trica posici\u00f3n adelantada de Laquintana en el momento de la jugada.<\/p>\n<p>En los minutos finales Pe\u00f1arol sin mucha profundidad, tuvo la mayor posesi\u00f3n del bal\u00f3n. Rivero volvi\u00f3 a aparecer de cabeza en el \u00e1rea pero otra vez apareci\u00f3 el arquero para denegar el gol.<\/p>\n<p><span style=\"color: #ffcc00;\"><strong>Segundo tiempo<\/strong><\/span><\/p>\n<p>El decano sali\u00f3 r\u00e1pidamente en busca de la ventaja. Bentancourt, recientemente ingresado, asisti\u00f3 a Laquintana que centr\u00f3 al \u00e1rea y apareci\u00f3 Pizzorno para meterla en su propio arco. El marcador se abri\u00f3 a los pocos minutos de iniciado el primer tiempo con gol en contra.<\/p>\n<p>Pe\u00f1arol, con un hombre de m\u00e1s en cancha y la ventaja parcial, sigui\u00f3 generando e incomodando al rival, pero nuevamente falto de profundidad.<\/p>\n<p>La visita se pudo parar en el partido y por momentos no parec\u00eda que hab\u00eda sufrido una expulsi\u00f3n.<\/p>\n<p>A los 77&#8242;, Nicol\u00e1s Rossi encar\u00f3 por la banda y defini\u00f3 ante una buena atajada del guardameta, en el rebote Bentancourt intenta mandar la pelota al medio y el \u00e1rbitro en primera instancia se\u00f1ala penal a favor de Pe\u00f1arol por mano. Inmediatamente el VAR anul\u00f3 la pena m\u00e1xima.<\/p>\n<p>En los minutos finales, apareci\u00f3 el otro gol del partido. Bentancourt defini\u00f3 en el \u00e1rea, volviendo a aparecer el arquero para impedir el gol y en el rebote Pizzorno no puede impedir la direcci\u00f3n del bal\u00f3n y convirti\u00f3 su segundo gol en contra en el partido.<\/p>\n<p>Con fortuna quiz\u00e1s, pero Pe\u00f1arol logr\u00f3 su segunda victoria consecutiva, volvi\u00f3 a ganar en el Estadio Campe\u00f3n del Siglo y se prepara con victorias para la seguidilla de partidos consecutivos de importancia que se vienen.<\/p>\n<p>Ahora el equipo dirigido por Leo Ramos tendr\u00e1 que pensar en visitar a Deportivo Maldonado el pr\u00f3ximo lunes, probablemente en Paysand\u00fa.<\/p>\n<div class=\"user-wrapper\"><a class=\"userlink\"href=\"https:\/\/twitter.com\/ftrucce18\" target=\"_blank\"><figure><img decoding=\"async\" src=\"http:\/\/www.padreydecano.com\/cms\/wp-users-files\/postfirmas\/ftrucce.jpg\" \/><\/figure><p class=\"user\"><strong>Franco Trucce<\/strong><br \/>@FTrucce18<\/p><\/a><\/div>\n","protected":false},"excerpt":{"rendered":"<p>Pe\u00f1arol derrot\u00f3 2 a 0 a Albion en el Estadio Campe\u00f3n del Siglo y cort\u00f3 la racha de 5 partidos sin ganar en el escenario mirasol. Los dos goles fueron convertidos por Pizzorno en contra.\u00a0 Pe\u00f1arol llegaba a este encuentro con la obligaci\u00f3n de ganar pensando en las tablas y para cortar una p\u00e9sima racha [&hellip;]<\/p>\n","protected":false},"author":27,"featured_media":79003,"comment_status":"open","ping_status":"closed","sticky":false,"template":"","format":"standard","meta":{"footnotes":""},"categories":[13],"tags":[557],"yoast_head":"<!-- This site is optimized with the Yoast SEO plugin v23.2 - https:\/\/yoast.com\/wordpress\/plugins\/seo\/ -->\n<title>Otra vez en casa - Padre y Decano - El Sitio del Pueblo<\/title>\n<meta name=\"robots\" content=\"index, follow, max-snippet:-1, max-image-preview:large, max-video-preview:-1\" \/>\n<link rel=\"canonical\" href=\"https:\/\/www.padreydecano.com\/cms\/partidos\/otra-vez-en-casa\/\" \/>\n<meta property=\"og:locale\" content=\"es_ES\" \/>\n<meta property=\"og:type\" content=\"article\" \/>\n<meta property=\"og:title\" content=\"Otra vez en casa - Padre y Decano - El Sitio del Pueblo\" \/>\n<meta property=\"og:description\" content=\"Pe\u00f1arol derrot\u00f3 2 a 0 a Albion en el Estadio Campe\u00f3n del Siglo y cort\u00f3 la racha de 5 partidos sin ganar en el escenario mirasol. Los dos goles fueron convertidos por Pizzorno en contra.\u00a0 Pe\u00f1arol llegaba a este encuentro con la obligaci\u00f3n de ganar pensando en las tablas y para cortar una p\u00e9sima racha [&hellip;]\" \/>\n<meta property=\"og:url\" content=\"https:\/\/www.padreydecano.com\/cms\/partidos\/otra-vez-en-casa\/\" \/>\n<meta property=\"og:site_name\" content=\"Padre y Decano - El Sitio del Pueblo\" \/>\n<meta property=\"article:published_time\" content=\"2022-08-14T15:22:09+00:00\" \/>\n<meta property=\"article:modified_time\" content=\"2022-08-22T14:01:54+00:00\" \/>\n<meta property=\"og:image\" content=\"https:\/\/www.padreydecano.com\/cms\/wp-content\/uploads\/2022\/08\/20220814_121837.jpg\" \/>\n\t<meta property=\"og:image:width\" content=\"2048\" \/>\n\t<meta property=\"og:image:height\" content=\"1366\" \/>\n\t<meta property=\"og:image:type\" content=\"image\/jpeg\" \/>\n<meta name=\"author\" content=\"Redactores Padre y Decano\" \/>\n<meta name=\"twitter:card\" content=\"summary_large_image\" \/>\n<meta name=\"twitter:label1\" content=\"Escrito por\" \/>\n\t<meta name=\"twitter:data1\" content=\"Redactores Padre y Decano\" \/>\n\t<meta name=\"twitter:label2\" content=\"Tiempo de lectura\" \/>\n\t<meta name=\"twitter:data2\" content=\"4 minutos\" \/>\n<script type=\"application\/ld+json\" class=\"yoast-schema-graph\">{\"@context\":\"https:\/\/schema.org\",\"@graph\":[{\"@type\":\"Article\",\"@id\":\"https:\/\/www.padreydecano.com\/cms\/partidos\/otra-vez-en-casa\/#article\",\"isPartOf\":{\"@id\":\"https:\/\/www.padreydecano.com\/cms\/partidos\/otra-vez-en-casa\/\"},\"author\":{\"name\":\"Redactores Padre y Decano\",\"@id\":\"https:\/\/www.padreydecano.com\/cms\/#\/schema\/person\/37aae8f93aa78e4c5385497f056e3246\"},\"headline\":\"Otra vez en casa\",\"datePublished\":\"2022-08-14T15:22:09+00:00\",\"dateModified\":\"2022-08-22T14:01:54+00:00\",\"mainEntityOfPage\":{\"@id\":\"https:\/\/www.padreydecano.com\/cms\/partidos\/otra-vez-en-casa\/\"},\"wordCount\":728,\"commentCount\":63,\"publisher\":{\"@id\":\"https:\/\/www.padreydecano.com\/cms\/#organization\"},\"image\":{\"@id\":\"https:\/\/www.padreydecano.com\/cms\/partidos\/otra-vez-en-casa\/#primaryimage\"},\"thumbnailUrl\":\"https:\/\/www.padreydecano.com\/cms\/wp-content\/uploads\/2022\/08\/20220814_121837.jpg\",\"keywords\":[\"Campeonato Uruguayo 2022\"],\"articleSection\":[\"Partidos\"],\"inLanguage\":\"es\",\"potentialAction\":[{\"@type\":\"CommentAction\",\"name\":\"Comment\",\"target\":[\"https:\/\/www.padreydecano.com\/cms\/partidos\/otra-vez-en-casa\/#respond\"]}]},{\"@type\":\"WebPage\",\"@id\":\"https:\/\/www.padreydecano.com\/cms\/partidos\/otra-vez-en-casa\/\",\"url\":\"https:\/\/www.padreydecano.com\/cms\/partidos\/otra-vez-en-casa\/\",\"name\":\"Otra vez en casa - Padre y Decano - El Sitio del Pueblo\",\"isPartOf\":{\"@id\":\"https:\/\/www.padreydecano.com\/cms\/#website\"},\"primaryImageOfPage\":{\"@id\":\"https:\/\/www.padreydecano.com\/cms\/partidos\/otra-vez-en-casa\/#primaryimage\"},\"image\":{\"@id\":\"https:\/\/www.padreydecano.com\/cms\/partidos\/otra-vez-en-casa\/#primaryimage\"},\"thumbnailUrl\":\"https:\/\/www.padreydecano.com\/cms\/wp-content\/uploads\/2022\/08\/20220814_121837.jpg\",\"datePublished\":\"2022-08-14T15:22:09+00:00\",\"dateModified\":\"2022-08-22T14:01:54+00:00\",\"breadcrumb\":{\"@id\":\"https:\/\/www.padreydecano.com\/cms\/partidos\/otra-vez-en-casa\/#breadcrumb\"},\"inLanguage\":\"es\",\"potentialAction\":[{\"@type\":\"ReadAction\",\"target\":[\"https:\/\/www.padreydecano.com\/cms\/partidos\/otra-vez-en-casa\/\"]}]},{\"@type\":\"ImageObject\",\"inLanguage\":\"es\",\"@id\":\"https:\/\/www.padreydecano.com\/cms\/partidos\/otra-vez-en-casa\/#primaryimage\",\"url\":\"https:\/\/www.padreydecano.com\/cms\/wp-content\/uploads\/2022\/08\/20220814_121837.jpg\",\"contentUrl\":\"https:\/\/www.padreydecano.com\/cms\/wp-content\/uploads\/2022\/08\/20220814_121837.jpg\",\"width\":2048,\"height\":1366},{\"@type\":\"BreadcrumbList\",\"@id\":\"https:\/\/www.padreydecano.com\/cms\/partidos\/otra-vez-en-casa\/#breadcrumb\",\"itemListElement\":[{\"@type\":\"ListItem\",\"position\":1,\"name\":\"Portada\",\"item\":\"https:\/\/www.padreydecano.com\/cms\/\"},{\"@type\":\"ListItem\",\"position\":2,\"name\":\"Otra vez en casa\"}]},{\"@type\":\"WebSite\",\"@id\":\"https:\/\/www.padreydecano.com\/cms\/#website\",\"url\":\"https:\/\/www.padreydecano.com\/cms\/\",\"name\":\"Padre y Decano - El Sitio del Pueblo\",\"description\":\"Club Atl\u00e9tico Pe\u00f1arol\",\"publisher\":{\"@id\":\"https:\/\/www.padreydecano.com\/cms\/#organization\"},\"potentialAction\":[{\"@type\":\"SearchAction\",\"target\":{\"@type\":\"EntryPoint\",\"urlTemplate\":\"https:\/\/www.padreydecano.com\/cms\/?s={search_term_string}\"},\"query-input\":\"required name=search_term_string\"}],\"inLanguage\":\"es\"},{\"@type\":\"Organization\",\"@id\":\"https:\/\/www.padreydecano.com\/cms\/#organization\",\"name\":\"Padre y Decano\",\"url\":\"https:\/\/www.padreydecano.com\/cms\/\",\"logo\":{\"@type\":\"ImageObject\",\"inLanguage\":\"es\",\"@id\":\"https:\/\/www.padreydecano.com\/cms\/#\/schema\/logo\/image\/\",\"url\":\"https:\/\/www.padreydecano.com\/cms\/wp-content\/uploads\/2022\/01\/avatar-square.png\",\"contentUrl\":\"https:\/\/www.padreydecano.com\/cms\/wp-content\/uploads\/2022\/01\/avatar-square.png\",\"width\":1500,\"height\":1500,\"caption\":\"Padre y Decano\"},\"image\":{\"@id\":\"https:\/\/www.padreydecano.com\/cms\/#\/schema\/logo\/image\/\"}},{\"@type\":\"Person\",\"@id\":\"https:\/\/www.padreydecano.com\/cms\/#\/schema\/person\/37aae8f93aa78e4c5385497f056e3246\",\"name\":\"Redactores Padre y Decano\",\"image\":{\"@type\":\"ImageObject\",\"inLanguage\":\"es\",\"@id\":\"https:\/\/www.padreydecano.com\/cms\/#\/schema\/person\/image\/\",\"url\":\"https:\/\/secure.gravatar.com\/avatar\/8810c4b9081192b118b104af54549af8?s=96&d=https%3A%2F%2Fpadreydecano.com%2Fcms%2Fwp-content%2Fthemes%2Fpyd-theme%2Fimg%2Fdefault-avatar.png&r=g\",\"contentUrl\":\"https:\/\/secure.gravatar.com\/avatar\/8810c4b9081192b118b104af54549af8?s=96&d=https%3A%2F%2Fpadreydecano.com%2Fcms%2Fwp-content%2Fthemes%2Fpyd-theme%2Fimg%2Fdefault-avatar.png&r=g\",\"caption\":\"Redactores Padre y Decano\"},\"sameAs\":[\"http:\/\/www.padreydecano.com\"]}]}<\/script>\n<!-- \/ Yoast SEO plugin. -->","yoast_head_json":{"title":"Otra vez en casa - Padre y Decano - El Sitio del Pueblo","robots":{"index":"index","follow":"follow","max-snippet":"max-snippet:-1","max-image-preview":"max-image-preview:large","max-video-preview":"max-video-preview:-1"},"canonical":"https:\/\/www.padreydecano.com\/cms\/partidos\/otra-vez-en-casa\/","og_locale":"es_ES","og_type":"article","og_title":"Otra vez en casa - Padre y Decano - El Sitio del Pueblo","og_description":"Pe\u00f1arol derrot\u00f3 2 a 0 a Albion en el Estadio Campe\u00f3n del Siglo y cort\u00f3 la racha de 5 partidos sin ganar en el escenario mirasol. Los dos goles fueron convertidos por Pizzorno en contra.\u00a0 Pe\u00f1arol llegaba a este encuentro con la obligaci\u00f3n de ganar pensando en las tablas y para cortar una p\u00e9sima racha [&hellip;]","og_url":"https:\/\/www.padreydecano.com\/cms\/partidos\/otra-vez-en-casa\/","og_site_name":"Padre y Decano - El Sitio del Pueblo","article_published_time":"2022-08-14T15:22:09+00:00","article_modified_time":"2022-08-22T14:01:54+00:00","og_image":[{"width":2048,"height":1366,"url":"https:\/\/www.padreydecano.com\/cms\/wp-content\/uploads\/2022\/08\/20220814_121837.jpg","type":"image\/jpeg"}],"author":"Redactores Padre y Decano","twitter_card":"summary_large_image","twitter_misc":{"Escrito por":"Redactores Padre y Decano","Tiempo de lectura":"4 minutos"},"schema":{"@context":"https:\/\/schema.org","@graph":[{"@type":"Article","@id":"https:\/\/www.padreydecano.com\/cms\/partidos\/otra-vez-en-casa\/#article","isPartOf":{"@id":"https:\/\/www.padreydecano.com\/cms\/partidos\/otra-vez-en-casa\/"},"author":{"name":"Redactores Padre y Decano","@id":"https:\/\/www.padreydecano.com\/cms\/#\/schema\/person\/37aae8f93aa78e4c5385497f056e3246"},"headline":"Otra vez en casa","datePublished":"2022-08-14T15:22:09+00:00","dateModified":"2022-08-22T14:01:54+00:00","mainEntityOfPage":{"@id":"https:\/\/www.padreydecano.com\/cms\/partidos\/otra-vez-en-casa\/"},"wordCount":728,"commentCount":63,"publisher":{"@id":"https:\/\/www.padreydecano.com\/cms\/#organization"},"image":{"@id":"https:\/\/www.padreydecano.com\/cms\/partidos\/otra-vez-en-casa\/#primaryimage"},"thumbnailUrl":"https:\/\/www.padreydecano.com\/cms\/wp-content\/uploads\/2022\/08\/20220814_121837.jpg","keywords":["Campeonato Uruguayo 2022"],"articleSection":["Partidos"],"inLanguage":"es","potentialAction":[{"@type":"CommentAction","name":"Comment","target":["https:\/\/www.padreydecano.com\/cms\/partidos\/otra-vez-en-casa\/#respond"]}]},{"@type":"WebPage","@id":"https:\/\/www.padreydecano.com\/cms\/partidos\/otra-vez-en-casa\/","url":"https:\/\/www.padreydecano.com\/cms\/partidos\/otra-vez-en-casa\/","name":"Otra vez en casa - Padre y Decano - El Sitio del Pueblo","isPartOf":{"@id":"https:\/\/www.padreydecano.com\/cms\/#website"},"primaryImageOfPage":{"@id":"https:\/\/www.padreydecano.com\/cms\/partidos\/otra-vez-en-casa\/#primaryimage"},"image":{"@id":"https:\/\/www.padreydecano.com\/cms\/partidos\/otra-vez-en-casa\/#primaryimage"},"thumbnailUrl":"https:\/\/www.padreydecano.com\/cms\/wp-content\/uploads\/2022\/08\/20220814_121837.jpg","datePublished":"2022-08-14T15:22:09+00:00","dateModified":"2022-08-22T14:01:54+00:00","breadcrumb":{"@id":"https:\/\/www.padreydecano.com\/cms\/partidos\/otra-vez-en-casa\/#breadcrumb"},"inLanguage":"es","potentialAction":[{"@type":"ReadAction","target":["https:\/\/www.padreydecano.com\/cms\/partidos\/otra-vez-en-casa\/"]}]},{"@type":"ImageObject","inLanguage":"es","@id":"https:\/\/www.padreydecano.com\/cms\/partidos\/otra-vez-en-casa\/#primaryimage","url":"https:\/\/www.padreydecano.com\/cms\/wp-content\/uploads\/2022\/08\/20220814_121837.jpg","contentUrl":"https:\/\/www.padreydecano.com\/cms\/wp-content\/uploads\/2022\/08\/20220814_121837.jpg","width":2048,"height":1366},{"@type":"BreadcrumbList","@id":"https:\/\/www.padreydecano.com\/cms\/partidos\/otra-vez-en-casa\/#breadcrumb","itemListElement":[{"@type":"ListItem","position":1,"name":"Portada","item":"https:\/\/www.padreydecano.com\/cms\/"},{"@type":"ListItem","position":2,"name":"Otra vez en casa"}]},{"@type":"WebSite","@id":"https:\/\/www.padreydecano.com\/cms\/#website","url":"https:\/\/www.padreydecano.com\/cms\/","name":"Padre y Decano - El Sitio del Pueblo","description":"Club Atl\u00e9tico Pe\u00f1arol","publisher":{"@id":"https:\/\/www.padreydecano.com\/cms\/#organization"},"potentialAction":[{"@type":"SearchAction","target":{"@type":"EntryPoint","urlTemplate":"https:\/\/www.padreydecano.com\/cms\/?s={search_term_string}"},"query-input":"required name=search_term_string"}],"inLanguage":"es"},{"@type":"Organization","@id":"https:\/\/www.padreydecano.com\/cms\/#organization","name":"Padre y Decano","url":"https:\/\/www.padreydecano.com\/cms\/","logo":{"@type":"ImageObject","inLanguage":"es","@id":"https:\/\/www.padreydecano.com\/cms\/#\/schema\/logo\/image\/","url":"https:\/\/www.padreydecano.com\/cms\/wp-content\/uploads\/2022\/01\/avatar-square.png","contentUrl":"https:\/\/www.padreydecano.com\/cms\/wp-content\/uploads\/2022\/01\/avatar-square.png","width":1500,"height":1500,"caption":"Padre y Decano"},"image":{"@id":"https:\/\/www.padreydecano.com\/cms\/#\/schema\/logo\/image\/"}},{"@type":"Person","@id":"https:\/\/www.padreydecano.com\/cms\/#\/schema\/person\/37aae8f93aa78e4c5385497f056e3246","name":"Redactores Padre y Decano","image":{"@type":"ImageObject","inLanguage":"es","@id":"https:\/\/www.padreydecano.com\/cms\/#\/schema\/person\/image\/","url":"https:\/\/secure.gravatar.com\/avatar\/8810c4b9081192b118b104af54549af8?s=96&d=https%3A%2F%2Fpadreydecano.com%2Fcms%2Fwp-content%2Fthemes%2Fpyd-theme%2Fimg%2Fdefault-avatar.png&r=g","contentUrl":"https:\/\/secure.gravatar.com\/avatar\/8810c4b9081192b118b104af54549af8?s=96&d=https%3A%2F%2Fpadreydecano.com%2Fcms%2Fwp-content%2Fthemes%2Fpyd-theme%2Fimg%2Fdefault-avatar.png&r=g","caption":"Redactores Padre y Decano"},"sameAs":["http:\/\/www.padreydecano.com"]}]}},"_links":{"self":[{"href":"https:\/\/www.padreydecano.com\/cms\/wp-json\/wp\/v2\/posts\/79002"}],"collection":[{"href":"https:\/\/www.padreydecano.com\/cms\/wp-json\/wp\/v2\/posts"}],"about":[{"href":"https:\/\/www.padreydecano.com\/cms\/wp-json\/wp\/v2\/types\/post"}],"author":[{"embeddable":true,"href":"https:\/\/www.padreydecano.com\/cms\/wp-json\/wp\/v2\/users\/27"}],"replies":[{"embeddable":true,"href":"https:\/\/www.padreydecano.com\/cms\/wp-json\/wp\/v2\/comments?post=79002"}],"version-history":[{"count":0,"href":"https:\/\/www.padreydecano.com\/cms\/wp-json\/wp\/v2\/posts\/79002\/revisions"}],"wp:featuredmedia":[{"embeddable":true,"href":"https:\/\/www.padreydecano.com\/cms\/wp-json\/wp\/v2\/media\/79003"}],"wp:attachment":[{"href":"https:\/\/www.padreydecano.com\/cms\/wp-json\/wp\/v2\/media?parent=79002"}],"wp:term":[{"taxonomy":"category","embeddable":true,"href":"https:\/\/www.padreydecano.com\/cms\/wp-json\/wp\/v2\/categories?post=79002"},{"taxonomy":"post_tag","embeddable":true,"href":"https:\/\/www.padreydecano.com\/cms\/wp-json\/wp\/v2\/tags?post=79002"}],"curies":[{"name":"wp","href":"https:\/\/api.w.org\/{rel}","templated":true}]}}