{"id":79001,"date":"2022-08-12T14:42:47","date_gmt":"2022-08-12T17:42:47","guid":{"rendered":"http:\/\/www.padreydecano.com\/cms\/?p=79001"},"modified":"2022-08-12T14:42:47","modified_gmt":"2022-08-12T17:42:47","slug":"seguir-sumando-3","status":"publish","type":"post","link":"https:\/\/www.padreydecano.com\/cms\/noticias\/seguir-sumando-3\/","title":{"rendered":"Seguir sumando"},"content":{"rendered":"<p><img loading=\"lazy\" decoding=\"async\" class=\"wp-image-78879 size-full aligncenter\" src=\"https:\/\/www.padreydecano.com\/cms\/wp-content\/uploads\/2022\/07\/IMG-20220726-WA0057.jpg\" alt=\"\" width=\"1080\" height=\"710\" srcset=\"https:\/\/www.padreydecano.com\/cms\/wp-content\/uploads\/2022\/07\/IMG-20220726-WA0057.jpg 1080w, https:\/\/www.padreydecano.com\/cms\/wp-content\/uploads\/2022\/07\/IMG-20220726-WA0057-600x394.jpg 600w, https:\/\/www.padreydecano.com\/cms\/wp-content\/uploads\/2022\/07\/IMG-20220726-WA0057-1024x673.jpg 1024w, https:\/\/www.padreydecano.com\/cms\/wp-content\/uploads\/2022\/07\/IMG-20220726-WA0057-768x505.jpg 768w, https:\/\/www.padreydecano.com\/cms\/wp-content\/uploads\/2022\/07\/IMG-20220726-WA0057-300x197.jpg 300w, https:\/\/www.padreydecano.com\/cms\/wp-content\/uploads\/2022\/07\/IMG-20220726-WA0057-128x84.jpg 128w, https:\/\/www.padreydecano.com\/cms\/wp-content\/uploads\/2022\/07\/IMG-20220726-WA0057-32x21.jpg 32w\" sizes=\"(max-width: 1080px) 100vw, 1080px\" \/><\/p>\n<p><strong>Pe\u00f1arol recibe el pr\u00f3ximo s\u00e1bado a Albion por la tercera fecha del Torneo Clausura. A las 18.30 HS, y en el Estadio Campe\u00f3n del Siglo, el Decano buscar\u00e1 su segunda victoria consecutiva. El partido ser\u00e1 televisado por VTV.<\/strong><\/p>\n<p><strong><span style=\"color: #ffcc00;\">Equipo probable<\/span><\/strong><\/p>\n<p>Kevin Dawson; Ezequiel Busquets, Yonatthan Rak, Hern\u00e1n Menosse, Juan Manuel Ramos; Ignacio Laquintana, Sebasti\u00e1n Crist\u00f3foro, Walter Gargano, Kevin M\u00e9ndez; Lucas Viatri, Hern\u00e1n Rivero.<\/p>\n<p><span style=\"color: #ffcc00;\"><strong>\u00bfC\u00f3mo vienen ambos?<\/strong><\/span><\/p>\n<p>T\u00e9cnico que debuta no pierde. Y as\u00ed fue. El Carbonero cosech\u00f3 un vital trinfo ante Defensor Sporting. Con goles de Kevin Mendez, Ignacio Laquintana y Juan Manuel Ramos, el Decano venci\u00f3 al elenco de Parque Rod\u00f3 por 3 a 2 y sum\u00f3 3 unidades importantes de cara a la segunda parte del a\u00f1o. Cabe recordar que, el conjunto, ahora dirigido por Leo Ramos, se ubica en la cuarta posici\u00f3n de la tabla anual, tabla que clasifica a copas internacionales del a\u00f1o entrante.<\/p>\n<p>Albion se posiciona en la 5ta ubicaci\u00f3n del Torneo Clausura, tras la victoria en la primera fecha ante Rentistas 4 a 2, y la igualdad frente a Liverpool en la \u00faltima jornada. El Pionero tiene como goleador del campeonato a Jos\u00e9 Neris, quien marc\u00f3 un hat-trick en el primer encuentro.<\/p>\n<p><span style=\"color: #ffcc00;\"><strong>\u00daltimos antecedentes en 2022<\/strong><\/span><\/p>\n<p>Albion 1 VS. 1 <strong>Pe\u00f1arol<\/strong><\/p>\n<p><strong>Pe\u00f1arol<\/strong> 3 VS. 1 Albion<\/p>\n<p><strong><span style=\"color: #ffcc00;\">\u00c1rbitros<\/span><\/strong><\/p>\n<p>Javier Feres fue designado \u00e1rbitro principal del encuentro. Richard Trinidad y Mat\u00edas Rodr\u00edguez estar\u00e1n en las l\u00edneas, mientras que Bruno Sacarelo ser\u00e1 el cuarto juez.<\/p>\n<p>El VAR estar\u00e1 a cargo de Esteban Ostojich junto con Santiago Motta.<\/p>\n<p><strong><span style=\"color: #ffcc00;\">Lo que se viene<\/span><\/strong><\/p>\n<p>Pe\u00f1arol se medir\u00e1 ante Deportivo Maldonado por la 6ta (4a fecha tras trocar fecha cl\u00e1sica) el pr\u00f3ximo lunes 22 de agosto. Resta definir d\u00f3nde se disputar\u00e1 el mismo, si en la ciudad de Maldonado o en Paysand\u00fa.<\/p>\n<div class=\"user-wrapper\"><a class=\"userlink\" href=\"https:\/\/twitter.com\/mathiaastilve\" target=\"_blank\"><figure><img decoding=\"async\" src=\"http:\/\/www.padreydecano.com\/cms\/wp-users-files\/postfirmas\/mathiastilve.jpg\" \/><\/figure><p class=\"user\"><strong>Mathias Tilve<\/strong><br \/>@mathiaastilve<\/p><\/a><\/div>\n","protected":false},"excerpt":{"rendered":"<p>Pe\u00f1arol recibe el pr\u00f3ximo s\u00e1bado a Albion por la tercera fecha del Torneo Clausura. A las 18.30 HS, y en el Estadio Campe\u00f3n del Siglo, el Decano buscar\u00e1 su segunda victoria consecutiva. El partido ser\u00e1 televisado por VTV. Equipo probable Kevin Dawson; Ezequiel Busquets, Yonatthan Rak, Hern\u00e1n Menosse, Juan Manuel Ramos; Ignacio Laquintana, Sebasti\u00e1n Crist\u00f3foro, [&hellip;]<\/p>\n","protected":false},"author":30,"featured_media":78879,"comment_status":"open","ping_status":"closed","sticky":false,"template":"","format":"standard","meta":{"footnotes":""},"categories":[1],"tags":[557],"yoast_head":"<!-- This site is optimized with the Yoast SEO plugin v23.2 - https:\/\/yoast.com\/wordpress\/plugins\/seo\/ -->\n<title>Seguir sumando - Padre y Decano - El Sitio del Pueblo<\/title>\n<meta name=\"robots\" content=\"index, follow, max-snippet:-1, max-image-preview:large, max-video-preview:-1\" \/>\n<link rel=\"canonical\" href=\"https:\/\/www.padreydecano.com\/cms\/noticias\/seguir-sumando-3\/\" \/>\n<meta property=\"og:locale\" content=\"es_ES\" \/>\n<meta property=\"og:type\" content=\"article\" \/>\n<meta property=\"og:title\" content=\"Seguir sumando - Padre y Decano - El Sitio del Pueblo\" \/>\n<meta property=\"og:description\" content=\"Pe\u00f1arol recibe el pr\u00f3ximo s\u00e1bado a Albion por la tercera fecha del Torneo Clausura. A las 18.30 HS, y en el Estadio Campe\u00f3n del Siglo, el Decano buscar\u00e1 su segunda victoria consecutiva. El partido ser\u00e1 televisado por VTV. Equipo probable Kevin Dawson; Ezequiel Busquets, Yonatthan Rak, Hern\u00e1n Menosse, Juan Manuel Ramos; Ignacio Laquintana, Sebasti\u00e1n Crist\u00f3foro, [&hellip;]\" \/>\n<meta property=\"og:url\" content=\"https:\/\/www.padreydecano.com\/cms\/noticias\/seguir-sumando-3\/\" \/>\n<meta property=\"og:site_name\" content=\"Padre y Decano - El Sitio del Pueblo\" \/>\n<meta property=\"article:published_time\" content=\"2022-08-12T17:42:47+00:00\" \/>\n<meta property=\"og:image\" content=\"https:\/\/www.padreydecano.com\/cms\/wp-content\/uploads\/2022\/07\/IMG-20220726-WA0057.jpg\" \/>\n\t<meta property=\"og:image:width\" content=\"1080\" \/>\n\t<meta property=\"og:image:height\" content=\"710\" \/>\n\t<meta property=\"og:image:type\" content=\"image\/jpeg\" \/>\n<meta name=\"author\" content=\"Udelar\" \/>\n<meta name=\"twitter:card\" content=\"summary_large_image\" \/>\n<meta name=\"twitter:label1\" content=\"Escrito por\" \/>\n\t<meta name=\"twitter:data1\" content=\"Udelar\" \/>\n\t<meta name=\"twitter:label2\" content=\"Tiempo de lectura\" \/>\n\t<meta name=\"twitter:data2\" content=\"2 minutos\" \/>\n<script type=\"application\/ld+json\" class=\"yoast-schema-graph\">{\"@context\":\"https:\/\/schema.org\",\"@graph\":[{\"@type\":\"Article\",\"@id\":\"https:\/\/www.padreydecano.com\/cms\/noticias\/seguir-sumando-3\/#article\",\"isPartOf\":{\"@id\":\"https:\/\/www.padreydecano.com\/cms\/noticias\/seguir-sumando-3\/\"},\"author\":{\"name\":\"Udelar\",\"@id\":\"https:\/\/www.padreydecano.com\/cms\/#\/schema\/person\/b22191326be6d1c7fa55c2ad137a9a32\"},\"headline\":\"Seguir sumando\",\"datePublished\":\"2022-08-12T17:42:47+00:00\",\"dateModified\":\"2022-08-12T17:42:47+00:00\",\"mainEntityOfPage\":{\"@id\":\"https:\/\/www.padreydecano.com\/cms\/noticias\/seguir-sumando-3\/\"},\"wordCount\":307,\"commentCount\":5,\"publisher\":{\"@id\":\"https:\/\/www.padreydecano.com\/cms\/#organization\"},\"image\":{\"@id\":\"https:\/\/www.padreydecano.com\/cms\/noticias\/seguir-sumando-3\/#primaryimage\"},\"thumbnailUrl\":\"https:\/\/www.padreydecano.com\/cms\/wp-content\/uploads\/2022\/07\/IMG-20220726-WA0057.jpg\",\"keywords\":[\"Campeonato Uruguayo 2022\"],\"articleSection\":[\"Noticias\"],\"inLanguage\":\"es\",\"potentialAction\":[{\"@type\":\"CommentAction\",\"name\":\"Comment\",\"target\":[\"https:\/\/www.padreydecano.com\/cms\/noticias\/seguir-sumando-3\/#respond\"]}]},{\"@type\":\"WebPage\",\"@id\":\"https:\/\/www.padreydecano.com\/cms\/noticias\/seguir-sumando-3\/\",\"url\":\"https:\/\/www.padreydecano.com\/cms\/noticias\/seguir-sumando-3\/\",\"name\":\"Seguir sumando - Padre y Decano - El Sitio del Pueblo\",\"isPartOf\":{\"@id\":\"https:\/\/www.padreydecano.com\/cms\/#website\"},\"primaryImageOfPage\":{\"@id\":\"https:\/\/www.padreydecano.com\/cms\/noticias\/seguir-sumando-3\/#primaryimage\"},\"image\":{\"@id\":\"https:\/\/www.padreydecano.com\/cms\/noticias\/seguir-sumando-3\/#primaryimage\"},\"thumbnailUrl\":\"https:\/\/www.padreydecano.com\/cms\/wp-content\/uploads\/2022\/07\/IMG-20220726-WA0057.jpg\",\"datePublished\":\"2022-08-12T17:42:47+00:00\",\"dateModified\":\"2022-08-12T17:42:47+00:00\",\"breadcrumb\":{\"@id\":\"https:\/\/www.padreydecano.com\/cms\/noticias\/seguir-sumando-3\/#breadcrumb\"},\"inLanguage\":\"es\",\"potentialAction\":[{\"@type\":\"ReadAction\",\"target\":[\"https:\/\/www.padreydecano.com\/cms\/noticias\/seguir-sumando-3\/\"]}]},{\"@type\":\"ImageObject\",\"inLanguage\":\"es\",\"@id\":\"https:\/\/www.padreydecano.com\/cms\/noticias\/seguir-sumando-3\/#primaryimage\",\"url\":\"https:\/\/www.padreydecano.com\/cms\/wp-content\/uploads\/2022\/07\/IMG-20220726-WA0057.jpg\",\"contentUrl\":\"https:\/\/www.padreydecano.com\/cms\/wp-content\/uploads\/2022\/07\/IMG-20220726-WA0057.jpg\",\"width\":1080,\"height\":710},{\"@type\":\"BreadcrumbList\",\"@id\":\"https:\/\/www.padreydecano.com\/cms\/noticias\/seguir-sumando-3\/#breadcrumb\",\"itemListElement\":[{\"@type\":\"ListItem\",\"position\":1,\"name\":\"Portada\",\"item\":\"https:\/\/www.padreydecano.com\/cms\/\"},{\"@type\":\"ListItem\",\"position\":2,\"name\":\"Seguir sumando\"}]},{\"@type\":\"WebSite\",\"@id\":\"https:\/\/www.padreydecano.com\/cms\/#website\",\"url\":\"https:\/\/www.padreydecano.com\/cms\/\",\"name\":\"Padre y Decano - El Sitio del Pueblo\",\"description\":\"Club Atl\u00e9tico Pe\u00f1arol\",\"publisher\":{\"@id\":\"https:\/\/www.padreydecano.com\/cms\/#organization\"},\"potentialAction\":[{\"@type\":\"SearchAction\",\"target\":{\"@type\":\"EntryPoint\",\"urlTemplate\":\"https:\/\/www.padreydecano.com\/cms\/?s={search_term_string}\"},\"query-input\":\"required name=search_term_string\"}],\"inLanguage\":\"es\"},{\"@type\":\"Organization\",\"@id\":\"https:\/\/www.padreydecano.com\/cms\/#organization\",\"name\":\"Padre y Decano\",\"url\":\"https:\/\/www.padreydecano.com\/cms\/\",\"logo\":{\"@type\":\"ImageObject\",\"inLanguage\":\"es\",\"@id\":\"https:\/\/www.padreydecano.com\/cms\/#\/schema\/logo\/image\/\",\"url\":\"https:\/\/www.padreydecano.com\/cms\/wp-content\/uploads\/2022\/01\/avatar-square.png\",\"contentUrl\":\"https:\/\/www.padreydecano.com\/cms\/wp-content\/uploads\/2022\/01\/avatar-square.png\",\"width\":1500,\"height\":1500,\"caption\":\"Padre y Decano\"},\"image\":{\"@id\":\"https:\/\/www.padreydecano.com\/cms\/#\/schema\/logo\/image\/\"}},{\"@type\":\"Person\",\"@id\":\"https:\/\/www.padreydecano.com\/cms\/#\/schema\/person\/b22191326be6d1c7fa55c2ad137a9a32\",\"name\":\"Udelar\",\"image\":{\"@type\":\"ImageObject\",\"inLanguage\":\"es\",\"@id\":\"https:\/\/www.padreydecano.com\/cms\/#\/schema\/person\/image\/\",\"url\":\"https:\/\/secure.gravatar.com\/avatar\/611ece663b16897a2cd2f46982281225?s=96&d=https%3A%2F%2Fpadreydecano.com%2Fcms%2Fwp-content%2Fthemes%2Fpyd-theme%2Fimg%2Fdefault-avatar.png&r=g\",\"contentUrl\":\"https:\/\/secure.gravatar.com\/avatar\/611ece663b16897a2cd2f46982281225?s=96&d=https%3A%2F%2Fpadreydecano.com%2Fcms%2Fwp-content%2Fthemes%2Fpyd-theme%2Fimg%2Fdefault-avatar.png&r=g\",\"caption\":\"Udelar\"}}]}<\/script>\n<!-- \/ Yoast SEO plugin. -->","yoast_head_json":{"title":"Seguir sumando - Padre y Decano - El Sitio del Pueblo","robots":{"index":"index","follow":"follow","max-snippet":"max-snippet:-1","max-image-preview":"max-image-preview:large","max-video-preview":"max-video-preview:-1"},"canonical":"https:\/\/www.padreydecano.com\/cms\/noticias\/seguir-sumando-3\/","og_locale":"es_ES","og_type":"article","og_title":"Seguir sumando - Padre y Decano - El Sitio del Pueblo","og_description":"Pe\u00f1arol recibe el pr\u00f3ximo s\u00e1bado a Albion por la tercera fecha del Torneo Clausura. A las 18.30 HS, y en el Estadio Campe\u00f3n del Siglo, el Decano buscar\u00e1 su segunda victoria consecutiva. El partido ser\u00e1 televisado por VTV. Equipo probable Kevin Dawson; Ezequiel Busquets, Yonatthan Rak, Hern\u00e1n Menosse, Juan Manuel Ramos; Ignacio Laquintana, Sebasti\u00e1n Crist\u00f3foro, [&hellip;]","og_url":"https:\/\/www.padreydecano.com\/cms\/noticias\/seguir-sumando-3\/","og_site_name":"Padre y Decano - El Sitio del Pueblo","article_published_time":"2022-08-12T17:42:47+00:00","og_image":[{"width":1080,"height":710,"url":"https:\/\/www.padreydecano.com\/cms\/wp-content\/uploads\/2022\/07\/IMG-20220726-WA0057.jpg","type":"image\/jpeg"}],"author":"Udelar","twitter_card":"summary_large_image","twitter_misc":{"Escrito por":"Udelar","Tiempo de lectura":"2 minutos"},"schema":{"@context":"https:\/\/schema.org","@graph":[{"@type":"Article","@id":"https:\/\/www.padreydecano.com\/cms\/noticias\/seguir-sumando-3\/#article","isPartOf":{"@id":"https:\/\/www.padreydecano.com\/cms\/noticias\/seguir-sumando-3\/"},"author":{"name":"Udelar","@id":"https:\/\/www.padreydecano.com\/cms\/#\/schema\/person\/b22191326be6d1c7fa55c2ad137a9a32"},"headline":"Seguir sumando","datePublished":"2022-08-12T17:42:47+00:00","dateModified":"2022-08-12T17:42:47+00:00","mainEntityOfPage":{"@id":"https:\/\/www.padreydecano.com\/cms\/noticias\/seguir-sumando-3\/"},"wordCount":307,"commentCount":5,"publisher":{"@id":"https:\/\/www.padreydecano.com\/cms\/#organization"},"image":{"@id":"https:\/\/www.padreydecano.com\/cms\/noticias\/seguir-sumando-3\/#primaryimage"},"thumbnailUrl":"https:\/\/www.padreydecano.com\/cms\/wp-content\/uploads\/2022\/07\/IMG-20220726-WA0057.jpg","keywords":["Campeonato Uruguayo 2022"],"articleSection":["Noticias"],"inLanguage":"es","potentialAction":[{"@type":"CommentAction","name":"Comment","target":["https:\/\/www.padreydecano.com\/cms\/noticias\/seguir-sumando-3\/#respond"]}]},{"@type":"WebPage","@id":"https:\/\/www.padreydecano.com\/cms\/noticias\/seguir-sumando-3\/","url":"https:\/\/www.padreydecano.com\/cms\/noticias\/seguir-sumando-3\/","name":"Seguir sumando - Padre y Decano - El Sitio del Pueblo","isPartOf":{"@id":"https:\/\/www.padreydecano.com\/cms\/#website"},"primaryImageOfPage":{"@id":"https:\/\/www.padreydecano.com\/cms\/noticias\/seguir-sumando-3\/#primaryimage"},"image":{"@id":"https:\/\/www.padreydecano.com\/cms\/noticias\/seguir-sumando-3\/#primaryimage"},"thumbnailUrl":"https:\/\/www.padreydecano.com\/cms\/wp-content\/uploads\/2022\/07\/IMG-20220726-WA0057.jpg","datePublished":"2022-08-12T17:42:47+00:00","dateModified":"2022-08-12T17:42:47+00:00","breadcrumb":{"@id":"https:\/\/www.padreydecano.com\/cms\/noticias\/seguir-sumando-3\/#breadcrumb"},"inLanguage":"es","potentialAction":[{"@type":"ReadAction","target":["https:\/\/www.padreydecano.com\/cms\/noticias\/seguir-sumando-3\/"]}]},{"@type":"ImageObject","inLanguage":"es","@id":"https:\/\/www.padreydecano.com\/cms\/noticias\/seguir-sumando-3\/#primaryimage","url":"https:\/\/www.padreydecano.com\/cms\/wp-content\/uploads\/2022\/07\/IMG-20220726-WA0057.jpg","contentUrl":"https:\/\/www.padreydecano.com\/cms\/wp-content\/uploads\/2022\/07\/IMG-20220726-WA0057.jpg","width":1080,"height":710},{"@type":"BreadcrumbList","@id":"https:\/\/www.padreydecano.com\/cms\/noticias\/seguir-sumando-3\/#breadcrumb","itemListElement":[{"@type":"ListItem","position":1,"name":"Portada","item":"https:\/\/www.padreydecano.com\/cms\/"},{"@type":"ListItem","position":2,"name":"Seguir sumando"}]},{"@type":"WebSite","@id":"https:\/\/www.padreydecano.com\/cms\/#website","url":"https:\/\/www.padreydecano.com\/cms\/","name":"Padre y Decano - El Sitio del Pueblo","description":"Club Atl\u00e9tico Pe\u00f1arol","publisher":{"@id":"https:\/\/www.padreydecano.com\/cms\/#organization"},"potentialAction":[{"@type":"SearchAction","target":{"@type":"EntryPoint","urlTemplate":"https:\/\/www.padreydecano.com\/cms\/?s={search_term_string}"},"query-input":"required name=search_term_string"}],"inLanguage":"es"},{"@type":"Organization","@id":"https:\/\/www.padreydecano.com\/cms\/#organization","name":"Padre y Decano","url":"https:\/\/www.padreydecano.com\/cms\/","logo":{"@type":"ImageObject","inLanguage":"es","@id":"https:\/\/www.padreydecano.com\/cms\/#\/schema\/logo\/image\/","url":"https:\/\/www.padreydecano.com\/cms\/wp-content\/uploads\/2022\/01\/avatar-square.png","contentUrl":"https:\/\/www.padreydecano.com\/cms\/wp-content\/uploads\/2022\/01\/avatar-square.png","width":1500,"height":1500,"caption":"Padre y Decano"},"image":{"@id":"https:\/\/www.padreydecano.com\/cms\/#\/schema\/logo\/image\/"}},{"@type":"Person","@id":"https:\/\/www.padreydecano.com\/cms\/#\/schema\/person\/b22191326be6d1c7fa55c2ad137a9a32","name":"Udelar","image":{"@type":"ImageObject","inLanguage":"es","@id":"https:\/\/www.padreydecano.com\/cms\/#\/schema\/person\/image\/","url":"https:\/\/secure.gravatar.com\/avatar\/611ece663b16897a2cd2f46982281225?s=96&d=https%3A%2F%2Fpadreydecano.com%2Fcms%2Fwp-content%2Fthemes%2Fpyd-theme%2Fimg%2Fdefault-avatar.png&r=g","contentUrl":"https:\/\/secure.gravatar.com\/avatar\/611ece663b16897a2cd2f46982281225?s=96&d=https%3A%2F%2Fpadreydecano.com%2Fcms%2Fwp-content%2Fthemes%2Fpyd-theme%2Fimg%2Fdefault-avatar.png&r=g","caption":"Udelar"}}]}},"_links":{"self":[{"href":"https:\/\/www.padreydecano.com\/cms\/wp-json\/wp\/v2\/posts\/79001"}],"collection":[{"href":"https:\/\/www.padreydecano.com\/cms\/wp-json\/wp\/v2\/posts"}],"about":[{"href":"https:\/\/www.padreydecano.com\/cms\/wp-json\/wp\/v2\/types\/post"}],"author":[{"embeddable":true,"href":"https:\/\/www.padreydecano.com\/cms\/wp-json\/wp\/v2\/users\/30"}],"replies":[{"embeddable":true,"href":"https:\/\/www.padreydecano.com\/cms\/wp-json\/wp\/v2\/comments?post=79001"}],"version-history":[{"count":0,"href":"https:\/\/www.padreydecano.com\/cms\/wp-json\/wp\/v2\/posts\/79001\/revisions"}],"wp:featuredmedia":[{"embeddable":true,"href":"https:\/\/www.padreydecano.com\/cms\/wp-json\/wp\/v2\/media\/78879"}],"wp:attachment":[{"href":"https:\/\/www.padreydecano.com\/cms\/wp-json\/wp\/v2\/media?parent=79001"}],"wp:term":[{"taxonomy":"category","embeddable":true,"href":"https:\/\/www.padreydecano.com\/cms\/wp-json\/wp\/v2\/categories?post=79001"},{"taxonomy":"post_tag","embeddable":true,"href":"https:\/\/www.padreydecano.com\/cms\/wp-json\/wp\/v2\/tags?post=79001"}],"curies":[{"name":"wp","href":"https:\/\/api.w.org\/{rel}","templated":true}]}}