{"id":78999,"date":"2022-08-11T15:16:27","date_gmt":"2022-08-11T18:16:27","guid":{"rendered":"http:\/\/www.padreydecano.com\/cms\/?p=78999"},"modified":"2022-08-15T10:41:17","modified_gmt":"2022-08-15T13:41:17","slug":"el-clasico-paso-para-septiembre","status":"publish","type":"post","link":"https:\/\/www.padreydecano.com\/cms\/noticias\/el-clasico-paso-para-septiembre\/","title":{"rendered":"El cl\u00e1sico pas\u00f3 para septiembre"},"content":{"rendered":"<p><img loading=\"lazy\" decoding=\"async\" class=\"alignnone size-medium wp-image-77155\" src=\"https:\/\/www.padreydecano.com\/cms\/wp-content\/uploads\/2021\/11\/clasico-penarol-nacional-clausura-2021-foto-mariano-alvez-19-600x400.jpg\" alt=\"\" width=\"600\" height=\"400\" srcset=\"https:\/\/www.padreydecano.com\/cms\/wp-content\/uploads\/2021\/11\/clasico-penarol-nacional-clausura-2021-foto-mariano-alvez-19-600x400.jpg 600w, https:\/\/www.padreydecano.com\/cms\/wp-content\/uploads\/2021\/11\/clasico-penarol-nacional-clausura-2021-foto-mariano-alvez-19-768x512.jpg 768w, https:\/\/www.padreydecano.com\/cms\/wp-content\/uploads\/2021\/11\/clasico-penarol-nacional-clausura-2021-foto-mariano-alvez-19-1024x683.jpg 1024w, https:\/\/www.padreydecano.com\/cms\/wp-content\/uploads\/2021\/11\/clasico-penarol-nacional-clausura-2021-foto-mariano-alvez-19.jpg 1199w\" sizes=\"(max-width: 600px) 100vw, 600px\" \/><\/p>\n<p><strong>El Ministerio del Interior no autoriz\u00f3 que Pe\u00f1arol y Nacional jueguen el mismo d\u00eda entre semana, por lo que se decidi\u00f3 colocar dichas fechas para el fin de semana atrasando el cl\u00e1sico para el 4 de septiembre.<\/strong><\/p>\n<p>Pe\u00f1arol y Nacional deb\u00edan jugar el d\u00eda lunes 22 de agosto por la cuarta fecha del Torneo Clausura 2022 y posteriormente el d\u00eda jueves 25 por la quinta. El Ministerio del Interior no autoriz\u00f3 dicha fijaci\u00f3n colocando las fechas para fines de semana.<\/p>\n<p>El cl\u00e1sico ser\u00eda fijado para el domingo 4 de septiembre en el Parque Central. Tanto el horario como el escenario est\u00e1n bajo la confirmaci\u00f3n del Ministerio del Interior por la seguridad del evento.<\/p>\n<p>Pe\u00f1arol enfrentar\u00e1 el siguiente s\u00e1bado a Albion en el Estadio Campe\u00f3n del Siglo, posteriormente el s\u00e1bado 20 de agosto visitar\u00e1 a Deportivo Maldonado (Todav\u00eda no se defini\u00f3 si el partido ser\u00e1 en Maldonado o en Paysand\u00fa) y el domingo 28 recibir\u00e1 a Danubio en el templo aurinegro para finalmente visitar al tradicional rival.<\/p>\n<p>Resta definir la fecha para el encuentro por los dieciseisavos de final de la Copa Uruguay ante Col\u00f3n, que se especula ser\u00e1 el mi\u00e9rcoles 24 de agosto.<\/p>\n<div class=\"user-wrapper\"><a class=\"userlink\"href=\"https:\/\/twitter.com\/ftrucce18\" target=\"_blank\"><figure><img decoding=\"async\" src=\"http:\/\/www.padreydecano.com\/cms\/wp-users-files\/postfirmas\/ftrucce.jpg\" \/><\/figure><p class=\"user\"><strong>Franco Trucce<\/strong><br \/>@FTrucce18<\/p><\/a><\/div>\n","protected":false},"excerpt":{"rendered":"<p>El Ministerio del Interior no autoriz\u00f3 que Pe\u00f1arol y Nacional jueguen el mismo d\u00eda entre semana, por lo que se decidi\u00f3 colocar dichas fechas para el fin de semana atrasando el cl\u00e1sico para el 4 de septiembre. Pe\u00f1arol y Nacional deb\u00edan jugar el d\u00eda lunes 22 de agosto por la cuarta fecha del Torneo Clausura [&hellip;]<\/p>\n","protected":false},"author":27,"featured_media":77155,"comment_status":"open","ping_status":"closed","sticky":false,"template":"","format":"standard","meta":{"footnotes":""},"categories":[1],"tags":[557],"yoast_head":"<!-- This site is optimized with the Yoast SEO plugin v23.2 - https:\/\/yoast.com\/wordpress\/plugins\/seo\/ -->\n<title>El cl\u00e1sico pas\u00f3 para septiembre - Padre y Decano - El Sitio del Pueblo<\/title>\n<meta name=\"robots\" content=\"index, follow, max-snippet:-1, max-image-preview:large, max-video-preview:-1\" \/>\n<link rel=\"canonical\" href=\"https:\/\/www.padreydecano.com\/cms\/noticias\/el-clasico-paso-para-septiembre\/\" \/>\n<meta property=\"og:locale\" content=\"es_ES\" \/>\n<meta property=\"og:type\" content=\"article\" \/>\n<meta property=\"og:title\" content=\"El cl\u00e1sico pas\u00f3 para septiembre - Padre y Decano - El Sitio del Pueblo\" \/>\n<meta property=\"og:description\" content=\"El Ministerio del Interior no autoriz\u00f3 que Pe\u00f1arol y Nacional jueguen el mismo d\u00eda entre semana, por lo que se decidi\u00f3 colocar dichas fechas para el fin de semana atrasando el cl\u00e1sico para el 4 de septiembre. Pe\u00f1arol y Nacional deb\u00edan jugar el d\u00eda lunes 22 de agosto por la cuarta fecha del Torneo Clausura [&hellip;]\" \/>\n<meta property=\"og:url\" content=\"https:\/\/www.padreydecano.com\/cms\/noticias\/el-clasico-paso-para-septiembre\/\" \/>\n<meta property=\"og:site_name\" content=\"Padre y Decano - El Sitio del Pueblo\" \/>\n<meta property=\"article:published_time\" content=\"2022-08-11T18:16:27+00:00\" \/>\n<meta property=\"article:modified_time\" content=\"2022-08-15T13:41:17+00:00\" \/>\n<meta property=\"og:image\" content=\"https:\/\/www.padreydecano.com\/cms\/wp-content\/uploads\/2021\/11\/clasico-penarol-nacional-clausura-2021-foto-mariano-alvez-19.jpg\" \/>\n\t<meta property=\"og:image:width\" content=\"1199\" \/>\n\t<meta property=\"og:image:height\" content=\"800\" \/>\n\t<meta property=\"og:image:type\" content=\"image\/jpeg\" \/>\n<meta name=\"author\" content=\"Redactores Padre y Decano\" \/>\n<meta name=\"twitter:card\" content=\"summary_large_image\" \/>\n<meta name=\"twitter:label1\" content=\"Escrito por\" \/>\n\t<meta name=\"twitter:data1\" content=\"Redactores Padre y Decano\" \/>\n\t<meta name=\"twitter:label2\" content=\"Tiempo de lectura\" \/>\n\t<meta name=\"twitter:data2\" content=\"2 minutos\" \/>\n<script type=\"application\/ld+json\" class=\"yoast-schema-graph\">{\"@context\":\"https:\/\/schema.org\",\"@graph\":[{\"@type\":\"Article\",\"@id\":\"https:\/\/www.padreydecano.com\/cms\/noticias\/el-clasico-paso-para-septiembre\/#article\",\"isPartOf\":{\"@id\":\"https:\/\/www.padreydecano.com\/cms\/noticias\/el-clasico-paso-para-septiembre\/\"},\"author\":{\"name\":\"Redactores Padre y Decano\",\"@id\":\"https:\/\/www.padreydecano.com\/cms\/#\/schema\/person\/37aae8f93aa78e4c5385497f056e3246\"},\"headline\":\"El cl\u00e1sico pas\u00f3 para septiembre\",\"datePublished\":\"2022-08-11T18:16:27+00:00\",\"dateModified\":\"2022-08-15T13:41:17+00:00\",\"mainEntityOfPage\":{\"@id\":\"https:\/\/www.padreydecano.com\/cms\/noticias\/el-clasico-paso-para-septiembre\/\"},\"wordCount\":211,\"commentCount\":0,\"publisher\":{\"@id\":\"https:\/\/www.padreydecano.com\/cms\/#organization\"},\"image\":{\"@id\":\"https:\/\/www.padreydecano.com\/cms\/noticias\/el-clasico-paso-para-septiembre\/#primaryimage\"},\"thumbnailUrl\":\"https:\/\/www.padreydecano.com\/cms\/wp-content\/uploads\/2021\/11\/clasico-penarol-nacional-clausura-2021-foto-mariano-alvez-19.jpg\",\"keywords\":[\"Campeonato Uruguayo 2022\"],\"articleSection\":[\"Noticias\"],\"inLanguage\":\"es\",\"potentialAction\":[{\"@type\":\"CommentAction\",\"name\":\"Comment\",\"target\":[\"https:\/\/www.padreydecano.com\/cms\/noticias\/el-clasico-paso-para-septiembre\/#respond\"]}]},{\"@type\":\"WebPage\",\"@id\":\"https:\/\/www.padreydecano.com\/cms\/noticias\/el-clasico-paso-para-septiembre\/\",\"url\":\"https:\/\/www.padreydecano.com\/cms\/noticias\/el-clasico-paso-para-septiembre\/\",\"name\":\"El cl\u00e1sico pas\u00f3 para septiembre - Padre y Decano - El Sitio del Pueblo\",\"isPartOf\":{\"@id\":\"https:\/\/www.padreydecano.com\/cms\/#website\"},\"primaryImageOfPage\":{\"@id\":\"https:\/\/www.padreydecano.com\/cms\/noticias\/el-clasico-paso-para-septiembre\/#primaryimage\"},\"image\":{\"@id\":\"https:\/\/www.padreydecano.com\/cms\/noticias\/el-clasico-paso-para-septiembre\/#primaryimage\"},\"thumbnailUrl\":\"https:\/\/www.padreydecano.com\/cms\/wp-content\/uploads\/2021\/11\/clasico-penarol-nacional-clausura-2021-foto-mariano-alvez-19.jpg\",\"datePublished\":\"2022-08-11T18:16:27+00:00\",\"dateModified\":\"2022-08-15T13:41:17+00:00\",\"breadcrumb\":{\"@id\":\"https:\/\/www.padreydecano.com\/cms\/noticias\/el-clasico-paso-para-septiembre\/#breadcrumb\"},\"inLanguage\":\"es\",\"potentialAction\":[{\"@type\":\"ReadAction\",\"target\":[\"https:\/\/www.padreydecano.com\/cms\/noticias\/el-clasico-paso-para-septiembre\/\"]}]},{\"@type\":\"ImageObject\",\"inLanguage\":\"es\",\"@id\":\"https:\/\/www.padreydecano.com\/cms\/noticias\/el-clasico-paso-para-septiembre\/#primaryimage\",\"url\":\"https:\/\/www.padreydecano.com\/cms\/wp-content\/uploads\/2021\/11\/clasico-penarol-nacional-clausura-2021-foto-mariano-alvez-19.jpg\",\"contentUrl\":\"https:\/\/www.padreydecano.com\/cms\/wp-content\/uploads\/2021\/11\/clasico-penarol-nacional-clausura-2021-foto-mariano-alvez-19.jpg\",\"width\":1199,\"height\":800},{\"@type\":\"BreadcrumbList\",\"@id\":\"https:\/\/www.padreydecano.com\/cms\/noticias\/el-clasico-paso-para-septiembre\/#breadcrumb\",\"itemListElement\":[{\"@type\":\"ListItem\",\"position\":1,\"name\":\"Portada\",\"item\":\"https:\/\/www.padreydecano.com\/cms\/\"},{\"@type\":\"ListItem\",\"position\":2,\"name\":\"El cl\u00e1sico pas\u00f3 para septiembre\"}]},{\"@type\":\"WebSite\",\"@id\":\"https:\/\/www.padreydecano.com\/cms\/#website\",\"url\":\"https:\/\/www.padreydecano.com\/cms\/\",\"name\":\"Padre y Decano - El Sitio del Pueblo\",\"description\":\"Club Atl\u00e9tico Pe\u00f1arol\",\"publisher\":{\"@id\":\"https:\/\/www.padreydecano.com\/cms\/#organization\"},\"potentialAction\":[{\"@type\":\"SearchAction\",\"target\":{\"@type\":\"EntryPoint\",\"urlTemplate\":\"https:\/\/www.padreydecano.com\/cms\/?s={search_term_string}\"},\"query-input\":\"required name=search_term_string\"}],\"inLanguage\":\"es\"},{\"@type\":\"Organization\",\"@id\":\"https:\/\/www.padreydecano.com\/cms\/#organization\",\"name\":\"Padre y Decano\",\"url\":\"https:\/\/www.padreydecano.com\/cms\/\",\"logo\":{\"@type\":\"ImageObject\",\"inLanguage\":\"es\",\"@id\":\"https:\/\/www.padreydecano.com\/cms\/#\/schema\/logo\/image\/\",\"url\":\"https:\/\/www.padreydecano.com\/cms\/wp-content\/uploads\/2022\/01\/avatar-square.png\",\"contentUrl\":\"https:\/\/www.padreydecano.com\/cms\/wp-content\/uploads\/2022\/01\/avatar-square.png\",\"width\":1500,\"height\":1500,\"caption\":\"Padre y Decano\"},\"image\":{\"@id\":\"https:\/\/www.padreydecano.com\/cms\/#\/schema\/logo\/image\/\"}},{\"@type\":\"Person\",\"@id\":\"https:\/\/www.padreydecano.com\/cms\/#\/schema\/person\/37aae8f93aa78e4c5385497f056e3246\",\"name\":\"Redactores Padre y Decano\",\"image\":{\"@type\":\"ImageObject\",\"inLanguage\":\"es\",\"@id\":\"https:\/\/www.padreydecano.com\/cms\/#\/schema\/person\/image\/\",\"url\":\"https:\/\/secure.gravatar.com\/avatar\/8810c4b9081192b118b104af54549af8?s=96&d=https%3A%2F%2Fpadreydecano.com%2Fcms%2Fwp-content%2Fthemes%2Fpyd-theme%2Fimg%2Fdefault-avatar.png&r=g\",\"contentUrl\":\"https:\/\/secure.gravatar.com\/avatar\/8810c4b9081192b118b104af54549af8?s=96&d=https%3A%2F%2Fpadreydecano.com%2Fcms%2Fwp-content%2Fthemes%2Fpyd-theme%2Fimg%2Fdefault-avatar.png&r=g\",\"caption\":\"Redactores Padre y Decano\"},\"sameAs\":[\"http:\/\/www.padreydecano.com\"]}]}<\/script>\n<!-- \/ Yoast SEO plugin. -->","yoast_head_json":{"title":"El cl\u00e1sico pas\u00f3 para septiembre - Padre y Decano - El Sitio del Pueblo","robots":{"index":"index","follow":"follow","max-snippet":"max-snippet:-1","max-image-preview":"max-image-preview:large","max-video-preview":"max-video-preview:-1"},"canonical":"https:\/\/www.padreydecano.com\/cms\/noticias\/el-clasico-paso-para-septiembre\/","og_locale":"es_ES","og_type":"article","og_title":"El cl\u00e1sico pas\u00f3 para septiembre - Padre y Decano - El Sitio del Pueblo","og_description":"El Ministerio del Interior no autoriz\u00f3 que Pe\u00f1arol y Nacional jueguen el mismo d\u00eda entre semana, por lo que se decidi\u00f3 colocar dichas fechas para el fin de semana atrasando el cl\u00e1sico para el 4 de septiembre. Pe\u00f1arol y Nacional deb\u00edan jugar el d\u00eda lunes 22 de agosto por la cuarta fecha del Torneo Clausura [&hellip;]","og_url":"https:\/\/www.padreydecano.com\/cms\/noticias\/el-clasico-paso-para-septiembre\/","og_site_name":"Padre y Decano - El Sitio del Pueblo","article_published_time":"2022-08-11T18:16:27+00:00","article_modified_time":"2022-08-15T13:41:17+00:00","og_image":[{"width":1199,"height":800,"url":"https:\/\/www.padreydecano.com\/cms\/wp-content\/uploads\/2021\/11\/clasico-penarol-nacional-clausura-2021-foto-mariano-alvez-19.jpg","type":"image\/jpeg"}],"author":"Redactores Padre y Decano","twitter_card":"summary_large_image","twitter_misc":{"Escrito por":"Redactores Padre y Decano","Tiempo de lectura":"2 minutos"},"schema":{"@context":"https:\/\/schema.org","@graph":[{"@type":"Article","@id":"https:\/\/www.padreydecano.com\/cms\/noticias\/el-clasico-paso-para-septiembre\/#article","isPartOf":{"@id":"https:\/\/www.padreydecano.com\/cms\/noticias\/el-clasico-paso-para-septiembre\/"},"author":{"name":"Redactores Padre y Decano","@id":"https:\/\/www.padreydecano.com\/cms\/#\/schema\/person\/37aae8f93aa78e4c5385497f056e3246"},"headline":"El cl\u00e1sico pas\u00f3 para septiembre","datePublished":"2022-08-11T18:16:27+00:00","dateModified":"2022-08-15T13:41:17+00:00","mainEntityOfPage":{"@id":"https:\/\/www.padreydecano.com\/cms\/noticias\/el-clasico-paso-para-septiembre\/"},"wordCount":211,"commentCount":0,"publisher":{"@id":"https:\/\/www.padreydecano.com\/cms\/#organization"},"image":{"@id":"https:\/\/www.padreydecano.com\/cms\/noticias\/el-clasico-paso-para-septiembre\/#primaryimage"},"thumbnailUrl":"https:\/\/www.padreydecano.com\/cms\/wp-content\/uploads\/2021\/11\/clasico-penarol-nacional-clausura-2021-foto-mariano-alvez-19.jpg","keywords":["Campeonato Uruguayo 2022"],"articleSection":["Noticias"],"inLanguage":"es","potentialAction":[{"@type":"CommentAction","name":"Comment","target":["https:\/\/www.padreydecano.com\/cms\/noticias\/el-clasico-paso-para-septiembre\/#respond"]}]},{"@type":"WebPage","@id":"https:\/\/www.padreydecano.com\/cms\/noticias\/el-clasico-paso-para-septiembre\/","url":"https:\/\/www.padreydecano.com\/cms\/noticias\/el-clasico-paso-para-septiembre\/","name":"El cl\u00e1sico pas\u00f3 para septiembre - Padre y Decano - El Sitio del Pueblo","isPartOf":{"@id":"https:\/\/www.padreydecano.com\/cms\/#website"},"primaryImageOfPage":{"@id":"https:\/\/www.padreydecano.com\/cms\/noticias\/el-clasico-paso-para-septiembre\/#primaryimage"},"image":{"@id":"https:\/\/www.padreydecano.com\/cms\/noticias\/el-clasico-paso-para-septiembre\/#primaryimage"},"thumbnailUrl":"https:\/\/www.padreydecano.com\/cms\/wp-content\/uploads\/2021\/11\/clasico-penarol-nacional-clausura-2021-foto-mariano-alvez-19.jpg","datePublished":"2022-08-11T18:16:27+00:00","dateModified":"2022-08-15T13:41:17+00:00","breadcrumb":{"@id":"https:\/\/www.padreydecano.com\/cms\/noticias\/el-clasico-paso-para-septiembre\/#breadcrumb"},"inLanguage":"es","potentialAction":[{"@type":"ReadAction","target":["https:\/\/www.padreydecano.com\/cms\/noticias\/el-clasico-paso-para-septiembre\/"]}]},{"@type":"ImageObject","inLanguage":"es","@id":"https:\/\/www.padreydecano.com\/cms\/noticias\/el-clasico-paso-para-septiembre\/#primaryimage","url":"https:\/\/www.padreydecano.com\/cms\/wp-content\/uploads\/2021\/11\/clasico-penarol-nacional-clausura-2021-foto-mariano-alvez-19.jpg","contentUrl":"https:\/\/www.padreydecano.com\/cms\/wp-content\/uploads\/2021\/11\/clasico-penarol-nacional-clausura-2021-foto-mariano-alvez-19.jpg","width":1199,"height":800},{"@type":"BreadcrumbList","@id":"https:\/\/www.padreydecano.com\/cms\/noticias\/el-clasico-paso-para-septiembre\/#breadcrumb","itemListElement":[{"@type":"ListItem","position":1,"name":"Portada","item":"https:\/\/www.padreydecano.com\/cms\/"},{"@type":"ListItem","position":2,"name":"El cl\u00e1sico pas\u00f3 para septiembre"}]},{"@type":"WebSite","@id":"https:\/\/www.padreydecano.com\/cms\/#website","url":"https:\/\/www.padreydecano.com\/cms\/","name":"Padre y Decano - El Sitio del Pueblo","description":"Club Atl\u00e9tico Pe\u00f1arol","publisher":{"@id":"https:\/\/www.padreydecano.com\/cms\/#organization"},"potentialAction":[{"@type":"SearchAction","target":{"@type":"EntryPoint","urlTemplate":"https:\/\/www.padreydecano.com\/cms\/?s={search_term_string}"},"query-input":"required name=search_term_string"}],"inLanguage":"es"},{"@type":"Organization","@id":"https:\/\/www.padreydecano.com\/cms\/#organization","name":"Padre y Decano","url":"https:\/\/www.padreydecano.com\/cms\/","logo":{"@type":"ImageObject","inLanguage":"es","@id":"https:\/\/www.padreydecano.com\/cms\/#\/schema\/logo\/image\/","url":"https:\/\/www.padreydecano.com\/cms\/wp-content\/uploads\/2022\/01\/avatar-square.png","contentUrl":"https:\/\/www.padreydecano.com\/cms\/wp-content\/uploads\/2022\/01\/avatar-square.png","width":1500,"height":1500,"caption":"Padre y Decano"},"image":{"@id":"https:\/\/www.padreydecano.com\/cms\/#\/schema\/logo\/image\/"}},{"@type":"Person","@id":"https:\/\/www.padreydecano.com\/cms\/#\/schema\/person\/37aae8f93aa78e4c5385497f056e3246","name":"Redactores Padre y Decano","image":{"@type":"ImageObject","inLanguage":"es","@id":"https:\/\/www.padreydecano.com\/cms\/#\/schema\/person\/image\/","url":"https:\/\/secure.gravatar.com\/avatar\/8810c4b9081192b118b104af54549af8?s=96&d=https%3A%2F%2Fpadreydecano.com%2Fcms%2Fwp-content%2Fthemes%2Fpyd-theme%2Fimg%2Fdefault-avatar.png&r=g","contentUrl":"https:\/\/secure.gravatar.com\/avatar\/8810c4b9081192b118b104af54549af8?s=96&d=https%3A%2F%2Fpadreydecano.com%2Fcms%2Fwp-content%2Fthemes%2Fpyd-theme%2Fimg%2Fdefault-avatar.png&r=g","caption":"Redactores Padre y Decano"},"sameAs":["http:\/\/www.padreydecano.com"]}]}},"_links":{"self":[{"href":"https:\/\/www.padreydecano.com\/cms\/wp-json\/wp\/v2\/posts\/78999"}],"collection":[{"href":"https:\/\/www.padreydecano.com\/cms\/wp-json\/wp\/v2\/posts"}],"about":[{"href":"https:\/\/www.padreydecano.com\/cms\/wp-json\/wp\/v2\/types\/post"}],"author":[{"embeddable":true,"href":"https:\/\/www.padreydecano.com\/cms\/wp-json\/wp\/v2\/users\/27"}],"replies":[{"embeddable":true,"href":"https:\/\/www.padreydecano.com\/cms\/wp-json\/wp\/v2\/comments?post=78999"}],"version-history":[{"count":0,"href":"https:\/\/www.padreydecano.com\/cms\/wp-json\/wp\/v2\/posts\/78999\/revisions"}],"wp:featuredmedia":[{"embeddable":true,"href":"https:\/\/www.padreydecano.com\/cms\/wp-json\/wp\/v2\/media\/77155"}],"wp:attachment":[{"href":"https:\/\/www.padreydecano.com\/cms\/wp-json\/wp\/v2\/media?parent=78999"}],"wp:term":[{"taxonomy":"category","embeddable":true,"href":"https:\/\/www.padreydecano.com\/cms\/wp-json\/wp\/v2\/categories?post=78999"},{"taxonomy":"post_tag","embeddable":true,"href":"https:\/\/www.padreydecano.com\/cms\/wp-json\/wp\/v2\/tags?post=78999"}],"curies":[{"name":"wp","href":"https:\/\/api.w.org\/{rel}","templated":true}]}}