{"id":78991,"date":"2022-08-08T15:08:31","date_gmt":"2022-08-08T18:08:31","guid":{"rendered":"http:\/\/www.padreydecano.com\/cms\/?p=78991"},"modified":"2022-08-15T10:40:42","modified_gmt":"2022-08-15T13:40:42","slug":"ramon-arias-no-seguira-en-penarol","status":"publish","type":"post","link":"https:\/\/www.padreydecano.com\/cms\/noticias\/ramon-arias-no-seguira-en-penarol\/","title":{"rendered":"Ram\u00f3n Arias no seguir\u00e1 en Pe\u00f1arol\u00a0"},"content":{"rendered":"<p><img loading=\"lazy\" decoding=\"async\" class=\"alignnone size-medium wp-image-78992\" src=\"https:\/\/www.padreydecano.com\/cms\/wp-content\/uploads\/2022\/08\/Ramon-Cachila-Arias-1-600x397.jpg\" alt=\"\" width=\"600\" height=\"397\" srcset=\"https:\/\/www.padreydecano.com\/cms\/wp-content\/uploads\/2022\/08\/Ramon-Cachila-Arias-1-600x397.jpg 600w, https:\/\/www.padreydecano.com\/cms\/wp-content\/uploads\/2022\/08\/Ramon-Cachila-Arias-1-768x509.jpg 768w, https:\/\/www.padreydecano.com\/cms\/wp-content\/uploads\/2022\/08\/Ramon-Cachila-Arias-1-300x199.jpg 300w, https:\/\/www.padreydecano.com\/cms\/wp-content\/uploads\/2022\/08\/Ramon-Cachila-Arias-1-128x85.jpg 128w, https:\/\/www.padreydecano.com\/cms\/wp-content\/uploads\/2022\/08\/Ramon-Cachila-Arias-1-32x21.jpg 32w, https:\/\/www.padreydecano.com\/cms\/wp-content\/uploads\/2022\/08\/Ramon-Cachila-Arias-1.jpg 1024w\" sizes=\"(max-width: 600px) 100vw, 600px\" \/><\/p>\n<p><strong>El zaguero de 30 a\u00f1os continuar\u00e1 su carrera en el f\u00fatbol de Turqu\u00eda. Arias se despidi\u00f3 de sus compa\u00f1eros despu\u00e9s de la victoria ante Defensor en el Franzini.<\/strong><\/p>\n<p>De los jugadores del plantel con m\u00e1s partidos en la temporada, importante con Larriera y titular en el primer partido bajo las \u00f3rdenes de Leo Ramos. En su actual pasaje por el decano, Arias disput\u00f3 25 partidos (2121 minutos).<\/p>\n<p>Una vez finaliz\u00f3 el encuentro ante el violeta en el Franzini, el Cachila se despidi\u00f3 de sus compa\u00f1eros. Continuar\u00e1 su carrera en Giresunpor de la liga de Turqu\u00eda. El club turco ya hab\u00eda mostrado inter\u00e9s en el defensor en el pasado, pero el jugador no hab\u00eda llegado a un acuerdo y le manifest\u00f3 al Club que no se ir\u00eda. Finalmente con el per\u00edodo de pases cerrado se marcha de la instituci\u00f3n.<\/p>\n<p>Baja sensible e inesperada para el carbonero en la defensa. Se podr\u00e1 dar la llegada de un jugador libre para reforzar el puesto.<\/p>\n<div class=\"user-wrapper\"><a class=\"userlink\"href=\"https:\/\/twitter.com\/ftrucce18\" target=\"_blank\"><figure><img decoding=\"async\" src=\"http:\/\/www.padreydecano.com\/cms\/wp-users-files\/postfirmas\/ftrucce.jpg\" \/><\/figure><p class=\"user\"><strong>Franco Trucce<\/strong><br \/>@FTrucce18<\/p><\/a><\/div>\n","protected":false},"excerpt":{"rendered":"<p>El zaguero de 30 a\u00f1os continuar\u00e1 su carrera en el f\u00fatbol de Turqu\u00eda. Arias se despidi\u00f3 de sus compa\u00f1eros despu\u00e9s de la victoria ante Defensor en el Franzini. De los jugadores del plantel con m\u00e1s partidos en la temporada, importante con Larriera y titular en el primer partido bajo las \u00f3rdenes de Leo Ramos. En [&hellip;]<\/p>\n","protected":false},"author":27,"featured_media":78992,"comment_status":"open","ping_status":"closed","sticky":false,"template":"","format":"standard","meta":{"footnotes":""},"categories":[1],"tags":[557],"yoast_head":"<!-- This site is optimized with the Yoast SEO plugin v23.2 - https:\/\/yoast.com\/wordpress\/plugins\/seo\/ -->\n<title>Ram\u00f3n Arias no seguir\u00e1 en Pe\u00f1arol\u00a0 - Padre y Decano - El Sitio del Pueblo<\/title>\n<meta name=\"robots\" content=\"index, follow, max-snippet:-1, max-image-preview:large, max-video-preview:-1\" \/>\n<link rel=\"canonical\" href=\"https:\/\/www.padreydecano.com\/cms\/noticias\/ramon-arias-no-seguira-en-penarol\/\" \/>\n<meta property=\"og:locale\" content=\"es_ES\" \/>\n<meta property=\"og:type\" content=\"article\" \/>\n<meta property=\"og:title\" content=\"Ram\u00f3n Arias no seguir\u00e1 en Pe\u00f1arol\u00a0 - Padre y Decano - El Sitio del Pueblo\" \/>\n<meta property=\"og:description\" content=\"El zaguero de 30 a\u00f1os continuar\u00e1 su carrera en el f\u00fatbol de Turqu\u00eda. Arias se despidi\u00f3 de sus compa\u00f1eros despu\u00e9s de la victoria ante Defensor en el Franzini. De los jugadores del plantel con m\u00e1s partidos en la temporada, importante con Larriera y titular en el primer partido bajo las \u00f3rdenes de Leo Ramos. En [&hellip;]\" \/>\n<meta property=\"og:url\" content=\"https:\/\/www.padreydecano.com\/cms\/noticias\/ramon-arias-no-seguira-en-penarol\/\" \/>\n<meta property=\"og:site_name\" content=\"Padre y Decano - El Sitio del Pueblo\" \/>\n<meta property=\"article:published_time\" content=\"2022-08-08T18:08:31+00:00\" \/>\n<meta property=\"article:modified_time\" content=\"2022-08-15T13:40:42+00:00\" \/>\n<meta property=\"og:image\" content=\"https:\/\/www.padreydecano.com\/cms\/wp-content\/uploads\/2022\/08\/Ramon-Cachila-Arias-1.jpg\" \/>\n\t<meta property=\"og:image:width\" content=\"1024\" \/>\n\t<meta property=\"og:image:height\" content=\"678\" \/>\n\t<meta property=\"og:image:type\" content=\"image\/jpeg\" \/>\n<meta name=\"author\" content=\"Redactores Padre y Decano\" \/>\n<meta name=\"twitter:card\" content=\"summary_large_image\" \/>\n<meta name=\"twitter:label1\" content=\"Escrito por\" \/>\n\t<meta name=\"twitter:data1\" content=\"Redactores Padre y Decano\" \/>\n\t<meta name=\"twitter:label2\" content=\"Tiempo de lectura\" \/>\n\t<meta name=\"twitter:data2\" content=\"1 minuto\" \/>\n<script type=\"application\/ld+json\" class=\"yoast-schema-graph\">{\"@context\":\"https:\/\/schema.org\",\"@graph\":[{\"@type\":\"Article\",\"@id\":\"https:\/\/www.padreydecano.com\/cms\/noticias\/ramon-arias-no-seguira-en-penarol\/#article\",\"isPartOf\":{\"@id\":\"https:\/\/www.padreydecano.com\/cms\/noticias\/ramon-arias-no-seguira-en-penarol\/\"},\"author\":{\"name\":\"Redactores Padre y Decano\",\"@id\":\"https:\/\/www.padreydecano.com\/cms\/#\/schema\/person\/37aae8f93aa78e4c5385497f056e3246\"},\"headline\":\"Ram\u00f3n Arias no seguir\u00e1 en Pe\u00f1arol\u00a0\",\"datePublished\":\"2022-08-08T18:08:31+00:00\",\"dateModified\":\"2022-08-15T13:40:42+00:00\",\"mainEntityOfPage\":{\"@id\":\"https:\/\/www.padreydecano.com\/cms\/noticias\/ramon-arias-no-seguira-en-penarol\/\"},\"wordCount\":181,\"commentCount\":29,\"publisher\":{\"@id\":\"https:\/\/www.padreydecano.com\/cms\/#organization\"},\"image\":{\"@id\":\"https:\/\/www.padreydecano.com\/cms\/noticias\/ramon-arias-no-seguira-en-penarol\/#primaryimage\"},\"thumbnailUrl\":\"https:\/\/www.padreydecano.com\/cms\/wp-content\/uploads\/2022\/08\/Ramon-Cachila-Arias-1.jpg\",\"keywords\":[\"Campeonato Uruguayo 2022\"],\"articleSection\":[\"Noticias\"],\"inLanguage\":\"es\",\"potentialAction\":[{\"@type\":\"CommentAction\",\"name\":\"Comment\",\"target\":[\"https:\/\/www.padreydecano.com\/cms\/noticias\/ramon-arias-no-seguira-en-penarol\/#respond\"]}]},{\"@type\":\"WebPage\",\"@id\":\"https:\/\/www.padreydecano.com\/cms\/noticias\/ramon-arias-no-seguira-en-penarol\/\",\"url\":\"https:\/\/www.padreydecano.com\/cms\/noticias\/ramon-arias-no-seguira-en-penarol\/\",\"name\":\"Ram\u00f3n Arias no seguir\u00e1 en Pe\u00f1arol\u00a0 - Padre y Decano - El Sitio del Pueblo\",\"isPartOf\":{\"@id\":\"https:\/\/www.padreydecano.com\/cms\/#website\"},\"primaryImageOfPage\":{\"@id\":\"https:\/\/www.padreydecano.com\/cms\/noticias\/ramon-arias-no-seguira-en-penarol\/#primaryimage\"},\"image\":{\"@id\":\"https:\/\/www.padreydecano.com\/cms\/noticias\/ramon-arias-no-seguira-en-penarol\/#primaryimage\"},\"thumbnailUrl\":\"https:\/\/www.padreydecano.com\/cms\/wp-content\/uploads\/2022\/08\/Ramon-Cachila-Arias-1.jpg\",\"datePublished\":\"2022-08-08T18:08:31+00:00\",\"dateModified\":\"2022-08-15T13:40:42+00:00\",\"breadcrumb\":{\"@id\":\"https:\/\/www.padreydecano.com\/cms\/noticias\/ramon-arias-no-seguira-en-penarol\/#breadcrumb\"},\"inLanguage\":\"es\",\"potentialAction\":[{\"@type\":\"ReadAction\",\"target\":[\"https:\/\/www.padreydecano.com\/cms\/noticias\/ramon-arias-no-seguira-en-penarol\/\"]}]},{\"@type\":\"ImageObject\",\"inLanguage\":\"es\",\"@id\":\"https:\/\/www.padreydecano.com\/cms\/noticias\/ramon-arias-no-seguira-en-penarol\/#primaryimage\",\"url\":\"https:\/\/www.padreydecano.com\/cms\/wp-content\/uploads\/2022\/08\/Ramon-Cachila-Arias-1.jpg\",\"contentUrl\":\"https:\/\/www.padreydecano.com\/cms\/wp-content\/uploads\/2022\/08\/Ramon-Cachila-Arias-1.jpg\",\"width\":1024,\"height\":678},{\"@type\":\"BreadcrumbList\",\"@id\":\"https:\/\/www.padreydecano.com\/cms\/noticias\/ramon-arias-no-seguira-en-penarol\/#breadcrumb\",\"itemListElement\":[{\"@type\":\"ListItem\",\"position\":1,\"name\":\"Portada\",\"item\":\"https:\/\/www.padreydecano.com\/cms\/\"},{\"@type\":\"ListItem\",\"position\":2,\"name\":\"Ram\u00f3n Arias no seguir\u00e1 en Pe\u00f1arol\u00a0\"}]},{\"@type\":\"WebSite\",\"@id\":\"https:\/\/www.padreydecano.com\/cms\/#website\",\"url\":\"https:\/\/www.padreydecano.com\/cms\/\",\"name\":\"Padre y Decano - El Sitio del Pueblo\",\"description\":\"Club Atl\u00e9tico Pe\u00f1arol\",\"publisher\":{\"@id\":\"https:\/\/www.padreydecano.com\/cms\/#organization\"},\"potentialAction\":[{\"@type\":\"SearchAction\",\"target\":{\"@type\":\"EntryPoint\",\"urlTemplate\":\"https:\/\/www.padreydecano.com\/cms\/?s={search_term_string}\"},\"query-input\":\"required name=search_term_string\"}],\"inLanguage\":\"es\"},{\"@type\":\"Organization\",\"@id\":\"https:\/\/www.padreydecano.com\/cms\/#organization\",\"name\":\"Padre y Decano\",\"url\":\"https:\/\/www.padreydecano.com\/cms\/\",\"logo\":{\"@type\":\"ImageObject\",\"inLanguage\":\"es\",\"@id\":\"https:\/\/www.padreydecano.com\/cms\/#\/schema\/logo\/image\/\",\"url\":\"https:\/\/www.padreydecano.com\/cms\/wp-content\/uploads\/2022\/01\/avatar-square.png\",\"contentUrl\":\"https:\/\/www.padreydecano.com\/cms\/wp-content\/uploads\/2022\/01\/avatar-square.png\",\"width\":1500,\"height\":1500,\"caption\":\"Padre y Decano\"},\"image\":{\"@id\":\"https:\/\/www.padreydecano.com\/cms\/#\/schema\/logo\/image\/\"}},{\"@type\":\"Person\",\"@id\":\"https:\/\/www.padreydecano.com\/cms\/#\/schema\/person\/37aae8f93aa78e4c5385497f056e3246\",\"name\":\"Redactores Padre y Decano\",\"image\":{\"@type\":\"ImageObject\",\"inLanguage\":\"es\",\"@id\":\"https:\/\/www.padreydecano.com\/cms\/#\/schema\/person\/image\/\",\"url\":\"https:\/\/secure.gravatar.com\/avatar\/8810c4b9081192b118b104af54549af8?s=96&d=https%3A%2F%2Fpadreydecano.com%2Fcms%2Fwp-content%2Fthemes%2Fpyd-theme%2Fimg%2Fdefault-avatar.png&r=g\",\"contentUrl\":\"https:\/\/secure.gravatar.com\/avatar\/8810c4b9081192b118b104af54549af8?s=96&d=https%3A%2F%2Fpadreydecano.com%2Fcms%2Fwp-content%2Fthemes%2Fpyd-theme%2Fimg%2Fdefault-avatar.png&r=g\",\"caption\":\"Redactores Padre y Decano\"},\"sameAs\":[\"http:\/\/www.padreydecano.com\"]}]}<\/script>\n<!-- \/ Yoast SEO plugin. -->","yoast_head_json":{"title":"Ram\u00f3n Arias no seguir\u00e1 en Pe\u00f1arol\u00a0 - Padre y Decano - El Sitio del Pueblo","robots":{"index":"index","follow":"follow","max-snippet":"max-snippet:-1","max-image-preview":"max-image-preview:large","max-video-preview":"max-video-preview:-1"},"canonical":"https:\/\/www.padreydecano.com\/cms\/noticias\/ramon-arias-no-seguira-en-penarol\/","og_locale":"es_ES","og_type":"article","og_title":"Ram\u00f3n Arias no seguir\u00e1 en Pe\u00f1arol\u00a0 - Padre y Decano - El Sitio del Pueblo","og_description":"El zaguero de 30 a\u00f1os continuar\u00e1 su carrera en el f\u00fatbol de Turqu\u00eda. Arias se despidi\u00f3 de sus compa\u00f1eros despu\u00e9s de la victoria ante Defensor en el Franzini. De los jugadores del plantel con m\u00e1s partidos en la temporada, importante con Larriera y titular en el primer partido bajo las \u00f3rdenes de Leo Ramos. En [&hellip;]","og_url":"https:\/\/www.padreydecano.com\/cms\/noticias\/ramon-arias-no-seguira-en-penarol\/","og_site_name":"Padre y Decano - El Sitio del Pueblo","article_published_time":"2022-08-08T18:08:31+00:00","article_modified_time":"2022-08-15T13:40:42+00:00","og_image":[{"width":1024,"height":678,"url":"https:\/\/www.padreydecano.com\/cms\/wp-content\/uploads\/2022\/08\/Ramon-Cachila-Arias-1.jpg","type":"image\/jpeg"}],"author":"Redactores Padre y Decano","twitter_card":"summary_large_image","twitter_misc":{"Escrito por":"Redactores Padre y Decano","Tiempo de lectura":"1 minuto"},"schema":{"@context":"https:\/\/schema.org","@graph":[{"@type":"Article","@id":"https:\/\/www.padreydecano.com\/cms\/noticias\/ramon-arias-no-seguira-en-penarol\/#article","isPartOf":{"@id":"https:\/\/www.padreydecano.com\/cms\/noticias\/ramon-arias-no-seguira-en-penarol\/"},"author":{"name":"Redactores Padre y Decano","@id":"https:\/\/www.padreydecano.com\/cms\/#\/schema\/person\/37aae8f93aa78e4c5385497f056e3246"},"headline":"Ram\u00f3n Arias no seguir\u00e1 en Pe\u00f1arol\u00a0","datePublished":"2022-08-08T18:08:31+00:00","dateModified":"2022-08-15T13:40:42+00:00","mainEntityOfPage":{"@id":"https:\/\/www.padreydecano.com\/cms\/noticias\/ramon-arias-no-seguira-en-penarol\/"},"wordCount":181,"commentCount":29,"publisher":{"@id":"https:\/\/www.padreydecano.com\/cms\/#organization"},"image":{"@id":"https:\/\/www.padreydecano.com\/cms\/noticias\/ramon-arias-no-seguira-en-penarol\/#primaryimage"},"thumbnailUrl":"https:\/\/www.padreydecano.com\/cms\/wp-content\/uploads\/2022\/08\/Ramon-Cachila-Arias-1.jpg","keywords":["Campeonato Uruguayo 2022"],"articleSection":["Noticias"],"inLanguage":"es","potentialAction":[{"@type":"CommentAction","name":"Comment","target":["https:\/\/www.padreydecano.com\/cms\/noticias\/ramon-arias-no-seguira-en-penarol\/#respond"]}]},{"@type":"WebPage","@id":"https:\/\/www.padreydecano.com\/cms\/noticias\/ramon-arias-no-seguira-en-penarol\/","url":"https:\/\/www.padreydecano.com\/cms\/noticias\/ramon-arias-no-seguira-en-penarol\/","name":"Ram\u00f3n Arias no seguir\u00e1 en Pe\u00f1arol\u00a0 - Padre y Decano - El Sitio del Pueblo","isPartOf":{"@id":"https:\/\/www.padreydecano.com\/cms\/#website"},"primaryImageOfPage":{"@id":"https:\/\/www.padreydecano.com\/cms\/noticias\/ramon-arias-no-seguira-en-penarol\/#primaryimage"},"image":{"@id":"https:\/\/www.padreydecano.com\/cms\/noticias\/ramon-arias-no-seguira-en-penarol\/#primaryimage"},"thumbnailUrl":"https:\/\/www.padreydecano.com\/cms\/wp-content\/uploads\/2022\/08\/Ramon-Cachila-Arias-1.jpg","datePublished":"2022-08-08T18:08:31+00:00","dateModified":"2022-08-15T13:40:42+00:00","breadcrumb":{"@id":"https:\/\/www.padreydecano.com\/cms\/noticias\/ramon-arias-no-seguira-en-penarol\/#breadcrumb"},"inLanguage":"es","potentialAction":[{"@type":"ReadAction","target":["https:\/\/www.padreydecano.com\/cms\/noticias\/ramon-arias-no-seguira-en-penarol\/"]}]},{"@type":"ImageObject","inLanguage":"es","@id":"https:\/\/www.padreydecano.com\/cms\/noticias\/ramon-arias-no-seguira-en-penarol\/#primaryimage","url":"https:\/\/www.padreydecano.com\/cms\/wp-content\/uploads\/2022\/08\/Ramon-Cachila-Arias-1.jpg","contentUrl":"https:\/\/www.padreydecano.com\/cms\/wp-content\/uploads\/2022\/08\/Ramon-Cachila-Arias-1.jpg","width":1024,"height":678},{"@type":"BreadcrumbList","@id":"https:\/\/www.padreydecano.com\/cms\/noticias\/ramon-arias-no-seguira-en-penarol\/#breadcrumb","itemListElement":[{"@type":"ListItem","position":1,"name":"Portada","item":"https:\/\/www.padreydecano.com\/cms\/"},{"@type":"ListItem","position":2,"name":"Ram\u00f3n Arias no seguir\u00e1 en Pe\u00f1arol\u00a0"}]},{"@type":"WebSite","@id":"https:\/\/www.padreydecano.com\/cms\/#website","url":"https:\/\/www.padreydecano.com\/cms\/","name":"Padre y Decano - El Sitio del Pueblo","description":"Club Atl\u00e9tico Pe\u00f1arol","publisher":{"@id":"https:\/\/www.padreydecano.com\/cms\/#organization"},"potentialAction":[{"@type":"SearchAction","target":{"@type":"EntryPoint","urlTemplate":"https:\/\/www.padreydecano.com\/cms\/?s={search_term_string}"},"query-input":"required name=search_term_string"}],"inLanguage":"es"},{"@type":"Organization","@id":"https:\/\/www.padreydecano.com\/cms\/#organization","name":"Padre y Decano","url":"https:\/\/www.padreydecano.com\/cms\/","logo":{"@type":"ImageObject","inLanguage":"es","@id":"https:\/\/www.padreydecano.com\/cms\/#\/schema\/logo\/image\/","url":"https:\/\/www.padreydecano.com\/cms\/wp-content\/uploads\/2022\/01\/avatar-square.png","contentUrl":"https:\/\/www.padreydecano.com\/cms\/wp-content\/uploads\/2022\/01\/avatar-square.png","width":1500,"height":1500,"caption":"Padre y Decano"},"image":{"@id":"https:\/\/www.padreydecano.com\/cms\/#\/schema\/logo\/image\/"}},{"@type":"Person","@id":"https:\/\/www.padreydecano.com\/cms\/#\/schema\/person\/37aae8f93aa78e4c5385497f056e3246","name":"Redactores Padre y Decano","image":{"@type":"ImageObject","inLanguage":"es","@id":"https:\/\/www.padreydecano.com\/cms\/#\/schema\/person\/image\/","url":"https:\/\/secure.gravatar.com\/avatar\/8810c4b9081192b118b104af54549af8?s=96&d=https%3A%2F%2Fpadreydecano.com%2Fcms%2Fwp-content%2Fthemes%2Fpyd-theme%2Fimg%2Fdefault-avatar.png&r=g","contentUrl":"https:\/\/secure.gravatar.com\/avatar\/8810c4b9081192b118b104af54549af8?s=96&d=https%3A%2F%2Fpadreydecano.com%2Fcms%2Fwp-content%2Fthemes%2Fpyd-theme%2Fimg%2Fdefault-avatar.png&r=g","caption":"Redactores Padre y Decano"},"sameAs":["http:\/\/www.padreydecano.com"]}]}},"_links":{"self":[{"href":"https:\/\/www.padreydecano.com\/cms\/wp-json\/wp\/v2\/posts\/78991"}],"collection":[{"href":"https:\/\/www.padreydecano.com\/cms\/wp-json\/wp\/v2\/posts"}],"about":[{"href":"https:\/\/www.padreydecano.com\/cms\/wp-json\/wp\/v2\/types\/post"}],"author":[{"embeddable":true,"href":"https:\/\/www.padreydecano.com\/cms\/wp-json\/wp\/v2\/users\/27"}],"replies":[{"embeddable":true,"href":"https:\/\/www.padreydecano.com\/cms\/wp-json\/wp\/v2\/comments?post=78991"}],"version-history":[{"count":0,"href":"https:\/\/www.padreydecano.com\/cms\/wp-json\/wp\/v2\/posts\/78991\/revisions"}],"wp:featuredmedia":[{"embeddable":true,"href":"https:\/\/www.padreydecano.com\/cms\/wp-json\/wp\/v2\/media\/78992"}],"wp:attachment":[{"href":"https:\/\/www.padreydecano.com\/cms\/wp-json\/wp\/v2\/media?parent=78991"}],"wp:term":[{"taxonomy":"category","embeddable":true,"href":"https:\/\/www.padreydecano.com\/cms\/wp-json\/wp\/v2\/categories?post=78991"},{"taxonomy":"post_tag","embeddable":true,"href":"https:\/\/www.padreydecano.com\/cms\/wp-json\/wp\/v2\/tags?post=78991"}],"curies":[{"name":"wp","href":"https:\/\/api.w.org\/{rel}","templated":true}]}}