{"id":78950,"date":"2022-08-08T02:26:11","date_gmt":"2022-08-08T05:26:11","guid":{"rendered":"http:\/\/www.padreydecano.com\/cms\/?p=78950"},"modified":"2022-08-22T10:01:11","modified_gmt":"2022-08-22T13:01:11","slug":"volvio-leo","status":"publish","type":"post","link":"https:\/\/www.padreydecano.com\/cms\/noticias\/volvio-leo\/","title":{"rendered":"Volvi\u00f3 Leo\u00a0"},"content":{"rendered":"<p><img loading=\"lazy\" decoding=\"async\" class=\"alignnone size-medium wp-image-78951\" src=\"https:\/\/www.padreydecano.com\/cms\/wp-content\/uploads\/2022\/08\/20220808_022048-600x400.jpg\" alt=\"\" width=\"600\" height=\"400\" srcset=\"https:\/\/www.padreydecano.com\/cms\/wp-content\/uploads\/2022\/08\/20220808_022048-600x400.jpg 600w, https:\/\/www.padreydecano.com\/cms\/wp-content\/uploads\/2022\/08\/20220808_022048-1024x682.jpg 1024w, https:\/\/www.padreydecano.com\/cms\/wp-content\/uploads\/2022\/08\/20220808_022048-768x512.jpg 768w, https:\/\/www.padreydecano.com\/cms\/wp-content\/uploads\/2022\/08\/20220808_022048-1536x1023.jpg 1536w, https:\/\/www.padreydecano.com\/cms\/wp-content\/uploads\/2022\/08\/20220808_022048-300x200.jpg 300w, https:\/\/www.padreydecano.com\/cms\/wp-content\/uploads\/2022\/08\/20220808_022048-128x85.jpg 128w, https:\/\/www.padreydecano.com\/cms\/wp-content\/uploads\/2022\/08\/20220808_022048-32x21.jpg 32w, https:\/\/www.padreydecano.com\/cms\/wp-content\/uploads\/2022\/08\/20220808_022048.jpg 1600w\" sizes=\"(max-width: 600px) 100vw, 600px\" \/><\/p>\n<p><strong>Pe\u00f1arol derrot\u00f3 3 a 2 a Defensor Sporting c\u00f3mo visitante. El carbonero logr\u00f3 una impostergable victoria bajo el mando de Leonardo Ramos en su vuelta al Club.<\/strong><\/p>\n<p>Pe\u00f1arol llegaba a este encuentro luego del cambio de entrenador. Ramos coloc\u00f3 varios cambios en el equipo titular, formando con: Kevin Dawson; Ezequiel Busquets, Yonatthan Rak (75&#8242; Hern\u00e1n Menosse), Ram\u00f3n Arias, Juan Manuel Ramos; Ignacio Laquintana (75&#8242; Nicol\u00e1s Rossi), Sebasti\u00e1n Crist\u00f3foro, Walter Gargano (85&#8242; Nicol\u00e1s Milesi), Kevin M\u00e9ndez; Hern\u00e1n Rivero (65&#8242; Rodrigo Saravia) y Lucas Viatri (85&#8242; Ruben Bentancourt).<\/p>\n<p><strong>Banco:<\/strong> Thiago Cardozo, Agust\u00edn Da Silveira, Mat\u00edas Aguirregaray, Facundo Bonifazi y Billy Arce.<\/p>\n<p><span style=\"color: #ffcc00;\"><strong>Primer tiempo<\/strong><\/span><\/p>\n<p>Con las sorpresas en el equipo, una tribuna llena con \u00e1nimos y cuerpo nuevo en el banco, Pe\u00f1arol sali\u00f3 a presionar y jugar con intensidad desde el primer momento.<\/p>\n<p>Kevin M\u00e9ndez, de buen partido desde el comienzo, gan\u00f3 confianza y prob\u00f3 de larga distancia, abriendo el marcador cuando todav\u00eda no se hab\u00eda llegado a los 5 minutos de juego.<\/p>\n<p>El gol tempranero le dio una cierta tranquilidad al equipo y pudo jugar con otra libertad en la mitad de la cancha. Rivero y Viatri colaboraron mucho desde el ataque realizando la funci\u00f3n de pivote.<\/p>\n<p>Laquintana jug\u00f3 su partido personal dentro del entrenamiento, por todo lo vivido en su salida del equipo de parque rod\u00f3 para llegar al decano. Intent\u00f3 en todo momento generar peligro y con confianza prob\u00f3 desde afuera del \u00e1rea, siendo desviado por una gran atajada del meta rival. Viatri repetir\u00eda la f\u00f3rmula posteriormente, volviendo a aparecer el arquero.<\/p>\n<p>El local fue creciendo de a poco en el partido y generando llegadas al arco custodiado por Dawson. A los 35 en una r\u00e1pida jugada el rival convirti\u00f3, pero el gol fue anulado por posici\u00f3n adelantada confirmada en el VAR.<\/p>\n<p>Poco m\u00e1s pas\u00f3 en el final de la primera parte y el partido se fue al descanso con la parcial victoria carbonera.<\/p>\n<p><span style=\"color: #ffcc00;\"><strong>Segundo tiempo<\/strong><\/span><\/p>\n<p>El inicio del complemento fue muy similar al de la primera parte. Pe\u00f1arol fue al ataque con intensidad y tras una buena jugada de Rak que fue desde el fondo con la pelota, Laquintana remat\u00f3 desde la derecha y tras un desv\u00edo convirti\u00f3 el segundo gol del carbonero.<\/p>\n<p>El 2 a 0 le daba tranquilidad a un equipo que se sigue conociendo entre s\u00ed, sin embargo pasada la hora de juego, Balboa remat\u00f3 de volea en una pelota que no se pudo despejar y desde afuera del \u00e1rea descont\u00f3 para el violeta.<\/p>\n<p>El descuento meti\u00f3 nuevamente en el partido al equipo local, que comenz\u00f3 a acercarse al arco mirasol. Ramos reforz\u00f3 la mitad de la cancha ingresando a Saravia en lugar de Rivero.<\/p>\n<p>A los 68&#8242;, Defensor empat\u00f3 el marcador. Viatri cometi\u00f3 una innecesaria falta a metros del \u00e1rea, en el centro apareci\u00f3 Mallo para emparejar el tanteador.<\/p>\n<p>Pe\u00f1arol no pudo sostener la victoria por dos goles y parec\u00eda que caer\u00eda en preocupaci\u00f3n y nerviosismo la igualdad lograda por el rival. Sin embargo, apenas dos minutos despu\u00e9s apareci\u00f3 Juan Manuel Ramos para volver a poner al decano arriba en el marcador. Corner ejecutado por Kevin M\u00e9ndez y Ramos conect\u00f3 de cabeza anotando su quinto gol en la temporada.<\/p>\n<p>En la jugada del gol se lesion\u00f3 Rak. Buen debut para el zaguero de 28 a\u00f1os que ser\u00e1 importante en los planes de Ramos en el semestre. Menosse ingres\u00f3 en su lugar y en el mismo momento entr\u00f3 Nicol\u00e1s Rossi por Laquintana.<\/p>\n<p>Rossi nuevamente demostr\u00f3 grandes condiciones en los minutos que ingreso. \u00c1gil por la banda y bueno en el uno contra uno, gener\u00f3 m\u00e1s de una buena jugada individual y super\u00f3 en todo momento a la defensa violeta. Merece tener m\u00e1s minutos en el semestre.<\/p>\n<p>Pe\u00f1arol defendi\u00f3 bien en el cierre del partido y se llev\u00f3 una m\u00e1s que importante victoria del Franzini, cortando una racha de partidos negativos frente a Defensor.<\/p>\n<p>Leo Ramos debut\u00f3 con victoria en su vuelta a la instituci\u00f3n. Ahora el carbonero deber\u00e1 enfrentar a Albion en el Estadio Campe\u00f3n del Siglo, intentando continuar por la senda del triunfo pensando en pelear el Torneo Clausura 2022.<\/p>\n<div class=\"user-wrapper\"><a class=\"userlink\"href=\"https:\/\/twitter.com\/ftrucce18\" target=\"_blank\"><figure><img decoding=\"async\" src=\"http:\/\/www.padreydecano.com\/cms\/wp-users-files\/postfirmas\/ftrucce.jpg\" \/><\/figure><p class=\"user\"><strong>Franco Trucce<\/strong><br \/>@FTrucce18<\/p><\/a><\/div>\n","protected":false},"excerpt":{"rendered":"<p>Pe\u00f1arol derrot\u00f3 3 a 2 a Defensor Sporting c\u00f3mo visitante. El carbonero logr\u00f3 una impostergable victoria bajo el mando de Leonardo Ramos en su vuelta al Club. Pe\u00f1arol llegaba a este encuentro luego del cambio de entrenador. Ramos coloc\u00f3 varios cambios en el equipo titular, formando con: Kevin Dawson; Ezequiel Busquets, Yonatthan Rak (75&#8242; Hern\u00e1n [&hellip;]<\/p>\n","protected":false},"author":27,"featured_media":78951,"comment_status":"open","ping_status":"closed","sticky":false,"template":"","format":"standard","meta":{"footnotes":""},"categories":[1],"tags":[557],"yoast_head":"<!-- This site is optimized with the Yoast SEO plugin v23.2 - https:\/\/yoast.com\/wordpress\/plugins\/seo\/ -->\n<title>Volvi\u00f3 Leo\u00a0 - Padre y Decano - El Sitio del Pueblo<\/title>\n<meta name=\"robots\" content=\"index, follow, max-snippet:-1, max-image-preview:large, max-video-preview:-1\" \/>\n<link rel=\"canonical\" href=\"https:\/\/www.padreydecano.com\/cms\/noticias\/volvio-leo\/\" \/>\n<meta property=\"og:locale\" content=\"es_ES\" \/>\n<meta property=\"og:type\" content=\"article\" \/>\n<meta property=\"og:title\" content=\"Volvi\u00f3 Leo\u00a0 - Padre y Decano - El Sitio del Pueblo\" \/>\n<meta property=\"og:description\" content=\"Pe\u00f1arol derrot\u00f3 3 a 2 a Defensor Sporting c\u00f3mo visitante. El carbonero logr\u00f3 una impostergable victoria bajo el mando de Leonardo Ramos en su vuelta al Club. Pe\u00f1arol llegaba a este encuentro luego del cambio de entrenador. Ramos coloc\u00f3 varios cambios en el equipo titular, formando con: Kevin Dawson; Ezequiel Busquets, Yonatthan Rak (75&#8242; Hern\u00e1n [&hellip;]\" \/>\n<meta property=\"og:url\" content=\"https:\/\/www.padreydecano.com\/cms\/noticias\/volvio-leo\/\" \/>\n<meta property=\"og:site_name\" content=\"Padre y Decano - El Sitio del Pueblo\" \/>\n<meta property=\"article:published_time\" content=\"2022-08-08T05:26:11+00:00\" \/>\n<meta property=\"article:modified_time\" content=\"2022-08-22T13:01:11+00:00\" \/>\n<meta property=\"og:image\" content=\"https:\/\/www.padreydecano.com\/cms\/wp-content\/uploads\/2022\/08\/20220808_022048.jpg\" \/>\n\t<meta property=\"og:image:width\" content=\"1600\" \/>\n\t<meta property=\"og:image:height\" content=\"1066\" \/>\n\t<meta property=\"og:image:type\" content=\"image\/jpeg\" \/>\n<meta name=\"author\" content=\"Redactores Padre y Decano\" \/>\n<meta name=\"twitter:card\" content=\"summary_large_image\" \/>\n<meta name=\"twitter:label1\" content=\"Escrito por\" \/>\n\t<meta name=\"twitter:data1\" content=\"Redactores Padre y Decano\" \/>\n\t<meta name=\"twitter:label2\" content=\"Tiempo de lectura\" \/>\n\t<meta name=\"twitter:data2\" content=\"4 minutos\" \/>\n<script type=\"application\/ld+json\" class=\"yoast-schema-graph\">{\"@context\":\"https:\/\/schema.org\",\"@graph\":[{\"@type\":\"Article\",\"@id\":\"https:\/\/www.padreydecano.com\/cms\/noticias\/volvio-leo\/#article\",\"isPartOf\":{\"@id\":\"https:\/\/www.padreydecano.com\/cms\/noticias\/volvio-leo\/\"},\"author\":{\"name\":\"Redactores Padre y Decano\",\"@id\":\"https:\/\/www.padreydecano.com\/cms\/#\/schema\/person\/37aae8f93aa78e4c5385497f056e3246\"},\"headline\":\"Volvi\u00f3 Leo\u00a0\",\"datePublished\":\"2022-08-08T05:26:11+00:00\",\"dateModified\":\"2022-08-22T13:01:11+00:00\",\"mainEntityOfPage\":{\"@id\":\"https:\/\/www.padreydecano.com\/cms\/noticias\/volvio-leo\/\"},\"wordCount\":703,\"commentCount\":101,\"publisher\":{\"@id\":\"https:\/\/www.padreydecano.com\/cms\/#organization\"},\"image\":{\"@id\":\"https:\/\/www.padreydecano.com\/cms\/noticias\/volvio-leo\/#primaryimage\"},\"thumbnailUrl\":\"https:\/\/www.padreydecano.com\/cms\/wp-content\/uploads\/2022\/08\/20220808_022048.jpg\",\"keywords\":[\"Campeonato Uruguayo 2022\"],\"articleSection\":[\"Noticias\"],\"inLanguage\":\"es\",\"potentialAction\":[{\"@type\":\"CommentAction\",\"name\":\"Comment\",\"target\":[\"https:\/\/www.padreydecano.com\/cms\/noticias\/volvio-leo\/#respond\"]}]},{\"@type\":\"WebPage\",\"@id\":\"https:\/\/www.padreydecano.com\/cms\/noticias\/volvio-leo\/\",\"url\":\"https:\/\/www.padreydecano.com\/cms\/noticias\/volvio-leo\/\",\"name\":\"Volvi\u00f3 Leo\u00a0 - Padre y Decano - El Sitio del Pueblo\",\"isPartOf\":{\"@id\":\"https:\/\/www.padreydecano.com\/cms\/#website\"},\"primaryImageOfPage\":{\"@id\":\"https:\/\/www.padreydecano.com\/cms\/noticias\/volvio-leo\/#primaryimage\"},\"image\":{\"@id\":\"https:\/\/www.padreydecano.com\/cms\/noticias\/volvio-leo\/#primaryimage\"},\"thumbnailUrl\":\"https:\/\/www.padreydecano.com\/cms\/wp-content\/uploads\/2022\/08\/20220808_022048.jpg\",\"datePublished\":\"2022-08-08T05:26:11+00:00\",\"dateModified\":\"2022-08-22T13:01:11+00:00\",\"breadcrumb\":{\"@id\":\"https:\/\/www.padreydecano.com\/cms\/noticias\/volvio-leo\/#breadcrumb\"},\"inLanguage\":\"es\",\"potentialAction\":[{\"@type\":\"ReadAction\",\"target\":[\"https:\/\/www.padreydecano.com\/cms\/noticias\/volvio-leo\/\"]}]},{\"@type\":\"ImageObject\",\"inLanguage\":\"es\",\"@id\":\"https:\/\/www.padreydecano.com\/cms\/noticias\/volvio-leo\/#primaryimage\",\"url\":\"https:\/\/www.padreydecano.com\/cms\/wp-content\/uploads\/2022\/08\/20220808_022048.jpg\",\"contentUrl\":\"https:\/\/www.padreydecano.com\/cms\/wp-content\/uploads\/2022\/08\/20220808_022048.jpg\",\"width\":1600,\"height\":1066},{\"@type\":\"BreadcrumbList\",\"@id\":\"https:\/\/www.padreydecano.com\/cms\/noticias\/volvio-leo\/#breadcrumb\",\"itemListElement\":[{\"@type\":\"ListItem\",\"position\":1,\"name\":\"Portada\",\"item\":\"https:\/\/www.padreydecano.com\/cms\/\"},{\"@type\":\"ListItem\",\"position\":2,\"name\":\"Volvi\u00f3 Leo\u00a0\"}]},{\"@type\":\"WebSite\",\"@id\":\"https:\/\/www.padreydecano.com\/cms\/#website\",\"url\":\"https:\/\/www.padreydecano.com\/cms\/\",\"name\":\"Padre y Decano - El Sitio del Pueblo\",\"description\":\"Club Atl\u00e9tico Pe\u00f1arol\",\"publisher\":{\"@id\":\"https:\/\/www.padreydecano.com\/cms\/#organization\"},\"potentialAction\":[{\"@type\":\"SearchAction\",\"target\":{\"@type\":\"EntryPoint\",\"urlTemplate\":\"https:\/\/www.padreydecano.com\/cms\/?s={search_term_string}\"},\"query-input\":\"required name=search_term_string\"}],\"inLanguage\":\"es\"},{\"@type\":\"Organization\",\"@id\":\"https:\/\/www.padreydecano.com\/cms\/#organization\",\"name\":\"Padre y Decano\",\"url\":\"https:\/\/www.padreydecano.com\/cms\/\",\"logo\":{\"@type\":\"ImageObject\",\"inLanguage\":\"es\",\"@id\":\"https:\/\/www.padreydecano.com\/cms\/#\/schema\/logo\/image\/\",\"url\":\"https:\/\/www.padreydecano.com\/cms\/wp-content\/uploads\/2022\/01\/avatar-square.png\",\"contentUrl\":\"https:\/\/www.padreydecano.com\/cms\/wp-content\/uploads\/2022\/01\/avatar-square.png\",\"width\":1500,\"height\":1500,\"caption\":\"Padre y Decano\"},\"image\":{\"@id\":\"https:\/\/www.padreydecano.com\/cms\/#\/schema\/logo\/image\/\"}},{\"@type\":\"Person\",\"@id\":\"https:\/\/www.padreydecano.com\/cms\/#\/schema\/person\/37aae8f93aa78e4c5385497f056e3246\",\"name\":\"Redactores Padre y Decano\",\"image\":{\"@type\":\"ImageObject\",\"inLanguage\":\"es\",\"@id\":\"https:\/\/www.padreydecano.com\/cms\/#\/schema\/person\/image\/\",\"url\":\"https:\/\/secure.gravatar.com\/avatar\/8810c4b9081192b118b104af54549af8?s=96&d=https%3A%2F%2Fpadreydecano.com%2Fcms%2Fwp-content%2Fthemes%2Fpyd-theme%2Fimg%2Fdefault-avatar.png&r=g\",\"contentUrl\":\"https:\/\/secure.gravatar.com\/avatar\/8810c4b9081192b118b104af54549af8?s=96&d=https%3A%2F%2Fpadreydecano.com%2Fcms%2Fwp-content%2Fthemes%2Fpyd-theme%2Fimg%2Fdefault-avatar.png&r=g\",\"caption\":\"Redactores Padre y Decano\"},\"sameAs\":[\"http:\/\/www.padreydecano.com\"]}]}<\/script>\n<!-- \/ Yoast SEO plugin. -->","yoast_head_json":{"title":"Volvi\u00f3 Leo\u00a0 - Padre y Decano - El Sitio del Pueblo","robots":{"index":"index","follow":"follow","max-snippet":"max-snippet:-1","max-image-preview":"max-image-preview:large","max-video-preview":"max-video-preview:-1"},"canonical":"https:\/\/www.padreydecano.com\/cms\/noticias\/volvio-leo\/","og_locale":"es_ES","og_type":"article","og_title":"Volvi\u00f3 Leo\u00a0 - Padre y Decano - El Sitio del Pueblo","og_description":"Pe\u00f1arol derrot\u00f3 3 a 2 a Defensor Sporting c\u00f3mo visitante. El carbonero logr\u00f3 una impostergable victoria bajo el mando de Leonardo Ramos en su vuelta al Club. Pe\u00f1arol llegaba a este encuentro luego del cambio de entrenador. Ramos coloc\u00f3 varios cambios en el equipo titular, formando con: Kevin Dawson; Ezequiel Busquets, Yonatthan Rak (75&#8242; Hern\u00e1n [&hellip;]","og_url":"https:\/\/www.padreydecano.com\/cms\/noticias\/volvio-leo\/","og_site_name":"Padre y Decano - El Sitio del Pueblo","article_published_time":"2022-08-08T05:26:11+00:00","article_modified_time":"2022-08-22T13:01:11+00:00","og_image":[{"width":1600,"height":1066,"url":"https:\/\/www.padreydecano.com\/cms\/wp-content\/uploads\/2022\/08\/20220808_022048.jpg","type":"image\/jpeg"}],"author":"Redactores Padre y Decano","twitter_card":"summary_large_image","twitter_misc":{"Escrito por":"Redactores Padre y Decano","Tiempo de lectura":"4 minutos"},"schema":{"@context":"https:\/\/schema.org","@graph":[{"@type":"Article","@id":"https:\/\/www.padreydecano.com\/cms\/noticias\/volvio-leo\/#article","isPartOf":{"@id":"https:\/\/www.padreydecano.com\/cms\/noticias\/volvio-leo\/"},"author":{"name":"Redactores Padre y Decano","@id":"https:\/\/www.padreydecano.com\/cms\/#\/schema\/person\/37aae8f93aa78e4c5385497f056e3246"},"headline":"Volvi\u00f3 Leo\u00a0","datePublished":"2022-08-08T05:26:11+00:00","dateModified":"2022-08-22T13:01:11+00:00","mainEntityOfPage":{"@id":"https:\/\/www.padreydecano.com\/cms\/noticias\/volvio-leo\/"},"wordCount":703,"commentCount":101,"publisher":{"@id":"https:\/\/www.padreydecano.com\/cms\/#organization"},"image":{"@id":"https:\/\/www.padreydecano.com\/cms\/noticias\/volvio-leo\/#primaryimage"},"thumbnailUrl":"https:\/\/www.padreydecano.com\/cms\/wp-content\/uploads\/2022\/08\/20220808_022048.jpg","keywords":["Campeonato Uruguayo 2022"],"articleSection":["Noticias"],"inLanguage":"es","potentialAction":[{"@type":"CommentAction","name":"Comment","target":["https:\/\/www.padreydecano.com\/cms\/noticias\/volvio-leo\/#respond"]}]},{"@type":"WebPage","@id":"https:\/\/www.padreydecano.com\/cms\/noticias\/volvio-leo\/","url":"https:\/\/www.padreydecano.com\/cms\/noticias\/volvio-leo\/","name":"Volvi\u00f3 Leo\u00a0 - Padre y Decano - El Sitio del Pueblo","isPartOf":{"@id":"https:\/\/www.padreydecano.com\/cms\/#website"},"primaryImageOfPage":{"@id":"https:\/\/www.padreydecano.com\/cms\/noticias\/volvio-leo\/#primaryimage"},"image":{"@id":"https:\/\/www.padreydecano.com\/cms\/noticias\/volvio-leo\/#primaryimage"},"thumbnailUrl":"https:\/\/www.padreydecano.com\/cms\/wp-content\/uploads\/2022\/08\/20220808_022048.jpg","datePublished":"2022-08-08T05:26:11+00:00","dateModified":"2022-08-22T13:01:11+00:00","breadcrumb":{"@id":"https:\/\/www.padreydecano.com\/cms\/noticias\/volvio-leo\/#breadcrumb"},"inLanguage":"es","potentialAction":[{"@type":"ReadAction","target":["https:\/\/www.padreydecano.com\/cms\/noticias\/volvio-leo\/"]}]},{"@type":"ImageObject","inLanguage":"es","@id":"https:\/\/www.padreydecano.com\/cms\/noticias\/volvio-leo\/#primaryimage","url":"https:\/\/www.padreydecano.com\/cms\/wp-content\/uploads\/2022\/08\/20220808_022048.jpg","contentUrl":"https:\/\/www.padreydecano.com\/cms\/wp-content\/uploads\/2022\/08\/20220808_022048.jpg","width":1600,"height":1066},{"@type":"BreadcrumbList","@id":"https:\/\/www.padreydecano.com\/cms\/noticias\/volvio-leo\/#breadcrumb","itemListElement":[{"@type":"ListItem","position":1,"name":"Portada","item":"https:\/\/www.padreydecano.com\/cms\/"},{"@type":"ListItem","position":2,"name":"Volvi\u00f3 Leo\u00a0"}]},{"@type":"WebSite","@id":"https:\/\/www.padreydecano.com\/cms\/#website","url":"https:\/\/www.padreydecano.com\/cms\/","name":"Padre y Decano - El Sitio del Pueblo","description":"Club Atl\u00e9tico Pe\u00f1arol","publisher":{"@id":"https:\/\/www.padreydecano.com\/cms\/#organization"},"potentialAction":[{"@type":"SearchAction","target":{"@type":"EntryPoint","urlTemplate":"https:\/\/www.padreydecano.com\/cms\/?s={search_term_string}"},"query-input":"required name=search_term_string"}],"inLanguage":"es"},{"@type":"Organization","@id":"https:\/\/www.padreydecano.com\/cms\/#organization","name":"Padre y Decano","url":"https:\/\/www.padreydecano.com\/cms\/","logo":{"@type":"ImageObject","inLanguage":"es","@id":"https:\/\/www.padreydecano.com\/cms\/#\/schema\/logo\/image\/","url":"https:\/\/www.padreydecano.com\/cms\/wp-content\/uploads\/2022\/01\/avatar-square.png","contentUrl":"https:\/\/www.padreydecano.com\/cms\/wp-content\/uploads\/2022\/01\/avatar-square.png","width":1500,"height":1500,"caption":"Padre y Decano"},"image":{"@id":"https:\/\/www.padreydecano.com\/cms\/#\/schema\/logo\/image\/"}},{"@type":"Person","@id":"https:\/\/www.padreydecano.com\/cms\/#\/schema\/person\/37aae8f93aa78e4c5385497f056e3246","name":"Redactores Padre y Decano","image":{"@type":"ImageObject","inLanguage":"es","@id":"https:\/\/www.padreydecano.com\/cms\/#\/schema\/person\/image\/","url":"https:\/\/secure.gravatar.com\/avatar\/8810c4b9081192b118b104af54549af8?s=96&d=https%3A%2F%2Fpadreydecano.com%2Fcms%2Fwp-content%2Fthemes%2Fpyd-theme%2Fimg%2Fdefault-avatar.png&r=g","contentUrl":"https:\/\/secure.gravatar.com\/avatar\/8810c4b9081192b118b104af54549af8?s=96&d=https%3A%2F%2Fpadreydecano.com%2Fcms%2Fwp-content%2Fthemes%2Fpyd-theme%2Fimg%2Fdefault-avatar.png&r=g","caption":"Redactores Padre y Decano"},"sameAs":["http:\/\/www.padreydecano.com"]}]}},"_links":{"self":[{"href":"https:\/\/www.padreydecano.com\/cms\/wp-json\/wp\/v2\/posts\/78950"}],"collection":[{"href":"https:\/\/www.padreydecano.com\/cms\/wp-json\/wp\/v2\/posts"}],"about":[{"href":"https:\/\/www.padreydecano.com\/cms\/wp-json\/wp\/v2\/types\/post"}],"author":[{"embeddable":true,"href":"https:\/\/www.padreydecano.com\/cms\/wp-json\/wp\/v2\/users\/27"}],"replies":[{"embeddable":true,"href":"https:\/\/www.padreydecano.com\/cms\/wp-json\/wp\/v2\/comments?post=78950"}],"version-history":[{"count":0,"href":"https:\/\/www.padreydecano.com\/cms\/wp-json\/wp\/v2\/posts\/78950\/revisions"}],"wp:featuredmedia":[{"embeddable":true,"href":"https:\/\/www.padreydecano.com\/cms\/wp-json\/wp\/v2\/media\/78951"}],"wp:attachment":[{"href":"https:\/\/www.padreydecano.com\/cms\/wp-json\/wp\/v2\/media?parent=78950"}],"wp:term":[{"taxonomy":"category","embeddable":true,"href":"https:\/\/www.padreydecano.com\/cms\/wp-json\/wp\/v2\/categories?post=78950"},{"taxonomy":"post_tag","embeddable":true,"href":"https:\/\/www.padreydecano.com\/cms\/wp-json\/wp\/v2\/tags?post=78950"}],"curies":[{"name":"wp","href":"https:\/\/api.w.org\/{rel}","templated":true}]}}