{"id":78945,"date":"2022-08-07T14:37:59","date_gmt":"2022-08-07T17:37:59","guid":{"rendered":"http:\/\/www.padreydecano.com\/cms\/?p=78945"},"modified":"2022-08-15T10:40:48","modified_gmt":"2022-08-15T13:40:48","slug":"cambiar-la-cara-3","status":"publish","type":"post","link":"https:\/\/www.padreydecano.com\/cms\/noticias\/cambiar-la-cara-3\/","title":{"rendered":"Cambiar la cara"},"content":{"rendered":"<p><img loading=\"lazy\" decoding=\"async\" class=\"aligncenter wp-image-71418 size-full\" src=\"https:\/\/www.padreydecano.com\/cms\/wp-content\/uploads\/2019\/08\/franzini.jpg\" alt=\"\" width=\"1200\" height=\"800\" srcset=\"https:\/\/www.padreydecano.com\/cms\/wp-content\/uploads\/2019\/08\/franzini.jpg 1200w, https:\/\/www.padreydecano.com\/cms\/wp-content\/uploads\/2019\/08\/franzini-600x400.jpg 600w, https:\/\/www.padreydecano.com\/cms\/wp-content\/uploads\/2019\/08\/franzini-768x512.jpg 768w, https:\/\/www.padreydecano.com\/cms\/wp-content\/uploads\/2019\/08\/franzini-1024x683.jpg 1024w\" sizes=\"(max-width: 1200px) 100vw, 1200px\" \/><\/p>\n<p><strong>Pe\u00f1arol visitar\u00e1 el pr\u00f3ximo domingo el Estadio Luis Franzini para enfrentar a Defensor Sporting por la segunda fecha del Torneo Clausura. Volver a la senda del triunfo como \u00fanico objetivo. El partido se televisar\u00e1 por VTV e ir\u00e1 a las 18.30 HS.<\/strong><\/p>\n<p><strong><span style=\"color: #ffcc00;\">Equipo probable<\/span><\/strong><\/p>\n<p>Si bien a\u00fan no hay nada confirmado, pueda que haya variantes en la oncena titular de Pe\u00f1arol en lo que ser\u00e1 el debut de Leo Ramos bajo la conducci\u00f3n t\u00e9cnica.<\/p>\n<p><span style=\"color: #ffcc00;\"><strong>\u00bfC\u00f3mo fue el inicio de cada uno?<\/strong><\/span><\/p>\n<p>En el debut por el Torneo Clausura, Defensor Sporting venci\u00f3 a Liverpool por 3 a 1 en su visita a Belvedere. El Violeta fue superior y pis\u00f3 fuerte para llevarse 3 puntos de oro. Los goles fueron convertidos por Adri\u00e1n Balboa, Agust\u00edn Ocampo y Joaqu\u00edn Valiente Cioli. Para el Negro de la Cuchilla descont\u00f3 Gast\u00f3n Rodr\u00edguez.<\/p>\n<p>Por su parte, Pe\u00f1arol, perdi\u00f3 ante F\u00e9nix por m\u00ednima diferencia. Con gol de Gonzalo Vega a minutos de finalizar el encuentro, el Aurinegro dej\u00f3 sus primeras unidades. Dolorosa derrota que llev\u00f3 a la renuncia de Mauricio Larriera como director t\u00e9cnico. Cabe recordar que, Pe\u00f1arol se posiciona en la 4ta. posici\u00f3n de la Tabla Anual con 37 unidades, por detr\u00e1s de Nacional (47), Liverpool (46) y Boston River (41).<\/p>\n<p><span style=\"color: #ffcc00;\"><strong>\u00daltimos 5 antecedentes<\/strong><\/span><\/p>\n<p><strong>Torneo Clausura 2019:<\/strong> <strong>Pe\u00f1arol<\/strong> 1 VS. 0 Defensor Sporting<\/p>\n<p><strong>Torneo Apertura 2020:<\/strong> Defensor Sporting 2 VS. 1 <strong>Pe\u00f1arol<\/strong><\/p>\n<p><strong>Torneo Intermedio 2020:<\/strong> Defensor Sporting 2 VS. 1 <strong>Pe\u00f1arol<\/strong><\/p>\n<p><strong>Torneo Clausura 2020:<\/strong> <strong>Pe\u00f1arol<\/strong> 1 VS. 2 Defensor Sporting<\/p>\n<p><strong>Torneo Apertura 2022:<\/strong> <strong>Pe\u00f1arol<\/strong> 0 VS. Defensor Sporting 1<\/p>\n<p><span style=\"color: #ffcc00;\"><strong>\u00c1rbitros<\/strong><\/span><\/p>\n<p>Andr\u00e9s Matonte ser\u00e1 el arbitro principal del encuentro. Nicol\u00e1s Tar\u00e1n y Mart\u00edn Soppi estar\u00e1n en las l\u00edneas, mientras que Daniel Rodr\u00edguez ser\u00e1 el cuarto juez.<\/p>\n<p>El VAR estar\u00e1 a cargo de Leod\u00e1n Gonzalez y Nicol\u00e1s Vignolo.<\/p>\n<p><strong><span style=\"color: #ffcc00;\">Entradas<\/span><\/strong><\/p>\n<p>Las entradas se encuentran totalmente agotadas. M\u00e1s de 2000 hinchas acompa\u00f1ar\u00e1n al Decano en el Estadio Luis Franzini.<\/p>\n<p><strong><span style=\"color: #ffcc00;\">Lo que se viene<\/span><\/strong><\/p>\n<p>Por la tercera fecha del Torneo Clausura, Pe\u00f1arol recibir\u00e1 a Albion. El partido est\u00e1 programado para el s\u00e1bado 13 de agosto a las 18.30 HS en el Estadio Campe\u00f3n del Siglo.<\/p>\n<p>La 6ta. fecha (se troc\u00f3 la fecha por la 4ta) tendr\u00e1 el juego de Deportivo Maldonado VS. Pe\u00f1arol. El encuentro se disputar\u00e1 el mi\u00e9rcoles 17 de agosto a las 20:00 HS en el Domingo Burgue\u00f1o Miguel.<\/p>\n<div class=\"user-wrapper\"><a class=\"userlink\" href=\"https:\/\/twitter.com\/mathiaastilve\" target=\"_blank\"><figure><img decoding=\"async\" src=\"http:\/\/www.padreydecano.com\/cms\/wp-users-files\/postfirmas\/mathiastilve.jpg\" \/><\/figure><p class=\"user\"><strong>Mathias Tilve<\/strong><br \/>@mathiaastilve<\/p><\/a><\/div>\n","protected":false},"excerpt":{"rendered":"<p>Pe\u00f1arol visitar\u00e1 el pr\u00f3ximo domingo el Estadio Luis Franzini para enfrentar a Defensor Sporting por la segunda fecha del Torneo Clausura. Volver a la senda del triunfo como \u00fanico objetivo. El partido se televisar\u00e1 por VTV e ir\u00e1 a las 18.30 HS. Equipo probable Si bien a\u00fan no hay nada confirmado, pueda que haya variantes [&hellip;]<\/p>\n","protected":false},"author":30,"featured_media":71418,"comment_status":"open","ping_status":"closed","sticky":false,"template":"","format":"standard","meta":{"footnotes":""},"categories":[1],"tags":[557],"yoast_head":"<!-- This site is optimized with the Yoast SEO plugin v23.2 - https:\/\/yoast.com\/wordpress\/plugins\/seo\/ -->\n<title>Cambiar la cara - Padre y Decano - El Sitio del Pueblo<\/title>\n<meta name=\"robots\" content=\"index, follow, max-snippet:-1, max-image-preview:large, max-video-preview:-1\" \/>\n<link rel=\"canonical\" href=\"https:\/\/www.padreydecano.com\/cms\/noticias\/cambiar-la-cara-3\/\" \/>\n<meta property=\"og:locale\" content=\"es_ES\" \/>\n<meta property=\"og:type\" content=\"article\" \/>\n<meta property=\"og:title\" content=\"Cambiar la cara - Padre y Decano - El Sitio del Pueblo\" \/>\n<meta property=\"og:description\" content=\"Pe\u00f1arol visitar\u00e1 el pr\u00f3ximo domingo el Estadio Luis Franzini para enfrentar a Defensor Sporting por la segunda fecha del Torneo Clausura. Volver a la senda del triunfo como \u00fanico objetivo. El partido se televisar\u00e1 por VTV e ir\u00e1 a las 18.30 HS. Equipo probable Si bien a\u00fan no hay nada confirmado, pueda que haya variantes [&hellip;]\" \/>\n<meta property=\"og:url\" content=\"https:\/\/www.padreydecano.com\/cms\/noticias\/cambiar-la-cara-3\/\" \/>\n<meta property=\"og:site_name\" content=\"Padre y Decano - El Sitio del Pueblo\" \/>\n<meta property=\"article:published_time\" content=\"2022-08-07T17:37:59+00:00\" \/>\n<meta property=\"article:modified_time\" content=\"2022-08-15T13:40:48+00:00\" \/>\n<meta property=\"og:image\" content=\"https:\/\/www.padreydecano.com\/cms\/wp-content\/uploads\/2019\/08\/franzini.jpg\" \/>\n\t<meta property=\"og:image:width\" content=\"1200\" \/>\n\t<meta property=\"og:image:height\" content=\"800\" \/>\n\t<meta property=\"og:image:type\" content=\"image\/jpeg\" \/>\n<meta name=\"author\" content=\"Udelar\" \/>\n<meta name=\"twitter:card\" content=\"summary_large_image\" \/>\n<meta name=\"twitter:label1\" content=\"Escrito por\" \/>\n\t<meta name=\"twitter:data1\" content=\"Udelar\" \/>\n\t<meta name=\"twitter:label2\" content=\"Tiempo de lectura\" \/>\n\t<meta name=\"twitter:data2\" content=\"2 minutos\" \/>\n<script type=\"application\/ld+json\" class=\"yoast-schema-graph\">{\"@context\":\"https:\/\/schema.org\",\"@graph\":[{\"@type\":\"Article\",\"@id\":\"https:\/\/www.padreydecano.com\/cms\/noticias\/cambiar-la-cara-3\/#article\",\"isPartOf\":{\"@id\":\"https:\/\/www.padreydecano.com\/cms\/noticias\/cambiar-la-cara-3\/\"},\"author\":{\"name\":\"Udelar\",\"@id\":\"https:\/\/www.padreydecano.com\/cms\/#\/schema\/person\/b22191326be6d1c7fa55c2ad137a9a32\"},\"headline\":\"Cambiar la cara\",\"datePublished\":\"2022-08-07T17:37:59+00:00\",\"dateModified\":\"2022-08-15T13:40:48+00:00\",\"mainEntityOfPage\":{\"@id\":\"https:\/\/www.padreydecano.com\/cms\/noticias\/cambiar-la-cara-3\/\"},\"wordCount\":397,\"commentCount\":6,\"publisher\":{\"@id\":\"https:\/\/www.padreydecano.com\/cms\/#organization\"},\"image\":{\"@id\":\"https:\/\/www.padreydecano.com\/cms\/noticias\/cambiar-la-cara-3\/#primaryimage\"},\"thumbnailUrl\":\"https:\/\/www.padreydecano.com\/cms\/wp-content\/uploads\/2019\/08\/franzini.jpg\",\"keywords\":[\"Campeonato Uruguayo 2022\"],\"articleSection\":[\"Noticias\"],\"inLanguage\":\"es\",\"potentialAction\":[{\"@type\":\"CommentAction\",\"name\":\"Comment\",\"target\":[\"https:\/\/www.padreydecano.com\/cms\/noticias\/cambiar-la-cara-3\/#respond\"]}]},{\"@type\":\"WebPage\",\"@id\":\"https:\/\/www.padreydecano.com\/cms\/noticias\/cambiar-la-cara-3\/\",\"url\":\"https:\/\/www.padreydecano.com\/cms\/noticias\/cambiar-la-cara-3\/\",\"name\":\"Cambiar la cara - Padre y Decano - El Sitio del Pueblo\",\"isPartOf\":{\"@id\":\"https:\/\/www.padreydecano.com\/cms\/#website\"},\"primaryImageOfPage\":{\"@id\":\"https:\/\/www.padreydecano.com\/cms\/noticias\/cambiar-la-cara-3\/#primaryimage\"},\"image\":{\"@id\":\"https:\/\/www.padreydecano.com\/cms\/noticias\/cambiar-la-cara-3\/#primaryimage\"},\"thumbnailUrl\":\"https:\/\/www.padreydecano.com\/cms\/wp-content\/uploads\/2019\/08\/franzini.jpg\",\"datePublished\":\"2022-08-07T17:37:59+00:00\",\"dateModified\":\"2022-08-15T13:40:48+00:00\",\"breadcrumb\":{\"@id\":\"https:\/\/www.padreydecano.com\/cms\/noticias\/cambiar-la-cara-3\/#breadcrumb\"},\"inLanguage\":\"es\",\"potentialAction\":[{\"@type\":\"ReadAction\",\"target\":[\"https:\/\/www.padreydecano.com\/cms\/noticias\/cambiar-la-cara-3\/\"]}]},{\"@type\":\"ImageObject\",\"inLanguage\":\"es\",\"@id\":\"https:\/\/www.padreydecano.com\/cms\/noticias\/cambiar-la-cara-3\/#primaryimage\",\"url\":\"https:\/\/www.padreydecano.com\/cms\/wp-content\/uploads\/2019\/08\/franzini.jpg\",\"contentUrl\":\"https:\/\/www.padreydecano.com\/cms\/wp-content\/uploads\/2019\/08\/franzini.jpg\",\"width\":1200,\"height\":800},{\"@type\":\"BreadcrumbList\",\"@id\":\"https:\/\/www.padreydecano.com\/cms\/noticias\/cambiar-la-cara-3\/#breadcrumb\",\"itemListElement\":[{\"@type\":\"ListItem\",\"position\":1,\"name\":\"Portada\",\"item\":\"https:\/\/www.padreydecano.com\/cms\/\"},{\"@type\":\"ListItem\",\"position\":2,\"name\":\"Cambiar la cara\"}]},{\"@type\":\"WebSite\",\"@id\":\"https:\/\/www.padreydecano.com\/cms\/#website\",\"url\":\"https:\/\/www.padreydecano.com\/cms\/\",\"name\":\"Padre y Decano - El Sitio del Pueblo\",\"description\":\"Club Atl\u00e9tico Pe\u00f1arol\",\"publisher\":{\"@id\":\"https:\/\/www.padreydecano.com\/cms\/#organization\"},\"potentialAction\":[{\"@type\":\"SearchAction\",\"target\":{\"@type\":\"EntryPoint\",\"urlTemplate\":\"https:\/\/www.padreydecano.com\/cms\/?s={search_term_string}\"},\"query-input\":\"required name=search_term_string\"}],\"inLanguage\":\"es\"},{\"@type\":\"Organization\",\"@id\":\"https:\/\/www.padreydecano.com\/cms\/#organization\",\"name\":\"Padre y Decano\",\"url\":\"https:\/\/www.padreydecano.com\/cms\/\",\"logo\":{\"@type\":\"ImageObject\",\"inLanguage\":\"es\",\"@id\":\"https:\/\/www.padreydecano.com\/cms\/#\/schema\/logo\/image\/\",\"url\":\"https:\/\/www.padreydecano.com\/cms\/wp-content\/uploads\/2022\/01\/avatar-square.png\",\"contentUrl\":\"https:\/\/www.padreydecano.com\/cms\/wp-content\/uploads\/2022\/01\/avatar-square.png\",\"width\":1500,\"height\":1500,\"caption\":\"Padre y Decano\"},\"image\":{\"@id\":\"https:\/\/www.padreydecano.com\/cms\/#\/schema\/logo\/image\/\"}},{\"@type\":\"Person\",\"@id\":\"https:\/\/www.padreydecano.com\/cms\/#\/schema\/person\/b22191326be6d1c7fa55c2ad137a9a32\",\"name\":\"Udelar\",\"image\":{\"@type\":\"ImageObject\",\"inLanguage\":\"es\",\"@id\":\"https:\/\/www.padreydecano.com\/cms\/#\/schema\/person\/image\/\",\"url\":\"https:\/\/secure.gravatar.com\/avatar\/611ece663b16897a2cd2f46982281225?s=96&d=https%3A%2F%2Fpadreydecano.com%2Fcms%2Fwp-content%2Fthemes%2Fpyd-theme%2Fimg%2Fdefault-avatar.png&r=g\",\"contentUrl\":\"https:\/\/secure.gravatar.com\/avatar\/611ece663b16897a2cd2f46982281225?s=96&d=https%3A%2F%2Fpadreydecano.com%2Fcms%2Fwp-content%2Fthemes%2Fpyd-theme%2Fimg%2Fdefault-avatar.png&r=g\",\"caption\":\"Udelar\"}}]}<\/script>\n<!-- \/ Yoast SEO plugin. -->","yoast_head_json":{"title":"Cambiar la cara - Padre y Decano - El Sitio del Pueblo","robots":{"index":"index","follow":"follow","max-snippet":"max-snippet:-1","max-image-preview":"max-image-preview:large","max-video-preview":"max-video-preview:-1"},"canonical":"https:\/\/www.padreydecano.com\/cms\/noticias\/cambiar-la-cara-3\/","og_locale":"es_ES","og_type":"article","og_title":"Cambiar la cara - Padre y Decano - El Sitio del Pueblo","og_description":"Pe\u00f1arol visitar\u00e1 el pr\u00f3ximo domingo el Estadio Luis Franzini para enfrentar a Defensor Sporting por la segunda fecha del Torneo Clausura. Volver a la senda del triunfo como \u00fanico objetivo. El partido se televisar\u00e1 por VTV e ir\u00e1 a las 18.30 HS. Equipo probable Si bien a\u00fan no hay nada confirmado, pueda que haya variantes [&hellip;]","og_url":"https:\/\/www.padreydecano.com\/cms\/noticias\/cambiar-la-cara-3\/","og_site_name":"Padre y Decano - El Sitio del Pueblo","article_published_time":"2022-08-07T17:37:59+00:00","article_modified_time":"2022-08-15T13:40:48+00:00","og_image":[{"width":1200,"height":800,"url":"https:\/\/www.padreydecano.com\/cms\/wp-content\/uploads\/2019\/08\/franzini.jpg","type":"image\/jpeg"}],"author":"Udelar","twitter_card":"summary_large_image","twitter_misc":{"Escrito por":"Udelar","Tiempo de lectura":"2 minutos"},"schema":{"@context":"https:\/\/schema.org","@graph":[{"@type":"Article","@id":"https:\/\/www.padreydecano.com\/cms\/noticias\/cambiar-la-cara-3\/#article","isPartOf":{"@id":"https:\/\/www.padreydecano.com\/cms\/noticias\/cambiar-la-cara-3\/"},"author":{"name":"Udelar","@id":"https:\/\/www.padreydecano.com\/cms\/#\/schema\/person\/b22191326be6d1c7fa55c2ad137a9a32"},"headline":"Cambiar la cara","datePublished":"2022-08-07T17:37:59+00:00","dateModified":"2022-08-15T13:40:48+00:00","mainEntityOfPage":{"@id":"https:\/\/www.padreydecano.com\/cms\/noticias\/cambiar-la-cara-3\/"},"wordCount":397,"commentCount":6,"publisher":{"@id":"https:\/\/www.padreydecano.com\/cms\/#organization"},"image":{"@id":"https:\/\/www.padreydecano.com\/cms\/noticias\/cambiar-la-cara-3\/#primaryimage"},"thumbnailUrl":"https:\/\/www.padreydecano.com\/cms\/wp-content\/uploads\/2019\/08\/franzini.jpg","keywords":["Campeonato Uruguayo 2022"],"articleSection":["Noticias"],"inLanguage":"es","potentialAction":[{"@type":"CommentAction","name":"Comment","target":["https:\/\/www.padreydecano.com\/cms\/noticias\/cambiar-la-cara-3\/#respond"]}]},{"@type":"WebPage","@id":"https:\/\/www.padreydecano.com\/cms\/noticias\/cambiar-la-cara-3\/","url":"https:\/\/www.padreydecano.com\/cms\/noticias\/cambiar-la-cara-3\/","name":"Cambiar la cara - Padre y Decano - El Sitio del Pueblo","isPartOf":{"@id":"https:\/\/www.padreydecano.com\/cms\/#website"},"primaryImageOfPage":{"@id":"https:\/\/www.padreydecano.com\/cms\/noticias\/cambiar-la-cara-3\/#primaryimage"},"image":{"@id":"https:\/\/www.padreydecano.com\/cms\/noticias\/cambiar-la-cara-3\/#primaryimage"},"thumbnailUrl":"https:\/\/www.padreydecano.com\/cms\/wp-content\/uploads\/2019\/08\/franzini.jpg","datePublished":"2022-08-07T17:37:59+00:00","dateModified":"2022-08-15T13:40:48+00:00","breadcrumb":{"@id":"https:\/\/www.padreydecano.com\/cms\/noticias\/cambiar-la-cara-3\/#breadcrumb"},"inLanguage":"es","potentialAction":[{"@type":"ReadAction","target":["https:\/\/www.padreydecano.com\/cms\/noticias\/cambiar-la-cara-3\/"]}]},{"@type":"ImageObject","inLanguage":"es","@id":"https:\/\/www.padreydecano.com\/cms\/noticias\/cambiar-la-cara-3\/#primaryimage","url":"https:\/\/www.padreydecano.com\/cms\/wp-content\/uploads\/2019\/08\/franzini.jpg","contentUrl":"https:\/\/www.padreydecano.com\/cms\/wp-content\/uploads\/2019\/08\/franzini.jpg","width":1200,"height":800},{"@type":"BreadcrumbList","@id":"https:\/\/www.padreydecano.com\/cms\/noticias\/cambiar-la-cara-3\/#breadcrumb","itemListElement":[{"@type":"ListItem","position":1,"name":"Portada","item":"https:\/\/www.padreydecano.com\/cms\/"},{"@type":"ListItem","position":2,"name":"Cambiar la cara"}]},{"@type":"WebSite","@id":"https:\/\/www.padreydecano.com\/cms\/#website","url":"https:\/\/www.padreydecano.com\/cms\/","name":"Padre y Decano - El Sitio del Pueblo","description":"Club Atl\u00e9tico Pe\u00f1arol","publisher":{"@id":"https:\/\/www.padreydecano.com\/cms\/#organization"},"potentialAction":[{"@type":"SearchAction","target":{"@type":"EntryPoint","urlTemplate":"https:\/\/www.padreydecano.com\/cms\/?s={search_term_string}"},"query-input":"required name=search_term_string"}],"inLanguage":"es"},{"@type":"Organization","@id":"https:\/\/www.padreydecano.com\/cms\/#organization","name":"Padre y Decano","url":"https:\/\/www.padreydecano.com\/cms\/","logo":{"@type":"ImageObject","inLanguage":"es","@id":"https:\/\/www.padreydecano.com\/cms\/#\/schema\/logo\/image\/","url":"https:\/\/www.padreydecano.com\/cms\/wp-content\/uploads\/2022\/01\/avatar-square.png","contentUrl":"https:\/\/www.padreydecano.com\/cms\/wp-content\/uploads\/2022\/01\/avatar-square.png","width":1500,"height":1500,"caption":"Padre y Decano"},"image":{"@id":"https:\/\/www.padreydecano.com\/cms\/#\/schema\/logo\/image\/"}},{"@type":"Person","@id":"https:\/\/www.padreydecano.com\/cms\/#\/schema\/person\/b22191326be6d1c7fa55c2ad137a9a32","name":"Udelar","image":{"@type":"ImageObject","inLanguage":"es","@id":"https:\/\/www.padreydecano.com\/cms\/#\/schema\/person\/image\/","url":"https:\/\/secure.gravatar.com\/avatar\/611ece663b16897a2cd2f46982281225?s=96&d=https%3A%2F%2Fpadreydecano.com%2Fcms%2Fwp-content%2Fthemes%2Fpyd-theme%2Fimg%2Fdefault-avatar.png&r=g","contentUrl":"https:\/\/secure.gravatar.com\/avatar\/611ece663b16897a2cd2f46982281225?s=96&d=https%3A%2F%2Fpadreydecano.com%2Fcms%2Fwp-content%2Fthemes%2Fpyd-theme%2Fimg%2Fdefault-avatar.png&r=g","caption":"Udelar"}}]}},"_links":{"self":[{"href":"https:\/\/www.padreydecano.com\/cms\/wp-json\/wp\/v2\/posts\/78945"}],"collection":[{"href":"https:\/\/www.padreydecano.com\/cms\/wp-json\/wp\/v2\/posts"}],"about":[{"href":"https:\/\/www.padreydecano.com\/cms\/wp-json\/wp\/v2\/types\/post"}],"author":[{"embeddable":true,"href":"https:\/\/www.padreydecano.com\/cms\/wp-json\/wp\/v2\/users\/30"}],"replies":[{"embeddable":true,"href":"https:\/\/www.padreydecano.com\/cms\/wp-json\/wp\/v2\/comments?post=78945"}],"version-history":[{"count":0,"href":"https:\/\/www.padreydecano.com\/cms\/wp-json\/wp\/v2\/posts\/78945\/revisions"}],"wp:featuredmedia":[{"embeddable":true,"href":"https:\/\/www.padreydecano.com\/cms\/wp-json\/wp\/v2\/media\/71418"}],"wp:attachment":[{"href":"https:\/\/www.padreydecano.com\/cms\/wp-json\/wp\/v2\/media?parent=78945"}],"wp:term":[{"taxonomy":"category","embeddable":true,"href":"https:\/\/www.padreydecano.com\/cms\/wp-json\/wp\/v2\/categories?post=78945"},{"taxonomy":"post_tag","embeddable":true,"href":"https:\/\/www.padreydecano.com\/cms\/wp-json\/wp\/v2\/tags?post=78945"}],"curies":[{"name":"wp","href":"https:\/\/api.w.org\/{rel}","templated":true}]}}