{"id":78888,"date":"2022-07-29T13:06:42","date_gmt":"2022-07-29T16:06:42","guid":{"rendered":"http:\/\/www.padreydecano.com\/cms\/?p=78888"},"modified":"2022-08-02T08:11:45","modified_gmt":"2022-08-02T11:11:45","slug":"el-plantel-para-el-segundo-semestre","status":"publish","type":"post","link":"https:\/\/www.padreydecano.com\/cms\/columnas\/el-plantel-para-el-segundo-semestre\/","title":{"rendered":"El plantel para el segundo semestre"},"content":{"rendered":"<p><img loading=\"lazy\" decoding=\"async\" class=\"aligncenter wp-image-78889 size-full\" src=\"https:\/\/www.padreydecano.com\/cms\/wp-content\/uploads\/2022\/07\/Bruno-Tasende-0042-scaled.jpg\" alt=\"\" width=\"2560\" height=\"1706\" srcset=\"https:\/\/www.padreydecano.com\/cms\/wp-content\/uploads\/2022\/07\/Bruno-Tasende-0042-scaled.jpg 2560w, https:\/\/www.padreydecano.com\/cms\/wp-content\/uploads\/2022\/07\/Bruno-Tasende-0042-600x400.jpg 600w, https:\/\/www.padreydecano.com\/cms\/wp-content\/uploads\/2022\/07\/Bruno-Tasende-0042-1024x683.jpg 1024w, https:\/\/www.padreydecano.com\/cms\/wp-content\/uploads\/2022\/07\/Bruno-Tasende-0042-768x512.jpg 768w, https:\/\/www.padreydecano.com\/cms\/wp-content\/uploads\/2022\/07\/Bruno-Tasende-0042-1536x1024.jpg 1536w, https:\/\/www.padreydecano.com\/cms\/wp-content\/uploads\/2022\/07\/Bruno-Tasende-0042-2048x1365.jpg 2048w, https:\/\/www.padreydecano.com\/cms\/wp-content\/uploads\/2022\/07\/Bruno-Tasende-0042-300x200.jpg 300w, https:\/\/www.padreydecano.com\/cms\/wp-content\/uploads\/2022\/07\/Bruno-Tasende-0042-128x85.jpg 128w, https:\/\/www.padreydecano.com\/cms\/wp-content\/uploads\/2022\/07\/Bruno-Tasende-0042-32x21.jpg 32w\" sizes=\"(max-width: 2560px) 100vw, 2560px\" \/><\/p>\n<p><strong>Con todo el Torneo Clausura y la Copa Uruguay por jugar, haremos un repaso de las bajas con respecto al primer semestre y las altas para encarar la segunda parte del a\u00f1o.\u00a0<\/strong><\/p>\n<p><span style=\"color: #ffcc02;\"><strong>Bajas<\/strong><\/span><\/p>\n<p><span style=\"font-weight: 400;\">Agust\u00edn Canobbio<\/span><\/p>\n<p><span style=\"font-weight: 400;\">Agust\u00edn \u00c1lvarez Mart\u00ednez<\/span><\/p>\n<p><span style=\"font-weight: 400;\">Pablo Ceppelini<\/span><\/p>\n<p><span style=\"font-weight: 400;\">Federico Carrizo<\/span><\/p>\n<p><span style=\"font-weight: 400;\">Alejo Cruz<\/span><\/p>\n<p><span style=\"font-weight: 400;\">Dami\u00e1n Musto<\/span><\/p>\n<p><span style=\"font-weight: 400;\">Edgar Elizalde<\/span><\/p>\n<p><span style=\"font-weight: 400;\">Bryan Olivera<\/span><\/p>\n<p><span style=\"font-weight: 400;\">Cristian Olivera<\/span><\/p>\n<p><span style=\"font-weight: 400;\">Nicol\u00e1s Schiapacasse<\/span><\/p>\n<p><span style=\"color: #ffcc02;\"><strong>Altas<\/strong><\/span><\/p>\n<p><span style=\"font-weight: 400;\">Brian Lozano<\/span><\/p>\n<p><span style=\"font-weight: 400;\">Yonatthan Rak<\/span><\/p>\n<p><span style=\"font-weight: 400;\">Pedro Milans<\/span><\/p>\n<p><span style=\"font-weight: 400;\">Sebasti\u00e1n Crist\u00f3foro<\/span><\/p>\n<p><span style=\"font-weight: 400;\">Billy Arce<\/span><\/p>\n<p><span style=\"font-weight: 400;\">Kevin M\u00e9ndez<\/span><\/p>\n<p><span style=\"font-weight: 400;\">Hern\u00e1n Rivero<\/span><\/p>\n<p><span style=\"font-weight: 400;\">Nicol\u00e1s Milesi<\/span><\/p>\n<p><strong>Pasando en limpio, el plantel que qued\u00f3 para el segundo semestre:<\/strong><\/p>\n<p><strong><span style=\"color: #ffcc02;\">Goleros<\/span><\/strong><\/p>\n<p><span style=\"font-weight: 400;\">Kevin Dawson<\/span><\/p>\n<p><span style=\"font-weight: 400;\">Neto Volpi*<\/span><\/p>\n<p><span style=\"font-weight: 400;\">Thiago Cardozo<\/span><\/p>\n<p><span style=\"font-weight: 400;\">Randall Rodr\u00edguez<\/span><\/p>\n<p><span style=\"color: #ffcc02;\"><strong>Laterales derechos<\/strong><\/span><\/p>\n<p><span style=\"font-weight: 400;\">Mat\u00edas Aguirregaray<\/span><\/p>\n<p><span style=\"font-weight: 400;\">Ezequiel Busquets*<\/span><\/p>\n<p><span style=\"font-weight: 400;\">Pedro Milans<\/span><\/p>\n<p><span style=\"font-weight: 400;\">Luciano Fern\u00e1ndez<\/span><\/p>\n<p><span style=\"color: #ffcc02;\"><strong>Zagueros<\/strong><\/span><\/p>\n<p><span style=\"font-weight: 400;\">Ram\u00f3n Arias<\/span><\/p>\n<p><span style=\"font-weight: 400;\">Hern\u00e1n Menosse<\/span><\/p>\n<p><span style=\"font-weight: 400;\">Yonatthan Rak<\/span><\/p>\n<p><span style=\"font-weight: 400;\">Agust\u00edn Da Silveira<\/span><\/p>\n<p><span style=\"font-weight: 400;\">Mat\u00edas Gonz\u00e1lez<\/span><\/p>\n<p><span style=\"font-weight: 400;\">Pablo L\u00f3pez<\/span><\/p>\n<p><span style=\"color: #ffcc02;\"><strong>Laterales izquierdos<\/strong><\/span><\/p>\n<p><span style=\"font-weight: 400;\">Juan Ramos<\/span><\/p>\n<p><span style=\"font-weight: 400;\">Jairo O\u2019Neill*<\/span><\/p>\n<p><span style=\"font-weight: 400;\">Facundo Bonifazi<\/span><\/p>\n<p><span style=\"font-weight: 400;\">Valent\u00edn Rodr\u00edguez<\/span><\/p>\n<p><span style=\"color: #ffcc02;\"><strong>Volantes centrales<\/strong><\/span><\/p>\n<p><span style=\"font-weight: 400;\">Walter Gargano<\/span><\/p>\n<p><span style=\"font-weight: 400;\">Sebasti\u00e1n Crist\u00f3foro<\/span><\/p>\n<p><span style=\"font-weight: 400;\">Nicol\u00e1s Milesi<\/span><\/p>\n<p><span style=\"font-weight: 400;\">Rodrigo Saravia<\/span><\/p>\n<p><span style=\"font-weight: 400;\">Agust\u00edn \u00c1lvarez Wallace<\/span><\/p>\n<p><span style=\"color: #ffcc02;\"><strong>Volantes ofensivos<\/strong><\/span><\/p>\n<p><span style=\"font-weight: 400;\">Kevin M\u00e9ndez<\/span><\/p>\n<p><span style=\"font-weight: 400;\">Brian Lozano<\/span><\/p>\n<p><span style=\"color: #ffcc02;\"><strong>Extremos<\/strong><\/span><\/p>\n<p><span style=\"font-weight: 400;\">Billy Arce<\/span><\/p>\n<p><span style=\"font-weight: 400;\">M\u00e1ximo Alonso<\/span><\/p>\n<p><span style=\"font-weight: 400;\">Nicol\u00e1s Rossi<\/span><\/p>\n<p><span style=\"font-weight: 400;\">Ignacio Laquintana<\/span><\/p>\n<p><span style=\"font-weight: 400;\">Brian Mansilla<\/span><\/p>\n<p><span style=\"font-weight: 400; color: #ffcc02;\">Delanteros\u00a0<\/span><\/p>\n<p><span style=\"font-weight: 400;\">Rub\u00e9n Bentancourt<\/span><\/p>\n<p><span style=\"font-weight: 400;\">Hern\u00e1n Rivero<\/span><\/p>\n<p><span style=\"font-weight: 400;\">Lucas Viatri<\/span><\/p>\n<p><span style=\"font-weight: 400;\">Sergio Nu\u00f1ez<\/span><\/p>\n<p><span style=\"font-weight: 400;\">\u00d3scar Cruz<\/span><\/p>\n<p><span style=\"font-weight: 400;\">Los futbolistas con * no est\u00e1 claro si continuar\u00e1n en el club durante el Torneo Clausura y la Copa Uruguay.<\/span><\/p>\n<p><span style=\"font-weight: 400;\">Si analizamos las bajas que sufri\u00f3 el plantel, tal vez la m\u00e1s sensible sea la de Pablo Ceppelini. Es un futbolista clave a los ojos del entrenador, dado que lo considera su organizador de juego, adem\u00e1s de dar una mano en la marca. Al comienzo de este semestre convirti\u00f3 goles y por momentos fue de lo m\u00e1s destacado del equipo. En el caso de Agust\u00edn \u00c1lvarez Mart\u00ednez, si bien fue una baja considerable, en su \u00faltimo semestre en el Club no pudo repetir su rendimiento de 2021. Luego en los casos de Elizalde y Musto, si bien eran relevantes para el DT, no eran titulares completamente indiscutidos.\u00a0<\/span><\/p>\n<p><strong>Ahora, \u00bfqu\u00e9 pueden aportar las nuevas caras que llegaron?<\/strong><\/p>\n<p><strong><span style=\"color: #ffcc02;\">Yonatthan Rak\u00a0<\/span><\/strong><\/p>\n<p><span style=\"font-weight: 400;\">Es una de las llegadas con menos ruido pero quiz\u00e1 de las m\u00e1s interesantes. Es un zaguero que aporta altura en las dos \u00e1reas con sus 1,92 metros de altura. Adem\u00e1s tiene un muy buen manejo de pelota. Es un jugador que fue solicitado por Larriera en varios per\u00edodos de pases y que a diferencia de Elizalde, que era m\u00e1s pensado como un primer suplente, Rak viene a pelear la titularidad.<\/span><\/p>\n<p><span style=\"color: #ffcc02;\"><strong>Pedro Milans<\/strong><\/span><\/p>\n<p><span style=\"font-weight: 400;\">El jugador de 20 a\u00f1os es una apuesta que hace el Club. Probablemente no es el jugador que el hincha imaginaba que iba a llegar para pelearle el puesto al Vasco. No queda claro si se integrar\u00e1 directamente al primer equipo o si en primera instancia jugar\u00e1 en Tercera Divisi\u00f3n. En principio, es un jugador con interesantes condiciones y que es considerado por la selecciones juveniles.\u00a0<\/span><\/p>\n<p><span style=\"color: #ffcc02;\"><strong>Nicol\u00e1s Milesi<\/strong><\/span><\/p>\n<p><span style=\"font-weight: 400;\">Llega a una posici\u00f3n en la cancha donde Larriera no logr\u00f3 en todo el semestre encontrar un titular indiscutido. Es un jugador con din\u00e1mica, marca y buen trato de pelota. Si bien su curr\u00edculum no tiene equipos pesados, en todos los lugares donde estuvo rindi\u00f3 y tuvo un buen desempe\u00f1o. Puede aportar en distintos puestos del mediocampo.<\/span><\/p>\n<p><span style=\"color: #ffcc02;\"><strong>Sebasti\u00e1n Crist\u00f3foro<\/strong><\/span><\/p>\n<p><span style=\"font-weight: 400;\">Si f\u00edsicamente est\u00e1 bien, es una alta de nivel para el equipo de Larriera. Es un jugador con un gran recorrido en Europa. Cuando estuvo sano, supo jugar en clubes interesantes, pero sus constantes lesiones le perjudicaron su continuidad. Es un volante central m\u00e1s tirado a la marca, pero con buen manejo de pelota. En condiciones, es titular. Formado en el Club y ya supo ser campe\u00f3n con Pe\u00f1arol. Quienes lo vieron entrenar desde que lleg\u00f3 hablan de que est\u00e1 en un gran nivel.<\/span><\/p>\n<p><span style=\"color: #ffcc02;\"><strong>Kevin M\u00e9ndez<\/strong><\/span><\/p>\n<p><span style=\"font-weight: 400;\">Jugador formado en Pe\u00f1arol. Durante mucho tiempo se habl\u00f3 de su vuelta pero ahora se concret\u00f3. Por sus caracter\u00edsticas, le puede dar a Pe\u00f1arol lo que le falt\u00f3 en todo el semestre. Tiene buena pegada de media distancia, habilidad y velocidad. Puede jugar como extremo o media punta. \u00c9l afirma sentirse m\u00e1s c\u00f3modo jugando como \u201cenganche\u201d pero puede jugar tirado hacia los extremos. Tal vez, por caracter\u00edsticas, pueda ser ese jugador que acompa\u00f1e al 9, dado que Ceppelini siempre terminaba m\u00e1s retrasado en la cancha.<\/span><\/p>\n<p><span style=\"color: #ffcc02;\"><strong>Brian Lozano<\/strong><\/span><\/p>\n<p><span style=\"font-weight: 400;\">Se puede afirmar que es la incorporaci\u00f3n top de este per\u00edodo de pases. Jugador de selecci\u00f3n. Puede jugar de enganche o pegado a la izquierda. Otro que si est\u00e1 bien, har\u00e1 diferencias en una posici\u00f3n clave para el entrenador. La pelota quieta es su fuerte y su sello. Encare, habilidad, goles y asistencias aseguradas. Es el desequilibrante que le faltaba al plantel.<\/span><\/p>\n<p><span style=\"color: #ffcc02;\"><strong>Billy Arce<\/strong><\/span><\/p>\n<p><span style=\"font-weight: 400;\">De los que llegaron, fue el que gener\u00f3 m\u00e1s sorpresas. Es un jugador con mucha velocidad que puede jugar por izquierda y por derecha. Su rendimiento es una inc\u00f3gnita. Por caracter\u00edsticas, el ecuatoriano puede marcar diferencias, pero sus problemas extra futbol\u00edsticos en sus anteriores clubes, hace que no sepamos a ciencia cierta si ser\u00e1 un aporte o un problema.\u00a0<\/span><\/p>\n<p><span style=\"color: #ffcc02;\"><strong>Hern\u00e1n Rivero<\/strong><\/span><\/p>\n<p><span style=\"font-weight: 400;\">En Wanderers viene de convertir 21 goles y dar 7 asistencias en 71 partidos. Perdi\u00f3 su puesto con Mauro M\u00e9ndez. Es un delantero potente de buenas condiciones f\u00edsicas, mide 1,92 metros. Sin dudas, Pe\u00f1arol gana mucho a la hora de jugar por la v\u00eda a\u00e9rea. Su estad\u00edstica goleadora es correcta, pero tal vez no es ese goleador que estaba esperando el hincha para suplir al Canario.\u00a0<\/span><\/p>\n<p><span style=\"font-weight: 400;\">Este es el plantel hoy para encarar el segundo semestre. Todav\u00eda se pueden seguir incorporando jugadores libres y se pueden ir jugadores, dado que el per\u00edodo de pases en Europa por ejemplo, sigue abierto.\u00a0<\/span><\/p>\n<p><span style=\"font-weight: 400;\">Si fue un buen per\u00edodo de pases, eso lo dir\u00e1 el tiempo. En principio, en algunas posiciones se incorporaron jugadores de calidad. Tal vez en otras, donde se vieron m\u00e1s falencias como en los laterales o en una delantera que le falt\u00f3 much\u00edsimo gol, quiz\u00e1 hubiese sido interesante un esfuerzo mayor.\u00a0\u00a0<\/span><\/p>\n<div class=\"user-wrapper\"><a class=\"userlink\" href=\"https:\/\/www.linkedin.com\/in\/marcos-arlotto\/\" target=\"_blank\"><figure><img decoding=\"async\" src=\"http:\/\/www.padreydecano.com\/cms\/wp-users-files\/postfirmas\/marcosarlotto.jpg\" \/><\/figure><p class=\"user\"><strong>Marcos Arlotto<\/strong><br \/><\/p><\/a><\/div>\n","protected":false},"excerpt":{"rendered":"<p>Con todo el Torneo Clausura y la Copa Uruguay por jugar, haremos un repaso de las bajas con respecto al primer semestre y las altas para encarar la segunda parte del a\u00f1o.\u00a0 Bajas Agust\u00edn Canobbio Agust\u00edn \u00c1lvarez Mart\u00ednez Pablo Ceppelini Federico Carrizo Alejo Cruz Dami\u00e1n Musto Edgar Elizalde Bryan Olivera Cristian Olivera Nicol\u00e1s Schiapacasse Altas [&hellip;]<\/p>\n","protected":false},"author":30,"featured_media":78889,"comment_status":"open","ping_status":"closed","sticky":false,"template":"","format":"standard","meta":{"footnotes":""},"categories":[28],"tags":[557],"yoast_head":"<!-- This site is optimized with the Yoast SEO plugin v23.2 - https:\/\/yoast.com\/wordpress\/plugins\/seo\/ -->\n<title>El plantel para el segundo semestre - Padre y Decano - El Sitio del Pueblo<\/title>\n<meta name=\"robots\" content=\"index, follow, max-snippet:-1, max-image-preview:large, max-video-preview:-1\" \/>\n<link rel=\"canonical\" href=\"https:\/\/www.padreydecano.com\/cms\/columnas\/el-plantel-para-el-segundo-semestre\/\" \/>\n<meta property=\"og:locale\" content=\"es_ES\" \/>\n<meta property=\"og:type\" content=\"article\" \/>\n<meta property=\"og:title\" content=\"El plantel para el segundo semestre - Padre y Decano - El Sitio del Pueblo\" \/>\n<meta property=\"og:description\" content=\"Con todo el Torneo Clausura y la Copa Uruguay por jugar, haremos un repaso de las bajas con respecto al primer semestre y las altas para encarar la segunda parte del a\u00f1o.\u00a0 Bajas Agust\u00edn Canobbio Agust\u00edn \u00c1lvarez Mart\u00ednez Pablo Ceppelini Federico Carrizo Alejo Cruz Dami\u00e1n Musto Edgar Elizalde Bryan Olivera Cristian Olivera Nicol\u00e1s Schiapacasse Altas [&hellip;]\" \/>\n<meta property=\"og:url\" content=\"https:\/\/www.padreydecano.com\/cms\/columnas\/el-plantel-para-el-segundo-semestre\/\" \/>\n<meta property=\"og:site_name\" content=\"Padre y Decano - El Sitio del Pueblo\" \/>\n<meta property=\"article:published_time\" content=\"2022-07-29T16:06:42+00:00\" \/>\n<meta property=\"article:modified_time\" content=\"2022-08-02T11:11:45+00:00\" \/>\n<meta property=\"og:image\" content=\"https:\/\/www.padreydecano.com\/cms\/wp-content\/uploads\/2022\/07\/Bruno-Tasende-0042-scaled.jpg\" \/>\n\t<meta property=\"og:image:width\" content=\"2560\" \/>\n\t<meta property=\"og:image:height\" content=\"1706\" \/>\n\t<meta property=\"og:image:type\" content=\"image\/jpeg\" \/>\n<meta name=\"author\" content=\"Udelar\" \/>\n<meta name=\"twitter:card\" content=\"summary_large_image\" \/>\n<meta name=\"twitter:label1\" content=\"Escrito por\" \/>\n\t<meta name=\"twitter:data1\" content=\"Udelar\" \/>\n\t<meta name=\"twitter:label2\" content=\"Tiempo de lectura\" \/>\n\t<meta name=\"twitter:data2\" content=\"5 minutos\" \/>\n<script type=\"application\/ld+json\" class=\"yoast-schema-graph\">{\"@context\":\"https:\/\/schema.org\",\"@graph\":[{\"@type\":\"Article\",\"@id\":\"https:\/\/www.padreydecano.com\/cms\/columnas\/el-plantel-para-el-segundo-semestre\/#article\",\"isPartOf\":{\"@id\":\"https:\/\/www.padreydecano.com\/cms\/columnas\/el-plantel-para-el-segundo-semestre\/\"},\"author\":{\"name\":\"Udelar\",\"@id\":\"https:\/\/www.padreydecano.com\/cms\/#\/schema\/person\/b22191326be6d1c7fa55c2ad137a9a32\"},\"headline\":\"El plantel para el segundo semestre\",\"datePublished\":\"2022-07-29T16:06:42+00:00\",\"dateModified\":\"2022-08-02T11:11:45+00:00\",\"mainEntityOfPage\":{\"@id\":\"https:\/\/www.padreydecano.com\/cms\/columnas\/el-plantel-para-el-segundo-semestre\/\"},\"wordCount\":1036,\"commentCount\":51,\"publisher\":{\"@id\":\"https:\/\/www.padreydecano.com\/cms\/#organization\"},\"image\":{\"@id\":\"https:\/\/www.padreydecano.com\/cms\/columnas\/el-plantel-para-el-segundo-semestre\/#primaryimage\"},\"thumbnailUrl\":\"https:\/\/www.padreydecano.com\/cms\/wp-content\/uploads\/2022\/07\/Bruno-Tasende-0042-scaled.jpg\",\"keywords\":[\"Campeonato Uruguayo 2022\"],\"articleSection\":[\"Columnas\"],\"inLanguage\":\"es\",\"potentialAction\":[{\"@type\":\"CommentAction\",\"name\":\"Comment\",\"target\":[\"https:\/\/www.padreydecano.com\/cms\/columnas\/el-plantel-para-el-segundo-semestre\/#respond\"]}]},{\"@type\":\"WebPage\",\"@id\":\"https:\/\/www.padreydecano.com\/cms\/columnas\/el-plantel-para-el-segundo-semestre\/\",\"url\":\"https:\/\/www.padreydecano.com\/cms\/columnas\/el-plantel-para-el-segundo-semestre\/\",\"name\":\"El plantel para el segundo semestre - Padre y Decano - El Sitio del Pueblo\",\"isPartOf\":{\"@id\":\"https:\/\/www.padreydecano.com\/cms\/#website\"},\"primaryImageOfPage\":{\"@id\":\"https:\/\/www.padreydecano.com\/cms\/columnas\/el-plantel-para-el-segundo-semestre\/#primaryimage\"},\"image\":{\"@id\":\"https:\/\/www.padreydecano.com\/cms\/columnas\/el-plantel-para-el-segundo-semestre\/#primaryimage\"},\"thumbnailUrl\":\"https:\/\/www.padreydecano.com\/cms\/wp-content\/uploads\/2022\/07\/Bruno-Tasende-0042-scaled.jpg\",\"datePublished\":\"2022-07-29T16:06:42+00:00\",\"dateModified\":\"2022-08-02T11:11:45+00:00\",\"breadcrumb\":{\"@id\":\"https:\/\/www.padreydecano.com\/cms\/columnas\/el-plantel-para-el-segundo-semestre\/#breadcrumb\"},\"inLanguage\":\"es\",\"potentialAction\":[{\"@type\":\"ReadAction\",\"target\":[\"https:\/\/www.padreydecano.com\/cms\/columnas\/el-plantel-para-el-segundo-semestre\/\"]}]},{\"@type\":\"ImageObject\",\"inLanguage\":\"es\",\"@id\":\"https:\/\/www.padreydecano.com\/cms\/columnas\/el-plantel-para-el-segundo-semestre\/#primaryimage\",\"url\":\"https:\/\/www.padreydecano.com\/cms\/wp-content\/uploads\/2022\/07\/Bruno-Tasende-0042-scaled.jpg\",\"contentUrl\":\"https:\/\/www.padreydecano.com\/cms\/wp-content\/uploads\/2022\/07\/Bruno-Tasende-0042-scaled.jpg\",\"width\":2560,\"height\":1706},{\"@type\":\"BreadcrumbList\",\"@id\":\"https:\/\/www.padreydecano.com\/cms\/columnas\/el-plantel-para-el-segundo-semestre\/#breadcrumb\",\"itemListElement\":[{\"@type\":\"ListItem\",\"position\":1,\"name\":\"Portada\",\"item\":\"https:\/\/www.padreydecano.com\/cms\/\"},{\"@type\":\"ListItem\",\"position\":2,\"name\":\"El plantel para el segundo semestre\"}]},{\"@type\":\"WebSite\",\"@id\":\"https:\/\/www.padreydecano.com\/cms\/#website\",\"url\":\"https:\/\/www.padreydecano.com\/cms\/\",\"name\":\"Padre y Decano - El Sitio del Pueblo\",\"description\":\"Club Atl\u00e9tico Pe\u00f1arol\",\"publisher\":{\"@id\":\"https:\/\/www.padreydecano.com\/cms\/#organization\"},\"potentialAction\":[{\"@type\":\"SearchAction\",\"target\":{\"@type\":\"EntryPoint\",\"urlTemplate\":\"https:\/\/www.padreydecano.com\/cms\/?s={search_term_string}\"},\"query-input\":\"required name=search_term_string\"}],\"inLanguage\":\"es\"},{\"@type\":\"Organization\",\"@id\":\"https:\/\/www.padreydecano.com\/cms\/#organization\",\"name\":\"Padre y Decano\",\"url\":\"https:\/\/www.padreydecano.com\/cms\/\",\"logo\":{\"@type\":\"ImageObject\",\"inLanguage\":\"es\",\"@id\":\"https:\/\/www.padreydecano.com\/cms\/#\/schema\/logo\/image\/\",\"url\":\"https:\/\/www.padreydecano.com\/cms\/wp-content\/uploads\/2022\/01\/avatar-square.png\",\"contentUrl\":\"https:\/\/www.padreydecano.com\/cms\/wp-content\/uploads\/2022\/01\/avatar-square.png\",\"width\":1500,\"height\":1500,\"caption\":\"Padre y Decano\"},\"image\":{\"@id\":\"https:\/\/www.padreydecano.com\/cms\/#\/schema\/logo\/image\/\"}},{\"@type\":\"Person\",\"@id\":\"https:\/\/www.padreydecano.com\/cms\/#\/schema\/person\/b22191326be6d1c7fa55c2ad137a9a32\",\"name\":\"Udelar\",\"image\":{\"@type\":\"ImageObject\",\"inLanguage\":\"es\",\"@id\":\"https:\/\/www.padreydecano.com\/cms\/#\/schema\/person\/image\/\",\"url\":\"https:\/\/secure.gravatar.com\/avatar\/611ece663b16897a2cd2f46982281225?s=96&d=https%3A%2F%2Fpadreydecano.com%2Fcms%2Fwp-content%2Fthemes%2Fpyd-theme%2Fimg%2Fdefault-avatar.png&r=g\",\"contentUrl\":\"https:\/\/secure.gravatar.com\/avatar\/611ece663b16897a2cd2f46982281225?s=96&d=https%3A%2F%2Fpadreydecano.com%2Fcms%2Fwp-content%2Fthemes%2Fpyd-theme%2Fimg%2Fdefault-avatar.png&r=g\",\"caption\":\"Udelar\"}}]}<\/script>\n<!-- \/ Yoast SEO plugin. -->","yoast_head_json":{"title":"El plantel para el segundo semestre - Padre y Decano - El Sitio del Pueblo","robots":{"index":"index","follow":"follow","max-snippet":"max-snippet:-1","max-image-preview":"max-image-preview:large","max-video-preview":"max-video-preview:-1"},"canonical":"https:\/\/www.padreydecano.com\/cms\/columnas\/el-plantel-para-el-segundo-semestre\/","og_locale":"es_ES","og_type":"article","og_title":"El plantel para el segundo semestre - Padre y Decano - El Sitio del Pueblo","og_description":"Con todo el Torneo Clausura y la Copa Uruguay por jugar, haremos un repaso de las bajas con respecto al primer semestre y las altas para encarar la segunda parte del a\u00f1o.\u00a0 Bajas Agust\u00edn Canobbio Agust\u00edn \u00c1lvarez Mart\u00ednez Pablo Ceppelini Federico Carrizo Alejo Cruz Dami\u00e1n Musto Edgar Elizalde Bryan Olivera Cristian Olivera Nicol\u00e1s Schiapacasse Altas [&hellip;]","og_url":"https:\/\/www.padreydecano.com\/cms\/columnas\/el-plantel-para-el-segundo-semestre\/","og_site_name":"Padre y Decano - El Sitio del Pueblo","article_published_time":"2022-07-29T16:06:42+00:00","article_modified_time":"2022-08-02T11:11:45+00:00","og_image":[{"width":2560,"height":1706,"url":"https:\/\/www.padreydecano.com\/cms\/wp-content\/uploads\/2022\/07\/Bruno-Tasende-0042-scaled.jpg","type":"image\/jpeg"}],"author":"Udelar","twitter_card":"summary_large_image","twitter_misc":{"Escrito por":"Udelar","Tiempo de lectura":"5 minutos"},"schema":{"@context":"https:\/\/schema.org","@graph":[{"@type":"Article","@id":"https:\/\/www.padreydecano.com\/cms\/columnas\/el-plantel-para-el-segundo-semestre\/#article","isPartOf":{"@id":"https:\/\/www.padreydecano.com\/cms\/columnas\/el-plantel-para-el-segundo-semestre\/"},"author":{"name":"Udelar","@id":"https:\/\/www.padreydecano.com\/cms\/#\/schema\/person\/b22191326be6d1c7fa55c2ad137a9a32"},"headline":"El plantel para el segundo semestre","datePublished":"2022-07-29T16:06:42+00:00","dateModified":"2022-08-02T11:11:45+00:00","mainEntityOfPage":{"@id":"https:\/\/www.padreydecano.com\/cms\/columnas\/el-plantel-para-el-segundo-semestre\/"},"wordCount":1036,"commentCount":51,"publisher":{"@id":"https:\/\/www.padreydecano.com\/cms\/#organization"},"image":{"@id":"https:\/\/www.padreydecano.com\/cms\/columnas\/el-plantel-para-el-segundo-semestre\/#primaryimage"},"thumbnailUrl":"https:\/\/www.padreydecano.com\/cms\/wp-content\/uploads\/2022\/07\/Bruno-Tasende-0042-scaled.jpg","keywords":["Campeonato Uruguayo 2022"],"articleSection":["Columnas"],"inLanguage":"es","potentialAction":[{"@type":"CommentAction","name":"Comment","target":["https:\/\/www.padreydecano.com\/cms\/columnas\/el-plantel-para-el-segundo-semestre\/#respond"]}]},{"@type":"WebPage","@id":"https:\/\/www.padreydecano.com\/cms\/columnas\/el-plantel-para-el-segundo-semestre\/","url":"https:\/\/www.padreydecano.com\/cms\/columnas\/el-plantel-para-el-segundo-semestre\/","name":"El plantel para el segundo semestre - Padre y Decano - El Sitio del Pueblo","isPartOf":{"@id":"https:\/\/www.padreydecano.com\/cms\/#website"},"primaryImageOfPage":{"@id":"https:\/\/www.padreydecano.com\/cms\/columnas\/el-plantel-para-el-segundo-semestre\/#primaryimage"},"image":{"@id":"https:\/\/www.padreydecano.com\/cms\/columnas\/el-plantel-para-el-segundo-semestre\/#primaryimage"},"thumbnailUrl":"https:\/\/www.padreydecano.com\/cms\/wp-content\/uploads\/2022\/07\/Bruno-Tasende-0042-scaled.jpg","datePublished":"2022-07-29T16:06:42+00:00","dateModified":"2022-08-02T11:11:45+00:00","breadcrumb":{"@id":"https:\/\/www.padreydecano.com\/cms\/columnas\/el-plantel-para-el-segundo-semestre\/#breadcrumb"},"inLanguage":"es","potentialAction":[{"@type":"ReadAction","target":["https:\/\/www.padreydecano.com\/cms\/columnas\/el-plantel-para-el-segundo-semestre\/"]}]},{"@type":"ImageObject","inLanguage":"es","@id":"https:\/\/www.padreydecano.com\/cms\/columnas\/el-plantel-para-el-segundo-semestre\/#primaryimage","url":"https:\/\/www.padreydecano.com\/cms\/wp-content\/uploads\/2022\/07\/Bruno-Tasende-0042-scaled.jpg","contentUrl":"https:\/\/www.padreydecano.com\/cms\/wp-content\/uploads\/2022\/07\/Bruno-Tasende-0042-scaled.jpg","width":2560,"height":1706},{"@type":"BreadcrumbList","@id":"https:\/\/www.padreydecano.com\/cms\/columnas\/el-plantel-para-el-segundo-semestre\/#breadcrumb","itemListElement":[{"@type":"ListItem","position":1,"name":"Portada","item":"https:\/\/www.padreydecano.com\/cms\/"},{"@type":"ListItem","position":2,"name":"El plantel para el segundo semestre"}]},{"@type":"WebSite","@id":"https:\/\/www.padreydecano.com\/cms\/#website","url":"https:\/\/www.padreydecano.com\/cms\/","name":"Padre y Decano - El Sitio del Pueblo","description":"Club Atl\u00e9tico Pe\u00f1arol","publisher":{"@id":"https:\/\/www.padreydecano.com\/cms\/#organization"},"potentialAction":[{"@type":"SearchAction","target":{"@type":"EntryPoint","urlTemplate":"https:\/\/www.padreydecano.com\/cms\/?s={search_term_string}"},"query-input":"required name=search_term_string"}],"inLanguage":"es"},{"@type":"Organization","@id":"https:\/\/www.padreydecano.com\/cms\/#organization","name":"Padre y Decano","url":"https:\/\/www.padreydecano.com\/cms\/","logo":{"@type":"ImageObject","inLanguage":"es","@id":"https:\/\/www.padreydecano.com\/cms\/#\/schema\/logo\/image\/","url":"https:\/\/www.padreydecano.com\/cms\/wp-content\/uploads\/2022\/01\/avatar-square.png","contentUrl":"https:\/\/www.padreydecano.com\/cms\/wp-content\/uploads\/2022\/01\/avatar-square.png","width":1500,"height":1500,"caption":"Padre y Decano"},"image":{"@id":"https:\/\/www.padreydecano.com\/cms\/#\/schema\/logo\/image\/"}},{"@type":"Person","@id":"https:\/\/www.padreydecano.com\/cms\/#\/schema\/person\/b22191326be6d1c7fa55c2ad137a9a32","name":"Udelar","image":{"@type":"ImageObject","inLanguage":"es","@id":"https:\/\/www.padreydecano.com\/cms\/#\/schema\/person\/image\/","url":"https:\/\/secure.gravatar.com\/avatar\/611ece663b16897a2cd2f46982281225?s=96&d=https%3A%2F%2Fpadreydecano.com%2Fcms%2Fwp-content%2Fthemes%2Fpyd-theme%2Fimg%2Fdefault-avatar.png&r=g","contentUrl":"https:\/\/secure.gravatar.com\/avatar\/611ece663b16897a2cd2f46982281225?s=96&d=https%3A%2F%2Fpadreydecano.com%2Fcms%2Fwp-content%2Fthemes%2Fpyd-theme%2Fimg%2Fdefault-avatar.png&r=g","caption":"Udelar"}}]}},"_links":{"self":[{"href":"https:\/\/www.padreydecano.com\/cms\/wp-json\/wp\/v2\/posts\/78888"}],"collection":[{"href":"https:\/\/www.padreydecano.com\/cms\/wp-json\/wp\/v2\/posts"}],"about":[{"href":"https:\/\/www.padreydecano.com\/cms\/wp-json\/wp\/v2\/types\/post"}],"author":[{"embeddable":true,"href":"https:\/\/www.padreydecano.com\/cms\/wp-json\/wp\/v2\/users\/30"}],"replies":[{"embeddable":true,"href":"https:\/\/www.padreydecano.com\/cms\/wp-json\/wp\/v2\/comments?post=78888"}],"version-history":[{"count":0,"href":"https:\/\/www.padreydecano.com\/cms\/wp-json\/wp\/v2\/posts\/78888\/revisions"}],"wp:featuredmedia":[{"embeddable":true,"href":"https:\/\/www.padreydecano.com\/cms\/wp-json\/wp\/v2\/media\/78889"}],"wp:attachment":[{"href":"https:\/\/www.padreydecano.com\/cms\/wp-json\/wp\/v2\/media?parent=78888"}],"wp:term":[{"taxonomy":"category","embeddable":true,"href":"https:\/\/www.padreydecano.com\/cms\/wp-json\/wp\/v2\/categories?post=78888"},{"taxonomy":"post_tag","embeddable":true,"href":"https:\/\/www.padreydecano.com\/cms\/wp-json\/wp\/v2\/tags?post=78888"}],"curies":[{"name":"wp","href":"https:\/\/api.w.org\/{rel}","templated":true}]}}