{"id":78884,"date":"2022-07-28T13:31:28","date_gmt":"2022-07-28T16:31:28","guid":{"rendered":"http:\/\/www.padreydecano.com\/cms\/?p=78884"},"modified":"2022-08-02T08:11:12","modified_gmt":"2022-08-02T11:11:12","slug":"puntajes-primer-semestre-2022","status":"publish","type":"post","link":"https:\/\/www.padreydecano.com\/cms\/columnas\/puntajes-primer-semestre-2022\/","title":{"rendered":"Puntajes (Primer semestre 2022)"},"content":{"rendered":"<p><img loading=\"lazy\" decoding=\"async\" class=\"aligncenter wp-image-78885 size-full\" src=\"https:\/\/www.padreydecano.com\/cms\/wp-content\/uploads\/2022\/07\/8DCCC037-DFDD-4131-B02B-B03CBE28D9B6.jpeg\" alt=\"\" width=\"2048\" height=\"1366\" srcset=\"https:\/\/www.padreydecano.com\/cms\/wp-content\/uploads\/2022\/07\/8DCCC037-DFDD-4131-B02B-B03CBE28D9B6.jpeg 2048w, https:\/\/www.padreydecano.com\/cms\/wp-content\/uploads\/2022\/07\/8DCCC037-DFDD-4131-B02B-B03CBE28D9B6-600x400.jpeg 600w, https:\/\/www.padreydecano.com\/cms\/wp-content\/uploads\/2022\/07\/8DCCC037-DFDD-4131-B02B-B03CBE28D9B6-1024x683.jpeg 1024w, https:\/\/www.padreydecano.com\/cms\/wp-content\/uploads\/2022\/07\/8DCCC037-DFDD-4131-B02B-B03CBE28D9B6-768x512.jpeg 768w, https:\/\/www.padreydecano.com\/cms\/wp-content\/uploads\/2022\/07\/8DCCC037-DFDD-4131-B02B-B03CBE28D9B6-1536x1025.jpeg 1536w, https:\/\/www.padreydecano.com\/cms\/wp-content\/uploads\/2022\/07\/8DCCC037-DFDD-4131-B02B-B03CBE28D9B6-300x200.jpeg 300w, https:\/\/www.padreydecano.com\/cms\/wp-content\/uploads\/2022\/07\/8DCCC037-DFDD-4131-B02B-B03CBE28D9B6-128x85.jpeg 128w, https:\/\/www.padreydecano.com\/cms\/wp-content\/uploads\/2022\/07\/8DCCC037-DFDD-4131-B02B-B03CBE28D9B6-32x21.jpeg 32w\" sizes=\"(max-width: 2048px) 100vw, 2048px\" \/><\/p>\n<p class=\"p3\"><strong><span class=\"s2\">Finalizados los primeros dos torneos locales, tanto el Apertura como el Intermedio y culminada la participaci\u00f3n internacional del equipo, Pe\u00f1arol cerr\u00f3 el primer semestre del calendario futbol\u00edstico de 2022. A continuaci\u00f3n se detallan los puntajes correspondientes a este per\u00edodo:<\/span><\/strong><\/p>\n<p class=\"p3\"><span class=\"s2\"><strong>Kevin Dawson: <span style=\"color: #ffcc00;\">(8)<\/span><\/strong> Seguramente la figura del flojo semestre del equipo. Por Copa fue fundamental, incluso evitando algunas posibles goleadas, y por el torneo local apareci\u00f3 en varios momentos importantes. Fue gran art\u00edfice de los pocos goles recibidos a pesar del mal rendimiento en general. Por el Uruguayo, de sus 20 partidos disputados, en 12 termin\u00f3 con el arco en 0, y recibi\u00f3 tan solo 11 goles.<\/span><\/p>\n<p class=\"p3\"><span class=\"s2\"><strong>Neto Volpi: <span style=\"color: #ffcc00;\">(5)<\/span><\/strong> Ataj\u00f3 tan solo 4 partidos en el semestre en los cuales recibi\u00f3 3 goles. Dif\u00edcil juzgar su rendimiento sin continuidad, pero tampoco brill\u00f3 en sus actuaciones.<\/span><\/p>\n<p class=\"p3\"><span class=\"s2\"><strong>Mat\u00edas Aguirregaray:<span style=\"color: #ffcc00;\"> (3)<\/span><\/strong> Por amplio margen, su peor semestre en la instituci\u00f3n. Lento, fuera de forma f\u00edsica y con muchos errores con el bal\u00f3n. Lejos de su nivel esperado, y de lo que ya ha demostrado con la camiseta aurinegra.<\/span><\/p>\n<p class=\"p3\"><span class=\"s2\"><strong>Ezequiel Busquets:<span style=\"color: #ffcc00;\"> (3)<\/span><\/strong> No le pudo quitar el puesto a Aguirregaray, a pesar del mal semestre mencionado del \u201cVasquito\u201d. Si bien solo en 5 partidos complet\u00f3 los 90\u2019 minutos, sufri\u00f3 defensivamente en los encuentros que disput\u00f3, principalmente en el plano internacional.<\/span><\/p>\n<p class=\"p3\"><span class=\"s2\"><strong>Ram\u00f3n Arias: <span style=\"color: #ffcc00;\">(5)<\/span><\/strong> De un buen comienzo, pero flojo cierre de semestre. Reiteradas lesiones lo tuvieron fuera de varios encuentros de manera intermitente y eso no ayud\u00f3 para su momento futbol\u00edstico. En varios partidos se lo not\u00f3 a destiempo y con errores con el bal\u00f3n. Otro que no repiti\u00f3 su mejor semestre en Pe\u00f1arol.<\/span><\/p>\n<p class=\"p3\"><span class=\"s2\"><strong>Agust\u00edn Da Silveira:<span style=\"color: #ffcc00;\"> (6)<\/span><\/strong> Cada vez que fue llamado, cumpli\u00f3. De lateral o en su posici\u00f3n natural como zaguero, dio una mano tanto desde el banco, como siendo titular. Ya afianzado en el primer equipo como pieza de recambio, fue una de las importantes apariciones de juveniles del \u00faltimo a\u00f1o.<\/span><\/p>\n<p class=\"p3\"><span class=\"s2\"><strong>Hern\u00e1n Menosse:<span style=\"color: #ffcc00;\"> (6)<\/span><\/strong> Desde su ingreso en el equipo titular brind\u00f3 seguridad en la zaga, con mucha personalidad y experiencia. Por caracter\u00edsticas en partidos particulares sufri\u00f3 algunos duelos individuales, pero en general fue de lo mejor de la l\u00ednea defensiva aurinegra.<\/span><\/p>\n<p class=\"p3\"><span class=\"s2\"><strong>Edgar Elizalde:<span style=\"color: #ffcc00;\"> (5)<\/span><\/strong> Luego de un buen cierre de 2021, se vio nuevamente relegado al banco de suplentes con la llegada de Menosse y a pesar de algunas buenas actuaciones, no se logr\u00f3 consolidar como titular y termin\u00f3 saliendo de la instituci\u00f3n en busca de minutos.<\/span><\/p>\n<p class=\"p3\"><span class=\"s2\"><strong>Pablo L\u00f3pez:<span style=\"color: #ffcc00;\"> (-)<\/span><\/strong> Pocos minutos. Hizo su debut en Primera Divisi\u00f3n.<\/span><\/p>\n<p class=\"p3\"><span class=\"s2\"><strong>Juan Ramos: <span style=\"color: #ffcc00;\">(3)<\/span><\/strong> Nuevamente fue el titular para Mauricio Larriera durante todo el semestre, a pesar de que dej\u00f3 m\u00e1s dudas que certezas. Impreciso con el bal\u00f3n, con errores tanto en defensa como al pasar al ataque. A destacar su cuota goleadora, con 4 tantos en 21 partidos, buen promedio para un lateral.<\/span><\/p>\n<p class=\"p3\"><span class=\"s2\"><strong>Jairo O\u2019Neill: <span style=\"color: #ffcc00;\">(4)<\/span><\/strong> Con rendimientos apenas por encima de lo mostrado por Ramos, pero tal vez sin tanta seguridad en la marca como su competidor por el puesto, no pudo ganar la titularidad aprovechando algunas lesiones. Perdi\u00f3 su lugar en el equipo sobre el final del semestre.<\/span><\/p>\n<p class=\"p3\"><span class=\"s2\"><strong>Facundo Bonifazi: <span style=\"color: #ffcc00;\">(3)<\/span><\/strong> En solo 3 partidos complet\u00f3 los 90\u2019 minutos. Si bien su llegada no fue la que m\u00e1s expectativas ten\u00eda, se esperaban m\u00e1s minutos de su parte y una competencia por el puesto que hasta el momento no pudo ganar. Termin\u00f3 cediendo lugar hasta ser el segundo suplente de lateral izquierdo.<\/span><\/p>\n<p class=\"p3\"><span class=\"s2\"><strong>Walter Gargano: <span style=\"color: #ffcc00;\">(4)<\/span><\/strong> Flojo semestre del capit\u00e1n, que por su influencia y cantidad de minutos, tiene gran relaci\u00f3n con el rendimiento del equipo. Sin la precisi\u00f3n para distribuir el bal\u00f3n de otros a\u00f1os, ni la din\u00e1mica del equipo en general, sus actuaciones no fueron las mejores y quien era una pieza clave del funcionamiento del 11 titular, hoy tiene en duda su puesto. <\/span><\/p>\n<p class=\"p3\"><span class=\"s2\"><strong>Agust\u00edn \u00c1lvarez Wallace: <span style=\"color: #ffcc00;\">(5)<\/span><\/strong> Uno de los jugadores en los que el cuerpo t\u00e9cnico tanto como la instituci\u00f3n han depositado su confianza a mediano y largo plazo. Hasta fue capit\u00e1n en algunos encuentros. A pesar de ello no ha terminado de capitalizar sus oportunidades, cayendo en irregularidad y sin terminar de afianzarse como el mediocampista titular del equipo. Aunque tenga muchos partidos en primera, apenas cumpli\u00f3 21 a\u00f1os y su margen de mejora es muy amplio.<\/span><\/p>\n<p class=\"p3\"><span class=\"s2\"><strong>Dami\u00e1n Musto: <span style=\"color: #ffcc00;\">(6)<\/span><\/strong> Dentro de un equipo que en el semestre tuvo m\u00e1s momentos de baj\u00f3n que de buenas rachas, la regularidad que mostr\u00f3 fue muy importante. S\u00f3lido en el mediocampo, con mucha presencia y dando equilibrio. El esquema t\u00e1ctico del equipo protege bastante su posici\u00f3n, pero al mismo tiempo, estuvo a la altura.<\/span><\/p>\n<p class=\"p3\"><span class=\"s2\"><strong>Rodrigo Saravia: <span style=\"color: #ffcc00;\">(4)<\/span><\/strong> Se gan\u00f3 el lugar en la rotaci\u00f3n tras una muy buena pretemporada con el primer equipo, pero cuando tuvo las oportunidades se lo vio impreciso con el bal\u00f3n y su vuelta al banco de suplentes fue justificada. Al igual que \u00c1lvarez Wallace, su potencial es grande y al sumar m\u00e1s minutos ir\u00e1 ganando en confianza y experiencia.<\/span><\/p>\n<p class=\"p3\"><span class=\"s2\"><strong>Pablo Ceppelini:<span style=\"color: #ffcc00;\"> (5)<\/span><\/strong> Otro caso que comenz\u00f3 mejor de lo que finaliz\u00f3 el semestre. Fue importante en la generaci\u00f3n de f\u00fatbol del equipo y en la marca. Es una pieza fundamental para Mauricio Larriera. Con respecto a semestres anteriores, baj\u00f3 su influencia ofensiva y repiti\u00f3 algunos errores en la pelota quieta. Cay\u00f3 en constantes discusiones con los \u00e1rbitros.<\/span><\/p>\n<p class=\"p3\"><span class=\"s2\"><strong>Bryan Olivera:<span style=\"color: #ffcc00;\"> (-)<\/span><\/strong> 216\u2019 minutos en todo el semestre. Se esperaba algo m\u00e1s de su parte, pero en las pocas oportunidades que tuvo, no logr\u00f3 demostrar ninguno de los atributos que le sirvieron para llegar al club. Rescindi\u00f3 contrato antes de finalizar el Intermedio.<\/span><\/p>\n<p class=\"p3\"><span class=\"s2\"><strong>Agust\u00edn Canobbio:<span style=\"color: #ffcc00;\"> (5)<\/span><\/strong> Muy lejanos quedan sus 5 partidos por el Campeonato Uruguayo previo a su partida al f\u00fatbol brasile\u00f1o. Dentro de esto se destaca su gran actuaci\u00f3n cl\u00e1sica. Su salida dej\u00f3 un vac\u00edo importante en el puesto.<\/span><\/p>\n<p class=\"p3\"><span class=\"s2\"><strong>Federico Carrizo:<span style=\"color: #ffcc00;\"> (3)<\/span><\/strong> Nada m\u00e1s que chispazos de calidad de un jugador del que se esperaba much\u00edsimo m\u00e1s, tanto futbol\u00edstica como f\u00edsicamente. El equipo necesitaba de su aporte e influencia en ataque y tan solo complet\u00f3 los 90\u2019 minutos en dos oportunidades. Antes de finalizado el semestre, dej\u00f3 la instituci\u00f3n. <\/span><\/p>\n<p class=\"p3\"><span class=\"s2\"><strong>Cristian Olivera: <span style=\"color: #ffcc00;\">(-)<\/span><\/strong> Pocos minutos. Su rendimiento no ven\u00eda conformando desde la temporada anterior y en este a\u00f1o tuvo escasas oportunidades previo a su salida.<\/span><\/p>\n<p class=\"p3\"><span class=\"s2\"><strong>Ignacio Laquintana:<span style=\"color: #ffcc00;\"> (6)<\/span><\/strong> Por grandes pasajes del semestre fue la \u00fanica soluci\u00f3n ofensiva del equipo. Todos los ataques iban por su sector y de sus pies sal\u00eda todo el peligro del ataque carbonero. Tuvo grandes actuaciones, mezcladas con algunos partidos donde pas\u00f3 desapercibido. Esa irregularidad es la que pone en duda su lugar en el 11 titular para la segunda mitad del a\u00f1o. Ya ha demostrado que viniendo desde el banco puede ser una variante interesante.<\/span><\/p>\n<p class=\"p3\"><span class=\"s2\"><strong>Nicol\u00e1s Rossi: <span style=\"color: #ffcc00;\">(6)<\/span><\/strong> Su aparici\u00f3n dio un poco de aire al ataque del equipo de Mauricio Larriera, brindando soluciones ofensivas por banda izquierda. A\u00fan contin\u00faa afianz\u00e1ndose en primera divisi\u00f3n, pero ha mostrado cosas interesantes en su juego.<\/span><\/p>\n<p class=\"p3\"><span class=\"s2\"><strong>Brian Mansilla:<span style=\"color: #ffcc00;\"> (4)<\/span><\/strong> Rotando entre distintas posiciones, luego de una buena aparici\u00f3n por Copa Libertadores tras ser figura en la Copa Sub 20, lo llevaron a ganarse algunas oportunidades que no pudo solidificar en m\u00e1s minutos. Con m\u00e1s confianza y minutos con regularidad, puede demostrar grandes cosas, pero principalmente, jugando de manera m\u00e1s centralizada y no pegado a la banda.<\/span><\/p>\n<p class=\"p3\"><span class=\"s2\"><strong>M\u00e1ximo Alonso:<span style=\"color: #ffcc00;\"> (5)<\/span><\/strong> Se han vuelto inexplicable sus pocos minutos, no solo por sus condiciones futbol\u00edsticas, sino tambi\u00e9n por la carencia en el puesto que atraves\u00f3 el equipo en gran parte del a\u00f1o hasta el momento. Fue figura en la obtenci\u00f3n de la Libertadores sub 20, y ya hab\u00eda demostrado cosas interesantes en sus minutos con el primer equipo durante 2021. <\/span><\/p>\n<p class=\"p3\"><span class=\"s2\"><strong>Alejo Cruz: <span style=\"color: #ffcc00;\">(3)<\/span><\/strong> Otro de los jugadores que sufri\u00f3 las rotaciones constantes del DT, sin consolidar ninguno de los juveniles en el puesto. Sin embargo, de los juveniles mencionados, fue el que demostr\u00f3 menor nivel. Termin\u00f3 el semestre rescindiendo contrato con Pe\u00f1arol.<\/span><\/p>\n<p class=\"p3\"><span class=\"s2\"><strong>Agust\u00edn \u00c1lvarez Mart\u00ednez:<span style=\"color: #ffcc00;\"> (3)<\/span><\/strong> P\u00e9simo semestre de quien hab\u00eda sido el goleador durante el 2021 de Pe\u00f1arol. Fue otro jugador completamente diferente al conocido por su olfato goleador y buenos movimientos tanto dentro del \u00e1rea como pivoteando. Al finalizar el Apertura se dio su transferencia al f\u00fatbol europeo, algo que puede devolverle confianza para sobreponerse a la mala racha que ven\u00eda teniendo.<\/span><\/p>\n<p class=\"p3\"><span class=\"s2\"><strong>Rub\u00e9n Bentancourt: <span style=\"color: #ffcc00;\">(4)<\/span><\/strong> De menos a m\u00e1s. Tuvo oportunidades durante el comienzo del semestre, que no termin\u00f3 de aprovechar. El equipo sufri\u00f3 much\u00edsimo la falta de gol de todos sus delanteros en todos los torneos disputados. Su cierre de Intermedio lo levanta en su confianza y en la consideraci\u00f3n tanto del DT como del hincha de cara a lo que se viene.<\/span><\/p>\n<p class=\"p3\"><span class=\"s2\"><strong>Lucas Viatri: <span style=\"color: #ffcc00;\">(4)<\/span><\/strong> Nada fuera de lo esperado. Entrega al m\u00e1ximo en cada una de las ocasiones donde ingresa, pero con algunas limitantes f\u00edsicas propias de su edad y que ya se hab\u00edan notado en sus \u00faltimos meses del anterior pasaje por el club. <\/span><\/p>\n<p class=\"p3\"><span class=\"s2\"><strong>Sergio N\u00fa\u00f1ez:<span style=\"color: #ffcc00;\"> (-)<\/span><\/strong> Pocos minutos. Con goles en Tercera se gan\u00f3 el lugar de delantero juvenil en el primer equipo, pero no logr\u00f3 asentarse en Primera Divisi\u00f3n.<\/span><\/p>\n<p class=\"p3\"><span class=\"s2\"><strong>DT &#8211; Mauricio Larriera: <span style=\"color: #ffcc00;\">(3)<\/span><\/strong> El equipo perdi\u00f3 todas las competiciones que disput\u00f3. No logr\u00f3 ninguno de sus objetivos y ni siquiera lleg\u00f3 con chances a las \u00faltimas fechas de los torneos jugados. El rendimiento en l\u00edneas generales fue muy malo, no se vio una l\u00ednea de juego marcada y tampoco se puede hablar de un despliegue f\u00edsico tan grande como el mostrado en el a\u00f1o anterior. Dentro de los pocos aspectos positivos, se destaca la poca cantidad de goles recibidos, principalmente para la posici\u00f3n en la que se encuentra el equipo. Yendo a lo negativo, podemos destacar la falta de funcionamiento colectivo ofensivo, tanto en la generaci\u00f3n como definici\u00f3n. Mal manejo de juveniles, alternando mucho y sin dar la plena confianza a alguno de ellos, con continuidad. Much\u00edsimo para mejorar, de parte del cuerpo t\u00e9cnico en general, aunque en los \u00faltimos partidos se hayan visto peque\u00f1as mejoras respecto a algunos de estos puntos.<\/span><\/p>\n<p class=\"p3\"><span class=\"s2\"><div class=\"user-wrapper\"><a class=\"userlink\" href=\"https:\/\/twitter.com\/agustin_oronoz\" target=\"_blank\"><figure><img decoding=\"async\" src=\"http:\/\/www.padreydecano.com\/cms\/wp-users-files\/postfirmas\/agustin_oronoz.jpg\" \/><\/figure><p class=\"user\"><strong>Agust&iacute;n Oronoz<\/strong><br \/>@agustin_oronoz<\/p><\/a><\/div><\/span><\/p>\n","protected":false},"excerpt":{"rendered":"<p>Finalizados los primeros dos torneos locales, tanto el Apertura como el Intermedio y culminada la participaci\u00f3n internacional del equipo, Pe\u00f1arol cerr\u00f3 el primer semestre del calendario futbol\u00edstico de 2022. A continuaci\u00f3n se detallan los puntajes correspondientes a este per\u00edodo: Kevin Dawson: (8) Seguramente la figura del flojo semestre del equipo. Por Copa fue fundamental, incluso [&hellip;]<\/p>\n","protected":false},"author":30,"featured_media":78885,"comment_status":"open","ping_status":"closed","sticky":false,"template":"","format":"standard","meta":{"footnotes":""},"categories":[28],"tags":[557],"yoast_head":"<!-- This site is optimized with the Yoast SEO plugin v23.2 - https:\/\/yoast.com\/wordpress\/plugins\/seo\/ -->\n<title>Puntajes (Primer semestre 2022) - Padre y Decano - El Sitio del Pueblo<\/title>\n<meta name=\"robots\" content=\"index, follow, max-snippet:-1, max-image-preview:large, max-video-preview:-1\" \/>\n<link rel=\"canonical\" href=\"https:\/\/www.padreydecano.com\/cms\/columnas\/puntajes-primer-semestre-2022\/\" \/>\n<meta property=\"og:locale\" content=\"es_ES\" \/>\n<meta property=\"og:type\" content=\"article\" \/>\n<meta property=\"og:title\" content=\"Puntajes (Primer semestre 2022) - Padre y Decano - El Sitio del Pueblo\" \/>\n<meta property=\"og:description\" content=\"Finalizados los primeros dos torneos locales, tanto el Apertura como el Intermedio y culminada la participaci\u00f3n internacional del equipo, Pe\u00f1arol cerr\u00f3 el primer semestre del calendario futbol\u00edstico de 2022. A continuaci\u00f3n se detallan los puntajes correspondientes a este per\u00edodo: Kevin Dawson: (8) Seguramente la figura del flojo semestre del equipo. Por Copa fue fundamental, incluso [&hellip;]\" \/>\n<meta property=\"og:url\" content=\"https:\/\/www.padreydecano.com\/cms\/columnas\/puntajes-primer-semestre-2022\/\" \/>\n<meta property=\"og:site_name\" content=\"Padre y Decano - El Sitio del Pueblo\" \/>\n<meta property=\"article:published_time\" content=\"2022-07-28T16:31:28+00:00\" \/>\n<meta property=\"article:modified_time\" content=\"2022-08-02T11:11:12+00:00\" \/>\n<meta property=\"og:image\" content=\"https:\/\/www.padreydecano.com\/cms\/wp-content\/uploads\/2022\/07\/8DCCC037-DFDD-4131-B02B-B03CBE28D9B6.jpeg\" \/>\n\t<meta property=\"og:image:width\" content=\"2048\" \/>\n\t<meta property=\"og:image:height\" content=\"1366\" \/>\n\t<meta property=\"og:image:type\" content=\"image\/jpeg\" \/>\n<meta name=\"author\" content=\"Udelar\" \/>\n<meta name=\"twitter:card\" content=\"summary_large_image\" \/>\n<meta name=\"twitter:label1\" content=\"Escrito por\" \/>\n\t<meta name=\"twitter:data1\" content=\"Udelar\" \/>\n\t<meta name=\"twitter:label2\" content=\"Tiempo de lectura\" \/>\n\t<meta name=\"twitter:data2\" content=\"8 minutos\" \/>\n<script type=\"application\/ld+json\" class=\"yoast-schema-graph\">{\"@context\":\"https:\/\/schema.org\",\"@graph\":[{\"@type\":\"Article\",\"@id\":\"https:\/\/www.padreydecano.com\/cms\/columnas\/puntajes-primer-semestre-2022\/#article\",\"isPartOf\":{\"@id\":\"https:\/\/www.padreydecano.com\/cms\/columnas\/puntajes-primer-semestre-2022\/\"},\"author\":{\"name\":\"Udelar\",\"@id\":\"https:\/\/www.padreydecano.com\/cms\/#\/schema\/person\/b22191326be6d1c7fa55c2ad137a9a32\"},\"headline\":\"Puntajes (Primer semestre 2022)\",\"datePublished\":\"2022-07-28T16:31:28+00:00\",\"dateModified\":\"2022-08-02T11:11:12+00:00\",\"mainEntityOfPage\":{\"@id\":\"https:\/\/www.padreydecano.com\/cms\/columnas\/puntajes-primer-semestre-2022\/\"},\"wordCount\":1730,\"commentCount\":30,\"publisher\":{\"@id\":\"https:\/\/www.padreydecano.com\/cms\/#organization\"},\"image\":{\"@id\":\"https:\/\/www.padreydecano.com\/cms\/columnas\/puntajes-primer-semestre-2022\/#primaryimage\"},\"thumbnailUrl\":\"https:\/\/www.padreydecano.com\/cms\/wp-content\/uploads\/2022\/07\/8DCCC037-DFDD-4131-B02B-B03CBE28D9B6.jpeg\",\"keywords\":[\"Campeonato Uruguayo 2022\"],\"articleSection\":[\"Columnas\"],\"inLanguage\":\"es\",\"potentialAction\":[{\"@type\":\"CommentAction\",\"name\":\"Comment\",\"target\":[\"https:\/\/www.padreydecano.com\/cms\/columnas\/puntajes-primer-semestre-2022\/#respond\"]}]},{\"@type\":\"WebPage\",\"@id\":\"https:\/\/www.padreydecano.com\/cms\/columnas\/puntajes-primer-semestre-2022\/\",\"url\":\"https:\/\/www.padreydecano.com\/cms\/columnas\/puntajes-primer-semestre-2022\/\",\"name\":\"Puntajes (Primer semestre 2022) - Padre y Decano - El Sitio del Pueblo\",\"isPartOf\":{\"@id\":\"https:\/\/www.padreydecano.com\/cms\/#website\"},\"primaryImageOfPage\":{\"@id\":\"https:\/\/www.padreydecano.com\/cms\/columnas\/puntajes-primer-semestre-2022\/#primaryimage\"},\"image\":{\"@id\":\"https:\/\/www.padreydecano.com\/cms\/columnas\/puntajes-primer-semestre-2022\/#primaryimage\"},\"thumbnailUrl\":\"https:\/\/www.padreydecano.com\/cms\/wp-content\/uploads\/2022\/07\/8DCCC037-DFDD-4131-B02B-B03CBE28D9B6.jpeg\",\"datePublished\":\"2022-07-28T16:31:28+00:00\",\"dateModified\":\"2022-08-02T11:11:12+00:00\",\"breadcrumb\":{\"@id\":\"https:\/\/www.padreydecano.com\/cms\/columnas\/puntajes-primer-semestre-2022\/#breadcrumb\"},\"inLanguage\":\"es\",\"potentialAction\":[{\"@type\":\"ReadAction\",\"target\":[\"https:\/\/www.padreydecano.com\/cms\/columnas\/puntajes-primer-semestre-2022\/\"]}]},{\"@type\":\"ImageObject\",\"inLanguage\":\"es\",\"@id\":\"https:\/\/www.padreydecano.com\/cms\/columnas\/puntajes-primer-semestre-2022\/#primaryimage\",\"url\":\"https:\/\/www.padreydecano.com\/cms\/wp-content\/uploads\/2022\/07\/8DCCC037-DFDD-4131-B02B-B03CBE28D9B6.jpeg\",\"contentUrl\":\"https:\/\/www.padreydecano.com\/cms\/wp-content\/uploads\/2022\/07\/8DCCC037-DFDD-4131-B02B-B03CBE28D9B6.jpeg\",\"width\":2048,\"height\":1366},{\"@type\":\"BreadcrumbList\",\"@id\":\"https:\/\/www.padreydecano.com\/cms\/columnas\/puntajes-primer-semestre-2022\/#breadcrumb\",\"itemListElement\":[{\"@type\":\"ListItem\",\"position\":1,\"name\":\"Portada\",\"item\":\"https:\/\/www.padreydecano.com\/cms\/\"},{\"@type\":\"ListItem\",\"position\":2,\"name\":\"Puntajes (Primer semestre 2022)\"}]},{\"@type\":\"WebSite\",\"@id\":\"https:\/\/www.padreydecano.com\/cms\/#website\",\"url\":\"https:\/\/www.padreydecano.com\/cms\/\",\"name\":\"Padre y Decano - El Sitio del Pueblo\",\"description\":\"Club Atl\u00e9tico Pe\u00f1arol\",\"publisher\":{\"@id\":\"https:\/\/www.padreydecano.com\/cms\/#organization\"},\"potentialAction\":[{\"@type\":\"SearchAction\",\"target\":{\"@type\":\"EntryPoint\",\"urlTemplate\":\"https:\/\/www.padreydecano.com\/cms\/?s={search_term_string}\"},\"query-input\":\"required name=search_term_string\"}],\"inLanguage\":\"es\"},{\"@type\":\"Organization\",\"@id\":\"https:\/\/www.padreydecano.com\/cms\/#organization\",\"name\":\"Padre y Decano\",\"url\":\"https:\/\/www.padreydecano.com\/cms\/\",\"logo\":{\"@type\":\"ImageObject\",\"inLanguage\":\"es\",\"@id\":\"https:\/\/www.padreydecano.com\/cms\/#\/schema\/logo\/image\/\",\"url\":\"https:\/\/www.padreydecano.com\/cms\/wp-content\/uploads\/2022\/01\/avatar-square.png\",\"contentUrl\":\"https:\/\/www.padreydecano.com\/cms\/wp-content\/uploads\/2022\/01\/avatar-square.png\",\"width\":1500,\"height\":1500,\"caption\":\"Padre y Decano\"},\"image\":{\"@id\":\"https:\/\/www.padreydecano.com\/cms\/#\/schema\/logo\/image\/\"}},{\"@type\":\"Person\",\"@id\":\"https:\/\/www.padreydecano.com\/cms\/#\/schema\/person\/b22191326be6d1c7fa55c2ad137a9a32\",\"name\":\"Udelar\",\"image\":{\"@type\":\"ImageObject\",\"inLanguage\":\"es\",\"@id\":\"https:\/\/www.padreydecano.com\/cms\/#\/schema\/person\/image\/\",\"url\":\"https:\/\/secure.gravatar.com\/avatar\/611ece663b16897a2cd2f46982281225?s=96&d=https%3A%2F%2Fpadreydecano.com%2Fcms%2Fwp-content%2Fthemes%2Fpyd-theme%2Fimg%2Fdefault-avatar.png&r=g\",\"contentUrl\":\"https:\/\/secure.gravatar.com\/avatar\/611ece663b16897a2cd2f46982281225?s=96&d=https%3A%2F%2Fpadreydecano.com%2Fcms%2Fwp-content%2Fthemes%2Fpyd-theme%2Fimg%2Fdefault-avatar.png&r=g\",\"caption\":\"Udelar\"}}]}<\/script>\n<!-- \/ Yoast SEO plugin. -->","yoast_head_json":{"title":"Puntajes (Primer semestre 2022) - Padre y Decano - El Sitio del Pueblo","robots":{"index":"index","follow":"follow","max-snippet":"max-snippet:-1","max-image-preview":"max-image-preview:large","max-video-preview":"max-video-preview:-1"},"canonical":"https:\/\/www.padreydecano.com\/cms\/columnas\/puntajes-primer-semestre-2022\/","og_locale":"es_ES","og_type":"article","og_title":"Puntajes (Primer semestre 2022) - Padre y Decano - El Sitio del Pueblo","og_description":"Finalizados los primeros dos torneos locales, tanto el Apertura como el Intermedio y culminada la participaci\u00f3n internacional del equipo, Pe\u00f1arol cerr\u00f3 el primer semestre del calendario futbol\u00edstico de 2022. A continuaci\u00f3n se detallan los puntajes correspondientes a este per\u00edodo: Kevin Dawson: (8) Seguramente la figura del flojo semestre del equipo. Por Copa fue fundamental, incluso [&hellip;]","og_url":"https:\/\/www.padreydecano.com\/cms\/columnas\/puntajes-primer-semestre-2022\/","og_site_name":"Padre y Decano - El Sitio del Pueblo","article_published_time":"2022-07-28T16:31:28+00:00","article_modified_time":"2022-08-02T11:11:12+00:00","og_image":[{"width":2048,"height":1366,"url":"https:\/\/www.padreydecano.com\/cms\/wp-content\/uploads\/2022\/07\/8DCCC037-DFDD-4131-B02B-B03CBE28D9B6.jpeg","type":"image\/jpeg"}],"author":"Udelar","twitter_card":"summary_large_image","twitter_misc":{"Escrito por":"Udelar","Tiempo de lectura":"8 minutos"},"schema":{"@context":"https:\/\/schema.org","@graph":[{"@type":"Article","@id":"https:\/\/www.padreydecano.com\/cms\/columnas\/puntajes-primer-semestre-2022\/#article","isPartOf":{"@id":"https:\/\/www.padreydecano.com\/cms\/columnas\/puntajes-primer-semestre-2022\/"},"author":{"name":"Udelar","@id":"https:\/\/www.padreydecano.com\/cms\/#\/schema\/person\/b22191326be6d1c7fa55c2ad137a9a32"},"headline":"Puntajes (Primer semestre 2022)","datePublished":"2022-07-28T16:31:28+00:00","dateModified":"2022-08-02T11:11:12+00:00","mainEntityOfPage":{"@id":"https:\/\/www.padreydecano.com\/cms\/columnas\/puntajes-primer-semestre-2022\/"},"wordCount":1730,"commentCount":30,"publisher":{"@id":"https:\/\/www.padreydecano.com\/cms\/#organization"},"image":{"@id":"https:\/\/www.padreydecano.com\/cms\/columnas\/puntajes-primer-semestre-2022\/#primaryimage"},"thumbnailUrl":"https:\/\/www.padreydecano.com\/cms\/wp-content\/uploads\/2022\/07\/8DCCC037-DFDD-4131-B02B-B03CBE28D9B6.jpeg","keywords":["Campeonato Uruguayo 2022"],"articleSection":["Columnas"],"inLanguage":"es","potentialAction":[{"@type":"CommentAction","name":"Comment","target":["https:\/\/www.padreydecano.com\/cms\/columnas\/puntajes-primer-semestre-2022\/#respond"]}]},{"@type":"WebPage","@id":"https:\/\/www.padreydecano.com\/cms\/columnas\/puntajes-primer-semestre-2022\/","url":"https:\/\/www.padreydecano.com\/cms\/columnas\/puntajes-primer-semestre-2022\/","name":"Puntajes (Primer semestre 2022) - Padre y Decano - El Sitio del Pueblo","isPartOf":{"@id":"https:\/\/www.padreydecano.com\/cms\/#website"},"primaryImageOfPage":{"@id":"https:\/\/www.padreydecano.com\/cms\/columnas\/puntajes-primer-semestre-2022\/#primaryimage"},"image":{"@id":"https:\/\/www.padreydecano.com\/cms\/columnas\/puntajes-primer-semestre-2022\/#primaryimage"},"thumbnailUrl":"https:\/\/www.padreydecano.com\/cms\/wp-content\/uploads\/2022\/07\/8DCCC037-DFDD-4131-B02B-B03CBE28D9B6.jpeg","datePublished":"2022-07-28T16:31:28+00:00","dateModified":"2022-08-02T11:11:12+00:00","breadcrumb":{"@id":"https:\/\/www.padreydecano.com\/cms\/columnas\/puntajes-primer-semestre-2022\/#breadcrumb"},"inLanguage":"es","potentialAction":[{"@type":"ReadAction","target":["https:\/\/www.padreydecano.com\/cms\/columnas\/puntajes-primer-semestre-2022\/"]}]},{"@type":"ImageObject","inLanguage":"es","@id":"https:\/\/www.padreydecano.com\/cms\/columnas\/puntajes-primer-semestre-2022\/#primaryimage","url":"https:\/\/www.padreydecano.com\/cms\/wp-content\/uploads\/2022\/07\/8DCCC037-DFDD-4131-B02B-B03CBE28D9B6.jpeg","contentUrl":"https:\/\/www.padreydecano.com\/cms\/wp-content\/uploads\/2022\/07\/8DCCC037-DFDD-4131-B02B-B03CBE28D9B6.jpeg","width":2048,"height":1366},{"@type":"BreadcrumbList","@id":"https:\/\/www.padreydecano.com\/cms\/columnas\/puntajes-primer-semestre-2022\/#breadcrumb","itemListElement":[{"@type":"ListItem","position":1,"name":"Portada","item":"https:\/\/www.padreydecano.com\/cms\/"},{"@type":"ListItem","position":2,"name":"Puntajes (Primer semestre 2022)"}]},{"@type":"WebSite","@id":"https:\/\/www.padreydecano.com\/cms\/#website","url":"https:\/\/www.padreydecano.com\/cms\/","name":"Padre y Decano - El Sitio del Pueblo","description":"Club Atl\u00e9tico Pe\u00f1arol","publisher":{"@id":"https:\/\/www.padreydecano.com\/cms\/#organization"},"potentialAction":[{"@type":"SearchAction","target":{"@type":"EntryPoint","urlTemplate":"https:\/\/www.padreydecano.com\/cms\/?s={search_term_string}"},"query-input":"required name=search_term_string"}],"inLanguage":"es"},{"@type":"Organization","@id":"https:\/\/www.padreydecano.com\/cms\/#organization","name":"Padre y Decano","url":"https:\/\/www.padreydecano.com\/cms\/","logo":{"@type":"ImageObject","inLanguage":"es","@id":"https:\/\/www.padreydecano.com\/cms\/#\/schema\/logo\/image\/","url":"https:\/\/www.padreydecano.com\/cms\/wp-content\/uploads\/2022\/01\/avatar-square.png","contentUrl":"https:\/\/www.padreydecano.com\/cms\/wp-content\/uploads\/2022\/01\/avatar-square.png","width":1500,"height":1500,"caption":"Padre y Decano"},"image":{"@id":"https:\/\/www.padreydecano.com\/cms\/#\/schema\/logo\/image\/"}},{"@type":"Person","@id":"https:\/\/www.padreydecano.com\/cms\/#\/schema\/person\/b22191326be6d1c7fa55c2ad137a9a32","name":"Udelar","image":{"@type":"ImageObject","inLanguage":"es","@id":"https:\/\/www.padreydecano.com\/cms\/#\/schema\/person\/image\/","url":"https:\/\/secure.gravatar.com\/avatar\/611ece663b16897a2cd2f46982281225?s=96&d=https%3A%2F%2Fpadreydecano.com%2Fcms%2Fwp-content%2Fthemes%2Fpyd-theme%2Fimg%2Fdefault-avatar.png&r=g","contentUrl":"https:\/\/secure.gravatar.com\/avatar\/611ece663b16897a2cd2f46982281225?s=96&d=https%3A%2F%2Fpadreydecano.com%2Fcms%2Fwp-content%2Fthemes%2Fpyd-theme%2Fimg%2Fdefault-avatar.png&r=g","caption":"Udelar"}}]}},"_links":{"self":[{"href":"https:\/\/www.padreydecano.com\/cms\/wp-json\/wp\/v2\/posts\/78884"}],"collection":[{"href":"https:\/\/www.padreydecano.com\/cms\/wp-json\/wp\/v2\/posts"}],"about":[{"href":"https:\/\/www.padreydecano.com\/cms\/wp-json\/wp\/v2\/types\/post"}],"author":[{"embeddable":true,"href":"https:\/\/www.padreydecano.com\/cms\/wp-json\/wp\/v2\/users\/30"}],"replies":[{"embeddable":true,"href":"https:\/\/www.padreydecano.com\/cms\/wp-json\/wp\/v2\/comments?post=78884"}],"version-history":[{"count":0,"href":"https:\/\/www.padreydecano.com\/cms\/wp-json\/wp\/v2\/posts\/78884\/revisions"}],"wp:featuredmedia":[{"embeddable":true,"href":"https:\/\/www.padreydecano.com\/cms\/wp-json\/wp\/v2\/media\/78885"}],"wp:attachment":[{"href":"https:\/\/www.padreydecano.com\/cms\/wp-json\/wp\/v2\/media?parent=78884"}],"wp:term":[{"taxonomy":"category","embeddable":true,"href":"https:\/\/www.padreydecano.com\/cms\/wp-json\/wp\/v2\/categories?post=78884"},{"taxonomy":"post_tag","embeddable":true,"href":"https:\/\/www.padreydecano.com\/cms\/wp-json\/wp\/v2\/tags?post=78884"}],"curies":[{"name":"wp","href":"https:\/\/api.w.org\/{rel}","templated":true}]}}