{"id":78812,"date":"2022-07-10T21:11:56","date_gmt":"2022-07-11T00:11:56","guid":{"rendered":"http:\/\/www.padreydecano.com\/cms\/?p=78812"},"modified":"2022-07-16T18:38:49","modified_gmt":"2022-07-16T21:38:49","slug":"victoria-anulada","status":"publish","type":"post","link":"https:\/\/www.padreydecano.com\/cms\/partidos\/victoria-anulada\/","title":{"rendered":"Victoria anulada"},"content":{"rendered":"<p><img loading=\"lazy\" decoding=\"async\" class=\"alignnone size-medium wp-image-78813\" src=\"https:\/\/www.padreydecano.com\/cms\/wp-content\/uploads\/2022\/07\/20220710_200343-600x400.jpg\" alt=\"\" width=\"600\" height=\"400\" srcset=\"https:\/\/www.padreydecano.com\/cms\/wp-content\/uploads\/2022\/07\/20220710_200343-600x400.jpg 600w, https:\/\/www.padreydecano.com\/cms\/wp-content\/uploads\/2022\/07\/20220710_200343-1024x683.jpg 1024w, https:\/\/www.padreydecano.com\/cms\/wp-content\/uploads\/2022\/07\/20220710_200343-768x512.jpg 768w, https:\/\/www.padreydecano.com\/cms\/wp-content\/uploads\/2022\/07\/20220710_200343-1536x1025.jpg 1536w, https:\/\/www.padreydecano.com\/cms\/wp-content\/uploads\/2022\/07\/20220710_200343-300x200.jpg 300w, https:\/\/www.padreydecano.com\/cms\/wp-content\/uploads\/2022\/07\/20220710_200343-128x85.jpg 128w, https:\/\/www.padreydecano.com\/cms\/wp-content\/uploads\/2022\/07\/20220710_200343-32x21.jpg 32w, https:\/\/www.padreydecano.com\/cms\/wp-content\/uploads\/2022\/07\/20220710_200343.jpg 2048w\" sizes=\"(max-width: 600px) 100vw, 600px\" \/><\/p>\n<p><strong>Pe\u00f1arol igual\u00f3 0 a 0 ante F\u00e9nix por la cuarta fecha del Torneo Intermedio 2022. En la \u00faltima jugada del partido el carbonero anot\u00f3 el gol de la victoria que posteriormente fue anulado por el VAR.<\/strong><\/p>\n<p>El decano sigue atravesando un p\u00e9simo momento futbol\u00edstico. Se igual\u00f3 ante un d\u00e9bil equipo como F\u00e9nix y se lleg\u00f3 a los 4 partidos consecutivos sin conocer la victoria en el Estadio Campe\u00f3n del Siglo.<\/p>\n<p>Pe\u00f1arol llegaba a este encuentro arrastrando malos resultados y con bajas sufridas a \u00faltimo momento, entre ellas la ausencia de Kevin Dawson y Walter Gargano. Viatri volvi\u00f3 a estar a la orden luego de recuperarse de su lesi\u00f3n.<\/p>\n<p>Mauricio Larriera coloc\u00f3 en cancha a: Neto Volpi; Mat\u00edas Aguirregay, Agust\u00edn Da Silveira, Hern\u00e1n Menosse, Juan Manuel Ramos; Agust\u00edn \u00c1lvarez Wallace, Dami\u00e1n Musto (87&#8242; M\u00e1ximo Alonso), Pablo Ceppelini; Ignacio Laquintana, Ruben Bentancourt (63&#8242; Lucas Viatri) y Nicol\u00e1s Rossi (73&#8242; Sergio Nu\u00f1ez)<\/p>\n<p><strong>Banco:<\/strong> Thiago Cardozo, Pablo L\u00f3pez, Mat\u00edas Gonz\u00e1lez, Ezequiel Busquets, Rodrigo Saravia, Brian Mansilla y Alejo Cruz.<\/p>\n<p><span style=\"color: #ffcc00;\"><strong>Primer tiempo<\/strong><\/span><\/p>\n<p>El carbonero comenz\u00f3 siendo protagonista en el partido. Con mejores armas que su rival, de a poco el equipo fue profundizando y generando situaciones de peligro para la visita.<\/p>\n<p>Llegando a los 20 minutos, el carbonero tuve 3 chances de abrir el marcador. Un disparo cruzado de Ceppelini, un intento dentro del \u00e1rea de Bentancourt y una buena maniobra de Rossi que pas\u00f3 cerca del vertical.<\/p>\n<p>Rossi volvi\u00f3 a aparecer minutos despu\u00e9s para inquietar al golero rival, que respondi\u00f3 bien ante el intento del jugador juvenil.<\/p>\n<p>Por su parte, F\u00e9nix lleg\u00f3 muy poco al \u00e1rea aurinegra y apenas gener\u00f3 alg\u00fan que otro intento sin inquietar a Volpi.<\/p>\n<p>Antes de finalizar la primera parte, Ceppelini volvi\u00f3 a intentar de larga distancia, encontr\u00e1ndose nuevamente con una buena respuesta del meta rival.<\/p>\n<p><span style=\"color: #ffcc00;\"><strong>Segundo tiempo<\/strong><\/span><\/p>\n<p>Aunque baj\u00f3 la intensidad del encuentro, el carbonero mantuvo su dominio en el partido y fue en busca del gol.<\/p>\n<p>Ramos de cabeza tuvo su oportunidad de abrir el marcador, pero nuevamente apareci\u00f3 el meta rival para impedirlo.<\/p>\n<p>Con buena posesi\u00f3n en la mitad de la cancha, los dirigidos por Larriera intentaron en todo momento generar peligro. A los 76 minutos, Ceppelini asisti\u00f3 a N\u00fa\u00f1ez que qued\u00f3 en carrera junto a un jugador rival de cara al arco en busca del gol, el delantero juvenil recibi\u00f3 la falta y el \u00e1rbitro sancion\u00f3 penal y ech\u00f3 al defensor.<\/p>\n<p>Parec\u00eda una oportunidad inmejorable de ponerse arriba en el marcador, sin embargo, el VAR llam\u00f3 al \u00e1rbitro y revirti\u00f3 la situaci\u00f3n. Se anul\u00f3 el penal y la expulsi\u00f3n y se sancion\u00f3 falta de ataque.<\/p>\n<p>En la \u00faltima jugada del partido, el VAR volvi\u00f3 a frustrar la victoria carbonera. Tras un centro la pelota qued\u00f3 en el \u00e1rea y tras varios intentos qued\u00f3 Agust\u00edn Da Silveira para convertir el gol sobre la l\u00ednea. Pero un minuto despu\u00e9s fue anulado por posici\u00f3n adelantada. Posteriormente, finaliz\u00f3 el encuentro.<\/p>\n<p>Pe\u00f1arol volvi\u00f3 a dejar unidades importantes por el camino, quedando a 10 puntos del tradicional rival en la Tabla Anual y ya con el Torneo Intermedio sin chances de acceder a la final.<\/p>\n<p>En la pr\u00f3xima fecha, el carbonero visitar\u00e1 a Wanderers en el Parque Viera por la quinta fecha del Intermedio, sin Juan Manuel Ramos y Dami\u00e1n Musto que recibieron su quinta tarjeta amarilla.<\/p>\n<div class=\"user-wrapper\"><a class=\"userlink\"href=\"https:\/\/twitter.com\/ftrucce18\" target=\"_blank\"><figure><img decoding=\"async\" src=\"http:\/\/www.padreydecano.com\/cms\/wp-users-files\/postfirmas\/ftrucce.jpg\" \/><\/figure><p class=\"user\"><strong>Franco Trucce<\/strong><br \/>@FTrucce18<\/p><\/a><\/div>\n","protected":false},"excerpt":{"rendered":"<p>Pe\u00f1arol igual\u00f3 0 a 0 ante F\u00e9nix por la cuarta fecha del Torneo Intermedio 2022. En la \u00faltima jugada del partido el carbonero anot\u00f3 el gol de la victoria que posteriormente fue anulado por el VAR. El decano sigue atravesando un p\u00e9simo momento futbol\u00edstico. Se igual\u00f3 ante un d\u00e9bil equipo como F\u00e9nix y se lleg\u00f3 [&hellip;]<\/p>\n","protected":false},"author":27,"featured_media":78813,"comment_status":"open","ping_status":"closed","sticky":false,"template":"","format":"standard","meta":{"footnotes":""},"categories":[13],"tags":[557],"yoast_head":"<!-- This site is optimized with the Yoast SEO plugin v23.2 - https:\/\/yoast.com\/wordpress\/plugins\/seo\/ -->\n<title>Victoria anulada - Padre y Decano - El Sitio del Pueblo<\/title>\n<meta name=\"robots\" content=\"index, follow, max-snippet:-1, max-image-preview:large, max-video-preview:-1\" \/>\n<link rel=\"canonical\" href=\"https:\/\/www.padreydecano.com\/cms\/partidos\/victoria-anulada\/\" \/>\n<meta property=\"og:locale\" content=\"es_ES\" \/>\n<meta property=\"og:type\" content=\"article\" \/>\n<meta property=\"og:title\" content=\"Victoria anulada - Padre y Decano - El Sitio del Pueblo\" \/>\n<meta property=\"og:description\" content=\"Pe\u00f1arol igual\u00f3 0 a 0 ante F\u00e9nix por la cuarta fecha del Torneo Intermedio 2022. En la \u00faltima jugada del partido el carbonero anot\u00f3 el gol de la victoria que posteriormente fue anulado por el VAR. El decano sigue atravesando un p\u00e9simo momento futbol\u00edstico. Se igual\u00f3 ante un d\u00e9bil equipo como F\u00e9nix y se lleg\u00f3 [&hellip;]\" \/>\n<meta property=\"og:url\" content=\"https:\/\/www.padreydecano.com\/cms\/partidos\/victoria-anulada\/\" \/>\n<meta property=\"og:site_name\" content=\"Padre y Decano - El Sitio del Pueblo\" \/>\n<meta property=\"article:published_time\" content=\"2022-07-11T00:11:56+00:00\" \/>\n<meta property=\"article:modified_time\" content=\"2022-07-16T21:38:49+00:00\" \/>\n<meta property=\"og:image\" content=\"https:\/\/www.padreydecano.com\/cms\/wp-content\/uploads\/2022\/07\/20220710_200343.jpg\" \/>\n\t<meta property=\"og:image:width\" content=\"2048\" \/>\n\t<meta property=\"og:image:height\" content=\"1366\" \/>\n\t<meta property=\"og:image:type\" content=\"image\/jpeg\" \/>\n<meta name=\"author\" content=\"Redactores Padre y Decano\" \/>\n<meta name=\"twitter:card\" content=\"summary_large_image\" \/>\n<meta name=\"twitter:label1\" content=\"Escrito por\" \/>\n\t<meta name=\"twitter:data1\" content=\"Redactores Padre y Decano\" \/>\n\t<meta name=\"twitter:label2\" content=\"Tiempo de lectura\" \/>\n\t<meta name=\"twitter:data2\" content=\"3 minutos\" \/>\n<script type=\"application\/ld+json\" class=\"yoast-schema-graph\">{\"@context\":\"https:\/\/schema.org\",\"@graph\":[{\"@type\":\"Article\",\"@id\":\"https:\/\/www.padreydecano.com\/cms\/partidos\/victoria-anulada\/#article\",\"isPartOf\":{\"@id\":\"https:\/\/www.padreydecano.com\/cms\/partidos\/victoria-anulada\/\"},\"author\":{\"name\":\"Redactores Padre y Decano\",\"@id\":\"https:\/\/www.padreydecano.com\/cms\/#\/schema\/person\/37aae8f93aa78e4c5385497f056e3246\"},\"headline\":\"Victoria anulada\",\"datePublished\":\"2022-07-11T00:11:56+00:00\",\"dateModified\":\"2022-07-16T21:38:49+00:00\",\"mainEntityOfPage\":{\"@id\":\"https:\/\/www.padreydecano.com\/cms\/partidos\/victoria-anulada\/\"},\"wordCount\":573,\"commentCount\":109,\"publisher\":{\"@id\":\"https:\/\/www.padreydecano.com\/cms\/#organization\"},\"image\":{\"@id\":\"https:\/\/www.padreydecano.com\/cms\/partidos\/victoria-anulada\/#primaryimage\"},\"thumbnailUrl\":\"https:\/\/www.padreydecano.com\/cms\/wp-content\/uploads\/2022\/07\/20220710_200343.jpg\",\"keywords\":[\"Campeonato Uruguayo 2022\"],\"articleSection\":[\"Partidos\"],\"inLanguage\":\"es\",\"potentialAction\":[{\"@type\":\"CommentAction\",\"name\":\"Comment\",\"target\":[\"https:\/\/www.padreydecano.com\/cms\/partidos\/victoria-anulada\/#respond\"]}]},{\"@type\":\"WebPage\",\"@id\":\"https:\/\/www.padreydecano.com\/cms\/partidos\/victoria-anulada\/\",\"url\":\"https:\/\/www.padreydecano.com\/cms\/partidos\/victoria-anulada\/\",\"name\":\"Victoria anulada - Padre y Decano - El Sitio del Pueblo\",\"isPartOf\":{\"@id\":\"https:\/\/www.padreydecano.com\/cms\/#website\"},\"primaryImageOfPage\":{\"@id\":\"https:\/\/www.padreydecano.com\/cms\/partidos\/victoria-anulada\/#primaryimage\"},\"image\":{\"@id\":\"https:\/\/www.padreydecano.com\/cms\/partidos\/victoria-anulada\/#primaryimage\"},\"thumbnailUrl\":\"https:\/\/www.padreydecano.com\/cms\/wp-content\/uploads\/2022\/07\/20220710_200343.jpg\",\"datePublished\":\"2022-07-11T00:11:56+00:00\",\"dateModified\":\"2022-07-16T21:38:49+00:00\",\"breadcrumb\":{\"@id\":\"https:\/\/www.padreydecano.com\/cms\/partidos\/victoria-anulada\/#breadcrumb\"},\"inLanguage\":\"es\",\"potentialAction\":[{\"@type\":\"ReadAction\",\"target\":[\"https:\/\/www.padreydecano.com\/cms\/partidos\/victoria-anulada\/\"]}]},{\"@type\":\"ImageObject\",\"inLanguage\":\"es\",\"@id\":\"https:\/\/www.padreydecano.com\/cms\/partidos\/victoria-anulada\/#primaryimage\",\"url\":\"https:\/\/www.padreydecano.com\/cms\/wp-content\/uploads\/2022\/07\/20220710_200343.jpg\",\"contentUrl\":\"https:\/\/www.padreydecano.com\/cms\/wp-content\/uploads\/2022\/07\/20220710_200343.jpg\",\"width\":2048,\"height\":1366},{\"@type\":\"BreadcrumbList\",\"@id\":\"https:\/\/www.padreydecano.com\/cms\/partidos\/victoria-anulada\/#breadcrumb\",\"itemListElement\":[{\"@type\":\"ListItem\",\"position\":1,\"name\":\"Portada\",\"item\":\"https:\/\/www.padreydecano.com\/cms\/\"},{\"@type\":\"ListItem\",\"position\":2,\"name\":\"Victoria anulada\"}]},{\"@type\":\"WebSite\",\"@id\":\"https:\/\/www.padreydecano.com\/cms\/#website\",\"url\":\"https:\/\/www.padreydecano.com\/cms\/\",\"name\":\"Padre y Decano - El Sitio del Pueblo\",\"description\":\"Club Atl\u00e9tico Pe\u00f1arol\",\"publisher\":{\"@id\":\"https:\/\/www.padreydecano.com\/cms\/#organization\"},\"potentialAction\":[{\"@type\":\"SearchAction\",\"target\":{\"@type\":\"EntryPoint\",\"urlTemplate\":\"https:\/\/www.padreydecano.com\/cms\/?s={search_term_string}\"},\"query-input\":\"required name=search_term_string\"}],\"inLanguage\":\"es\"},{\"@type\":\"Organization\",\"@id\":\"https:\/\/www.padreydecano.com\/cms\/#organization\",\"name\":\"Padre y Decano\",\"url\":\"https:\/\/www.padreydecano.com\/cms\/\",\"logo\":{\"@type\":\"ImageObject\",\"inLanguage\":\"es\",\"@id\":\"https:\/\/www.padreydecano.com\/cms\/#\/schema\/logo\/image\/\",\"url\":\"https:\/\/www.padreydecano.com\/cms\/wp-content\/uploads\/2022\/01\/avatar-square.png\",\"contentUrl\":\"https:\/\/www.padreydecano.com\/cms\/wp-content\/uploads\/2022\/01\/avatar-square.png\",\"width\":1500,\"height\":1500,\"caption\":\"Padre y Decano\"},\"image\":{\"@id\":\"https:\/\/www.padreydecano.com\/cms\/#\/schema\/logo\/image\/\"}},{\"@type\":\"Person\",\"@id\":\"https:\/\/www.padreydecano.com\/cms\/#\/schema\/person\/37aae8f93aa78e4c5385497f056e3246\",\"name\":\"Redactores Padre y Decano\",\"image\":{\"@type\":\"ImageObject\",\"inLanguage\":\"es\",\"@id\":\"https:\/\/www.padreydecano.com\/cms\/#\/schema\/person\/image\/\",\"url\":\"https:\/\/secure.gravatar.com\/avatar\/8810c4b9081192b118b104af54549af8?s=96&d=https%3A%2F%2Fpadreydecano.com%2Fcms%2Fwp-content%2Fthemes%2Fpyd-theme%2Fimg%2Fdefault-avatar.png&r=g\",\"contentUrl\":\"https:\/\/secure.gravatar.com\/avatar\/8810c4b9081192b118b104af54549af8?s=96&d=https%3A%2F%2Fpadreydecano.com%2Fcms%2Fwp-content%2Fthemes%2Fpyd-theme%2Fimg%2Fdefault-avatar.png&r=g\",\"caption\":\"Redactores Padre y Decano\"},\"sameAs\":[\"http:\/\/www.padreydecano.com\"]}]}<\/script>\n<!-- \/ Yoast SEO plugin. -->","yoast_head_json":{"title":"Victoria anulada - Padre y Decano - El Sitio del Pueblo","robots":{"index":"index","follow":"follow","max-snippet":"max-snippet:-1","max-image-preview":"max-image-preview:large","max-video-preview":"max-video-preview:-1"},"canonical":"https:\/\/www.padreydecano.com\/cms\/partidos\/victoria-anulada\/","og_locale":"es_ES","og_type":"article","og_title":"Victoria anulada - Padre y Decano - El Sitio del Pueblo","og_description":"Pe\u00f1arol igual\u00f3 0 a 0 ante F\u00e9nix por la cuarta fecha del Torneo Intermedio 2022. En la \u00faltima jugada del partido el carbonero anot\u00f3 el gol de la victoria que posteriormente fue anulado por el VAR. El decano sigue atravesando un p\u00e9simo momento futbol\u00edstico. Se igual\u00f3 ante un d\u00e9bil equipo como F\u00e9nix y se lleg\u00f3 [&hellip;]","og_url":"https:\/\/www.padreydecano.com\/cms\/partidos\/victoria-anulada\/","og_site_name":"Padre y Decano - El Sitio del Pueblo","article_published_time":"2022-07-11T00:11:56+00:00","article_modified_time":"2022-07-16T21:38:49+00:00","og_image":[{"width":2048,"height":1366,"url":"https:\/\/www.padreydecano.com\/cms\/wp-content\/uploads\/2022\/07\/20220710_200343.jpg","type":"image\/jpeg"}],"author":"Redactores Padre y Decano","twitter_card":"summary_large_image","twitter_misc":{"Escrito por":"Redactores Padre y Decano","Tiempo de lectura":"3 minutos"},"schema":{"@context":"https:\/\/schema.org","@graph":[{"@type":"Article","@id":"https:\/\/www.padreydecano.com\/cms\/partidos\/victoria-anulada\/#article","isPartOf":{"@id":"https:\/\/www.padreydecano.com\/cms\/partidos\/victoria-anulada\/"},"author":{"name":"Redactores Padre y Decano","@id":"https:\/\/www.padreydecano.com\/cms\/#\/schema\/person\/37aae8f93aa78e4c5385497f056e3246"},"headline":"Victoria anulada","datePublished":"2022-07-11T00:11:56+00:00","dateModified":"2022-07-16T21:38:49+00:00","mainEntityOfPage":{"@id":"https:\/\/www.padreydecano.com\/cms\/partidos\/victoria-anulada\/"},"wordCount":573,"commentCount":109,"publisher":{"@id":"https:\/\/www.padreydecano.com\/cms\/#organization"},"image":{"@id":"https:\/\/www.padreydecano.com\/cms\/partidos\/victoria-anulada\/#primaryimage"},"thumbnailUrl":"https:\/\/www.padreydecano.com\/cms\/wp-content\/uploads\/2022\/07\/20220710_200343.jpg","keywords":["Campeonato Uruguayo 2022"],"articleSection":["Partidos"],"inLanguage":"es","potentialAction":[{"@type":"CommentAction","name":"Comment","target":["https:\/\/www.padreydecano.com\/cms\/partidos\/victoria-anulada\/#respond"]}]},{"@type":"WebPage","@id":"https:\/\/www.padreydecano.com\/cms\/partidos\/victoria-anulada\/","url":"https:\/\/www.padreydecano.com\/cms\/partidos\/victoria-anulada\/","name":"Victoria anulada - Padre y Decano - El Sitio del Pueblo","isPartOf":{"@id":"https:\/\/www.padreydecano.com\/cms\/#website"},"primaryImageOfPage":{"@id":"https:\/\/www.padreydecano.com\/cms\/partidos\/victoria-anulada\/#primaryimage"},"image":{"@id":"https:\/\/www.padreydecano.com\/cms\/partidos\/victoria-anulada\/#primaryimage"},"thumbnailUrl":"https:\/\/www.padreydecano.com\/cms\/wp-content\/uploads\/2022\/07\/20220710_200343.jpg","datePublished":"2022-07-11T00:11:56+00:00","dateModified":"2022-07-16T21:38:49+00:00","breadcrumb":{"@id":"https:\/\/www.padreydecano.com\/cms\/partidos\/victoria-anulada\/#breadcrumb"},"inLanguage":"es","potentialAction":[{"@type":"ReadAction","target":["https:\/\/www.padreydecano.com\/cms\/partidos\/victoria-anulada\/"]}]},{"@type":"ImageObject","inLanguage":"es","@id":"https:\/\/www.padreydecano.com\/cms\/partidos\/victoria-anulada\/#primaryimage","url":"https:\/\/www.padreydecano.com\/cms\/wp-content\/uploads\/2022\/07\/20220710_200343.jpg","contentUrl":"https:\/\/www.padreydecano.com\/cms\/wp-content\/uploads\/2022\/07\/20220710_200343.jpg","width":2048,"height":1366},{"@type":"BreadcrumbList","@id":"https:\/\/www.padreydecano.com\/cms\/partidos\/victoria-anulada\/#breadcrumb","itemListElement":[{"@type":"ListItem","position":1,"name":"Portada","item":"https:\/\/www.padreydecano.com\/cms\/"},{"@type":"ListItem","position":2,"name":"Victoria anulada"}]},{"@type":"WebSite","@id":"https:\/\/www.padreydecano.com\/cms\/#website","url":"https:\/\/www.padreydecano.com\/cms\/","name":"Padre y Decano - El Sitio del Pueblo","description":"Club Atl\u00e9tico Pe\u00f1arol","publisher":{"@id":"https:\/\/www.padreydecano.com\/cms\/#organization"},"potentialAction":[{"@type":"SearchAction","target":{"@type":"EntryPoint","urlTemplate":"https:\/\/www.padreydecano.com\/cms\/?s={search_term_string}"},"query-input":"required name=search_term_string"}],"inLanguage":"es"},{"@type":"Organization","@id":"https:\/\/www.padreydecano.com\/cms\/#organization","name":"Padre y Decano","url":"https:\/\/www.padreydecano.com\/cms\/","logo":{"@type":"ImageObject","inLanguage":"es","@id":"https:\/\/www.padreydecano.com\/cms\/#\/schema\/logo\/image\/","url":"https:\/\/www.padreydecano.com\/cms\/wp-content\/uploads\/2022\/01\/avatar-square.png","contentUrl":"https:\/\/www.padreydecano.com\/cms\/wp-content\/uploads\/2022\/01\/avatar-square.png","width":1500,"height":1500,"caption":"Padre y Decano"},"image":{"@id":"https:\/\/www.padreydecano.com\/cms\/#\/schema\/logo\/image\/"}},{"@type":"Person","@id":"https:\/\/www.padreydecano.com\/cms\/#\/schema\/person\/37aae8f93aa78e4c5385497f056e3246","name":"Redactores Padre y Decano","image":{"@type":"ImageObject","inLanguage":"es","@id":"https:\/\/www.padreydecano.com\/cms\/#\/schema\/person\/image\/","url":"https:\/\/secure.gravatar.com\/avatar\/8810c4b9081192b118b104af54549af8?s=96&d=https%3A%2F%2Fpadreydecano.com%2Fcms%2Fwp-content%2Fthemes%2Fpyd-theme%2Fimg%2Fdefault-avatar.png&r=g","contentUrl":"https:\/\/secure.gravatar.com\/avatar\/8810c4b9081192b118b104af54549af8?s=96&d=https%3A%2F%2Fpadreydecano.com%2Fcms%2Fwp-content%2Fthemes%2Fpyd-theme%2Fimg%2Fdefault-avatar.png&r=g","caption":"Redactores Padre y Decano"},"sameAs":["http:\/\/www.padreydecano.com"]}]}},"_links":{"self":[{"href":"https:\/\/www.padreydecano.com\/cms\/wp-json\/wp\/v2\/posts\/78812"}],"collection":[{"href":"https:\/\/www.padreydecano.com\/cms\/wp-json\/wp\/v2\/posts"}],"about":[{"href":"https:\/\/www.padreydecano.com\/cms\/wp-json\/wp\/v2\/types\/post"}],"author":[{"embeddable":true,"href":"https:\/\/www.padreydecano.com\/cms\/wp-json\/wp\/v2\/users\/27"}],"replies":[{"embeddable":true,"href":"https:\/\/www.padreydecano.com\/cms\/wp-json\/wp\/v2\/comments?post=78812"}],"version-history":[{"count":0,"href":"https:\/\/www.padreydecano.com\/cms\/wp-json\/wp\/v2\/posts\/78812\/revisions"}],"wp:featuredmedia":[{"embeddable":true,"href":"https:\/\/www.padreydecano.com\/cms\/wp-json\/wp\/v2\/media\/78813"}],"wp:attachment":[{"href":"https:\/\/www.padreydecano.com\/cms\/wp-json\/wp\/v2\/media?parent=78812"}],"wp:term":[{"taxonomy":"category","embeddable":true,"href":"https:\/\/www.padreydecano.com\/cms\/wp-json\/wp\/v2\/categories?post=78812"},{"taxonomy":"post_tag","embeddable":true,"href":"https:\/\/www.padreydecano.com\/cms\/wp-json\/wp\/v2\/tags?post=78812"}],"curies":[{"name":"wp","href":"https:\/\/api.w.org\/{rel}","templated":true}]}}