{"id":78679,"date":"2022-05-30T16:26:26","date_gmt":"2022-05-30T19:26:26","guid":{"rendered":"http:\/\/www.padreydecano.com\/cms\/?p=78679"},"modified":"2022-06-01T15:43:52","modified_gmt":"2022-06-01T18:43:52","slug":"por-empatar-la-serie","status":"publish","type":"post","link":"https:\/\/www.padreydecano.com\/cms\/basket\/por-empatar-la-serie\/","title":{"rendered":"Por empatar la serie"},"content":{"rendered":"<p><img loading=\"lazy\" decoding=\"async\" class=\"alignnone wp-image-78680 size-full\" src=\"https:\/\/www.padreydecano.com\/cms\/wp-content\/uploads\/2022\/05\/FT5CGO6X0AAItRg.jpg\" alt=\"\" width=\"2048\" height=\"1366\" srcset=\"https:\/\/www.padreydecano.com\/cms\/wp-content\/uploads\/2022\/05\/FT5CGO6X0AAItRg.jpg 2048w, https:\/\/www.padreydecano.com\/cms\/wp-content\/uploads\/2022\/05\/FT5CGO6X0AAItRg-600x400.jpg 600w, https:\/\/www.padreydecano.com\/cms\/wp-content\/uploads\/2022\/05\/FT5CGO6X0AAItRg-1024x683.jpg 1024w, https:\/\/www.padreydecano.com\/cms\/wp-content\/uploads\/2022\/05\/FT5CGO6X0AAItRg-768x512.jpg 768w, https:\/\/www.padreydecano.com\/cms\/wp-content\/uploads\/2022\/05\/FT5CGO6X0AAItRg-1536x1025.jpg 1536w, https:\/\/www.padreydecano.com\/cms\/wp-content\/uploads\/2022\/05\/FT5CGO6X0AAItRg-300x200.jpg 300w, https:\/\/www.padreydecano.com\/cms\/wp-content\/uploads\/2022\/05\/FT5CGO6X0AAItRg-128x85.jpg 128w, https:\/\/www.padreydecano.com\/cms\/wp-content\/uploads\/2022\/05\/FT5CGO6X0AAItRg-32x21.jpg 32w\" sizes=\"(max-width: 2048px) 100vw, 2048px\" \/><\/p>\n<p><strong>Desde las 21:15 Pe\u00f1arol y Bigu\u00e1 juegan el segundo punto de las Finales de la Liga Uruguaya de B\u00e1squetbol.<\/strong><\/p>\n<p>El equipo de Pablo L\u00f3pez va por su segunda presentaci\u00f3n en las finales. Con aspectos positivos de la primera, pese a la derrota. Momentos donde el trabajo defensivo tuvo puntos fuertes y fren\u00f3 a un equipo muy goleador. El debe estuvo en ofensiva, donde muchos jugadores importantes no estuvieron a tono, y este equipo necesita un poco de todos. Confianza plena en que van a levantar, se nota que hay convencimiento en el trabajo de todo el a\u00f1o.<\/p>\n<p>En frente Bigu\u00e1. Con todas sus armas. Si bien no se sinti\u00f3 c\u00f3modo con el tr\u00e1mite del primer juego, sin deslumbrar se termin\u00f3 llevando la victoria. Tiene jugadores de calidad que en cualquier momento pueden lastimar. Va a jugar con la tranquilidad de estar ganando la serie 1-0.<\/p>\n<p>El juego comienza a lasa 21:15 horas y va en vivo por VTV. Las entradas est\u00e1n disponibles a trav\u00e9s de Tickantel.<\/p>\n<p><img decoding=\"async\" src=\"https:\/\/pbs.twimg.com\/media\/FT9ywzIXEAExRAz?format=jpg&amp;name=large\" alt=\"Imagen\" \/><\/p>\n<div class=\"user-wrapper\"><a class=\"userlink\" href=\"https:\/\/twitter.com\/griegosebas\" target=\"_blank\"><figure><img decoding=\"async\" src=\"http:\/\/www.padreydecano.com\/cms\/wp-users-files\/postfirmas\/sebagriego.jpg\" \/><\/figure><p class=\"user\"><strong>Sebasti&aacute;n Griego<\/strong><br \/>@SebaGriego<\/p><\/a><\/div>\n","protected":false},"excerpt":{"rendered":"<p>Desde las 21:15 Pe\u00f1arol y Bigu\u00e1 juegan el segundo punto de las Finales de la Liga Uruguaya de B\u00e1squetbol. El equipo de Pablo L\u00f3pez va por su segunda presentaci\u00f3n en las finales. Con aspectos positivos de la primera, pese a la derrota. Momentos donde el trabajo defensivo tuvo puntos fuertes y fren\u00f3 a un equipo [&hellip;]<\/p>\n","protected":false},"author":27,"featured_media":78680,"comment_status":"open","ping_status":"closed","sticky":false,"template":"","format":"standard","meta":{"footnotes":""},"categories":[407],"tags":[563],"yoast_head":"<!-- This site is optimized with the Yoast SEO plugin v23.2 - https:\/\/yoast.com\/wordpress\/plugins\/seo\/ -->\n<title>Por empatar la serie - Padre y Decano - El Sitio del Pueblo<\/title>\n<meta name=\"robots\" content=\"index, follow, max-snippet:-1, max-image-preview:large, max-video-preview:-1\" \/>\n<link rel=\"canonical\" href=\"https:\/\/www.padreydecano.com\/cms\/basket\/por-empatar-la-serie\/\" \/>\n<meta property=\"og:locale\" content=\"es_ES\" \/>\n<meta property=\"og:type\" content=\"article\" \/>\n<meta property=\"og:title\" content=\"Por empatar la serie - Padre y Decano - El Sitio del Pueblo\" \/>\n<meta property=\"og:description\" content=\"Desde las 21:15 Pe\u00f1arol y Bigu\u00e1 juegan el segundo punto de las Finales de la Liga Uruguaya de B\u00e1squetbol. El equipo de Pablo L\u00f3pez va por su segunda presentaci\u00f3n en las finales. Con aspectos positivos de la primera, pese a la derrota. Momentos donde el trabajo defensivo tuvo puntos fuertes y fren\u00f3 a un equipo [&hellip;]\" \/>\n<meta property=\"og:url\" content=\"https:\/\/www.padreydecano.com\/cms\/basket\/por-empatar-la-serie\/\" \/>\n<meta property=\"og:site_name\" content=\"Padre y Decano - El Sitio del Pueblo\" \/>\n<meta property=\"article:published_time\" content=\"2022-05-30T19:26:26+00:00\" \/>\n<meta property=\"article:modified_time\" content=\"2022-06-01T18:43:52+00:00\" \/>\n<meta property=\"og:image\" content=\"https:\/\/www.padreydecano.com\/cms\/wp-content\/uploads\/2022\/05\/FT5CGO6X0AAItRg.jpg\" \/>\n\t<meta property=\"og:image:width\" content=\"2048\" \/>\n\t<meta property=\"og:image:height\" content=\"1366\" \/>\n\t<meta property=\"og:image:type\" content=\"image\/jpeg\" \/>\n<meta name=\"author\" content=\"Redactores Padre y Decano\" \/>\n<meta name=\"twitter:card\" content=\"summary_large_image\" \/>\n<meta name=\"twitter:label1\" content=\"Escrito por\" \/>\n\t<meta name=\"twitter:data1\" content=\"Redactores Padre y Decano\" \/>\n\t<meta name=\"twitter:label2\" content=\"Tiempo de lectura\" \/>\n\t<meta name=\"twitter:data2\" content=\"2 minutos\" \/>\n<script type=\"application\/ld+json\" class=\"yoast-schema-graph\">{\"@context\":\"https:\/\/schema.org\",\"@graph\":[{\"@type\":\"Article\",\"@id\":\"https:\/\/www.padreydecano.com\/cms\/basket\/por-empatar-la-serie\/#article\",\"isPartOf\":{\"@id\":\"https:\/\/www.padreydecano.com\/cms\/basket\/por-empatar-la-serie\/\"},\"author\":{\"name\":\"Redactores Padre y Decano\",\"@id\":\"https:\/\/www.padreydecano.com\/cms\/#\/schema\/person\/37aae8f93aa78e4c5385497f056e3246\"},\"headline\":\"Por empatar la serie\",\"datePublished\":\"2022-05-30T19:26:26+00:00\",\"dateModified\":\"2022-06-01T18:43:52+00:00\",\"mainEntityOfPage\":{\"@id\":\"https:\/\/www.padreydecano.com\/cms\/basket\/por-empatar-la-serie\/\"},\"wordCount\":178,\"commentCount\":3,\"publisher\":{\"@id\":\"https:\/\/www.padreydecano.com\/cms\/#organization\"},\"image\":{\"@id\":\"https:\/\/www.padreydecano.com\/cms\/basket\/por-empatar-la-serie\/#primaryimage\"},\"thumbnailUrl\":\"https:\/\/www.padreydecano.com\/cms\/wp-content\/uploads\/2022\/05\/FT5CGO6X0AAItRg.jpg\",\"keywords\":[\"LUB 2021\/2022\"],\"articleSection\":[\"Basket\"],\"inLanguage\":\"es\",\"potentialAction\":[{\"@type\":\"CommentAction\",\"name\":\"Comment\",\"target\":[\"https:\/\/www.padreydecano.com\/cms\/basket\/por-empatar-la-serie\/#respond\"]}]},{\"@type\":\"WebPage\",\"@id\":\"https:\/\/www.padreydecano.com\/cms\/basket\/por-empatar-la-serie\/\",\"url\":\"https:\/\/www.padreydecano.com\/cms\/basket\/por-empatar-la-serie\/\",\"name\":\"Por empatar la serie - Padre y Decano - El Sitio del Pueblo\",\"isPartOf\":{\"@id\":\"https:\/\/www.padreydecano.com\/cms\/#website\"},\"primaryImageOfPage\":{\"@id\":\"https:\/\/www.padreydecano.com\/cms\/basket\/por-empatar-la-serie\/#primaryimage\"},\"image\":{\"@id\":\"https:\/\/www.padreydecano.com\/cms\/basket\/por-empatar-la-serie\/#primaryimage\"},\"thumbnailUrl\":\"https:\/\/www.padreydecano.com\/cms\/wp-content\/uploads\/2022\/05\/FT5CGO6X0AAItRg.jpg\",\"datePublished\":\"2022-05-30T19:26:26+00:00\",\"dateModified\":\"2022-06-01T18:43:52+00:00\",\"breadcrumb\":{\"@id\":\"https:\/\/www.padreydecano.com\/cms\/basket\/por-empatar-la-serie\/#breadcrumb\"},\"inLanguage\":\"es\",\"potentialAction\":[{\"@type\":\"ReadAction\",\"target\":[\"https:\/\/www.padreydecano.com\/cms\/basket\/por-empatar-la-serie\/\"]}]},{\"@type\":\"ImageObject\",\"inLanguage\":\"es\",\"@id\":\"https:\/\/www.padreydecano.com\/cms\/basket\/por-empatar-la-serie\/#primaryimage\",\"url\":\"https:\/\/www.padreydecano.com\/cms\/wp-content\/uploads\/2022\/05\/FT5CGO6X0AAItRg.jpg\",\"contentUrl\":\"https:\/\/www.padreydecano.com\/cms\/wp-content\/uploads\/2022\/05\/FT5CGO6X0AAItRg.jpg\",\"width\":2048,\"height\":1366},{\"@type\":\"BreadcrumbList\",\"@id\":\"https:\/\/www.padreydecano.com\/cms\/basket\/por-empatar-la-serie\/#breadcrumb\",\"itemListElement\":[{\"@type\":\"ListItem\",\"position\":1,\"name\":\"Portada\",\"item\":\"https:\/\/www.padreydecano.com\/cms\/\"},{\"@type\":\"ListItem\",\"position\":2,\"name\":\"Por empatar la serie\"}]},{\"@type\":\"WebSite\",\"@id\":\"https:\/\/www.padreydecano.com\/cms\/#website\",\"url\":\"https:\/\/www.padreydecano.com\/cms\/\",\"name\":\"Padre y Decano - El Sitio del Pueblo\",\"description\":\"Club Atl\u00e9tico Pe\u00f1arol\",\"publisher\":{\"@id\":\"https:\/\/www.padreydecano.com\/cms\/#organization\"},\"potentialAction\":[{\"@type\":\"SearchAction\",\"target\":{\"@type\":\"EntryPoint\",\"urlTemplate\":\"https:\/\/www.padreydecano.com\/cms\/?s={search_term_string}\"},\"query-input\":\"required name=search_term_string\"}],\"inLanguage\":\"es\"},{\"@type\":\"Organization\",\"@id\":\"https:\/\/www.padreydecano.com\/cms\/#organization\",\"name\":\"Padre y Decano\",\"url\":\"https:\/\/www.padreydecano.com\/cms\/\",\"logo\":{\"@type\":\"ImageObject\",\"inLanguage\":\"es\",\"@id\":\"https:\/\/www.padreydecano.com\/cms\/#\/schema\/logo\/image\/\",\"url\":\"https:\/\/www.padreydecano.com\/cms\/wp-content\/uploads\/2022\/01\/avatar-square.png\",\"contentUrl\":\"https:\/\/www.padreydecano.com\/cms\/wp-content\/uploads\/2022\/01\/avatar-square.png\",\"width\":1500,\"height\":1500,\"caption\":\"Padre y Decano\"},\"image\":{\"@id\":\"https:\/\/www.padreydecano.com\/cms\/#\/schema\/logo\/image\/\"}},{\"@type\":\"Person\",\"@id\":\"https:\/\/www.padreydecano.com\/cms\/#\/schema\/person\/37aae8f93aa78e4c5385497f056e3246\",\"name\":\"Redactores Padre y Decano\",\"image\":{\"@type\":\"ImageObject\",\"inLanguage\":\"es\",\"@id\":\"https:\/\/www.padreydecano.com\/cms\/#\/schema\/person\/image\/\",\"url\":\"https:\/\/secure.gravatar.com\/avatar\/8810c4b9081192b118b104af54549af8?s=96&d=https%3A%2F%2Fpadreydecano.com%2Fcms%2Fwp-content%2Fthemes%2Fpyd-theme%2Fimg%2Fdefault-avatar.png&r=g\",\"contentUrl\":\"https:\/\/secure.gravatar.com\/avatar\/8810c4b9081192b118b104af54549af8?s=96&d=https%3A%2F%2Fpadreydecano.com%2Fcms%2Fwp-content%2Fthemes%2Fpyd-theme%2Fimg%2Fdefault-avatar.png&r=g\",\"caption\":\"Redactores Padre y Decano\"},\"sameAs\":[\"http:\/\/www.padreydecano.com\"]}]}<\/script>\n<!-- \/ Yoast SEO plugin. -->","yoast_head_json":{"title":"Por empatar la serie - Padre y Decano - El Sitio del Pueblo","robots":{"index":"index","follow":"follow","max-snippet":"max-snippet:-1","max-image-preview":"max-image-preview:large","max-video-preview":"max-video-preview:-1"},"canonical":"https:\/\/www.padreydecano.com\/cms\/basket\/por-empatar-la-serie\/","og_locale":"es_ES","og_type":"article","og_title":"Por empatar la serie - Padre y Decano - El Sitio del Pueblo","og_description":"Desde las 21:15 Pe\u00f1arol y Bigu\u00e1 juegan el segundo punto de las Finales de la Liga Uruguaya de B\u00e1squetbol. El equipo de Pablo L\u00f3pez va por su segunda presentaci\u00f3n en las finales. Con aspectos positivos de la primera, pese a la derrota. Momentos donde el trabajo defensivo tuvo puntos fuertes y fren\u00f3 a un equipo [&hellip;]","og_url":"https:\/\/www.padreydecano.com\/cms\/basket\/por-empatar-la-serie\/","og_site_name":"Padre y Decano - El Sitio del Pueblo","article_published_time":"2022-05-30T19:26:26+00:00","article_modified_time":"2022-06-01T18:43:52+00:00","og_image":[{"width":2048,"height":1366,"url":"https:\/\/www.padreydecano.com\/cms\/wp-content\/uploads\/2022\/05\/FT5CGO6X0AAItRg.jpg","type":"image\/jpeg"}],"author":"Redactores Padre y Decano","twitter_card":"summary_large_image","twitter_misc":{"Escrito por":"Redactores Padre y Decano","Tiempo de lectura":"2 minutos"},"schema":{"@context":"https:\/\/schema.org","@graph":[{"@type":"Article","@id":"https:\/\/www.padreydecano.com\/cms\/basket\/por-empatar-la-serie\/#article","isPartOf":{"@id":"https:\/\/www.padreydecano.com\/cms\/basket\/por-empatar-la-serie\/"},"author":{"name":"Redactores Padre y Decano","@id":"https:\/\/www.padreydecano.com\/cms\/#\/schema\/person\/37aae8f93aa78e4c5385497f056e3246"},"headline":"Por empatar la serie","datePublished":"2022-05-30T19:26:26+00:00","dateModified":"2022-06-01T18:43:52+00:00","mainEntityOfPage":{"@id":"https:\/\/www.padreydecano.com\/cms\/basket\/por-empatar-la-serie\/"},"wordCount":178,"commentCount":3,"publisher":{"@id":"https:\/\/www.padreydecano.com\/cms\/#organization"},"image":{"@id":"https:\/\/www.padreydecano.com\/cms\/basket\/por-empatar-la-serie\/#primaryimage"},"thumbnailUrl":"https:\/\/www.padreydecano.com\/cms\/wp-content\/uploads\/2022\/05\/FT5CGO6X0AAItRg.jpg","keywords":["LUB 2021\/2022"],"articleSection":["Basket"],"inLanguage":"es","potentialAction":[{"@type":"CommentAction","name":"Comment","target":["https:\/\/www.padreydecano.com\/cms\/basket\/por-empatar-la-serie\/#respond"]}]},{"@type":"WebPage","@id":"https:\/\/www.padreydecano.com\/cms\/basket\/por-empatar-la-serie\/","url":"https:\/\/www.padreydecano.com\/cms\/basket\/por-empatar-la-serie\/","name":"Por empatar la serie - Padre y Decano - El Sitio del Pueblo","isPartOf":{"@id":"https:\/\/www.padreydecano.com\/cms\/#website"},"primaryImageOfPage":{"@id":"https:\/\/www.padreydecano.com\/cms\/basket\/por-empatar-la-serie\/#primaryimage"},"image":{"@id":"https:\/\/www.padreydecano.com\/cms\/basket\/por-empatar-la-serie\/#primaryimage"},"thumbnailUrl":"https:\/\/www.padreydecano.com\/cms\/wp-content\/uploads\/2022\/05\/FT5CGO6X0AAItRg.jpg","datePublished":"2022-05-30T19:26:26+00:00","dateModified":"2022-06-01T18:43:52+00:00","breadcrumb":{"@id":"https:\/\/www.padreydecano.com\/cms\/basket\/por-empatar-la-serie\/#breadcrumb"},"inLanguage":"es","potentialAction":[{"@type":"ReadAction","target":["https:\/\/www.padreydecano.com\/cms\/basket\/por-empatar-la-serie\/"]}]},{"@type":"ImageObject","inLanguage":"es","@id":"https:\/\/www.padreydecano.com\/cms\/basket\/por-empatar-la-serie\/#primaryimage","url":"https:\/\/www.padreydecano.com\/cms\/wp-content\/uploads\/2022\/05\/FT5CGO6X0AAItRg.jpg","contentUrl":"https:\/\/www.padreydecano.com\/cms\/wp-content\/uploads\/2022\/05\/FT5CGO6X0AAItRg.jpg","width":2048,"height":1366},{"@type":"BreadcrumbList","@id":"https:\/\/www.padreydecano.com\/cms\/basket\/por-empatar-la-serie\/#breadcrumb","itemListElement":[{"@type":"ListItem","position":1,"name":"Portada","item":"https:\/\/www.padreydecano.com\/cms\/"},{"@type":"ListItem","position":2,"name":"Por empatar la serie"}]},{"@type":"WebSite","@id":"https:\/\/www.padreydecano.com\/cms\/#website","url":"https:\/\/www.padreydecano.com\/cms\/","name":"Padre y Decano - El Sitio del Pueblo","description":"Club Atl\u00e9tico Pe\u00f1arol","publisher":{"@id":"https:\/\/www.padreydecano.com\/cms\/#organization"},"potentialAction":[{"@type":"SearchAction","target":{"@type":"EntryPoint","urlTemplate":"https:\/\/www.padreydecano.com\/cms\/?s={search_term_string}"},"query-input":"required name=search_term_string"}],"inLanguage":"es"},{"@type":"Organization","@id":"https:\/\/www.padreydecano.com\/cms\/#organization","name":"Padre y Decano","url":"https:\/\/www.padreydecano.com\/cms\/","logo":{"@type":"ImageObject","inLanguage":"es","@id":"https:\/\/www.padreydecano.com\/cms\/#\/schema\/logo\/image\/","url":"https:\/\/www.padreydecano.com\/cms\/wp-content\/uploads\/2022\/01\/avatar-square.png","contentUrl":"https:\/\/www.padreydecano.com\/cms\/wp-content\/uploads\/2022\/01\/avatar-square.png","width":1500,"height":1500,"caption":"Padre y Decano"},"image":{"@id":"https:\/\/www.padreydecano.com\/cms\/#\/schema\/logo\/image\/"}},{"@type":"Person","@id":"https:\/\/www.padreydecano.com\/cms\/#\/schema\/person\/37aae8f93aa78e4c5385497f056e3246","name":"Redactores Padre y Decano","image":{"@type":"ImageObject","inLanguage":"es","@id":"https:\/\/www.padreydecano.com\/cms\/#\/schema\/person\/image\/","url":"https:\/\/secure.gravatar.com\/avatar\/8810c4b9081192b118b104af54549af8?s=96&d=https%3A%2F%2Fpadreydecano.com%2Fcms%2Fwp-content%2Fthemes%2Fpyd-theme%2Fimg%2Fdefault-avatar.png&r=g","contentUrl":"https:\/\/secure.gravatar.com\/avatar\/8810c4b9081192b118b104af54549af8?s=96&d=https%3A%2F%2Fpadreydecano.com%2Fcms%2Fwp-content%2Fthemes%2Fpyd-theme%2Fimg%2Fdefault-avatar.png&r=g","caption":"Redactores Padre y Decano"},"sameAs":["http:\/\/www.padreydecano.com"]}]}},"_links":{"self":[{"href":"https:\/\/www.padreydecano.com\/cms\/wp-json\/wp\/v2\/posts\/78679"}],"collection":[{"href":"https:\/\/www.padreydecano.com\/cms\/wp-json\/wp\/v2\/posts"}],"about":[{"href":"https:\/\/www.padreydecano.com\/cms\/wp-json\/wp\/v2\/types\/post"}],"author":[{"embeddable":true,"href":"https:\/\/www.padreydecano.com\/cms\/wp-json\/wp\/v2\/users\/27"}],"replies":[{"embeddable":true,"href":"https:\/\/www.padreydecano.com\/cms\/wp-json\/wp\/v2\/comments?post=78679"}],"version-history":[{"count":0,"href":"https:\/\/www.padreydecano.com\/cms\/wp-json\/wp\/v2\/posts\/78679\/revisions"}],"wp:featuredmedia":[{"embeddable":true,"href":"https:\/\/www.padreydecano.com\/cms\/wp-json\/wp\/v2\/media\/78680"}],"wp:attachment":[{"href":"https:\/\/www.padreydecano.com\/cms\/wp-json\/wp\/v2\/media?parent=78679"}],"wp:term":[{"taxonomy":"category","embeddable":true,"href":"https:\/\/www.padreydecano.com\/cms\/wp-json\/wp\/v2\/categories?post=78679"},{"taxonomy":"post_tag","embeddable":true,"href":"https:\/\/www.padreydecano.com\/cms\/wp-json\/wp\/v2\/tags?post=78679"}],"curies":[{"name":"wp","href":"https:\/\/api.w.org\/{rel}","templated":true}]}}