{"id":78606,"date":"2022-05-18T17:20:35","date_gmt":"2022-05-18T20:20:35","guid":{"rendered":"http:\/\/www.padreydecano.com\/cms\/?p=78606"},"modified":"2022-05-20T17:43:41","modified_gmt":"2022-05-20T20:43:41","slug":"tan-acostumbrado-a-no-ser-2","status":"publish","type":"post","link":"https:\/\/www.padreydecano.com\/cms\/noticias\/tan-acostumbrado-a-no-ser-2\/","title":{"rendered":"Tan acostumbrado a no ser\u00a0"},"content":{"rendered":"<p><img loading=\"lazy\" decoding=\"async\" class=\"alignnone size-medium wp-image-78608\" src=\"https:\/\/www.padreydecano.com\/cms\/wp-content\/uploads\/2022\/05\/20220518_171926-600x400.jpg\" alt=\"\" width=\"600\" height=\"400\" srcset=\"https:\/\/www.padreydecano.com\/cms\/wp-content\/uploads\/2022\/05\/20220518_171926-600x400.jpg 600w, https:\/\/www.padreydecano.com\/cms\/wp-content\/uploads\/2022\/05\/20220518_171926-768x512.jpg 768w, https:\/\/www.padreydecano.com\/cms\/wp-content\/uploads\/2022\/05\/20220518_171926-300x200.jpg 300w, https:\/\/www.padreydecano.com\/cms\/wp-content\/uploads\/2022\/05\/20220518_171926-128x85.jpg 128w, https:\/\/www.padreydecano.com\/cms\/wp-content\/uploads\/2022\/05\/20220518_171926-32x21.jpg 32w, https:\/\/www.padreydecano.com\/cms\/wp-content\/uploads\/2022\/05\/20220518_171926.jpg 933w\" sizes=\"(max-width: 600px) 100vw, 600px\" \/><\/p>\n<p><strong>Pe\u00f1arol qued\u00f3 nuevamente eliminado de la Copa Libertadores en la fase de grupos. El Decano no clasifica a los octavos de final de la copa mas importante del continente hace 11 a\u00f1os.<\/strong><\/p>\n<p>El primer campe\u00f3n, el segundo campe\u00f3n, el penta campe\u00f3n de Am\u00e9rica que cuenta con los 3 m\u00e1ximos goleadores de la competencia, la m\u00e1xima goleada y se encuentra en el top de tantos r\u00e9cords del trofeo continental m\u00e1s importante, nuevamente fracasa en este siglo en la competencia.<\/p>\n<p>Si hablamos del Pe\u00f1arol del Siglo 20 y del Pe\u00f1arol del Siglo 21 parecen dos clubes totalmente diferentes.<\/p>\n<p>El primero un equipo top de Am\u00e9rica, con los mejores jugadores del continente en sus filas, arrasador de local y de visitante, siempre presente en las fases finales de la Copa y siendo el equipo al cual todos los rivales quer\u00edan evitar.<\/p>\n<p>El segundo es lo opuesto por donde se lo mire. Un equipo que incluso se ausent\u00f3 en ediciones de la Copa, por varios a\u00f1os seguidos, que es el m\u00e1s goleado de lo que va del siglo, le cuesta una enormidad ganar de visitante, solamente pas\u00f3 en 2 oportunidades la fase de grupos y se perdi\u00f3 ese miedo de enfrentar al carbonero en una competencia sumamente representativa para la historia del Club.<\/p>\n<p>Un equipo que en 41 a\u00f1os gan\u00f3 5 ediciones de Copa, culmin\u00f3 segundo en 4 oportunidades y lleg\u00f3 a las semifinales del torneo en otras 10 ediciones (llegando a octavos y cuartos en 7 ocasiones m\u00e1s) pas\u00f3 a en 21 a\u00f1os superar la fase de grupos en 2 oportunidades, no clasificar a la copa en 6 temporadas, perdi\u00f3 la clasificaci\u00f3n en prelibertadores en 2 y qued\u00f3 \u00faltimo del grupo en 3 oportunidades. En las restantes participaciones culmin\u00f3 en la tercera posici\u00f3n. De las 2 veces que super\u00f3 la fase de grupos, Pe\u00f1arol lleg\u00f3 a cuartos de final cayendo ante San Caetano en 2002 y perdiendo la final de la Copa Libertadores ante Santos en 2011.<\/p>\n<p>Adem\u00e1s, en m\u00e1s de una oportunidad el equipo lleg\u00f3 (como en la presente edici\u00f3n) a la \u00faltima fecha del grupo sin chances de clasificarse a la siguiente ronda.<\/p>\n<p>A\u00f1os dif\u00edciles para la instituci\u00f3n en el \u00e1mbito internacional. A\u00f1o tras a\u00f1o el plantel sufre la presi\u00f3n de clasificar a la siguiente fase y se va acumulando, as\u00ed sea otro plantel, entrenador e incluso directiva, la presi\u00f3n es cada vez m\u00e1s, al igual que la desilusi\u00f3n del hincha que quiere ver al Club donde se merece estar.<\/p>\n<p>Un equipo tan acostumbrado a no ser lo que alguna vez fue, un equipo copero del continente que todos quer\u00edan evitar y que siempre se met\u00eda en las fases definitorias.<\/p>\n<div class=\"user-wrapper\"><a class=\"userlink\"href=\"https:\/\/twitter.com\/ftrucce18\" target=\"_blank\"><figure><img decoding=\"async\" src=\"http:\/\/www.padreydecano.com\/cms\/wp-users-files\/postfirmas\/ftrucce.jpg\" \/><\/figure><p class=\"user\"><strong>Franco Trucce<\/strong><br \/>@FTrucce18<\/p><\/a><\/div>\n","protected":false},"excerpt":{"rendered":"<p>Pe\u00f1arol qued\u00f3 nuevamente eliminado de la Copa Libertadores en la fase de grupos. El Decano no clasifica a los octavos de final de la copa mas importante del continente hace 11 a\u00f1os. El primer campe\u00f3n, el segundo campe\u00f3n, el penta campe\u00f3n de Am\u00e9rica que cuenta con los 3 m\u00e1ximos goleadores de la competencia, la m\u00e1xima [&hellip;]<\/p>\n","protected":false},"author":27,"featured_media":78608,"comment_status":"open","ping_status":"closed","sticky":false,"template":"","format":"standard","meta":{"footnotes":""},"categories":[1],"tags":[569],"yoast_head":"<!-- This site is optimized with the Yoast SEO plugin v23.2 - https:\/\/yoast.com\/wordpress\/plugins\/seo\/ -->\n<title>Tan acostumbrado a no ser\u00a0 - Padre y Decano - El Sitio del Pueblo<\/title>\n<meta name=\"robots\" content=\"index, follow, max-snippet:-1, max-image-preview:large, max-video-preview:-1\" \/>\n<link rel=\"canonical\" href=\"https:\/\/www.padreydecano.com\/cms\/noticias\/tan-acostumbrado-a-no-ser-2\/\" \/>\n<meta property=\"og:locale\" content=\"es_ES\" \/>\n<meta property=\"og:type\" content=\"article\" \/>\n<meta property=\"og:title\" content=\"Tan acostumbrado a no ser\u00a0 - Padre y Decano - El Sitio del Pueblo\" \/>\n<meta property=\"og:description\" content=\"Pe\u00f1arol qued\u00f3 nuevamente eliminado de la Copa Libertadores en la fase de grupos. El Decano no clasifica a los octavos de final de la copa mas importante del continente hace 11 a\u00f1os. El primer campe\u00f3n, el segundo campe\u00f3n, el penta campe\u00f3n de Am\u00e9rica que cuenta con los 3 m\u00e1ximos goleadores de la competencia, la m\u00e1xima [&hellip;]\" \/>\n<meta property=\"og:url\" content=\"https:\/\/www.padreydecano.com\/cms\/noticias\/tan-acostumbrado-a-no-ser-2\/\" \/>\n<meta property=\"og:site_name\" content=\"Padre y Decano - El Sitio del Pueblo\" \/>\n<meta property=\"article:published_time\" content=\"2022-05-18T20:20:35+00:00\" \/>\n<meta property=\"article:modified_time\" content=\"2022-05-20T20:43:41+00:00\" \/>\n<meta property=\"og:image\" content=\"https:\/\/www.padreydecano.com\/cms\/wp-content\/uploads\/2022\/05\/20220518_171926.jpg\" \/>\n\t<meta property=\"og:image:width\" content=\"933\" \/>\n\t<meta property=\"og:image:height\" content=\"622\" \/>\n\t<meta property=\"og:image:type\" content=\"image\/jpeg\" \/>\n<meta name=\"author\" content=\"Redactores Padre y Decano\" \/>\n<meta name=\"twitter:card\" content=\"summary_large_image\" \/>\n<meta name=\"twitter:label1\" content=\"Escrito por\" \/>\n\t<meta name=\"twitter:data1\" content=\"Redactores Padre y Decano\" \/>\n\t<meta name=\"twitter:label2\" content=\"Tiempo de lectura\" \/>\n\t<meta name=\"twitter:data2\" content=\"3 minutos\" \/>\n<script type=\"application\/ld+json\" class=\"yoast-schema-graph\">{\"@context\":\"https:\/\/schema.org\",\"@graph\":[{\"@type\":\"Article\",\"@id\":\"https:\/\/www.padreydecano.com\/cms\/noticias\/tan-acostumbrado-a-no-ser-2\/#article\",\"isPartOf\":{\"@id\":\"https:\/\/www.padreydecano.com\/cms\/noticias\/tan-acostumbrado-a-no-ser-2\/\"},\"author\":{\"name\":\"Redactores Padre y Decano\",\"@id\":\"https:\/\/www.padreydecano.com\/cms\/#\/schema\/person\/37aae8f93aa78e4c5385497f056e3246\"},\"headline\":\"Tan acostumbrado a no ser\u00a0\",\"datePublished\":\"2022-05-18T20:20:35+00:00\",\"dateModified\":\"2022-05-20T20:43:41+00:00\",\"mainEntityOfPage\":{\"@id\":\"https:\/\/www.padreydecano.com\/cms\/noticias\/tan-acostumbrado-a-no-ser-2\/\"},\"wordCount\":463,\"commentCount\":20,\"publisher\":{\"@id\":\"https:\/\/www.padreydecano.com\/cms\/#organization\"},\"image\":{\"@id\":\"https:\/\/www.padreydecano.com\/cms\/noticias\/tan-acostumbrado-a-no-ser-2\/#primaryimage\"},\"thumbnailUrl\":\"https:\/\/www.padreydecano.com\/cms\/wp-content\/uploads\/2022\/05\/20220518_171926.jpg\",\"keywords\":[\"Copa Libertadores 2022\"],\"articleSection\":[\"Noticias\"],\"inLanguage\":\"es\",\"potentialAction\":[{\"@type\":\"CommentAction\",\"name\":\"Comment\",\"target\":[\"https:\/\/www.padreydecano.com\/cms\/noticias\/tan-acostumbrado-a-no-ser-2\/#respond\"]}]},{\"@type\":\"WebPage\",\"@id\":\"https:\/\/www.padreydecano.com\/cms\/noticias\/tan-acostumbrado-a-no-ser-2\/\",\"url\":\"https:\/\/www.padreydecano.com\/cms\/noticias\/tan-acostumbrado-a-no-ser-2\/\",\"name\":\"Tan acostumbrado a no ser\u00a0 - Padre y Decano - El Sitio del Pueblo\",\"isPartOf\":{\"@id\":\"https:\/\/www.padreydecano.com\/cms\/#website\"},\"primaryImageOfPage\":{\"@id\":\"https:\/\/www.padreydecano.com\/cms\/noticias\/tan-acostumbrado-a-no-ser-2\/#primaryimage\"},\"image\":{\"@id\":\"https:\/\/www.padreydecano.com\/cms\/noticias\/tan-acostumbrado-a-no-ser-2\/#primaryimage\"},\"thumbnailUrl\":\"https:\/\/www.padreydecano.com\/cms\/wp-content\/uploads\/2022\/05\/20220518_171926.jpg\",\"datePublished\":\"2022-05-18T20:20:35+00:00\",\"dateModified\":\"2022-05-20T20:43:41+00:00\",\"breadcrumb\":{\"@id\":\"https:\/\/www.padreydecano.com\/cms\/noticias\/tan-acostumbrado-a-no-ser-2\/#breadcrumb\"},\"inLanguage\":\"es\",\"potentialAction\":[{\"@type\":\"ReadAction\",\"target\":[\"https:\/\/www.padreydecano.com\/cms\/noticias\/tan-acostumbrado-a-no-ser-2\/\"]}]},{\"@type\":\"ImageObject\",\"inLanguage\":\"es\",\"@id\":\"https:\/\/www.padreydecano.com\/cms\/noticias\/tan-acostumbrado-a-no-ser-2\/#primaryimage\",\"url\":\"https:\/\/www.padreydecano.com\/cms\/wp-content\/uploads\/2022\/05\/20220518_171926.jpg\",\"contentUrl\":\"https:\/\/www.padreydecano.com\/cms\/wp-content\/uploads\/2022\/05\/20220518_171926.jpg\",\"width\":933,\"height\":622},{\"@type\":\"BreadcrumbList\",\"@id\":\"https:\/\/www.padreydecano.com\/cms\/noticias\/tan-acostumbrado-a-no-ser-2\/#breadcrumb\",\"itemListElement\":[{\"@type\":\"ListItem\",\"position\":1,\"name\":\"Portada\",\"item\":\"https:\/\/www.padreydecano.com\/cms\/\"},{\"@type\":\"ListItem\",\"position\":2,\"name\":\"Tan acostumbrado a no ser\u00a0\"}]},{\"@type\":\"WebSite\",\"@id\":\"https:\/\/www.padreydecano.com\/cms\/#website\",\"url\":\"https:\/\/www.padreydecano.com\/cms\/\",\"name\":\"Padre y Decano - El Sitio del Pueblo\",\"description\":\"Club Atl\u00e9tico Pe\u00f1arol\",\"publisher\":{\"@id\":\"https:\/\/www.padreydecano.com\/cms\/#organization\"},\"potentialAction\":[{\"@type\":\"SearchAction\",\"target\":{\"@type\":\"EntryPoint\",\"urlTemplate\":\"https:\/\/www.padreydecano.com\/cms\/?s={search_term_string}\"},\"query-input\":\"required name=search_term_string\"}],\"inLanguage\":\"es\"},{\"@type\":\"Organization\",\"@id\":\"https:\/\/www.padreydecano.com\/cms\/#organization\",\"name\":\"Padre y Decano\",\"url\":\"https:\/\/www.padreydecano.com\/cms\/\",\"logo\":{\"@type\":\"ImageObject\",\"inLanguage\":\"es\",\"@id\":\"https:\/\/www.padreydecano.com\/cms\/#\/schema\/logo\/image\/\",\"url\":\"https:\/\/www.padreydecano.com\/cms\/wp-content\/uploads\/2022\/01\/avatar-square.png\",\"contentUrl\":\"https:\/\/www.padreydecano.com\/cms\/wp-content\/uploads\/2022\/01\/avatar-square.png\",\"width\":1500,\"height\":1500,\"caption\":\"Padre y Decano\"},\"image\":{\"@id\":\"https:\/\/www.padreydecano.com\/cms\/#\/schema\/logo\/image\/\"}},{\"@type\":\"Person\",\"@id\":\"https:\/\/www.padreydecano.com\/cms\/#\/schema\/person\/37aae8f93aa78e4c5385497f056e3246\",\"name\":\"Redactores Padre y Decano\",\"image\":{\"@type\":\"ImageObject\",\"inLanguage\":\"es\",\"@id\":\"https:\/\/www.padreydecano.com\/cms\/#\/schema\/person\/image\/\",\"url\":\"https:\/\/secure.gravatar.com\/avatar\/8810c4b9081192b118b104af54549af8?s=96&d=https%3A%2F%2Fpadreydecano.com%2Fcms%2Fwp-content%2Fthemes%2Fpyd-theme%2Fimg%2Fdefault-avatar.png&r=g\",\"contentUrl\":\"https:\/\/secure.gravatar.com\/avatar\/8810c4b9081192b118b104af54549af8?s=96&d=https%3A%2F%2Fpadreydecano.com%2Fcms%2Fwp-content%2Fthemes%2Fpyd-theme%2Fimg%2Fdefault-avatar.png&r=g\",\"caption\":\"Redactores Padre y Decano\"},\"sameAs\":[\"http:\/\/www.padreydecano.com\"]}]}<\/script>\n<!-- \/ Yoast SEO plugin. -->","yoast_head_json":{"title":"Tan acostumbrado a no ser\u00a0 - Padre y Decano - El Sitio del Pueblo","robots":{"index":"index","follow":"follow","max-snippet":"max-snippet:-1","max-image-preview":"max-image-preview:large","max-video-preview":"max-video-preview:-1"},"canonical":"https:\/\/www.padreydecano.com\/cms\/noticias\/tan-acostumbrado-a-no-ser-2\/","og_locale":"es_ES","og_type":"article","og_title":"Tan acostumbrado a no ser\u00a0 - Padre y Decano - El Sitio del Pueblo","og_description":"Pe\u00f1arol qued\u00f3 nuevamente eliminado de la Copa Libertadores en la fase de grupos. El Decano no clasifica a los octavos de final de la copa mas importante del continente hace 11 a\u00f1os. El primer campe\u00f3n, el segundo campe\u00f3n, el penta campe\u00f3n de Am\u00e9rica que cuenta con los 3 m\u00e1ximos goleadores de la competencia, la m\u00e1xima [&hellip;]","og_url":"https:\/\/www.padreydecano.com\/cms\/noticias\/tan-acostumbrado-a-no-ser-2\/","og_site_name":"Padre y Decano - El Sitio del Pueblo","article_published_time":"2022-05-18T20:20:35+00:00","article_modified_time":"2022-05-20T20:43:41+00:00","og_image":[{"width":933,"height":622,"url":"https:\/\/www.padreydecano.com\/cms\/wp-content\/uploads\/2022\/05\/20220518_171926.jpg","type":"image\/jpeg"}],"author":"Redactores Padre y Decano","twitter_card":"summary_large_image","twitter_misc":{"Escrito por":"Redactores Padre y Decano","Tiempo de lectura":"3 minutos"},"schema":{"@context":"https:\/\/schema.org","@graph":[{"@type":"Article","@id":"https:\/\/www.padreydecano.com\/cms\/noticias\/tan-acostumbrado-a-no-ser-2\/#article","isPartOf":{"@id":"https:\/\/www.padreydecano.com\/cms\/noticias\/tan-acostumbrado-a-no-ser-2\/"},"author":{"name":"Redactores Padre y Decano","@id":"https:\/\/www.padreydecano.com\/cms\/#\/schema\/person\/37aae8f93aa78e4c5385497f056e3246"},"headline":"Tan acostumbrado a no ser\u00a0","datePublished":"2022-05-18T20:20:35+00:00","dateModified":"2022-05-20T20:43:41+00:00","mainEntityOfPage":{"@id":"https:\/\/www.padreydecano.com\/cms\/noticias\/tan-acostumbrado-a-no-ser-2\/"},"wordCount":463,"commentCount":20,"publisher":{"@id":"https:\/\/www.padreydecano.com\/cms\/#organization"},"image":{"@id":"https:\/\/www.padreydecano.com\/cms\/noticias\/tan-acostumbrado-a-no-ser-2\/#primaryimage"},"thumbnailUrl":"https:\/\/www.padreydecano.com\/cms\/wp-content\/uploads\/2022\/05\/20220518_171926.jpg","keywords":["Copa Libertadores 2022"],"articleSection":["Noticias"],"inLanguage":"es","potentialAction":[{"@type":"CommentAction","name":"Comment","target":["https:\/\/www.padreydecano.com\/cms\/noticias\/tan-acostumbrado-a-no-ser-2\/#respond"]}]},{"@type":"WebPage","@id":"https:\/\/www.padreydecano.com\/cms\/noticias\/tan-acostumbrado-a-no-ser-2\/","url":"https:\/\/www.padreydecano.com\/cms\/noticias\/tan-acostumbrado-a-no-ser-2\/","name":"Tan acostumbrado a no ser\u00a0 - Padre y Decano - El Sitio del Pueblo","isPartOf":{"@id":"https:\/\/www.padreydecano.com\/cms\/#website"},"primaryImageOfPage":{"@id":"https:\/\/www.padreydecano.com\/cms\/noticias\/tan-acostumbrado-a-no-ser-2\/#primaryimage"},"image":{"@id":"https:\/\/www.padreydecano.com\/cms\/noticias\/tan-acostumbrado-a-no-ser-2\/#primaryimage"},"thumbnailUrl":"https:\/\/www.padreydecano.com\/cms\/wp-content\/uploads\/2022\/05\/20220518_171926.jpg","datePublished":"2022-05-18T20:20:35+00:00","dateModified":"2022-05-20T20:43:41+00:00","breadcrumb":{"@id":"https:\/\/www.padreydecano.com\/cms\/noticias\/tan-acostumbrado-a-no-ser-2\/#breadcrumb"},"inLanguage":"es","potentialAction":[{"@type":"ReadAction","target":["https:\/\/www.padreydecano.com\/cms\/noticias\/tan-acostumbrado-a-no-ser-2\/"]}]},{"@type":"ImageObject","inLanguage":"es","@id":"https:\/\/www.padreydecano.com\/cms\/noticias\/tan-acostumbrado-a-no-ser-2\/#primaryimage","url":"https:\/\/www.padreydecano.com\/cms\/wp-content\/uploads\/2022\/05\/20220518_171926.jpg","contentUrl":"https:\/\/www.padreydecano.com\/cms\/wp-content\/uploads\/2022\/05\/20220518_171926.jpg","width":933,"height":622},{"@type":"BreadcrumbList","@id":"https:\/\/www.padreydecano.com\/cms\/noticias\/tan-acostumbrado-a-no-ser-2\/#breadcrumb","itemListElement":[{"@type":"ListItem","position":1,"name":"Portada","item":"https:\/\/www.padreydecano.com\/cms\/"},{"@type":"ListItem","position":2,"name":"Tan acostumbrado a no ser\u00a0"}]},{"@type":"WebSite","@id":"https:\/\/www.padreydecano.com\/cms\/#website","url":"https:\/\/www.padreydecano.com\/cms\/","name":"Padre y Decano - El Sitio del Pueblo","description":"Club Atl\u00e9tico Pe\u00f1arol","publisher":{"@id":"https:\/\/www.padreydecano.com\/cms\/#organization"},"potentialAction":[{"@type":"SearchAction","target":{"@type":"EntryPoint","urlTemplate":"https:\/\/www.padreydecano.com\/cms\/?s={search_term_string}"},"query-input":"required name=search_term_string"}],"inLanguage":"es"},{"@type":"Organization","@id":"https:\/\/www.padreydecano.com\/cms\/#organization","name":"Padre y Decano","url":"https:\/\/www.padreydecano.com\/cms\/","logo":{"@type":"ImageObject","inLanguage":"es","@id":"https:\/\/www.padreydecano.com\/cms\/#\/schema\/logo\/image\/","url":"https:\/\/www.padreydecano.com\/cms\/wp-content\/uploads\/2022\/01\/avatar-square.png","contentUrl":"https:\/\/www.padreydecano.com\/cms\/wp-content\/uploads\/2022\/01\/avatar-square.png","width":1500,"height":1500,"caption":"Padre y Decano"},"image":{"@id":"https:\/\/www.padreydecano.com\/cms\/#\/schema\/logo\/image\/"}},{"@type":"Person","@id":"https:\/\/www.padreydecano.com\/cms\/#\/schema\/person\/37aae8f93aa78e4c5385497f056e3246","name":"Redactores Padre y Decano","image":{"@type":"ImageObject","inLanguage":"es","@id":"https:\/\/www.padreydecano.com\/cms\/#\/schema\/person\/image\/","url":"https:\/\/secure.gravatar.com\/avatar\/8810c4b9081192b118b104af54549af8?s=96&d=https%3A%2F%2Fpadreydecano.com%2Fcms%2Fwp-content%2Fthemes%2Fpyd-theme%2Fimg%2Fdefault-avatar.png&r=g","contentUrl":"https:\/\/secure.gravatar.com\/avatar\/8810c4b9081192b118b104af54549af8?s=96&d=https%3A%2F%2Fpadreydecano.com%2Fcms%2Fwp-content%2Fthemes%2Fpyd-theme%2Fimg%2Fdefault-avatar.png&r=g","caption":"Redactores Padre y Decano"},"sameAs":["http:\/\/www.padreydecano.com"]}]}},"_links":{"self":[{"href":"https:\/\/www.padreydecano.com\/cms\/wp-json\/wp\/v2\/posts\/78606"}],"collection":[{"href":"https:\/\/www.padreydecano.com\/cms\/wp-json\/wp\/v2\/posts"}],"about":[{"href":"https:\/\/www.padreydecano.com\/cms\/wp-json\/wp\/v2\/types\/post"}],"author":[{"embeddable":true,"href":"https:\/\/www.padreydecano.com\/cms\/wp-json\/wp\/v2\/users\/27"}],"replies":[{"embeddable":true,"href":"https:\/\/www.padreydecano.com\/cms\/wp-json\/wp\/v2\/comments?post=78606"}],"version-history":[{"count":0,"href":"https:\/\/www.padreydecano.com\/cms\/wp-json\/wp\/v2\/posts\/78606\/revisions"}],"wp:featuredmedia":[{"embeddable":true,"href":"https:\/\/www.padreydecano.com\/cms\/wp-json\/wp\/v2\/media\/78608"}],"wp:attachment":[{"href":"https:\/\/www.padreydecano.com\/cms\/wp-json\/wp\/v2\/media?parent=78606"}],"wp:term":[{"taxonomy":"category","embeddable":true,"href":"https:\/\/www.padreydecano.com\/cms\/wp-json\/wp\/v2\/categories?post=78606"},{"taxonomy":"post_tag","embeddable":true,"href":"https:\/\/www.padreydecano.com\/cms\/wp-json\/wp\/v2\/tags?post=78606"}],"curies":[{"name":"wp","href":"https:\/\/api.w.org\/{rel}","templated":true}]}}