{"id":7850,"date":"2011-11-05T20:16:32","date_gmt":"2011-11-05T22:16:32","guid":{"rendered":"http:\/\/www.padreydecano.com\/cms\/?p=7850"},"modified":"2012-06-08T00:58:16","modified_gmt":"2012-06-08T03:58:16","slug":"se-fue-el-invicto","status":"publish","type":"post","link":"https:\/\/www.padreydecano.com\/cms\/partidos\/se-fue-el-invicto\/","title":{"rendered":"Se fue el invicto"},"content":{"rendered":"<p style=\"text-align: justify;\"><img loading=\"lazy\" decoding=\"async\" class=\"alignleft size-medium wp-image-7852\" title=\"\" src=\"https:\/\/www.padreydecano.com\/cms\/wp-content\/uploads\/2011\/11\/Liverpool-3-Pe\u00f1arol-0-2-300x173.jpg\" alt=\"\" width=\"300\" height=\"173\" srcset=\"https:\/\/www.padreydecano.com\/cms\/wp-content\/uploads\/2011\/11\/Liverpool-3-Pe\u00f1arol-0-2-300x173.jpg 300w, https:\/\/www.padreydecano.com\/cms\/wp-content\/uploads\/2011\/11\/Liverpool-3-Pe\u00f1arol-0-2.jpg 569w\" sizes=\"(max-width: 300px) 100vw, 300px\" \/>Luego del receso por los Juegos Panamericanos, ca\u00edmos derrotados ante Liverpool por 3 a 0 y de esta manera perdimos el invicto. Una dura derrota cuando quedan solo 4 fechas para la finalizaci\u00f3n del torneo. <strong>El arbitraje de Cardelino fue impresentable<\/strong>, con un clar\u00edsimo penal a Joao Pedro a los 15 minutos de juego que pudo haber cambiado el tr\u00e1mite. Lo positivo de la jornada es que <strong>nuestro escolta tambi\u00e9n cay\u00f3<\/strong>, por lo que seguimos manteniendo la punta del Apertura.<\/p>\n<p>Cap\u00edtulo aparte para lo que fue la indumentaria del primer equipo. En la jornada de hoy <strong><\/strong>, completamente amarillo.<\/p>\n<p style=\"text-align: justify;\">En cuanto al partido, hay que mencionar que fueron dos tiempos completamente distintos. En el primer tiempo, Marcelo Zalayeta fue quien tuvo las dos jugadas m\u00e1s claras, pero el arquero de Liverpool estaba en su tarde, y ataj\u00f3 ambos remates espectacularmente. Adem\u00e1s, Joao Pedro ingres\u00f3 en el \u00e1rea y fue derribado, pero el \u00e1rbitro incre\u00edblemente cobr\u00f3 simulaci\u00f3n y amonest\u00f3 al brasilero. Manejamos bien el bal\u00f3n pero no estuvimos finos en la definici\u00f3n, y por eso nunca concretamos. Por su parte, Liverpool tuvo tambi\u00e9n un par de llegadas que no supo concretar. Sobre el final del primer tiempo, logr\u00f3 abrir el marcador.<\/p>\n<p style=\"text-align: justify;\">En el segundo tiempo, el nivel futbol\u00edstico carbonero decreci\u00f3 notoriamente. La \u00fanica forma que llegamos al arco rival fue por intermedio de dos remates de larga distancia, uno de Torres y otro de Rosano, que el arquero negriazul supo resolver en buena forma mand\u00e1ndola al corner. Tambi\u00e9n tuvimos una dentro del \u00e1rea, pero el entrevero de piernas y rebotes favoreci\u00f3 a Liverpool. El segundo de ellos lleg\u00f3 luego de un saque lateral y la pasividad de la defensa carbonera. Pe\u00f1arol intent\u00f3 buscar el descuento pero qued\u00f3 completamente regalado atr\u00e1s y de esa manera lleg\u00f3 el tercero de contragolpe.<\/p>\n<p style=\"text-align: justify;\">Una dura derrota del equipo dirigido por Gregorio P\u00e9rez. La tabla se est\u00e1 apretando cada vez m\u00e1s, ya que Cerro tambi\u00e9n perdi\u00f3 y ayer Danubio gan\u00f3. Quedar\u00e1n 4 fechas apasionantes donde iremos por el campeonato: Wanderers, Cl\u00e1sico, Rampla y Cerrito.<\/p>\n<p style=\"text-align: justify;\"><span style=\"color: #ffcc02;\"><strong>Ficha del partido<\/strong><\/span><\/p>\n<p style=\"text-align: justify;\">LIVERPOOL 3:0 PE\u00d1AROL<br \/>\nCancha:\u00a0Estadio Centenario.\u00a0Jueces:\u00a0Juan Cardellino, Mauricio Espinosa y Fernando R\u00edos.<\/p>\n<p style=\"text-align: justify;\">LIVERPOOL:\u00a0Mat\u00edas Castro, Mauricio Felipe, Juan Alvez, Pablo Pereira, Antonio Fern\u00e1ndez,\u00a0 Renzo Pozzi (74&#8242; Lucas Tamareo), Carlos Macchi, Jonathan Barboza, Nicol\u00e1s Royon (80&#8242; Juli\u00e1n Lalinde), El\u00edas Figueroa (59&#8242; Hern\u00e1n Figueredo) y Emiliano Alfaro.\u00a0Director T\u00e9cnico:\u00a0Julio Ant\u00fanez.\u00a0Suplentes:\u00a0Guillermo De Amores, Marcelo Mansilla, Gonzalo Sena, Enzo Herrera.<\/p>\n<p style=\"text-align: justify;\">PE\u00d1AROL:\u00a0Fabi\u00e1n Carini, Sebasti\u00e1n Rosano, Gerardo Alcoba, Carlos Valdez, Dar\u00edo Rodr\u00edguez, Nicol\u00e1s Freitas, Edison Torres, Maximiliano P\u00e9rez (68&#8242; Jonathan Siles), Walter L\u00f3pez (56&#8242; Jorge Zambrana), Pedro (71&#8242; Rodrigo Pastorini) y Marcelo Zalayeta.Director T\u00e9cnico:\u00a0Gregorio P\u00e9rez.\u00a0Suplentes:\u00a0Jorge Fleitas, Emilio Mac Eachen, Sebasti\u00e1n Crist\u00f3foro, Emiliano Alb\u00edn.<\/p>\n<p style=\"text-align: justify;\">Goles:\u00a040&#8242;\u00a0 Nicol\u00e1s Royon (L), 59&#8242; Hern\u00e1n Figueredo (L) y 78&#8242; Emiliano Alfaro (L).<\/p>\n<p style=\"text-align: justify;\">Tarjetas amarillas:\u00a016&#8242; Pedro (P), 31&#8242; Renzo Pozzi (L), 69&#8242; Mauricio Felipe (L), 78&#8242; Emiliano Alfaro (L), 80&#8242; Carlos Valdez (P).<\/p>\n","protected":false},"excerpt":{"rendered":"<p>Luego del receso por los Juegos Panamericanos, ca\u00edmos derrotados ante Liverpool por 3 a 0 y de esta manera perdimos el invicto. Una dura derrota cuando quedan solo 4 fechas para la finalizaci\u00f3n del torneo. El arbitraje de Cardelino fue impresentable, con un clar\u00edsimo penal a Joao Pedro a los 15 minutos de juego que [&hellip;]<\/p>\n","protected":false},"author":13,"featured_media":7856,"comment_status":"open","ping_status":"closed","sticky":false,"template":"","format":"standard","meta":{"footnotes":""},"categories":[13],"tags":[88],"yoast_head":"<!-- This site is optimized with the Yoast SEO plugin v23.2 - https:\/\/yoast.com\/wordpress\/plugins\/seo\/ -->\n<title>Se fue el invicto - Padre y Decano - El Sitio del Pueblo<\/title>\n<meta name=\"robots\" content=\"index, follow, max-snippet:-1, max-image-preview:large, max-video-preview:-1\" \/>\n<link rel=\"canonical\" href=\"https:\/\/www.padreydecano.com\/cms\/partidos\/se-fue-el-invicto\/\" \/>\n<meta property=\"og:locale\" content=\"es_ES\" \/>\n<meta property=\"og:type\" content=\"article\" \/>\n<meta property=\"og:title\" content=\"Se fue el invicto - Padre y Decano - El Sitio del Pueblo\" \/>\n<meta property=\"og:description\" content=\"Luego del receso por los Juegos Panamericanos, ca\u00edmos derrotados ante Liverpool por 3 a 0 y de esta manera perdimos el invicto. Una dura derrota cuando quedan solo 4 fechas para la finalizaci\u00f3n del torneo. El arbitraje de Cardelino fue impresentable, con un clar\u00edsimo penal a Joao Pedro a los 15 minutos de juego que [&hellip;]\" \/>\n<meta property=\"og:url\" content=\"https:\/\/www.padreydecano.com\/cms\/partidos\/se-fue-el-invicto\/\" \/>\n<meta property=\"og:site_name\" content=\"Padre y Decano - El Sitio del Pueblo\" \/>\n<meta property=\"article:published_time\" content=\"2011-11-05T22:16:32+00:00\" \/>\n<meta property=\"article:modified_time\" content=\"2012-06-08T03:58:16+00:00\" \/>\n<meta property=\"og:image\" content=\"https:\/\/www.padreydecano.com\/cms\/wp-content\/uploads\/2011\/11\/vsliver.jpg\" \/>\n\t<meta property=\"og:image:width\" content=\"640\" \/>\n\t<meta property=\"og:image:height\" content=\"250\" \/>\n\t<meta property=\"og:image:type\" content=\"image\/jpeg\" \/>\n<meta name=\"author\" content=\"Moderador\" \/>\n<meta name=\"twitter:card\" content=\"summary_large_image\" \/>\n<meta name=\"twitter:label1\" content=\"Escrito por\" \/>\n\t<meta name=\"twitter:data1\" content=\"Moderador\" \/>\n\t<meta name=\"twitter:label2\" content=\"Tiempo de lectura\" \/>\n\t<meta name=\"twitter:data2\" content=\"3 minutos\" \/>\n<script type=\"application\/ld+json\" class=\"yoast-schema-graph\">{\"@context\":\"https:\/\/schema.org\",\"@graph\":[{\"@type\":\"Article\",\"@id\":\"https:\/\/www.padreydecano.com\/cms\/partidos\/se-fue-el-invicto\/#article\",\"isPartOf\":{\"@id\":\"https:\/\/www.padreydecano.com\/cms\/partidos\/se-fue-el-invicto\/\"},\"author\":{\"name\":\"Moderador\",\"@id\":\"https:\/\/www.padreydecano.com\/cms\/#\/schema\/person\/d93e9e537230ae052c194251d9a1def2\"},\"headline\":\"Se fue el invicto\",\"datePublished\":\"2011-11-05T22:16:32+00:00\",\"dateModified\":\"2012-06-08T03:58:16+00:00\",\"mainEntityOfPage\":{\"@id\":\"https:\/\/www.padreydecano.com\/cms\/partidos\/se-fue-el-invicto\/\"},\"wordCount\":514,\"commentCount\":24,\"publisher\":{\"@id\":\"https:\/\/www.padreydecano.com\/cms\/#organization\"},\"image\":{\"@id\":\"https:\/\/www.padreydecano.com\/cms\/partidos\/se-fue-el-invicto\/#primaryimage\"},\"thumbnailUrl\":\"https:\/\/www.padreydecano.com\/cms\/wp-content\/uploads\/2011\/11\/vsliver.jpg\",\"keywords\":[\"Torneo Apertura 2011\"],\"articleSection\":[\"Partidos\"],\"inLanguage\":\"es\",\"potentialAction\":[{\"@type\":\"CommentAction\",\"name\":\"Comment\",\"target\":[\"https:\/\/www.padreydecano.com\/cms\/partidos\/se-fue-el-invicto\/#respond\"]}]},{\"@type\":\"WebPage\",\"@id\":\"https:\/\/www.padreydecano.com\/cms\/partidos\/se-fue-el-invicto\/\",\"url\":\"https:\/\/www.padreydecano.com\/cms\/partidos\/se-fue-el-invicto\/\",\"name\":\"Se fue el invicto - Padre y Decano - El Sitio del Pueblo\",\"isPartOf\":{\"@id\":\"https:\/\/www.padreydecano.com\/cms\/#website\"},\"primaryImageOfPage\":{\"@id\":\"https:\/\/www.padreydecano.com\/cms\/partidos\/se-fue-el-invicto\/#primaryimage\"},\"image\":{\"@id\":\"https:\/\/www.padreydecano.com\/cms\/partidos\/se-fue-el-invicto\/#primaryimage\"},\"thumbnailUrl\":\"https:\/\/www.padreydecano.com\/cms\/wp-content\/uploads\/2011\/11\/vsliver.jpg\",\"datePublished\":\"2011-11-05T22:16:32+00:00\",\"dateModified\":\"2012-06-08T03:58:16+00:00\",\"breadcrumb\":{\"@id\":\"https:\/\/www.padreydecano.com\/cms\/partidos\/se-fue-el-invicto\/#breadcrumb\"},\"inLanguage\":\"es\",\"potentialAction\":[{\"@type\":\"ReadAction\",\"target\":[\"https:\/\/www.padreydecano.com\/cms\/partidos\/se-fue-el-invicto\/\"]}]},{\"@type\":\"ImageObject\",\"inLanguage\":\"es\",\"@id\":\"https:\/\/www.padreydecano.com\/cms\/partidos\/se-fue-el-invicto\/#primaryimage\",\"url\":\"https:\/\/www.padreydecano.com\/cms\/wp-content\/uploads\/2011\/11\/vsliver.jpg\",\"contentUrl\":\"https:\/\/www.padreydecano.com\/cms\/wp-content\/uploads\/2011\/11\/vsliver.jpg\",\"width\":\"640\",\"height\":\"250\"},{\"@type\":\"BreadcrumbList\",\"@id\":\"https:\/\/www.padreydecano.com\/cms\/partidos\/se-fue-el-invicto\/#breadcrumb\",\"itemListElement\":[{\"@type\":\"ListItem\",\"position\":1,\"name\":\"Portada\",\"item\":\"https:\/\/www.padreydecano.com\/cms\/\"},{\"@type\":\"ListItem\",\"position\":2,\"name\":\"Se fue el invicto\"}]},{\"@type\":\"WebSite\",\"@id\":\"https:\/\/www.padreydecano.com\/cms\/#website\",\"url\":\"https:\/\/www.padreydecano.com\/cms\/\",\"name\":\"Padre y Decano - El Sitio del Pueblo\",\"description\":\"Club Atl\u00e9tico Pe\u00f1arol\",\"publisher\":{\"@id\":\"https:\/\/www.padreydecano.com\/cms\/#organization\"},\"potentialAction\":[{\"@type\":\"SearchAction\",\"target\":{\"@type\":\"EntryPoint\",\"urlTemplate\":\"https:\/\/www.padreydecano.com\/cms\/?s={search_term_string}\"},\"query-input\":\"required name=search_term_string\"}],\"inLanguage\":\"es\"},{\"@type\":\"Organization\",\"@id\":\"https:\/\/www.padreydecano.com\/cms\/#organization\",\"name\":\"Padre y Decano\",\"url\":\"https:\/\/www.padreydecano.com\/cms\/\",\"logo\":{\"@type\":\"ImageObject\",\"inLanguage\":\"es\",\"@id\":\"https:\/\/www.padreydecano.com\/cms\/#\/schema\/logo\/image\/\",\"url\":\"https:\/\/www.padreydecano.com\/cms\/wp-content\/uploads\/2022\/01\/avatar-square.png\",\"contentUrl\":\"https:\/\/www.padreydecano.com\/cms\/wp-content\/uploads\/2022\/01\/avatar-square.png\",\"width\":1500,\"height\":1500,\"caption\":\"Padre y Decano\"},\"image\":{\"@id\":\"https:\/\/www.padreydecano.com\/cms\/#\/schema\/logo\/image\/\"}},{\"@type\":\"Person\",\"@id\":\"https:\/\/www.padreydecano.com\/cms\/#\/schema\/person\/d93e9e537230ae052c194251d9a1def2\",\"name\":\"Moderador\",\"image\":{\"@type\":\"ImageObject\",\"inLanguage\":\"es\",\"@id\":\"https:\/\/www.padreydecano.com\/cms\/#\/schema\/person\/image\/\",\"url\":\"https:\/\/secure.gravatar.com\/avatar\/2587727bf8a53bd3da4ec49f01bea66e?s=96&d=https%3A%2F%2Fpadreydecano.com%2Fcms%2Fwp-content%2Fthemes%2Fpyd-theme%2Fimg%2Fdefault-avatar.png&r=g\",\"contentUrl\":\"https:\/\/secure.gravatar.com\/avatar\/2587727bf8a53bd3da4ec49f01bea66e?s=96&d=https%3A%2F%2Fpadreydecano.com%2Fcms%2Fwp-content%2Fthemes%2Fpyd-theme%2Fimg%2Fdefault-avatar.png&r=g\",\"caption\":\"Moderador\"}}]}<\/script>\n<!-- \/ Yoast SEO plugin. -->","yoast_head_json":{"title":"Se fue el invicto - Padre y Decano - El Sitio del Pueblo","robots":{"index":"index","follow":"follow","max-snippet":"max-snippet:-1","max-image-preview":"max-image-preview:large","max-video-preview":"max-video-preview:-1"},"canonical":"https:\/\/www.padreydecano.com\/cms\/partidos\/se-fue-el-invicto\/","og_locale":"es_ES","og_type":"article","og_title":"Se fue el invicto - Padre y Decano - El Sitio del Pueblo","og_description":"Luego del receso por los Juegos Panamericanos, ca\u00edmos derrotados ante Liverpool por 3 a 0 y de esta manera perdimos el invicto. Una dura derrota cuando quedan solo 4 fechas para la finalizaci\u00f3n del torneo. El arbitraje de Cardelino fue impresentable, con un clar\u00edsimo penal a Joao Pedro a los 15 minutos de juego que [&hellip;]","og_url":"https:\/\/www.padreydecano.com\/cms\/partidos\/se-fue-el-invicto\/","og_site_name":"Padre y Decano - El Sitio del Pueblo","article_published_time":"2011-11-05T22:16:32+00:00","article_modified_time":"2012-06-08T03:58:16+00:00","og_image":[{"width":640,"height":250,"url":"https:\/\/www.padreydecano.com\/cms\/wp-content\/uploads\/2011\/11\/vsliver.jpg","type":"image\/jpeg"}],"author":"Moderador","twitter_card":"summary_large_image","twitter_misc":{"Escrito por":"Moderador","Tiempo de lectura":"3 minutos"},"schema":{"@context":"https:\/\/schema.org","@graph":[{"@type":"Article","@id":"https:\/\/www.padreydecano.com\/cms\/partidos\/se-fue-el-invicto\/#article","isPartOf":{"@id":"https:\/\/www.padreydecano.com\/cms\/partidos\/se-fue-el-invicto\/"},"author":{"name":"Moderador","@id":"https:\/\/www.padreydecano.com\/cms\/#\/schema\/person\/d93e9e537230ae052c194251d9a1def2"},"headline":"Se fue el invicto","datePublished":"2011-11-05T22:16:32+00:00","dateModified":"2012-06-08T03:58:16+00:00","mainEntityOfPage":{"@id":"https:\/\/www.padreydecano.com\/cms\/partidos\/se-fue-el-invicto\/"},"wordCount":514,"commentCount":24,"publisher":{"@id":"https:\/\/www.padreydecano.com\/cms\/#organization"},"image":{"@id":"https:\/\/www.padreydecano.com\/cms\/partidos\/se-fue-el-invicto\/#primaryimage"},"thumbnailUrl":"https:\/\/www.padreydecano.com\/cms\/wp-content\/uploads\/2011\/11\/vsliver.jpg","keywords":["Torneo Apertura 2011"],"articleSection":["Partidos"],"inLanguage":"es","potentialAction":[{"@type":"CommentAction","name":"Comment","target":["https:\/\/www.padreydecano.com\/cms\/partidos\/se-fue-el-invicto\/#respond"]}]},{"@type":"WebPage","@id":"https:\/\/www.padreydecano.com\/cms\/partidos\/se-fue-el-invicto\/","url":"https:\/\/www.padreydecano.com\/cms\/partidos\/se-fue-el-invicto\/","name":"Se fue el invicto - Padre y Decano - El Sitio del Pueblo","isPartOf":{"@id":"https:\/\/www.padreydecano.com\/cms\/#website"},"primaryImageOfPage":{"@id":"https:\/\/www.padreydecano.com\/cms\/partidos\/se-fue-el-invicto\/#primaryimage"},"image":{"@id":"https:\/\/www.padreydecano.com\/cms\/partidos\/se-fue-el-invicto\/#primaryimage"},"thumbnailUrl":"https:\/\/www.padreydecano.com\/cms\/wp-content\/uploads\/2011\/11\/vsliver.jpg","datePublished":"2011-11-05T22:16:32+00:00","dateModified":"2012-06-08T03:58:16+00:00","breadcrumb":{"@id":"https:\/\/www.padreydecano.com\/cms\/partidos\/se-fue-el-invicto\/#breadcrumb"},"inLanguage":"es","potentialAction":[{"@type":"ReadAction","target":["https:\/\/www.padreydecano.com\/cms\/partidos\/se-fue-el-invicto\/"]}]},{"@type":"ImageObject","inLanguage":"es","@id":"https:\/\/www.padreydecano.com\/cms\/partidos\/se-fue-el-invicto\/#primaryimage","url":"https:\/\/www.padreydecano.com\/cms\/wp-content\/uploads\/2011\/11\/vsliver.jpg","contentUrl":"https:\/\/www.padreydecano.com\/cms\/wp-content\/uploads\/2011\/11\/vsliver.jpg","width":"640","height":"250"},{"@type":"BreadcrumbList","@id":"https:\/\/www.padreydecano.com\/cms\/partidos\/se-fue-el-invicto\/#breadcrumb","itemListElement":[{"@type":"ListItem","position":1,"name":"Portada","item":"https:\/\/www.padreydecano.com\/cms\/"},{"@type":"ListItem","position":2,"name":"Se fue el invicto"}]},{"@type":"WebSite","@id":"https:\/\/www.padreydecano.com\/cms\/#website","url":"https:\/\/www.padreydecano.com\/cms\/","name":"Padre y Decano - El Sitio del Pueblo","description":"Club Atl\u00e9tico Pe\u00f1arol","publisher":{"@id":"https:\/\/www.padreydecano.com\/cms\/#organization"},"potentialAction":[{"@type":"SearchAction","target":{"@type":"EntryPoint","urlTemplate":"https:\/\/www.padreydecano.com\/cms\/?s={search_term_string}"},"query-input":"required name=search_term_string"}],"inLanguage":"es"},{"@type":"Organization","@id":"https:\/\/www.padreydecano.com\/cms\/#organization","name":"Padre y Decano","url":"https:\/\/www.padreydecano.com\/cms\/","logo":{"@type":"ImageObject","inLanguage":"es","@id":"https:\/\/www.padreydecano.com\/cms\/#\/schema\/logo\/image\/","url":"https:\/\/www.padreydecano.com\/cms\/wp-content\/uploads\/2022\/01\/avatar-square.png","contentUrl":"https:\/\/www.padreydecano.com\/cms\/wp-content\/uploads\/2022\/01\/avatar-square.png","width":1500,"height":1500,"caption":"Padre y Decano"},"image":{"@id":"https:\/\/www.padreydecano.com\/cms\/#\/schema\/logo\/image\/"}},{"@type":"Person","@id":"https:\/\/www.padreydecano.com\/cms\/#\/schema\/person\/d93e9e537230ae052c194251d9a1def2","name":"Moderador","image":{"@type":"ImageObject","inLanguage":"es","@id":"https:\/\/www.padreydecano.com\/cms\/#\/schema\/person\/image\/","url":"https:\/\/secure.gravatar.com\/avatar\/2587727bf8a53bd3da4ec49f01bea66e?s=96&d=https%3A%2F%2Fpadreydecano.com%2Fcms%2Fwp-content%2Fthemes%2Fpyd-theme%2Fimg%2Fdefault-avatar.png&r=g","contentUrl":"https:\/\/secure.gravatar.com\/avatar\/2587727bf8a53bd3da4ec49f01bea66e?s=96&d=https%3A%2F%2Fpadreydecano.com%2Fcms%2Fwp-content%2Fthemes%2Fpyd-theme%2Fimg%2Fdefault-avatar.png&r=g","caption":"Moderador"}}]}},"_links":{"self":[{"href":"https:\/\/www.padreydecano.com\/cms\/wp-json\/wp\/v2\/posts\/7850"}],"collection":[{"href":"https:\/\/www.padreydecano.com\/cms\/wp-json\/wp\/v2\/posts"}],"about":[{"href":"https:\/\/www.padreydecano.com\/cms\/wp-json\/wp\/v2\/types\/post"}],"author":[{"embeddable":true,"href":"https:\/\/www.padreydecano.com\/cms\/wp-json\/wp\/v2\/users\/13"}],"replies":[{"embeddable":true,"href":"https:\/\/www.padreydecano.com\/cms\/wp-json\/wp\/v2\/comments?post=7850"}],"version-history":[{"count":0,"href":"https:\/\/www.padreydecano.com\/cms\/wp-json\/wp\/v2\/posts\/7850\/revisions"}],"wp:featuredmedia":[{"embeddable":true,"href":"https:\/\/www.padreydecano.com\/cms\/wp-json\/wp\/v2\/media\/7856"}],"wp:attachment":[{"href":"https:\/\/www.padreydecano.com\/cms\/wp-json\/wp\/v2\/media?parent=7850"}],"wp:term":[{"taxonomy":"category","embeddable":true,"href":"https:\/\/www.padreydecano.com\/cms\/wp-json\/wp\/v2\/categories?post=7850"},{"taxonomy":"post_tag","embeddable":true,"href":"https:\/\/www.padreydecano.com\/cms\/wp-json\/wp\/v2\/tags?post=7850"}],"curies":[{"name":"wp","href":"https:\/\/api.w.org\/{rel}","templated":true}]}}