{"id":78462,"date":"2022-04-08T18:26:19","date_gmt":"2022-04-08T21:26:19","guid":{"rendered":"http:\/\/www.padreydecano.com\/cms\/?p=78462"},"modified":"2022-04-11T19:01:14","modified_gmt":"2022-04-11T22:01:14","slug":"tercera-1-a-1-ante-rentistas","status":"publish","type":"post","link":"https:\/\/www.padreydecano.com\/cms\/3era-division\/tercera-1-a-1-ante-rentistas\/","title":{"rendered":"Tercera: 1 a 1 ante Rentistas"},"content":{"rendered":"<p><strong><img loading=\"lazy\" decoding=\"async\" class=\"alignnone size-medium wp-image-78463\" src=\"https:\/\/www.padreydecano.com\/cms\/wp-content\/uploads\/2022\/04\/1DB95F4E-DDF5-495C-A98A-C69D2780CF24-600x329.jpeg\" alt=\"\" width=\"600\" height=\"329\" srcset=\"https:\/\/www.padreydecano.com\/cms\/wp-content\/uploads\/2022\/04\/1DB95F4E-DDF5-495C-A98A-C69D2780CF24-600x329.jpeg 600w, https:\/\/www.padreydecano.com\/cms\/wp-content\/uploads\/2022\/04\/1DB95F4E-DDF5-495C-A98A-C69D2780CF24-1024x561.jpeg 1024w, https:\/\/www.padreydecano.com\/cms\/wp-content\/uploads\/2022\/04\/1DB95F4E-DDF5-495C-A98A-C69D2780CF24-768x421.jpeg 768w, https:\/\/www.padreydecano.com\/cms\/wp-content\/uploads\/2022\/04\/1DB95F4E-DDF5-495C-A98A-C69D2780CF24-1536x842.jpeg 1536w, https:\/\/www.padreydecano.com\/cms\/wp-content\/uploads\/2022\/04\/1DB95F4E-DDF5-495C-A98A-C69D2780CF24-300x164.jpeg 300w, https:\/\/www.padreydecano.com\/cms\/wp-content\/uploads\/2022\/04\/1DB95F4E-DDF5-495C-A98A-C69D2780CF24-128x70.jpeg 128w, https:\/\/www.padreydecano.com\/cms\/wp-content\/uploads\/2022\/04\/1DB95F4E-DDF5-495C-A98A-C69D2780CF24-32x18.jpeg 32w, https:\/\/www.padreydecano.com\/cms\/wp-content\/uploads\/2022\/04\/1DB95F4E-DDF5-495C-A98A-C69D2780CF24.jpeg 1586w\" sizes=\"(max-width: 600px) 100vw, 600px\" \/>El martes se jug\u00f3 la s\u00e9ptima fecha del torneo Apertura de Tercera Divisi\u00f3n, y Pe\u00f1arol igual\u00f3 1-1 ante Rentistas como visitante en el Complejo.<\/strong><\/p>\n<p>El equipo de Juan Manuel Olivera form\u00f3 con: Jhonatan Lima; Luciano Fern\u00e1ndez, Alexis Piegas, Lautaro Aguete, Jairo O&#8217;Neill; Ademir Silva, Gast\u00f3n S\u00e1nchez, Mateo Carrizo; Nicol\u00e1s Rossi, Lucas Bassadone y Sergio N\u00fa\u00f1ez.<\/p>\n<p>El gol del Decano lo anot\u00f3 Sergio N\u00fa\u00f1ez.<\/p>\n<p>Durante el transcurso del encuentro tuvieron sus primeros minutos en el campeonato Mat\u00edas Ferreira (juvenil que entrena con el plantel principal), Kevin Lewis, que finalmente no fue cedido y se produjo el debut de Santiago \u00c1lvez (extremo derecho procedente de Danubio)<\/p>\n<p>La mala noticia de la jornada fue la expulsi\u00f3n de Nicol\u00e1s Rossi.<\/p>\n<p>El equipo de Juan Manuel Olivera se encuentra 4to con 13 puntos, sigue invicto con 4 victorias y un empate en 5 presentaciones, a\u00fan debiendo dos encuentros (F\u00e9nix y Defensor Sporting).<\/p>\n<p>La pr\u00f3xima fecha (que se encuentra suspendida), ser\u00e1 ante Liverpool, en calidad de local.<\/p>\n<div class=\"user-wrapper\"><a class=\"userlink\" href=\"https:\/\/twitter.com\/Giancaaa23\" target=\"_blank\"><figure><img decoding=\"async\" src=\"http:\/\/www.padreydecano.com\/cms\/wp-users-files\/postfirmas\/giancaa.jpg\" \/><\/figure><p class=\"user\"><strong>Giancarlo Dutra<\/strong><br \/>@Giancaa23<\/p><\/a><\/div>\n","protected":false},"excerpt":{"rendered":"<p>El martes se jug\u00f3 la s\u00e9ptima fecha del torneo Apertura de Tercera Divisi\u00f3n, y Pe\u00f1arol igual\u00f3 1-1 ante Rentistas como visitante en el Complejo. El equipo de Juan Manuel Olivera form\u00f3 con: Jhonatan Lima; Luciano Fern\u00e1ndez, Alexis Piegas, Lautaro Aguete, Jairo O&#8217;Neill; Ademir Silva, Gast\u00f3n S\u00e1nchez, Mateo Carrizo; Nicol\u00e1s Rossi, Lucas Bassadone y Sergio N\u00fa\u00f1ez. [&hellip;]<\/p>\n","protected":false},"author":27,"featured_media":78463,"comment_status":"open","ping_status":"closed","sticky":false,"template":"","format":"standard","meta":{"footnotes":""},"categories":[51],"tags":[],"yoast_head":"<!-- This site is optimized with the Yoast SEO plugin v23.2 - https:\/\/yoast.com\/wordpress\/plugins\/seo\/ -->\n<title>Tercera: 1 a 1 ante Rentistas - Padre y Decano - El Sitio del Pueblo<\/title>\n<meta name=\"robots\" content=\"index, follow, max-snippet:-1, max-image-preview:large, max-video-preview:-1\" \/>\n<link rel=\"canonical\" href=\"https:\/\/www.padreydecano.com\/cms\/3era-division\/tercera-1-a-1-ante-rentistas\/\" \/>\n<meta property=\"og:locale\" content=\"es_ES\" \/>\n<meta property=\"og:type\" content=\"article\" \/>\n<meta property=\"og:title\" content=\"Tercera: 1 a 1 ante Rentistas - Padre y Decano - El Sitio del Pueblo\" \/>\n<meta property=\"og:description\" content=\"El martes se jug\u00f3 la s\u00e9ptima fecha del torneo Apertura de Tercera Divisi\u00f3n, y Pe\u00f1arol igual\u00f3 1-1 ante Rentistas como visitante en el Complejo. El equipo de Juan Manuel Olivera form\u00f3 con: Jhonatan Lima; Luciano Fern\u00e1ndez, Alexis Piegas, Lautaro Aguete, Jairo O&#8217;Neill; Ademir Silva, Gast\u00f3n S\u00e1nchez, Mateo Carrizo; Nicol\u00e1s Rossi, Lucas Bassadone y Sergio N\u00fa\u00f1ez. [&hellip;]\" \/>\n<meta property=\"og:url\" content=\"https:\/\/www.padreydecano.com\/cms\/3era-division\/tercera-1-a-1-ante-rentistas\/\" \/>\n<meta property=\"og:site_name\" content=\"Padre y Decano - El Sitio del Pueblo\" \/>\n<meta property=\"article:published_time\" content=\"2022-04-08T21:26:19+00:00\" \/>\n<meta property=\"article:modified_time\" content=\"2022-04-11T22:01:14+00:00\" \/>\n<meta property=\"og:image\" content=\"https:\/\/www.padreydecano.com\/cms\/wp-content\/uploads\/2022\/04\/1DB95F4E-DDF5-495C-A98A-C69D2780CF24.jpeg\" \/>\n\t<meta property=\"og:image:width\" content=\"1586\" \/>\n\t<meta property=\"og:image:height\" content=\"869\" \/>\n\t<meta property=\"og:image:type\" content=\"image\/jpeg\" \/>\n<meta name=\"author\" content=\"Redactores Padre y Decano\" \/>\n<meta name=\"twitter:card\" content=\"summary_large_image\" \/>\n<meta name=\"twitter:label1\" content=\"Escrito por\" \/>\n\t<meta name=\"twitter:data1\" content=\"Redactores Padre y Decano\" \/>\n\t<meta name=\"twitter:label2\" content=\"Tiempo de lectura\" \/>\n\t<meta name=\"twitter:data2\" content=\"1 minuto\" \/>\n<script type=\"application\/ld+json\" class=\"yoast-schema-graph\">{\"@context\":\"https:\/\/schema.org\",\"@graph\":[{\"@type\":\"Article\",\"@id\":\"https:\/\/www.padreydecano.com\/cms\/3era-division\/tercera-1-a-1-ante-rentistas\/#article\",\"isPartOf\":{\"@id\":\"https:\/\/www.padreydecano.com\/cms\/3era-division\/tercera-1-a-1-ante-rentistas\/\"},\"author\":{\"name\":\"Redactores Padre y Decano\",\"@id\":\"https:\/\/www.padreydecano.com\/cms\/#\/schema\/person\/37aae8f93aa78e4c5385497f056e3246\"},\"headline\":\"Tercera: 1 a 1 ante Rentistas\",\"datePublished\":\"2022-04-08T21:26:19+00:00\",\"dateModified\":\"2022-04-11T22:01:14+00:00\",\"mainEntityOfPage\":{\"@id\":\"https:\/\/www.padreydecano.com\/cms\/3era-division\/tercera-1-a-1-ante-rentistas\/\"},\"wordCount\":179,\"commentCount\":4,\"publisher\":{\"@id\":\"https:\/\/www.padreydecano.com\/cms\/#organization\"},\"image\":{\"@id\":\"https:\/\/www.padreydecano.com\/cms\/3era-division\/tercera-1-a-1-ante-rentistas\/#primaryimage\"},\"thumbnailUrl\":\"https:\/\/www.padreydecano.com\/cms\/wp-content\/uploads\/2022\/04\/1DB95F4E-DDF5-495C-A98A-C69D2780CF24.jpeg\",\"articleSection\":[\"3era Divisi\u00f3n\"],\"inLanguage\":\"es\",\"potentialAction\":[{\"@type\":\"CommentAction\",\"name\":\"Comment\",\"target\":[\"https:\/\/www.padreydecano.com\/cms\/3era-division\/tercera-1-a-1-ante-rentistas\/#respond\"]}]},{\"@type\":\"WebPage\",\"@id\":\"https:\/\/www.padreydecano.com\/cms\/3era-division\/tercera-1-a-1-ante-rentistas\/\",\"url\":\"https:\/\/www.padreydecano.com\/cms\/3era-division\/tercera-1-a-1-ante-rentistas\/\",\"name\":\"Tercera: 1 a 1 ante Rentistas - Padre y Decano - El Sitio del Pueblo\",\"isPartOf\":{\"@id\":\"https:\/\/www.padreydecano.com\/cms\/#website\"},\"primaryImageOfPage\":{\"@id\":\"https:\/\/www.padreydecano.com\/cms\/3era-division\/tercera-1-a-1-ante-rentistas\/#primaryimage\"},\"image\":{\"@id\":\"https:\/\/www.padreydecano.com\/cms\/3era-division\/tercera-1-a-1-ante-rentistas\/#primaryimage\"},\"thumbnailUrl\":\"https:\/\/www.padreydecano.com\/cms\/wp-content\/uploads\/2022\/04\/1DB95F4E-DDF5-495C-A98A-C69D2780CF24.jpeg\",\"datePublished\":\"2022-04-08T21:26:19+00:00\",\"dateModified\":\"2022-04-11T22:01:14+00:00\",\"breadcrumb\":{\"@id\":\"https:\/\/www.padreydecano.com\/cms\/3era-division\/tercera-1-a-1-ante-rentistas\/#breadcrumb\"},\"inLanguage\":\"es\",\"potentialAction\":[{\"@type\":\"ReadAction\",\"target\":[\"https:\/\/www.padreydecano.com\/cms\/3era-division\/tercera-1-a-1-ante-rentistas\/\"]}]},{\"@type\":\"ImageObject\",\"inLanguage\":\"es\",\"@id\":\"https:\/\/www.padreydecano.com\/cms\/3era-division\/tercera-1-a-1-ante-rentistas\/#primaryimage\",\"url\":\"https:\/\/www.padreydecano.com\/cms\/wp-content\/uploads\/2022\/04\/1DB95F4E-DDF5-495C-A98A-C69D2780CF24.jpeg\",\"contentUrl\":\"https:\/\/www.padreydecano.com\/cms\/wp-content\/uploads\/2022\/04\/1DB95F4E-DDF5-495C-A98A-C69D2780CF24.jpeg\",\"width\":1586,\"height\":869},{\"@type\":\"BreadcrumbList\",\"@id\":\"https:\/\/www.padreydecano.com\/cms\/3era-division\/tercera-1-a-1-ante-rentistas\/#breadcrumb\",\"itemListElement\":[{\"@type\":\"ListItem\",\"position\":1,\"name\":\"Portada\",\"item\":\"https:\/\/www.padreydecano.com\/cms\/\"},{\"@type\":\"ListItem\",\"position\":2,\"name\":\"Tercera: 1 a 1 ante Rentistas\"}]},{\"@type\":\"WebSite\",\"@id\":\"https:\/\/www.padreydecano.com\/cms\/#website\",\"url\":\"https:\/\/www.padreydecano.com\/cms\/\",\"name\":\"Padre y Decano - El Sitio del Pueblo\",\"description\":\"Club Atl\u00e9tico Pe\u00f1arol\",\"publisher\":{\"@id\":\"https:\/\/www.padreydecano.com\/cms\/#organization\"},\"potentialAction\":[{\"@type\":\"SearchAction\",\"target\":{\"@type\":\"EntryPoint\",\"urlTemplate\":\"https:\/\/www.padreydecano.com\/cms\/?s={search_term_string}\"},\"query-input\":\"required name=search_term_string\"}],\"inLanguage\":\"es\"},{\"@type\":\"Organization\",\"@id\":\"https:\/\/www.padreydecano.com\/cms\/#organization\",\"name\":\"Padre y Decano\",\"url\":\"https:\/\/www.padreydecano.com\/cms\/\",\"logo\":{\"@type\":\"ImageObject\",\"inLanguage\":\"es\",\"@id\":\"https:\/\/www.padreydecano.com\/cms\/#\/schema\/logo\/image\/\",\"url\":\"https:\/\/www.padreydecano.com\/cms\/wp-content\/uploads\/2022\/01\/avatar-square.png\",\"contentUrl\":\"https:\/\/www.padreydecano.com\/cms\/wp-content\/uploads\/2022\/01\/avatar-square.png\",\"width\":1500,\"height\":1500,\"caption\":\"Padre y Decano\"},\"image\":{\"@id\":\"https:\/\/www.padreydecano.com\/cms\/#\/schema\/logo\/image\/\"}},{\"@type\":\"Person\",\"@id\":\"https:\/\/www.padreydecano.com\/cms\/#\/schema\/person\/37aae8f93aa78e4c5385497f056e3246\",\"name\":\"Redactores Padre y Decano\",\"image\":{\"@type\":\"ImageObject\",\"inLanguage\":\"es\",\"@id\":\"https:\/\/www.padreydecano.com\/cms\/#\/schema\/person\/image\/\",\"url\":\"https:\/\/secure.gravatar.com\/avatar\/8810c4b9081192b118b104af54549af8?s=96&d=https%3A%2F%2Fpadreydecano.com%2Fcms%2Fwp-content%2Fthemes%2Fpyd-theme%2Fimg%2Fdefault-avatar.png&r=g\",\"contentUrl\":\"https:\/\/secure.gravatar.com\/avatar\/8810c4b9081192b118b104af54549af8?s=96&d=https%3A%2F%2Fpadreydecano.com%2Fcms%2Fwp-content%2Fthemes%2Fpyd-theme%2Fimg%2Fdefault-avatar.png&r=g\",\"caption\":\"Redactores Padre y Decano\"},\"sameAs\":[\"http:\/\/www.padreydecano.com\"]}]}<\/script>\n<!-- \/ Yoast SEO plugin. -->","yoast_head_json":{"title":"Tercera: 1 a 1 ante Rentistas - Padre y Decano - El Sitio del Pueblo","robots":{"index":"index","follow":"follow","max-snippet":"max-snippet:-1","max-image-preview":"max-image-preview:large","max-video-preview":"max-video-preview:-1"},"canonical":"https:\/\/www.padreydecano.com\/cms\/3era-division\/tercera-1-a-1-ante-rentistas\/","og_locale":"es_ES","og_type":"article","og_title":"Tercera: 1 a 1 ante Rentistas - Padre y Decano - El Sitio del Pueblo","og_description":"El martes se jug\u00f3 la s\u00e9ptima fecha del torneo Apertura de Tercera Divisi\u00f3n, y Pe\u00f1arol igual\u00f3 1-1 ante Rentistas como visitante en el Complejo. El equipo de Juan Manuel Olivera form\u00f3 con: Jhonatan Lima; Luciano Fern\u00e1ndez, Alexis Piegas, Lautaro Aguete, Jairo O&#8217;Neill; Ademir Silva, Gast\u00f3n S\u00e1nchez, Mateo Carrizo; Nicol\u00e1s Rossi, Lucas Bassadone y Sergio N\u00fa\u00f1ez. [&hellip;]","og_url":"https:\/\/www.padreydecano.com\/cms\/3era-division\/tercera-1-a-1-ante-rentistas\/","og_site_name":"Padre y Decano - El Sitio del Pueblo","article_published_time":"2022-04-08T21:26:19+00:00","article_modified_time":"2022-04-11T22:01:14+00:00","og_image":[{"width":1586,"height":869,"url":"https:\/\/www.padreydecano.com\/cms\/wp-content\/uploads\/2022\/04\/1DB95F4E-DDF5-495C-A98A-C69D2780CF24.jpeg","type":"image\/jpeg"}],"author":"Redactores Padre y Decano","twitter_card":"summary_large_image","twitter_misc":{"Escrito por":"Redactores Padre y Decano","Tiempo de lectura":"1 minuto"},"schema":{"@context":"https:\/\/schema.org","@graph":[{"@type":"Article","@id":"https:\/\/www.padreydecano.com\/cms\/3era-division\/tercera-1-a-1-ante-rentistas\/#article","isPartOf":{"@id":"https:\/\/www.padreydecano.com\/cms\/3era-division\/tercera-1-a-1-ante-rentistas\/"},"author":{"name":"Redactores Padre y Decano","@id":"https:\/\/www.padreydecano.com\/cms\/#\/schema\/person\/37aae8f93aa78e4c5385497f056e3246"},"headline":"Tercera: 1 a 1 ante Rentistas","datePublished":"2022-04-08T21:26:19+00:00","dateModified":"2022-04-11T22:01:14+00:00","mainEntityOfPage":{"@id":"https:\/\/www.padreydecano.com\/cms\/3era-division\/tercera-1-a-1-ante-rentistas\/"},"wordCount":179,"commentCount":4,"publisher":{"@id":"https:\/\/www.padreydecano.com\/cms\/#organization"},"image":{"@id":"https:\/\/www.padreydecano.com\/cms\/3era-division\/tercera-1-a-1-ante-rentistas\/#primaryimage"},"thumbnailUrl":"https:\/\/www.padreydecano.com\/cms\/wp-content\/uploads\/2022\/04\/1DB95F4E-DDF5-495C-A98A-C69D2780CF24.jpeg","articleSection":["3era Divisi\u00f3n"],"inLanguage":"es","potentialAction":[{"@type":"CommentAction","name":"Comment","target":["https:\/\/www.padreydecano.com\/cms\/3era-division\/tercera-1-a-1-ante-rentistas\/#respond"]}]},{"@type":"WebPage","@id":"https:\/\/www.padreydecano.com\/cms\/3era-division\/tercera-1-a-1-ante-rentistas\/","url":"https:\/\/www.padreydecano.com\/cms\/3era-division\/tercera-1-a-1-ante-rentistas\/","name":"Tercera: 1 a 1 ante Rentistas - Padre y Decano - El Sitio del Pueblo","isPartOf":{"@id":"https:\/\/www.padreydecano.com\/cms\/#website"},"primaryImageOfPage":{"@id":"https:\/\/www.padreydecano.com\/cms\/3era-division\/tercera-1-a-1-ante-rentistas\/#primaryimage"},"image":{"@id":"https:\/\/www.padreydecano.com\/cms\/3era-division\/tercera-1-a-1-ante-rentistas\/#primaryimage"},"thumbnailUrl":"https:\/\/www.padreydecano.com\/cms\/wp-content\/uploads\/2022\/04\/1DB95F4E-DDF5-495C-A98A-C69D2780CF24.jpeg","datePublished":"2022-04-08T21:26:19+00:00","dateModified":"2022-04-11T22:01:14+00:00","breadcrumb":{"@id":"https:\/\/www.padreydecano.com\/cms\/3era-division\/tercera-1-a-1-ante-rentistas\/#breadcrumb"},"inLanguage":"es","potentialAction":[{"@type":"ReadAction","target":["https:\/\/www.padreydecano.com\/cms\/3era-division\/tercera-1-a-1-ante-rentistas\/"]}]},{"@type":"ImageObject","inLanguage":"es","@id":"https:\/\/www.padreydecano.com\/cms\/3era-division\/tercera-1-a-1-ante-rentistas\/#primaryimage","url":"https:\/\/www.padreydecano.com\/cms\/wp-content\/uploads\/2022\/04\/1DB95F4E-DDF5-495C-A98A-C69D2780CF24.jpeg","contentUrl":"https:\/\/www.padreydecano.com\/cms\/wp-content\/uploads\/2022\/04\/1DB95F4E-DDF5-495C-A98A-C69D2780CF24.jpeg","width":1586,"height":869},{"@type":"BreadcrumbList","@id":"https:\/\/www.padreydecano.com\/cms\/3era-division\/tercera-1-a-1-ante-rentistas\/#breadcrumb","itemListElement":[{"@type":"ListItem","position":1,"name":"Portada","item":"https:\/\/www.padreydecano.com\/cms\/"},{"@type":"ListItem","position":2,"name":"Tercera: 1 a 1 ante Rentistas"}]},{"@type":"WebSite","@id":"https:\/\/www.padreydecano.com\/cms\/#website","url":"https:\/\/www.padreydecano.com\/cms\/","name":"Padre y Decano - El Sitio del Pueblo","description":"Club Atl\u00e9tico Pe\u00f1arol","publisher":{"@id":"https:\/\/www.padreydecano.com\/cms\/#organization"},"potentialAction":[{"@type":"SearchAction","target":{"@type":"EntryPoint","urlTemplate":"https:\/\/www.padreydecano.com\/cms\/?s={search_term_string}"},"query-input":"required name=search_term_string"}],"inLanguage":"es"},{"@type":"Organization","@id":"https:\/\/www.padreydecano.com\/cms\/#organization","name":"Padre y Decano","url":"https:\/\/www.padreydecano.com\/cms\/","logo":{"@type":"ImageObject","inLanguage":"es","@id":"https:\/\/www.padreydecano.com\/cms\/#\/schema\/logo\/image\/","url":"https:\/\/www.padreydecano.com\/cms\/wp-content\/uploads\/2022\/01\/avatar-square.png","contentUrl":"https:\/\/www.padreydecano.com\/cms\/wp-content\/uploads\/2022\/01\/avatar-square.png","width":1500,"height":1500,"caption":"Padre y Decano"},"image":{"@id":"https:\/\/www.padreydecano.com\/cms\/#\/schema\/logo\/image\/"}},{"@type":"Person","@id":"https:\/\/www.padreydecano.com\/cms\/#\/schema\/person\/37aae8f93aa78e4c5385497f056e3246","name":"Redactores Padre y Decano","image":{"@type":"ImageObject","inLanguage":"es","@id":"https:\/\/www.padreydecano.com\/cms\/#\/schema\/person\/image\/","url":"https:\/\/secure.gravatar.com\/avatar\/8810c4b9081192b118b104af54549af8?s=96&d=https%3A%2F%2Fpadreydecano.com%2Fcms%2Fwp-content%2Fthemes%2Fpyd-theme%2Fimg%2Fdefault-avatar.png&r=g","contentUrl":"https:\/\/secure.gravatar.com\/avatar\/8810c4b9081192b118b104af54549af8?s=96&d=https%3A%2F%2Fpadreydecano.com%2Fcms%2Fwp-content%2Fthemes%2Fpyd-theme%2Fimg%2Fdefault-avatar.png&r=g","caption":"Redactores Padre y Decano"},"sameAs":["http:\/\/www.padreydecano.com"]}]}},"_links":{"self":[{"href":"https:\/\/www.padreydecano.com\/cms\/wp-json\/wp\/v2\/posts\/78462"}],"collection":[{"href":"https:\/\/www.padreydecano.com\/cms\/wp-json\/wp\/v2\/posts"}],"about":[{"href":"https:\/\/www.padreydecano.com\/cms\/wp-json\/wp\/v2\/types\/post"}],"author":[{"embeddable":true,"href":"https:\/\/www.padreydecano.com\/cms\/wp-json\/wp\/v2\/users\/27"}],"replies":[{"embeddable":true,"href":"https:\/\/www.padreydecano.com\/cms\/wp-json\/wp\/v2\/comments?post=78462"}],"version-history":[{"count":0,"href":"https:\/\/www.padreydecano.com\/cms\/wp-json\/wp\/v2\/posts\/78462\/revisions"}],"wp:featuredmedia":[{"embeddable":true,"href":"https:\/\/www.padreydecano.com\/cms\/wp-json\/wp\/v2\/media\/78463"}],"wp:attachment":[{"href":"https:\/\/www.padreydecano.com\/cms\/wp-json\/wp\/v2\/media?parent=78462"}],"wp:term":[{"taxonomy":"category","embeddable":true,"href":"https:\/\/www.padreydecano.com\/cms\/wp-json\/wp\/v2\/categories?post=78462"},{"taxonomy":"post_tag","embeddable":true,"href":"https:\/\/www.padreydecano.com\/cms\/wp-json\/wp\/v2\/tags?post=78462"}],"curies":[{"name":"wp","href":"https:\/\/api.w.org\/{rel}","templated":true}]}}