{"id":78447,"date":"2022-04-05T21:15:01","date_gmt":"2022-04-06T00:15:01","guid":{"rendered":"http:\/\/www.padreydecano.com\/cms\/?p=78447"},"modified":"2022-04-09T19:54:38","modified_gmt":"2022-04-09T22:54:38","slug":"mal-debut-por-copa","status":"publish","type":"post","link":"https:\/\/www.padreydecano.com\/cms\/partidos\/mal-debut-por-copa\/","title":{"rendered":"Mal debut por Copa"},"content":{"rendered":"<div id=\"attachment_78448\" style=\"width: 2570px\" class=\"wp-caption aligncenter\"><img loading=\"lazy\" decoding=\"async\" aria-describedby=\"caption-attachment-78448\" class=\"wp-image-78448 size-full\" src=\"https:\/\/www.padreydecano.com\/cms\/wp-content\/uploads\/2022\/04\/penarol-colon-scaled.jpg\" alt=\"\" width=\"2560\" height=\"1716\" srcset=\"https:\/\/www.padreydecano.com\/cms\/wp-content\/uploads\/2022\/04\/penarol-colon-scaled.jpg 2560w, https:\/\/www.padreydecano.com\/cms\/wp-content\/uploads\/2022\/04\/penarol-colon-600x402.jpg 600w, https:\/\/www.padreydecano.com\/cms\/wp-content\/uploads\/2022\/04\/penarol-colon-1024x686.jpg 1024w, https:\/\/www.padreydecano.com\/cms\/wp-content\/uploads\/2022\/04\/penarol-colon-768x515.jpg 768w, https:\/\/www.padreydecano.com\/cms\/wp-content\/uploads\/2022\/04\/penarol-colon-1536x1029.jpg 1536w, https:\/\/www.padreydecano.com\/cms\/wp-content\/uploads\/2022\/04\/penarol-colon-2048x1372.jpg 2048w, https:\/\/www.padreydecano.com\/cms\/wp-content\/uploads\/2022\/04\/penarol-colon-300x201.jpg 300w, https:\/\/www.padreydecano.com\/cms\/wp-content\/uploads\/2022\/04\/penarol-colon-128x86.jpg 128w, https:\/\/www.padreydecano.com\/cms\/wp-content\/uploads\/2022\/04\/penarol-colon-32x21.jpg 32w\" sizes=\"(max-width: 2560px) 100vw, 2560px\" \/><p id=\"caption-attachment-78448\" class=\"wp-caption-text\">Fuente: Conmebol<\/p><\/div>\n<p><strong>Pe\u00f1arol arranc\u00f3 mal en su primer partido por Copa Libertadores. Perdi\u00f3 2-1 de visitante frente a Col\u00f3n de Santa Fe. P\u00e9simo primer tiempo, mejor\u00eda en el segundo pero una distracci\u00f3n arruin\u00f3 un posible empate. El Carbonero no se recupera.<\/strong><\/p>\n<p><strong><span style=\"color: #ffcc02;\">Primer tiempo<\/span><\/strong><\/p>\n<p>Si se tuviera que definir en una palabra el primer tiempo de Pe\u00f1arol es t\u00e9trico. El 1-0 no hizo justicia al tr\u00e1mite que realmente fue, Col\u00f3n hizo lo que quiso. Ya a los 8 minutos los sabaleros tuvieron su primera aproximaci\u00f3n clara, llegaron bien por derecha, el jugador enganch\u00f3, dispar\u00f3 pero por bloqueo de la defensa se fue al c\u00f3rner. Luego, a los 19 minutos, Pe\u00f1arol se salv\u00f3 casi de milagro. Pase al vac\u00edo que la defensa carbonera no bloquea, este jugador la cruza para el Pulga Rodr\u00edguez que ven\u00eda solo, esquiv\u00f3 a Dawson, amag\u00f3, dispar\u00f3, pero tap\u00f3 Elizalde, luego lanzaron nuevamente y despej\u00f3 el Cachila, todo eso en la l\u00ednea del arco. Reci\u00e9n en el tercer tiro se fue afuera pero al c\u00f3rner. Ins\u00f3lita jugada a favor de Pe\u00f1arol. A los 27 minutos, tiro del Pulga que hizo volar a Dawson para tapar el remate. Col\u00f3n era mucho m\u00e1s que Pe\u00f1arol que estaba muy replegado sin presionar ni sin hilvanar una jugada. Pe\u00f1arol reci\u00e9n lleg\u00f3 con peligro a los 30 minutos, contraataque de Pe\u00f1arol, Laquintana en velocidad que resolvi\u00f3 disparar muy desviado cuando ten\u00eda dos opciones de pase por el medio. <strong>Un minuto m\u00e1s tarde, a los 31&#8242; lleg\u00f3 lo que a esa altura parec\u00eda inevitable, el gol de Col\u00f3n. Avanz\u00f3 por izquierda Bernardi, que hizo todo lo que se propuso con la defensa; encar\u00f3, amag\u00f3, dispar\u00f3 y tap\u00f3 Dawson, pero que para su mala suerte del otro lado, el Pulga Rodr\u00edguez solo debi\u00f3 empujar la pelota a la red. Col\u00f3n aprovechaba y mucho lo d\u00e9bil que fue el costado derecho aurinegro.<\/strong> A los 40&#8242;, tiro libre y otra vez Dawson a volar para sacarla. A los 44&#8242;, s\u00ed otra vez Col\u00f3n. El delantero sabalero lleg\u00f3 solo para definir, Dawson achic\u00f3 y posteriormente despej\u00f3 Arias. Termin\u00f3 el primer tiempo y fue lo mejor que pudo pasar para Pe\u00f1arol, el 1-0 se qued\u00f3 cort\u00edsimo.<\/p>\n<p><strong><span style=\"color: #ffcc02;\">Segundo tiempo<\/span><\/strong><\/p>\n<p>La segunda mitad, si bien no fue un despliegue de f\u00fatbol de Pe\u00f1arol, se lo vio con otra actitud, de querer ir a buscar el empate. A pesar de la buena voluntad, en los primeros quince, quien tuvo m\u00e1s chances fue Col\u00f3n que lleg\u00f3 dos veces al arco defendido por Dawson. El revulsivo para Pe\u00f1arol fue Brian Mansilla a los 69 minutos cuando ingres\u00f3. Entr\u00f3 con mucha actitud encarando como lo ameritaba el encuentro. <strong>Al minuto de haber ingresado, Mansilla presion\u00f3 y habilit\u00f3 a Ceppelini que sac\u00f3 un tiro incre\u00edble al palo que fue imposible de atajar para Burian, fue el empate de Pe\u00f1arol.<\/strong> A partir de ah\u00ed parec\u00eda que se ven\u00eda Pe\u00f1arol, dado que el equipo santafesino se vio algo sacudido por el gol. En los \u00faltimos 10 minutos, Larriera toma dos decisiones que a nuestro entender, fueron err\u00f3neas. Primero teniendo a Mansilla funcionando bien por izquierda, lo cambia de lado por Laquintana. Ah\u00ed desapareci\u00f3 Mansilla y Laquintana tom\u00f3 las mismas malas decisiones que ven\u00eda teniendo por derecha, pero con una pierna que no es la m\u00e1s h\u00e1bil. La otra decisi\u00f3n cuestionable, fue haber dado ingreso a Menosse, Da Silveira y Bonifazi, en minutos que parec\u00eda estar para ambos la victoria o al menos el empate. A los 87&#8242; Pe\u00f1arol se salv\u00f3 con un cabezazo que pas\u00f3 cerca y antes se hab\u00eda salvado de un centro que le quedaba a Wanchope pero contuvo Dawson. Y sucedi\u00f3 lo que habitualmente le ha pasado en los \u00faltimos a\u00f1os de Copa a Pe\u00f1arol, cuadro replegado intentando aguantar un resultado, distracci\u00f3n defensiva y gol. <strong>A los 89 minutos, de un saque lateral, entre dos defensores no pudieron contener el cabezazo de un jugador de Col\u00f3n y en el \u00e1rea completamente solo sin que nadie se percatara de su presencia, lleg\u00f3 Far\u00edas y dispar\u00f3 a la otra punta de donde estaba Dawson, haci\u00e9ndole imposible atajarla.<\/strong> No qued\u00f3 tiempo para m\u00e1s y Pe\u00f1arol se fue con las manos vac\u00edas.<\/p>\n<p>Irreconocible Pe\u00f1arol, completamente ap\u00e1tico y anunciado en ataque. Completa y justamente superado por su rival. En Copa padeci\u00f3 de los mismos problemas que tiene en el Campeonato Uruguayo, pero con la diferencia de que el ritmo es mucho m\u00e1s alto. El primer tiempo fue un padecimiento total y el segundo mejor\u00f3 pero una desatenci\u00f3n defensiva tir\u00f3 todo por la borda. El equipo parece desrumbeado y no encuentra su mejor versi\u00f3n. Los laterales no generan ataque, el mediocampo se torna lento, los extremos no toman buenas decisiones en los \u00faltimos metros y el Canario queda muy solo. El DT adem\u00e1s de que da la impresi\u00f3n de que no encuentra el equipo titular, hoy tom\u00f3 malas decisiones con los cambios. Todav\u00eda queda mucho por recorrer, pero urge que Pe\u00f1arol mejore su agresividad en el juego.<\/p>\n<p>Pe\u00f1arol volver\u00e1 a jugar el s\u00e1bado a las 16 hs en el Campe\u00f3n del Siglo frente a Liverpool por la jornada 8 del Torneo Apertura.<\/p>\n<p><strong><span style=\"color: #ffcc02;\">Ficha del partido<\/span><\/strong><\/p>\n<p>Col\u00f3n de Santa Fe 2 Pe\u00f1arol 1<\/p>\n<p>Estadio \u00abCementerio de los Elefantes\u00bb<\/p>\n<p>\u00c1rbitro: Wilton Sampaio<\/p>\n<p><strong>Titulares:<\/strong> Kevin Dawson; Ezequiel Busquets, Ram\u00f3n Arias, Edgar Elizalde, Juan Ramos; Walter Gargano, Dami\u00e1n Musto; Ignacio Laquintana, Pablo Ceppelini, Federico Carrizo; Agust\u00edn \u00c1lvarez Mart\u00ednez.<\/p>\n<p><strong>Suplentes:<\/strong> Neto Volpi, Mat\u00edas Gonz\u00e1lez, Facundo Bonifazi, Hern\u00e1n Menosse, Agust\u00edn Da Silveira, Bryan Olivera, Rodrigo Saravia, Agust\u00edn \u00c1lvarez Wallace, Brian Mansilla, Lucas Viatri, M\u00e1ximo Alonso, Rub\u00e9n Bentancourt.<\/p>\n<p><strong>DT:<\/strong> Mauricio Larriera<\/p>\n<p><strong><span style=\"color: #ffcc02;\">Cambios<\/span><\/strong><\/p>\n<p>60&#8242; Rub\u00e9n Bentancourt por Agust\u00edn \u00c1lvarez Mart\u00ednez<\/p>\n<p>69&#8242; Brian Mansilla por Federico Carrizo<\/p>\n<p>87&#8242; Hern\u00e1n Menosse por Pablo Ceppelini<\/p>\n<p>87&#8242; Facundo Bonifazi por Ignacio Laquintana<\/p>\n<p>87&#8242; Agust\u00edn Da Silveira por Ezequiel Busquets<\/p>\n<p><strong><span style=\"color: #ffcc02;\">Tarjetas (amarillas)<\/span><\/strong><\/p>\n<p>80&#8242; Ram\u00f3n Arias<\/p>\n<p><span style=\"color: #ffcc02;\"><strong>Goles<\/strong><\/span><\/p>\n<p>69&#8242; Pablo Ceppelini (asistencia: Brian Mansilla)<\/p>\n<p><span style=\"color: #ffcc02;\"><strong>Estad\u00edsticas<\/strong><\/span><\/p>\n<p><strong>Posesi\u00f3n de pelota:<\/strong> Col\u00f3n 52% Pe\u00f1arol 48%<\/p>\n<p><strong>Tiros totales:<\/strong> Col\u00f3n 26 Pe\u00f1arol 3<\/p>\n<p><strong>Tiros al arco:<\/strong> Col\u00f3n 13 Pe\u00f1arol 1<\/p>\n<p><strong>Corners: <\/strong>Col\u00f3n 7 Pe\u00f1arol 1<\/p>\n<p><strong>Faltas:<\/strong> Col\u00f3n 11 Pe\u00f1arol 16<\/p>\n<div class=\"user-wrapper\"><a class=\"userlink\" href=\"https:\/\/www.linkedin.com\/in\/marcos-arlotto\/\" target=\"_blank\"><figure><img decoding=\"async\" src=\"http:\/\/www.padreydecano.com\/cms\/wp-users-files\/postfirmas\/marcosarlotto.jpg\" \/><\/figure><p class=\"user\"><strong>Marcos Arlotto<\/strong><br \/><\/p><\/a><\/div>\n","protected":false},"excerpt":{"rendered":"<p>Pe\u00f1arol arranc\u00f3 mal en su primer partido por Copa Libertadores. Perdi\u00f3 2-1 de visitante frente a Col\u00f3n de Santa Fe. P\u00e9simo primer tiempo, mejor\u00eda en el segundo pero una distracci\u00f3n arruin\u00f3 un posible empate. El Carbonero no se recupera. Primer tiempo Si se tuviera que definir en una palabra el primer tiempo de Pe\u00f1arol es [&hellip;]<\/p>\n","protected":false},"author":30,"featured_media":78448,"comment_status":"open","ping_status":"closed","sticky":false,"template":"","format":"standard","meta":{"footnotes":""},"categories":[13],"tags":[569],"yoast_head":"<!-- This site is optimized with the Yoast SEO plugin v23.2 - https:\/\/yoast.com\/wordpress\/plugins\/seo\/ -->\n<title>Mal debut por Copa - Padre y Decano - El Sitio del Pueblo<\/title>\n<meta name=\"robots\" content=\"index, follow, max-snippet:-1, max-image-preview:large, max-video-preview:-1\" \/>\n<link rel=\"canonical\" href=\"https:\/\/www.padreydecano.com\/cms\/partidos\/mal-debut-por-copa\/\" \/>\n<meta property=\"og:locale\" content=\"es_ES\" \/>\n<meta property=\"og:type\" content=\"article\" \/>\n<meta property=\"og:title\" content=\"Mal debut por Copa - Padre y Decano - El Sitio del Pueblo\" \/>\n<meta property=\"og:description\" content=\"Pe\u00f1arol arranc\u00f3 mal en su primer partido por Copa Libertadores. Perdi\u00f3 2-1 de visitante frente a Col\u00f3n de Santa Fe. P\u00e9simo primer tiempo, mejor\u00eda en el segundo pero una distracci\u00f3n arruin\u00f3 un posible empate. El Carbonero no se recupera. Primer tiempo Si se tuviera que definir en una palabra el primer tiempo de Pe\u00f1arol es [&hellip;]\" \/>\n<meta property=\"og:url\" content=\"https:\/\/www.padreydecano.com\/cms\/partidos\/mal-debut-por-copa\/\" \/>\n<meta property=\"og:site_name\" content=\"Padre y Decano - El Sitio del Pueblo\" \/>\n<meta property=\"article:published_time\" content=\"2022-04-06T00:15:01+00:00\" \/>\n<meta property=\"article:modified_time\" content=\"2022-04-09T22:54:38+00:00\" \/>\n<meta property=\"og:image\" content=\"https:\/\/www.padreydecano.com\/cms\/wp-content\/uploads\/2022\/04\/penarol-colon-scaled.jpg\" \/>\n\t<meta property=\"og:image:width\" content=\"2560\" \/>\n\t<meta property=\"og:image:height\" content=\"1716\" \/>\n\t<meta property=\"og:image:type\" content=\"image\/jpeg\" \/>\n<meta name=\"author\" content=\"Udelar\" \/>\n<meta name=\"twitter:card\" content=\"summary_large_image\" \/>\n<meta name=\"twitter:label1\" content=\"Escrito por\" \/>\n\t<meta name=\"twitter:data1\" content=\"Udelar\" \/>\n\t<meta name=\"twitter:label2\" content=\"Tiempo de lectura\" \/>\n\t<meta name=\"twitter:data2\" content=\"5 minutos\" \/>\n<script type=\"application\/ld+json\" class=\"yoast-schema-graph\">{\"@context\":\"https:\/\/schema.org\",\"@graph\":[{\"@type\":\"Article\",\"@id\":\"https:\/\/www.padreydecano.com\/cms\/partidos\/mal-debut-por-copa\/#article\",\"isPartOf\":{\"@id\":\"https:\/\/www.padreydecano.com\/cms\/partidos\/mal-debut-por-copa\/\"},\"author\":{\"name\":\"Udelar\",\"@id\":\"https:\/\/www.padreydecano.com\/cms\/#\/schema\/person\/b22191326be6d1c7fa55c2ad137a9a32\"},\"headline\":\"Mal debut por Copa\",\"datePublished\":\"2022-04-06T00:15:01+00:00\",\"dateModified\":\"2022-04-09T22:54:38+00:00\",\"mainEntityOfPage\":{\"@id\":\"https:\/\/www.padreydecano.com\/cms\/partidos\/mal-debut-por-copa\/\"},\"wordCount\":1075,\"commentCount\":77,\"publisher\":{\"@id\":\"https:\/\/www.padreydecano.com\/cms\/#organization\"},\"image\":{\"@id\":\"https:\/\/www.padreydecano.com\/cms\/partidos\/mal-debut-por-copa\/#primaryimage\"},\"thumbnailUrl\":\"https:\/\/www.padreydecano.com\/cms\/wp-content\/uploads\/2022\/04\/penarol-colon-scaled.jpg\",\"keywords\":[\"Copa Libertadores 2022\"],\"articleSection\":[\"Partidos\"],\"inLanguage\":\"es\",\"potentialAction\":[{\"@type\":\"CommentAction\",\"name\":\"Comment\",\"target\":[\"https:\/\/www.padreydecano.com\/cms\/partidos\/mal-debut-por-copa\/#respond\"]}]},{\"@type\":\"WebPage\",\"@id\":\"https:\/\/www.padreydecano.com\/cms\/partidos\/mal-debut-por-copa\/\",\"url\":\"https:\/\/www.padreydecano.com\/cms\/partidos\/mal-debut-por-copa\/\",\"name\":\"Mal debut por Copa - Padre y Decano - El Sitio del Pueblo\",\"isPartOf\":{\"@id\":\"https:\/\/www.padreydecano.com\/cms\/#website\"},\"primaryImageOfPage\":{\"@id\":\"https:\/\/www.padreydecano.com\/cms\/partidos\/mal-debut-por-copa\/#primaryimage\"},\"image\":{\"@id\":\"https:\/\/www.padreydecano.com\/cms\/partidos\/mal-debut-por-copa\/#primaryimage\"},\"thumbnailUrl\":\"https:\/\/www.padreydecano.com\/cms\/wp-content\/uploads\/2022\/04\/penarol-colon-scaled.jpg\",\"datePublished\":\"2022-04-06T00:15:01+00:00\",\"dateModified\":\"2022-04-09T22:54:38+00:00\",\"breadcrumb\":{\"@id\":\"https:\/\/www.padreydecano.com\/cms\/partidos\/mal-debut-por-copa\/#breadcrumb\"},\"inLanguage\":\"es\",\"potentialAction\":[{\"@type\":\"ReadAction\",\"target\":[\"https:\/\/www.padreydecano.com\/cms\/partidos\/mal-debut-por-copa\/\"]}]},{\"@type\":\"ImageObject\",\"inLanguage\":\"es\",\"@id\":\"https:\/\/www.padreydecano.com\/cms\/partidos\/mal-debut-por-copa\/#primaryimage\",\"url\":\"https:\/\/www.padreydecano.com\/cms\/wp-content\/uploads\/2022\/04\/penarol-colon-scaled.jpg\",\"contentUrl\":\"https:\/\/www.padreydecano.com\/cms\/wp-content\/uploads\/2022\/04\/penarol-colon-scaled.jpg\",\"width\":2560,\"height\":1716},{\"@type\":\"BreadcrumbList\",\"@id\":\"https:\/\/www.padreydecano.com\/cms\/partidos\/mal-debut-por-copa\/#breadcrumb\",\"itemListElement\":[{\"@type\":\"ListItem\",\"position\":1,\"name\":\"Portada\",\"item\":\"https:\/\/www.padreydecano.com\/cms\/\"},{\"@type\":\"ListItem\",\"position\":2,\"name\":\"Mal debut por Copa\"}]},{\"@type\":\"WebSite\",\"@id\":\"https:\/\/www.padreydecano.com\/cms\/#website\",\"url\":\"https:\/\/www.padreydecano.com\/cms\/\",\"name\":\"Padre y Decano - El Sitio del Pueblo\",\"description\":\"Club Atl\u00e9tico Pe\u00f1arol\",\"publisher\":{\"@id\":\"https:\/\/www.padreydecano.com\/cms\/#organization\"},\"potentialAction\":[{\"@type\":\"SearchAction\",\"target\":{\"@type\":\"EntryPoint\",\"urlTemplate\":\"https:\/\/www.padreydecano.com\/cms\/?s={search_term_string}\"},\"query-input\":\"required name=search_term_string\"}],\"inLanguage\":\"es\"},{\"@type\":\"Organization\",\"@id\":\"https:\/\/www.padreydecano.com\/cms\/#organization\",\"name\":\"Padre y Decano\",\"url\":\"https:\/\/www.padreydecano.com\/cms\/\",\"logo\":{\"@type\":\"ImageObject\",\"inLanguage\":\"es\",\"@id\":\"https:\/\/www.padreydecano.com\/cms\/#\/schema\/logo\/image\/\",\"url\":\"https:\/\/www.padreydecano.com\/cms\/wp-content\/uploads\/2022\/01\/avatar-square.png\",\"contentUrl\":\"https:\/\/www.padreydecano.com\/cms\/wp-content\/uploads\/2022\/01\/avatar-square.png\",\"width\":1500,\"height\":1500,\"caption\":\"Padre y Decano\"},\"image\":{\"@id\":\"https:\/\/www.padreydecano.com\/cms\/#\/schema\/logo\/image\/\"}},{\"@type\":\"Person\",\"@id\":\"https:\/\/www.padreydecano.com\/cms\/#\/schema\/person\/b22191326be6d1c7fa55c2ad137a9a32\",\"name\":\"Udelar\",\"image\":{\"@type\":\"ImageObject\",\"inLanguage\":\"es\",\"@id\":\"https:\/\/www.padreydecano.com\/cms\/#\/schema\/person\/image\/\",\"url\":\"https:\/\/secure.gravatar.com\/avatar\/611ece663b16897a2cd2f46982281225?s=96&d=https%3A%2F%2Fpadreydecano.com%2Fcms%2Fwp-content%2Fthemes%2Fpyd-theme%2Fimg%2Fdefault-avatar.png&r=g\",\"contentUrl\":\"https:\/\/secure.gravatar.com\/avatar\/611ece663b16897a2cd2f46982281225?s=96&d=https%3A%2F%2Fpadreydecano.com%2Fcms%2Fwp-content%2Fthemes%2Fpyd-theme%2Fimg%2Fdefault-avatar.png&r=g\",\"caption\":\"Udelar\"}}]}<\/script>\n<!-- \/ Yoast SEO plugin. -->","yoast_head_json":{"title":"Mal debut por Copa - Padre y Decano - El Sitio del Pueblo","robots":{"index":"index","follow":"follow","max-snippet":"max-snippet:-1","max-image-preview":"max-image-preview:large","max-video-preview":"max-video-preview:-1"},"canonical":"https:\/\/www.padreydecano.com\/cms\/partidos\/mal-debut-por-copa\/","og_locale":"es_ES","og_type":"article","og_title":"Mal debut por Copa - Padre y Decano - El Sitio del Pueblo","og_description":"Pe\u00f1arol arranc\u00f3 mal en su primer partido por Copa Libertadores. Perdi\u00f3 2-1 de visitante frente a Col\u00f3n de Santa Fe. P\u00e9simo primer tiempo, mejor\u00eda en el segundo pero una distracci\u00f3n arruin\u00f3 un posible empate. El Carbonero no se recupera. Primer tiempo Si se tuviera que definir en una palabra el primer tiempo de Pe\u00f1arol es [&hellip;]","og_url":"https:\/\/www.padreydecano.com\/cms\/partidos\/mal-debut-por-copa\/","og_site_name":"Padre y Decano - El Sitio del Pueblo","article_published_time":"2022-04-06T00:15:01+00:00","article_modified_time":"2022-04-09T22:54:38+00:00","og_image":[{"width":2560,"height":1716,"url":"https:\/\/www.padreydecano.com\/cms\/wp-content\/uploads\/2022\/04\/penarol-colon-scaled.jpg","type":"image\/jpeg"}],"author":"Udelar","twitter_card":"summary_large_image","twitter_misc":{"Escrito por":"Udelar","Tiempo de lectura":"5 minutos"},"schema":{"@context":"https:\/\/schema.org","@graph":[{"@type":"Article","@id":"https:\/\/www.padreydecano.com\/cms\/partidos\/mal-debut-por-copa\/#article","isPartOf":{"@id":"https:\/\/www.padreydecano.com\/cms\/partidos\/mal-debut-por-copa\/"},"author":{"name":"Udelar","@id":"https:\/\/www.padreydecano.com\/cms\/#\/schema\/person\/b22191326be6d1c7fa55c2ad137a9a32"},"headline":"Mal debut por Copa","datePublished":"2022-04-06T00:15:01+00:00","dateModified":"2022-04-09T22:54:38+00:00","mainEntityOfPage":{"@id":"https:\/\/www.padreydecano.com\/cms\/partidos\/mal-debut-por-copa\/"},"wordCount":1075,"commentCount":77,"publisher":{"@id":"https:\/\/www.padreydecano.com\/cms\/#organization"},"image":{"@id":"https:\/\/www.padreydecano.com\/cms\/partidos\/mal-debut-por-copa\/#primaryimage"},"thumbnailUrl":"https:\/\/www.padreydecano.com\/cms\/wp-content\/uploads\/2022\/04\/penarol-colon-scaled.jpg","keywords":["Copa Libertadores 2022"],"articleSection":["Partidos"],"inLanguage":"es","potentialAction":[{"@type":"CommentAction","name":"Comment","target":["https:\/\/www.padreydecano.com\/cms\/partidos\/mal-debut-por-copa\/#respond"]}]},{"@type":"WebPage","@id":"https:\/\/www.padreydecano.com\/cms\/partidos\/mal-debut-por-copa\/","url":"https:\/\/www.padreydecano.com\/cms\/partidos\/mal-debut-por-copa\/","name":"Mal debut por Copa - Padre y Decano - El Sitio del Pueblo","isPartOf":{"@id":"https:\/\/www.padreydecano.com\/cms\/#website"},"primaryImageOfPage":{"@id":"https:\/\/www.padreydecano.com\/cms\/partidos\/mal-debut-por-copa\/#primaryimage"},"image":{"@id":"https:\/\/www.padreydecano.com\/cms\/partidos\/mal-debut-por-copa\/#primaryimage"},"thumbnailUrl":"https:\/\/www.padreydecano.com\/cms\/wp-content\/uploads\/2022\/04\/penarol-colon-scaled.jpg","datePublished":"2022-04-06T00:15:01+00:00","dateModified":"2022-04-09T22:54:38+00:00","breadcrumb":{"@id":"https:\/\/www.padreydecano.com\/cms\/partidos\/mal-debut-por-copa\/#breadcrumb"},"inLanguage":"es","potentialAction":[{"@type":"ReadAction","target":["https:\/\/www.padreydecano.com\/cms\/partidos\/mal-debut-por-copa\/"]}]},{"@type":"ImageObject","inLanguage":"es","@id":"https:\/\/www.padreydecano.com\/cms\/partidos\/mal-debut-por-copa\/#primaryimage","url":"https:\/\/www.padreydecano.com\/cms\/wp-content\/uploads\/2022\/04\/penarol-colon-scaled.jpg","contentUrl":"https:\/\/www.padreydecano.com\/cms\/wp-content\/uploads\/2022\/04\/penarol-colon-scaled.jpg","width":2560,"height":1716},{"@type":"BreadcrumbList","@id":"https:\/\/www.padreydecano.com\/cms\/partidos\/mal-debut-por-copa\/#breadcrumb","itemListElement":[{"@type":"ListItem","position":1,"name":"Portada","item":"https:\/\/www.padreydecano.com\/cms\/"},{"@type":"ListItem","position":2,"name":"Mal debut por Copa"}]},{"@type":"WebSite","@id":"https:\/\/www.padreydecano.com\/cms\/#website","url":"https:\/\/www.padreydecano.com\/cms\/","name":"Padre y Decano - El Sitio del Pueblo","description":"Club Atl\u00e9tico Pe\u00f1arol","publisher":{"@id":"https:\/\/www.padreydecano.com\/cms\/#organization"},"potentialAction":[{"@type":"SearchAction","target":{"@type":"EntryPoint","urlTemplate":"https:\/\/www.padreydecano.com\/cms\/?s={search_term_string}"},"query-input":"required name=search_term_string"}],"inLanguage":"es"},{"@type":"Organization","@id":"https:\/\/www.padreydecano.com\/cms\/#organization","name":"Padre y Decano","url":"https:\/\/www.padreydecano.com\/cms\/","logo":{"@type":"ImageObject","inLanguage":"es","@id":"https:\/\/www.padreydecano.com\/cms\/#\/schema\/logo\/image\/","url":"https:\/\/www.padreydecano.com\/cms\/wp-content\/uploads\/2022\/01\/avatar-square.png","contentUrl":"https:\/\/www.padreydecano.com\/cms\/wp-content\/uploads\/2022\/01\/avatar-square.png","width":1500,"height":1500,"caption":"Padre y Decano"},"image":{"@id":"https:\/\/www.padreydecano.com\/cms\/#\/schema\/logo\/image\/"}},{"@type":"Person","@id":"https:\/\/www.padreydecano.com\/cms\/#\/schema\/person\/b22191326be6d1c7fa55c2ad137a9a32","name":"Udelar","image":{"@type":"ImageObject","inLanguage":"es","@id":"https:\/\/www.padreydecano.com\/cms\/#\/schema\/person\/image\/","url":"https:\/\/secure.gravatar.com\/avatar\/611ece663b16897a2cd2f46982281225?s=96&d=https%3A%2F%2Fpadreydecano.com%2Fcms%2Fwp-content%2Fthemes%2Fpyd-theme%2Fimg%2Fdefault-avatar.png&r=g","contentUrl":"https:\/\/secure.gravatar.com\/avatar\/611ece663b16897a2cd2f46982281225?s=96&d=https%3A%2F%2Fpadreydecano.com%2Fcms%2Fwp-content%2Fthemes%2Fpyd-theme%2Fimg%2Fdefault-avatar.png&r=g","caption":"Udelar"}}]}},"_links":{"self":[{"href":"https:\/\/www.padreydecano.com\/cms\/wp-json\/wp\/v2\/posts\/78447"}],"collection":[{"href":"https:\/\/www.padreydecano.com\/cms\/wp-json\/wp\/v2\/posts"}],"about":[{"href":"https:\/\/www.padreydecano.com\/cms\/wp-json\/wp\/v2\/types\/post"}],"author":[{"embeddable":true,"href":"https:\/\/www.padreydecano.com\/cms\/wp-json\/wp\/v2\/users\/30"}],"replies":[{"embeddable":true,"href":"https:\/\/www.padreydecano.com\/cms\/wp-json\/wp\/v2\/comments?post=78447"}],"version-history":[{"count":0,"href":"https:\/\/www.padreydecano.com\/cms\/wp-json\/wp\/v2\/posts\/78447\/revisions"}],"wp:featuredmedia":[{"embeddable":true,"href":"https:\/\/www.padreydecano.com\/cms\/wp-json\/wp\/v2\/media\/78448"}],"wp:attachment":[{"href":"https:\/\/www.padreydecano.com\/cms\/wp-json\/wp\/v2\/media?parent=78447"}],"wp:term":[{"taxonomy":"category","embeddable":true,"href":"https:\/\/www.padreydecano.com\/cms\/wp-json\/wp\/v2\/categories?post=78447"},{"taxonomy":"post_tag","embeddable":true,"href":"https:\/\/www.padreydecano.com\/cms\/wp-json\/wp\/v2\/tags?post=78447"}],"curies":[{"name":"wp","href":"https:\/\/api.w.org\/{rel}","templated":true}]}}