{"id":78383,"date":"2022-03-25T13:09:31","date_gmt":"2022-03-25T16:09:31","guid":{"rendered":"http:\/\/www.padreydecano.com\/cms\/?p=78383"},"modified":"2022-03-25T13:23:38","modified_gmt":"2022-03-25T16:23:38","slug":"se-sorteo-la-copa","status":"publish","type":"post","link":"https:\/\/www.padreydecano.com\/cms\/noticias\/se-sorteo-la-copa\/","title":{"rendered":"Se sorte\u00f3 la Copa"},"content":{"rendered":"<p><img loading=\"lazy\" decoding=\"async\" class=\"alignnone size-medium wp-image-62503\" src=\"https:\/\/www.padreydecano.com\/cms\/wp-content\/uploads\/2017\/03\/28-penarol-atletico-tucuman-copa-libertadores-2017-foto-mariano-alvez-01-600x401.jpg\" alt=\"\" width=\"600\" height=\"401\" srcset=\"https:\/\/www.padreydecano.com\/cms\/wp-content\/uploads\/2017\/03\/28-penarol-atletico-tucuman-copa-libertadores-2017-foto-mariano-alvez-01-600x401.jpg 600w, https:\/\/www.padreydecano.com\/cms\/wp-content\/uploads\/2017\/03\/28-penarol-atletico-tucuman-copa-libertadores-2017-foto-mariano-alvez-01-768x513.jpg 768w, https:\/\/www.padreydecano.com\/cms\/wp-content\/uploads\/2017\/03\/28-penarol-atletico-tucuman-copa-libertadores-2017-foto-mariano-alvez-01.jpg 900w\" sizes=\"(max-width: 600px) 100vw, 600px\" \/><\/p>\n<p><strong>Se realiz\u00f3 el sorteo de la fase de grupos de la Copa Libertadores 2022<\/strong><\/p>\n<p>Pe\u00f1arol integra como cabeza de serie el Grupo G. El mismo est\u00e1 integrado por <strong>Col\u00f3n<\/strong> de Argentina y <strong>Cerro Porte\u00f1o<\/strong> y <strong>Olimpia<\/strong> de Paraguay.<\/p>\n<p>Grupo con rivales duros, si bien no cuenta por lo menos en primera instancia con candidatos, por lo parejo se vuelve un grupo interesante. M\u00e1s si tenemos en cuenta que en el mismo estar\u00e1 el cl\u00e1sico paraguayo.<\/p>\n<p>Es un buen grupo en el tema log\u00edstico, sin largos viajes ni en pa\u00edses con altura o zonas con elevada temperatura, el carbonero deber\u00e1 pensar en ganar puntos en sus visitas.<\/p>\n<p>Pe\u00f1arol, el primer y 5 veces campe\u00f3n de la Copa Libertadores, un hist\u00f3rico del continente, buscar\u00e1 volver a pasar una fase de grupos, algo que desde la recordara edici\u00f3n del 2011 no sucede.<\/p>\n<p>El fixture y las fechas se dar\u00e1n a conocer pr\u00f3ximamente.<\/p>\n<div class=\"user-wrapper\"><a class=\"userlink\"href=\"https:\/\/twitter.com\/ftrucce18\" target=\"_blank\"><figure><img decoding=\"async\" src=\"http:\/\/www.padreydecano.com\/cms\/wp-users-files\/postfirmas\/ftrucce.jpg\" \/><\/figure><p class=\"user\"><strong>Franco Trucce<\/strong><br \/>@FTrucce18<\/p><\/a><\/div>\n","protected":false},"excerpt":{"rendered":"<p>Se realiz\u00f3 el sorteo de la fase de grupos de la Copa Libertadores 2022 Pe\u00f1arol integra como cabeza de serie el Grupo G. El mismo est\u00e1 integrado por Col\u00f3n de Argentina y Cerro Porte\u00f1o y Olimpia de Paraguay. Grupo con rivales duros, si bien no cuenta por lo menos en primera instancia con candidatos, por [&hellip;]<\/p>\n","protected":false},"author":27,"featured_media":62503,"comment_status":"open","ping_status":"closed","sticky":false,"template":"","format":"standard","meta":{"footnotes":""},"categories":[1],"tags":[569],"yoast_head":"<!-- This site is optimized with the Yoast SEO plugin v23.2 - https:\/\/yoast.com\/wordpress\/plugins\/seo\/ -->\n<title>Se sorte\u00f3 la Copa - Padre y Decano - El Sitio del Pueblo<\/title>\n<meta name=\"robots\" content=\"index, follow, max-snippet:-1, max-image-preview:large, max-video-preview:-1\" \/>\n<link rel=\"canonical\" href=\"https:\/\/www.padreydecano.com\/cms\/noticias\/se-sorteo-la-copa\/\" \/>\n<meta property=\"og:locale\" content=\"es_ES\" \/>\n<meta property=\"og:type\" content=\"article\" \/>\n<meta property=\"og:title\" content=\"Se sorte\u00f3 la Copa - Padre y Decano - El Sitio del Pueblo\" \/>\n<meta property=\"og:description\" content=\"Se realiz\u00f3 el sorteo de la fase de grupos de la Copa Libertadores 2022 Pe\u00f1arol integra como cabeza de serie el Grupo G. El mismo est\u00e1 integrado por Col\u00f3n de Argentina y Cerro Porte\u00f1o y Olimpia de Paraguay. Grupo con rivales duros, si bien no cuenta por lo menos en primera instancia con candidatos, por [&hellip;]\" \/>\n<meta property=\"og:url\" content=\"https:\/\/www.padreydecano.com\/cms\/noticias\/se-sorteo-la-copa\/\" \/>\n<meta property=\"og:site_name\" content=\"Padre y Decano - El Sitio del Pueblo\" \/>\n<meta property=\"article:published_time\" content=\"2022-03-25T16:09:31+00:00\" \/>\n<meta property=\"article:modified_time\" content=\"2022-03-25T16:23:38+00:00\" \/>\n<meta property=\"og:image\" content=\"https:\/\/www.padreydecano.com\/cms\/wp-content\/uploads\/2017\/03\/28-penarol-atletico-tucuman-copa-libertadores-2017-foto-mariano-alvez-01.jpg\" \/>\n\t<meta property=\"og:image:width\" content=\"900\" \/>\n\t<meta property=\"og:image:height\" content=\"601\" \/>\n\t<meta property=\"og:image:type\" content=\"image\/jpeg\" \/>\n<meta name=\"author\" content=\"Redactores Padre y Decano\" \/>\n<meta name=\"twitter:card\" content=\"summary_large_image\" \/>\n<meta name=\"twitter:label1\" content=\"Escrito por\" \/>\n\t<meta name=\"twitter:data1\" content=\"Redactores Padre y Decano\" \/>\n\t<meta name=\"twitter:label2\" content=\"Tiempo de lectura\" \/>\n\t<meta name=\"twitter:data2\" content=\"1 minuto\" \/>\n<script type=\"application\/ld+json\" class=\"yoast-schema-graph\">{\"@context\":\"https:\/\/schema.org\",\"@graph\":[{\"@type\":\"Article\",\"@id\":\"https:\/\/www.padreydecano.com\/cms\/noticias\/se-sorteo-la-copa\/#article\",\"isPartOf\":{\"@id\":\"https:\/\/www.padreydecano.com\/cms\/noticias\/se-sorteo-la-copa\/\"},\"author\":{\"name\":\"Redactores Padre y Decano\",\"@id\":\"https:\/\/www.padreydecano.com\/cms\/#\/schema\/person\/37aae8f93aa78e4c5385497f056e3246\"},\"headline\":\"Se sorte\u00f3 la Copa\",\"datePublished\":\"2022-03-25T16:09:31+00:00\",\"dateModified\":\"2022-03-25T16:23:38+00:00\",\"mainEntityOfPage\":{\"@id\":\"https:\/\/www.padreydecano.com\/cms\/noticias\/se-sorteo-la-copa\/\"},\"wordCount\":164,\"commentCount\":7,\"publisher\":{\"@id\":\"https:\/\/www.padreydecano.com\/cms\/#organization\"},\"image\":{\"@id\":\"https:\/\/www.padreydecano.com\/cms\/noticias\/se-sorteo-la-copa\/#primaryimage\"},\"thumbnailUrl\":\"https:\/\/www.padreydecano.com\/cms\/wp-content\/uploads\/2017\/03\/28-penarol-atletico-tucuman-copa-libertadores-2017-foto-mariano-alvez-01.jpg\",\"keywords\":[\"Copa Libertadores 2022\"],\"articleSection\":[\"Noticias\"],\"inLanguage\":\"es\",\"potentialAction\":[{\"@type\":\"CommentAction\",\"name\":\"Comment\",\"target\":[\"https:\/\/www.padreydecano.com\/cms\/noticias\/se-sorteo-la-copa\/#respond\"]}]},{\"@type\":\"WebPage\",\"@id\":\"https:\/\/www.padreydecano.com\/cms\/noticias\/se-sorteo-la-copa\/\",\"url\":\"https:\/\/www.padreydecano.com\/cms\/noticias\/se-sorteo-la-copa\/\",\"name\":\"Se sorte\u00f3 la Copa - Padre y Decano - El Sitio del Pueblo\",\"isPartOf\":{\"@id\":\"https:\/\/www.padreydecano.com\/cms\/#website\"},\"primaryImageOfPage\":{\"@id\":\"https:\/\/www.padreydecano.com\/cms\/noticias\/se-sorteo-la-copa\/#primaryimage\"},\"image\":{\"@id\":\"https:\/\/www.padreydecano.com\/cms\/noticias\/se-sorteo-la-copa\/#primaryimage\"},\"thumbnailUrl\":\"https:\/\/www.padreydecano.com\/cms\/wp-content\/uploads\/2017\/03\/28-penarol-atletico-tucuman-copa-libertadores-2017-foto-mariano-alvez-01.jpg\",\"datePublished\":\"2022-03-25T16:09:31+00:00\",\"dateModified\":\"2022-03-25T16:23:38+00:00\",\"breadcrumb\":{\"@id\":\"https:\/\/www.padreydecano.com\/cms\/noticias\/se-sorteo-la-copa\/#breadcrumb\"},\"inLanguage\":\"es\",\"potentialAction\":[{\"@type\":\"ReadAction\",\"target\":[\"https:\/\/www.padreydecano.com\/cms\/noticias\/se-sorteo-la-copa\/\"]}]},{\"@type\":\"ImageObject\",\"inLanguage\":\"es\",\"@id\":\"https:\/\/www.padreydecano.com\/cms\/noticias\/se-sorteo-la-copa\/#primaryimage\",\"url\":\"https:\/\/www.padreydecano.com\/cms\/wp-content\/uploads\/2017\/03\/28-penarol-atletico-tucuman-copa-libertadores-2017-foto-mariano-alvez-01.jpg\",\"contentUrl\":\"https:\/\/www.padreydecano.com\/cms\/wp-content\/uploads\/2017\/03\/28-penarol-atletico-tucuman-copa-libertadores-2017-foto-mariano-alvez-01.jpg\",\"width\":900,\"height\":601},{\"@type\":\"BreadcrumbList\",\"@id\":\"https:\/\/www.padreydecano.com\/cms\/noticias\/se-sorteo-la-copa\/#breadcrumb\",\"itemListElement\":[{\"@type\":\"ListItem\",\"position\":1,\"name\":\"Portada\",\"item\":\"https:\/\/www.padreydecano.com\/cms\/\"},{\"@type\":\"ListItem\",\"position\":2,\"name\":\"Se sorte\u00f3 la Copa\"}]},{\"@type\":\"WebSite\",\"@id\":\"https:\/\/www.padreydecano.com\/cms\/#website\",\"url\":\"https:\/\/www.padreydecano.com\/cms\/\",\"name\":\"Padre y Decano - El Sitio del Pueblo\",\"description\":\"Club Atl\u00e9tico Pe\u00f1arol\",\"publisher\":{\"@id\":\"https:\/\/www.padreydecano.com\/cms\/#organization\"},\"potentialAction\":[{\"@type\":\"SearchAction\",\"target\":{\"@type\":\"EntryPoint\",\"urlTemplate\":\"https:\/\/www.padreydecano.com\/cms\/?s={search_term_string}\"},\"query-input\":\"required name=search_term_string\"}],\"inLanguage\":\"es\"},{\"@type\":\"Organization\",\"@id\":\"https:\/\/www.padreydecano.com\/cms\/#organization\",\"name\":\"Padre y Decano\",\"url\":\"https:\/\/www.padreydecano.com\/cms\/\",\"logo\":{\"@type\":\"ImageObject\",\"inLanguage\":\"es\",\"@id\":\"https:\/\/www.padreydecano.com\/cms\/#\/schema\/logo\/image\/\",\"url\":\"https:\/\/www.padreydecano.com\/cms\/wp-content\/uploads\/2022\/01\/avatar-square.png\",\"contentUrl\":\"https:\/\/www.padreydecano.com\/cms\/wp-content\/uploads\/2022\/01\/avatar-square.png\",\"width\":1500,\"height\":1500,\"caption\":\"Padre y Decano\"},\"image\":{\"@id\":\"https:\/\/www.padreydecano.com\/cms\/#\/schema\/logo\/image\/\"}},{\"@type\":\"Person\",\"@id\":\"https:\/\/www.padreydecano.com\/cms\/#\/schema\/person\/37aae8f93aa78e4c5385497f056e3246\",\"name\":\"Redactores Padre y Decano\",\"image\":{\"@type\":\"ImageObject\",\"inLanguage\":\"es\",\"@id\":\"https:\/\/www.padreydecano.com\/cms\/#\/schema\/person\/image\/\",\"url\":\"https:\/\/secure.gravatar.com\/avatar\/8810c4b9081192b118b104af54549af8?s=96&d=https%3A%2F%2Fpadreydecano.com%2Fcms%2Fwp-content%2Fthemes%2Fpyd-theme%2Fimg%2Fdefault-avatar.png&r=g\",\"contentUrl\":\"https:\/\/secure.gravatar.com\/avatar\/8810c4b9081192b118b104af54549af8?s=96&d=https%3A%2F%2Fpadreydecano.com%2Fcms%2Fwp-content%2Fthemes%2Fpyd-theme%2Fimg%2Fdefault-avatar.png&r=g\",\"caption\":\"Redactores Padre y Decano\"},\"sameAs\":[\"http:\/\/www.padreydecano.com\"]}]}<\/script>\n<!-- \/ Yoast SEO plugin. -->","yoast_head_json":{"title":"Se sorte\u00f3 la Copa - Padre y Decano - El Sitio del Pueblo","robots":{"index":"index","follow":"follow","max-snippet":"max-snippet:-1","max-image-preview":"max-image-preview:large","max-video-preview":"max-video-preview:-1"},"canonical":"https:\/\/www.padreydecano.com\/cms\/noticias\/se-sorteo-la-copa\/","og_locale":"es_ES","og_type":"article","og_title":"Se sorte\u00f3 la Copa - Padre y Decano - El Sitio del Pueblo","og_description":"Se realiz\u00f3 el sorteo de la fase de grupos de la Copa Libertadores 2022 Pe\u00f1arol integra como cabeza de serie el Grupo G. El mismo est\u00e1 integrado por Col\u00f3n de Argentina y Cerro Porte\u00f1o y Olimpia de Paraguay. Grupo con rivales duros, si bien no cuenta por lo menos en primera instancia con candidatos, por [&hellip;]","og_url":"https:\/\/www.padreydecano.com\/cms\/noticias\/se-sorteo-la-copa\/","og_site_name":"Padre y Decano - El Sitio del Pueblo","article_published_time":"2022-03-25T16:09:31+00:00","article_modified_time":"2022-03-25T16:23:38+00:00","og_image":[{"width":900,"height":601,"url":"https:\/\/www.padreydecano.com\/cms\/wp-content\/uploads\/2017\/03\/28-penarol-atletico-tucuman-copa-libertadores-2017-foto-mariano-alvez-01.jpg","type":"image\/jpeg"}],"author":"Redactores Padre y Decano","twitter_card":"summary_large_image","twitter_misc":{"Escrito por":"Redactores Padre y Decano","Tiempo de lectura":"1 minuto"},"schema":{"@context":"https:\/\/schema.org","@graph":[{"@type":"Article","@id":"https:\/\/www.padreydecano.com\/cms\/noticias\/se-sorteo-la-copa\/#article","isPartOf":{"@id":"https:\/\/www.padreydecano.com\/cms\/noticias\/se-sorteo-la-copa\/"},"author":{"name":"Redactores Padre y Decano","@id":"https:\/\/www.padreydecano.com\/cms\/#\/schema\/person\/37aae8f93aa78e4c5385497f056e3246"},"headline":"Se sorte\u00f3 la Copa","datePublished":"2022-03-25T16:09:31+00:00","dateModified":"2022-03-25T16:23:38+00:00","mainEntityOfPage":{"@id":"https:\/\/www.padreydecano.com\/cms\/noticias\/se-sorteo-la-copa\/"},"wordCount":164,"commentCount":7,"publisher":{"@id":"https:\/\/www.padreydecano.com\/cms\/#organization"},"image":{"@id":"https:\/\/www.padreydecano.com\/cms\/noticias\/se-sorteo-la-copa\/#primaryimage"},"thumbnailUrl":"https:\/\/www.padreydecano.com\/cms\/wp-content\/uploads\/2017\/03\/28-penarol-atletico-tucuman-copa-libertadores-2017-foto-mariano-alvez-01.jpg","keywords":["Copa Libertadores 2022"],"articleSection":["Noticias"],"inLanguage":"es","potentialAction":[{"@type":"CommentAction","name":"Comment","target":["https:\/\/www.padreydecano.com\/cms\/noticias\/se-sorteo-la-copa\/#respond"]}]},{"@type":"WebPage","@id":"https:\/\/www.padreydecano.com\/cms\/noticias\/se-sorteo-la-copa\/","url":"https:\/\/www.padreydecano.com\/cms\/noticias\/se-sorteo-la-copa\/","name":"Se sorte\u00f3 la Copa - Padre y Decano - El Sitio del Pueblo","isPartOf":{"@id":"https:\/\/www.padreydecano.com\/cms\/#website"},"primaryImageOfPage":{"@id":"https:\/\/www.padreydecano.com\/cms\/noticias\/se-sorteo-la-copa\/#primaryimage"},"image":{"@id":"https:\/\/www.padreydecano.com\/cms\/noticias\/se-sorteo-la-copa\/#primaryimage"},"thumbnailUrl":"https:\/\/www.padreydecano.com\/cms\/wp-content\/uploads\/2017\/03\/28-penarol-atletico-tucuman-copa-libertadores-2017-foto-mariano-alvez-01.jpg","datePublished":"2022-03-25T16:09:31+00:00","dateModified":"2022-03-25T16:23:38+00:00","breadcrumb":{"@id":"https:\/\/www.padreydecano.com\/cms\/noticias\/se-sorteo-la-copa\/#breadcrumb"},"inLanguage":"es","potentialAction":[{"@type":"ReadAction","target":["https:\/\/www.padreydecano.com\/cms\/noticias\/se-sorteo-la-copa\/"]}]},{"@type":"ImageObject","inLanguage":"es","@id":"https:\/\/www.padreydecano.com\/cms\/noticias\/se-sorteo-la-copa\/#primaryimage","url":"https:\/\/www.padreydecano.com\/cms\/wp-content\/uploads\/2017\/03\/28-penarol-atletico-tucuman-copa-libertadores-2017-foto-mariano-alvez-01.jpg","contentUrl":"https:\/\/www.padreydecano.com\/cms\/wp-content\/uploads\/2017\/03\/28-penarol-atletico-tucuman-copa-libertadores-2017-foto-mariano-alvez-01.jpg","width":900,"height":601},{"@type":"BreadcrumbList","@id":"https:\/\/www.padreydecano.com\/cms\/noticias\/se-sorteo-la-copa\/#breadcrumb","itemListElement":[{"@type":"ListItem","position":1,"name":"Portada","item":"https:\/\/www.padreydecano.com\/cms\/"},{"@type":"ListItem","position":2,"name":"Se sorte\u00f3 la Copa"}]},{"@type":"WebSite","@id":"https:\/\/www.padreydecano.com\/cms\/#website","url":"https:\/\/www.padreydecano.com\/cms\/","name":"Padre y Decano - El Sitio del Pueblo","description":"Club Atl\u00e9tico Pe\u00f1arol","publisher":{"@id":"https:\/\/www.padreydecano.com\/cms\/#organization"},"potentialAction":[{"@type":"SearchAction","target":{"@type":"EntryPoint","urlTemplate":"https:\/\/www.padreydecano.com\/cms\/?s={search_term_string}"},"query-input":"required name=search_term_string"}],"inLanguage":"es"},{"@type":"Organization","@id":"https:\/\/www.padreydecano.com\/cms\/#organization","name":"Padre y Decano","url":"https:\/\/www.padreydecano.com\/cms\/","logo":{"@type":"ImageObject","inLanguage":"es","@id":"https:\/\/www.padreydecano.com\/cms\/#\/schema\/logo\/image\/","url":"https:\/\/www.padreydecano.com\/cms\/wp-content\/uploads\/2022\/01\/avatar-square.png","contentUrl":"https:\/\/www.padreydecano.com\/cms\/wp-content\/uploads\/2022\/01\/avatar-square.png","width":1500,"height":1500,"caption":"Padre y Decano"},"image":{"@id":"https:\/\/www.padreydecano.com\/cms\/#\/schema\/logo\/image\/"}},{"@type":"Person","@id":"https:\/\/www.padreydecano.com\/cms\/#\/schema\/person\/37aae8f93aa78e4c5385497f056e3246","name":"Redactores Padre y Decano","image":{"@type":"ImageObject","inLanguage":"es","@id":"https:\/\/www.padreydecano.com\/cms\/#\/schema\/person\/image\/","url":"https:\/\/secure.gravatar.com\/avatar\/8810c4b9081192b118b104af54549af8?s=96&d=https%3A%2F%2Fpadreydecano.com%2Fcms%2Fwp-content%2Fthemes%2Fpyd-theme%2Fimg%2Fdefault-avatar.png&r=g","contentUrl":"https:\/\/secure.gravatar.com\/avatar\/8810c4b9081192b118b104af54549af8?s=96&d=https%3A%2F%2Fpadreydecano.com%2Fcms%2Fwp-content%2Fthemes%2Fpyd-theme%2Fimg%2Fdefault-avatar.png&r=g","caption":"Redactores Padre y Decano"},"sameAs":["http:\/\/www.padreydecano.com"]}]}},"_links":{"self":[{"href":"https:\/\/www.padreydecano.com\/cms\/wp-json\/wp\/v2\/posts\/78383"}],"collection":[{"href":"https:\/\/www.padreydecano.com\/cms\/wp-json\/wp\/v2\/posts"}],"about":[{"href":"https:\/\/www.padreydecano.com\/cms\/wp-json\/wp\/v2\/types\/post"}],"author":[{"embeddable":true,"href":"https:\/\/www.padreydecano.com\/cms\/wp-json\/wp\/v2\/users\/27"}],"replies":[{"embeddable":true,"href":"https:\/\/www.padreydecano.com\/cms\/wp-json\/wp\/v2\/comments?post=78383"}],"version-history":[{"count":0,"href":"https:\/\/www.padreydecano.com\/cms\/wp-json\/wp\/v2\/posts\/78383\/revisions"}],"wp:featuredmedia":[{"embeddable":true,"href":"https:\/\/www.padreydecano.com\/cms\/wp-json\/wp\/v2\/media\/62503"}],"wp:attachment":[{"href":"https:\/\/www.padreydecano.com\/cms\/wp-json\/wp\/v2\/media?parent=78383"}],"wp:term":[{"taxonomy":"category","embeddable":true,"href":"https:\/\/www.padreydecano.com\/cms\/wp-json\/wp\/v2\/categories?post=78383"},{"taxonomy":"post_tag","embeddable":true,"href":"https:\/\/www.padreydecano.com\/cms\/wp-json\/wp\/v2\/tags?post=78383"}],"curies":[{"name":"wp","href":"https:\/\/api.w.org\/{rel}","templated":true}]}}