{"id":78336,"date":"2022-03-17T00:19:17","date_gmt":"2022-03-17T03:19:17","guid":{"rendered":"http:\/\/www.padreydecano.com\/cms\/?p=78336"},"modified":"2022-03-20T10:25:34","modified_gmt":"2022-03-20T13:25:34","slug":"brian-mansilla-clasificamos-y-pensamos-en-ganarla-porque-somos-penarol","status":"publish","type":"post","link":"https:\/\/www.padreydecano.com\/cms\/entrevistas\/brian-mansilla-clasificamos-y-pensamos-en-ganarla-porque-somos-penarol\/","title":{"rendered":"Brian Mansilla: \u00abClasificamos y pensamos en ganarla porque somos Pe\u00f1arol\u00bb"},"content":{"rendered":"<div id=\"attachment_78337\" style=\"width: 1088px\" class=\"wp-caption aligncenter\"><img loading=\"lazy\" decoding=\"async\" aria-describedby=\"caption-attachment-78337\" class=\"wp-image-78337 size-full\" src=\"https:\/\/www.padreydecano.com\/cms\/wp-content\/uploads\/2022\/03\/37rakl.jpg\" alt=\"\" width=\"1078\" height=\"1058\" srcset=\"https:\/\/www.padreydecano.com\/cms\/wp-content\/uploads\/2022\/03\/37rakl.jpg 1078w, https:\/\/www.padreydecano.com\/cms\/wp-content\/uploads\/2022\/03\/37rakl-600x589.jpg 600w, https:\/\/www.padreydecano.com\/cms\/wp-content\/uploads\/2022\/03\/37rakl-1024x1005.jpg 1024w, https:\/\/www.padreydecano.com\/cms\/wp-content\/uploads\/2022\/03\/37rakl-768x754.jpg 768w, https:\/\/www.padreydecano.com\/cms\/wp-content\/uploads\/2022\/03\/37rakl-300x294.jpg 300w, https:\/\/www.padreydecano.com\/cms\/wp-content\/uploads\/2022\/03\/37rakl-128x126.jpg 128w, https:\/\/www.padreydecano.com\/cms\/wp-content\/uploads\/2022\/03\/37rakl-32x32.jpg 32w\" sizes=\"(max-width: 1078px) 100vw, 1078px\" \/><p id=\"caption-attachment-78337\" class=\"wp-caption-text\">Fuente: @brian_mansilla10 (perfil de Instagram del jugador)<\/p><\/div>\n<p><strong>Brian Mansilla, campe\u00f3n de la Copa Libertadores Sub 20 y ganador del \u00faltimo cl\u00e1sico de Tercera Divisi\u00f3n, habl\u00f3 con PadreyDecano sobre la copa, su futuro y m\u00e1s.<\/strong><\/p>\n<p><span style=\"color: #ffcc00;\"><strong>Marcelo Broli:<\/strong> <\/span>\u00abExcelente persona. Es muy claro con lo que nos pide. Su cuerpo t\u00e9cnico y el psic\u00f3logo nos ayud\u00f3 mucho. Se arm\u00f3 un grupo muy lindo y se pudo obtener el Uruguayo\u00bb.<\/p>\n<p><span style=\"color: #ffcc00;\"><strong>Campe\u00f3n Uruguayo en Sub 19:<\/strong> <\/span>\u00abFue un sue\u00f1o. Desde que arrancamos el a\u00f1o apuntamos a ser campeones. Estaba eso de que hab\u00edan pasado varios a\u00f1os desde la \u00faltima vez que hab\u00edamos ganando en Cuarta, entonces ten\u00edamos mucha hambre de lograrlo. A medida que \u00edbamos ganando los partidos m\u00e1s quer\u00edamos ser campeones, pero siempre estuvimos tranquilos. Clasificar a la Libertadores fue divino\u00bb.<\/p>\n<p><span style=\"color: #ffcc00;\"><strong>Llegada a Pe\u00f1arol:<\/strong><\/span> \u00abEstoy desde antes de la Pre S\u00e9ptima\u00bb.<\/p>\n<p><span style=\"color: #ffcc00;\"><strong>Mentalidad:<\/strong> <\/span>\u00abTrabajamos la actitud con el psic\u00f3logo, planteamos las cosas antes de hacerlas y as\u00ed fuimos, con actitud. Tratamos de mostrarlo en cada partido\u00bb. Desde que salimos campeones y clasificamos a la Libertadores, pensamos en ganarla porque somos Pe\u00f1arol. Hab\u00eda mucha confianza entre nosotros, con los compa\u00f1eros. Nunca pensamos en ir a pasear. Todos tiramos para el mismo lado, eso te daba m\u00e1s confianza y m\u00e1s ganas de ganarla\u00bb.<\/p>\n<p><span style=\"color: #ffcc00;\"><strong>Liga de Quito:<\/strong> <\/span>\u00abEra uno de los campeones. Sab\u00edamos que era complicado porque eran locales, pero salimos a ganar. Lo planteamos bien, intentamos no presionar seguido y manejar el aire. Ellos ten\u00edan muchas ventajas, pero por suerte ganamos. El penal que ataja Randall (Rodr\u00edguez) fue una locura, aparte hab\u00edan cobrado penal y no hab\u00eda sido nada, no lo pod\u00edamos creer. Lo festejamos como locos con los gurises, como un gol\u00bb.<\/p>\n<p><span style=\"color: #ffcc00;\"><strong>Contagios:<\/strong> <\/span>\u00abNo nos tir\u00f3 para abajo. Nos dio m\u00e1s jerarqu\u00eda y m\u00e1s ganas para salir a ganar los partidos. Est\u00e1bamos bien, sab\u00edamos que el que entrara iba a dar lo mejor y el que estuviera afuera iba a estar apoyando. Tratamos de encararlo de la mejor manera, obviamente que por momentos fue muy duro por los que se agarraron Covid; el caso de (Mathias) De Rittis, o los zagueros o el t\u00e9cnico, pero \u00edbamos a dar lo mejor. Fuimos el \u00fanico equipo que tuvo positivos. Fue medio raro eso, pero nosotros segu\u00edamos concentrados. No se entend\u00eda, en el hotel \u00e9ramos varios equipos, nos intentamos cuidar pero era raro ser los \u00fanicos contagiados\u00bb.<\/p>\n<p><span style=\"color: #ffcc00;\"><strong>Hotel:<\/strong> <\/span>\u00abEst\u00e1bamos con Independiente del Valle y con Guaran\u00ed en el hotel. Cada vez que nos cruzamos a los de Independiente los mir\u00e1bamos. Tratamos de ganarlo adentro de la cancha pero tambi\u00e9n afuera\u00bb.<\/p>\n<p><span style=\"color: #ffcc00;\"><strong>M\u00e1ximo Alonso:<\/strong> <\/span>\u00abM\u00e1ximo y Nicol\u00e1s Rossi, que no tuvo la oportunidad de jugar pero estuvo aportando desde otro lugar. Obviamente ayud\u00f3 much\u00edsimo por su experiencia, m\u00e1s la de M\u00e1ximo por jugar en Primera. Tratamos de nutrirnos de lo que el tra\u00eda, de lo que nos pod\u00eda ense\u00f1ar y tratar de aprovecharlo\u00bb.<\/p>\n<p><span style=\"color: #ffcc00;\"><strong>Final:<\/strong><\/span> \u00abEl gol de ellos fue un golpe duro. Ellos ten\u00edan la altura y estaban mejor f\u00edsicamente, despu\u00e9s del gol se nos vinieron arriba. Ah\u00ed ya hab\u00eda salido, pero los gurises supieron plantear bien el resto del partido. Ellos tocaban muy bien la pelota, intentaron cansarnos todo el partido para aprovechar el ahogo. Estuvimos juntos y ordenados\u00bb.<\/p>\n<p><span style=\"color: #ffcc00;\"><strong>Tanda de penales:<\/strong> <\/span>\u00abSufr\u00ed horrible. No es lo mismo cuando est\u00e1s adentro, que est\u00e1s concentrado por lo tuyo a vivirlo de afuera como me toc\u00f3 estar ah\u00ed. Se sufri\u00f3 much\u00edsimo\u00bb.<\/p>\n<p><span style=\"color: #ffcc00;\"><strong>An\u00e9cdota con Randall Rodr\u00edguez:<\/strong><\/span> \u00abRandall antes de la Final me pidi\u00f3 que si hab\u00eda un penal se lo dejara patear. C\u00f3mo no estaba \u00d3scar Cruz, si hab\u00eda un penal lo pod\u00eda patear yo, entonces me lo ped\u00eda. Cuando fuimos a penales, \u00e9l pide el penal y se lo ataja el golero. Despu\u00e9s pudimos ganar por dos atajadas de \u00e9l y me re\u00eda, pero le dije que no tire nunca m\u00e1s un penal (entre risas). Fue una bestia atajando esos dos penales\u00bb.<\/p>\n<p><span style=\"color: #ffcc00;\"><strong>Ser campeones:<\/strong> <\/span>\u00abNo lo pod\u00edamos creer, no ca\u00edamos. Nos quer\u00edamos abrazar entre todos, fue una locura. La Copa fue el esfuerzo de todos, el triunfo lo logramos todos. Festejamos desde que se termin\u00f3 el partido y nos fuimos al hotel, donde estaban los compa\u00f1eros contagiados Se festej\u00f3 much\u00edsimo. Lloramos todos, fue un sue\u00f1o lograr esto que nos propusimos. Siempre dijimos que \u00edbamos a salir campeones. Pasaban las horas y no ca\u00edamos\u00bb.<\/p>\n<p><span style=\"color: #ffcc00;\"><strong>Recibimiento y caravana:<\/strong><\/span> \u00abLlegamos y estaban los hinchas afuera del aeropuerto. Estaban los familiares, nos recibieron, estuvo divino con toda la gente ah\u00ed apoyando. Despu\u00e9s cuando fuimos al Campe\u00f3n del Siglo se sinti\u00f3 el apoyo de toda la gente. En el avi\u00f3n se peleaban por llevar la Copa. La llevaba De Rittis, yo la tuve un rato pero hab\u00eda que pedir turno\u00bb.<\/p>\n<p><span style=\"color: #ffcc00;\"><strong>Familia:<\/strong> <\/span>\u00abPara mi viejo fue un sue\u00f1o tambi\u00e9n. En mi familia lloraron m\u00e1s que yo\u00bb.<\/p>\n<p><span style=\"color: #ffcc00;\"><strong>Tercera Divisi\u00f3n:<\/strong> <\/span>\u00abDesde el primer d\u00eda me recibieron muy bien en Tercera Divisi\u00f3n. Juan Manuel Olivera, Dami\u00e1n Macaluso y el profe nos recibieron con la mejor. Tienen mucha exigencia en esta categor\u00eda. La actitud no se negocia, y menos con Macaluso (entre risas)\u00bb.<\/p>\n<p><span style=\"color: #ffcc00;\"><strong>Cl\u00e1sico de Tercera Divisi\u00f3n:<\/strong> <\/span>\u00abSab\u00edamos que es un partido especial y nos preparamos de la mejor manera para ser protagonistas y ganarlo. Por suerte se pudo conseguir el triunfo\u00bb.<\/p>\n<p><strong><span style=\"color: #ffcc00;\">\u00d3scar Cruz y Diego M\u00e9ndez:<\/span><\/strong> \u00abNo he hablado con ellos mucho sobre el tema de su contrato. Ellos est\u00e1n entrenando con el grupo, est\u00e1n muy metidos en el equipo\u00bb.<\/p>\n<p><span style=\"color: #ffcc00;\"><strong>Primera divisi\u00f3n:<\/strong> <\/span>\u00abTodav\u00eda no me han comunicado nada. S\u00e9 que me han visto desde Primera y que tengo chances de subir, pero mi objetivo es ir paso a paso, demostrando, que as\u00ed van a llegar las cosas. Mauricio Larriera no habl\u00f3 conmigo\u00bb.<\/p>\n<div class=\"user-wrapper\"><a class=\"userlink\"href=\"https:\/\/twitter.com\/ftrucce18\" target=\"_blank\"><figure><img decoding=\"async\" src=\"http:\/\/www.padreydecano.com\/cms\/wp-users-files\/postfirmas\/ftrucce.jpg\" \/><\/figure><p class=\"user\"><strong>Franco Trucce<\/strong><br \/>@FTrucce18<\/p><\/a><\/div>\n","protected":false},"excerpt":{"rendered":"<p>Brian Mansilla, campe\u00f3n de la Copa Libertadores Sub 20 y ganador del \u00faltimo cl\u00e1sico de Tercera Divisi\u00f3n, habl\u00f3 con PadreyDecano sobre la copa, su futuro y m\u00e1s. Marcelo Broli: \u00abExcelente persona. Es muy claro con lo que nos pide. Su cuerpo t\u00e9cnico y el psic\u00f3logo nos ayud\u00f3 mucho. Se arm\u00f3 un grupo muy lindo y [&hellip;]<\/p>\n","protected":false},"author":27,"featured_media":78337,"comment_status":"open","ping_status":"closed","sticky":false,"template":"","format":"standard","meta":{"footnotes":""},"categories":[30,40],"tags":[560],"yoast_head":"<!-- This site is optimized with the Yoast SEO plugin v23.2 - https:\/\/yoast.com\/wordpress\/plugins\/seo\/ -->\n<title>Brian Mansilla: &quot;Clasificamos y pensamos en ganarla porque somos Pe\u00f1arol&quot; - Padre y Decano - El Sitio del Pueblo<\/title>\n<meta name=\"robots\" content=\"index, follow, max-snippet:-1, max-image-preview:large, max-video-preview:-1\" \/>\n<link rel=\"canonical\" href=\"https:\/\/www.padreydecano.com\/cms\/entrevistas\/brian-mansilla-clasificamos-y-pensamos-en-ganarla-porque-somos-penarol\/\" \/>\n<meta property=\"og:locale\" content=\"es_ES\" \/>\n<meta property=\"og:type\" content=\"article\" \/>\n<meta property=\"og:title\" content=\"Brian Mansilla: &quot;Clasificamos y pensamos en ganarla porque somos Pe\u00f1arol&quot; - Padre y Decano - El Sitio del Pueblo\" \/>\n<meta property=\"og:description\" content=\"Brian Mansilla, campe\u00f3n de la Copa Libertadores Sub 20 y ganador del \u00faltimo cl\u00e1sico de Tercera Divisi\u00f3n, habl\u00f3 con PadreyDecano sobre la copa, su futuro y m\u00e1s. Marcelo Broli: \u00abExcelente persona. Es muy claro con lo que nos pide. Su cuerpo t\u00e9cnico y el psic\u00f3logo nos ayud\u00f3 mucho. Se arm\u00f3 un grupo muy lindo y [&hellip;]\" \/>\n<meta property=\"og:url\" content=\"https:\/\/www.padreydecano.com\/cms\/entrevistas\/brian-mansilla-clasificamos-y-pensamos-en-ganarla-porque-somos-penarol\/\" \/>\n<meta property=\"og:site_name\" content=\"Padre y Decano - El Sitio del Pueblo\" \/>\n<meta property=\"article:published_time\" content=\"2022-03-17T03:19:17+00:00\" \/>\n<meta property=\"article:modified_time\" content=\"2022-03-20T13:25:34+00:00\" \/>\n<meta property=\"og:image\" content=\"https:\/\/www.padreydecano.com\/cms\/wp-content\/uploads\/2022\/03\/37rakl.jpg\" \/>\n\t<meta property=\"og:image:width\" content=\"1078\" \/>\n\t<meta property=\"og:image:height\" content=\"1058\" \/>\n\t<meta property=\"og:image:type\" content=\"image\/jpeg\" \/>\n<meta name=\"author\" content=\"Redactores Padre y Decano\" \/>\n<meta name=\"twitter:card\" content=\"summary_large_image\" \/>\n<meta name=\"twitter:label1\" content=\"Escrito por\" \/>\n\t<meta name=\"twitter:data1\" content=\"Redactores Padre y Decano\" \/>\n\t<meta name=\"twitter:label2\" content=\"Tiempo de lectura\" \/>\n\t<meta name=\"twitter:data2\" content=\"5 minutos\" \/>\n<script type=\"application\/ld+json\" class=\"yoast-schema-graph\">{\"@context\":\"https:\/\/schema.org\",\"@graph\":[{\"@type\":\"Article\",\"@id\":\"https:\/\/www.padreydecano.com\/cms\/entrevistas\/brian-mansilla-clasificamos-y-pensamos-en-ganarla-porque-somos-penarol\/#article\",\"isPartOf\":{\"@id\":\"https:\/\/www.padreydecano.com\/cms\/entrevistas\/brian-mansilla-clasificamos-y-pensamos-en-ganarla-porque-somos-penarol\/\"},\"author\":{\"name\":\"Redactores Padre y Decano\",\"@id\":\"https:\/\/www.padreydecano.com\/cms\/#\/schema\/person\/37aae8f93aa78e4c5385497f056e3246\"},\"headline\":\"Brian Mansilla: \u00abClasificamos y pensamos en ganarla porque somos Pe\u00f1arol\u00bb\",\"datePublished\":\"2022-03-17T03:19:17+00:00\",\"dateModified\":\"2022-03-20T13:25:34+00:00\",\"mainEntityOfPage\":{\"@id\":\"https:\/\/www.padreydecano.com\/cms\/entrevistas\/brian-mansilla-clasificamos-y-pensamos-en-ganarla-porque-somos-penarol\/\"},\"wordCount\":1043,\"commentCount\":2,\"publisher\":{\"@id\":\"https:\/\/www.padreydecano.com\/cms\/#organization\"},\"image\":{\"@id\":\"https:\/\/www.padreydecano.com\/cms\/entrevistas\/brian-mansilla-clasificamos-y-pensamos-en-ganarla-porque-somos-penarol\/#primaryimage\"},\"thumbnailUrl\":\"https:\/\/www.padreydecano.com\/cms\/wp-content\/uploads\/2022\/03\/37rakl.jpg\",\"keywords\":[\"Copa Libertadores Sub 20\"],\"articleSection\":[\"Entrevistas\",\"Formativas\"],\"inLanguage\":\"es\",\"potentialAction\":[{\"@type\":\"CommentAction\",\"name\":\"Comment\",\"target\":[\"https:\/\/www.padreydecano.com\/cms\/entrevistas\/brian-mansilla-clasificamos-y-pensamos-en-ganarla-porque-somos-penarol\/#respond\"]}]},{\"@type\":\"WebPage\",\"@id\":\"https:\/\/www.padreydecano.com\/cms\/entrevistas\/brian-mansilla-clasificamos-y-pensamos-en-ganarla-porque-somos-penarol\/\",\"url\":\"https:\/\/www.padreydecano.com\/cms\/entrevistas\/brian-mansilla-clasificamos-y-pensamos-en-ganarla-porque-somos-penarol\/\",\"name\":\"Brian Mansilla: \\\"Clasificamos y pensamos en ganarla porque somos Pe\u00f1arol\\\" - Padre y Decano - El Sitio del Pueblo\",\"isPartOf\":{\"@id\":\"https:\/\/www.padreydecano.com\/cms\/#website\"},\"primaryImageOfPage\":{\"@id\":\"https:\/\/www.padreydecano.com\/cms\/entrevistas\/brian-mansilla-clasificamos-y-pensamos-en-ganarla-porque-somos-penarol\/#primaryimage\"},\"image\":{\"@id\":\"https:\/\/www.padreydecano.com\/cms\/entrevistas\/brian-mansilla-clasificamos-y-pensamos-en-ganarla-porque-somos-penarol\/#primaryimage\"},\"thumbnailUrl\":\"https:\/\/www.padreydecano.com\/cms\/wp-content\/uploads\/2022\/03\/37rakl.jpg\",\"datePublished\":\"2022-03-17T03:19:17+00:00\",\"dateModified\":\"2022-03-20T13:25:34+00:00\",\"breadcrumb\":{\"@id\":\"https:\/\/www.padreydecano.com\/cms\/entrevistas\/brian-mansilla-clasificamos-y-pensamos-en-ganarla-porque-somos-penarol\/#breadcrumb\"},\"inLanguage\":\"es\",\"potentialAction\":[{\"@type\":\"ReadAction\",\"target\":[\"https:\/\/www.padreydecano.com\/cms\/entrevistas\/brian-mansilla-clasificamos-y-pensamos-en-ganarla-porque-somos-penarol\/\"]}]},{\"@type\":\"ImageObject\",\"inLanguage\":\"es\",\"@id\":\"https:\/\/www.padreydecano.com\/cms\/entrevistas\/brian-mansilla-clasificamos-y-pensamos-en-ganarla-porque-somos-penarol\/#primaryimage\",\"url\":\"https:\/\/www.padreydecano.com\/cms\/wp-content\/uploads\/2022\/03\/37rakl.jpg\",\"contentUrl\":\"https:\/\/www.padreydecano.com\/cms\/wp-content\/uploads\/2022\/03\/37rakl.jpg\",\"width\":1078,\"height\":1058},{\"@type\":\"BreadcrumbList\",\"@id\":\"https:\/\/www.padreydecano.com\/cms\/entrevistas\/brian-mansilla-clasificamos-y-pensamos-en-ganarla-porque-somos-penarol\/#breadcrumb\",\"itemListElement\":[{\"@type\":\"ListItem\",\"position\":1,\"name\":\"Portada\",\"item\":\"https:\/\/www.padreydecano.com\/cms\/\"},{\"@type\":\"ListItem\",\"position\":2,\"name\":\"Brian Mansilla: \u00abClasificamos y pensamos en ganarla porque somos Pe\u00f1arol\u00bb\"}]},{\"@type\":\"WebSite\",\"@id\":\"https:\/\/www.padreydecano.com\/cms\/#website\",\"url\":\"https:\/\/www.padreydecano.com\/cms\/\",\"name\":\"Padre y Decano - El Sitio del Pueblo\",\"description\":\"Club Atl\u00e9tico Pe\u00f1arol\",\"publisher\":{\"@id\":\"https:\/\/www.padreydecano.com\/cms\/#organization\"},\"potentialAction\":[{\"@type\":\"SearchAction\",\"target\":{\"@type\":\"EntryPoint\",\"urlTemplate\":\"https:\/\/www.padreydecano.com\/cms\/?s={search_term_string}\"},\"query-input\":\"required name=search_term_string\"}],\"inLanguage\":\"es\"},{\"@type\":\"Organization\",\"@id\":\"https:\/\/www.padreydecano.com\/cms\/#organization\",\"name\":\"Padre y Decano\",\"url\":\"https:\/\/www.padreydecano.com\/cms\/\",\"logo\":{\"@type\":\"ImageObject\",\"inLanguage\":\"es\",\"@id\":\"https:\/\/www.padreydecano.com\/cms\/#\/schema\/logo\/image\/\",\"url\":\"https:\/\/www.padreydecano.com\/cms\/wp-content\/uploads\/2022\/01\/avatar-square.png\",\"contentUrl\":\"https:\/\/www.padreydecano.com\/cms\/wp-content\/uploads\/2022\/01\/avatar-square.png\",\"width\":1500,\"height\":1500,\"caption\":\"Padre y Decano\"},\"image\":{\"@id\":\"https:\/\/www.padreydecano.com\/cms\/#\/schema\/logo\/image\/\"}},{\"@type\":\"Person\",\"@id\":\"https:\/\/www.padreydecano.com\/cms\/#\/schema\/person\/37aae8f93aa78e4c5385497f056e3246\",\"name\":\"Redactores Padre y Decano\",\"image\":{\"@type\":\"ImageObject\",\"inLanguage\":\"es\",\"@id\":\"https:\/\/www.padreydecano.com\/cms\/#\/schema\/person\/image\/\",\"url\":\"https:\/\/secure.gravatar.com\/avatar\/8810c4b9081192b118b104af54549af8?s=96&d=https%3A%2F%2Fpadreydecano.com%2Fcms%2Fwp-content%2Fthemes%2Fpyd-theme%2Fimg%2Fdefault-avatar.png&r=g\",\"contentUrl\":\"https:\/\/secure.gravatar.com\/avatar\/8810c4b9081192b118b104af54549af8?s=96&d=https%3A%2F%2Fpadreydecano.com%2Fcms%2Fwp-content%2Fthemes%2Fpyd-theme%2Fimg%2Fdefault-avatar.png&r=g\",\"caption\":\"Redactores Padre y Decano\"},\"sameAs\":[\"http:\/\/www.padreydecano.com\"]}]}<\/script>\n<!-- \/ Yoast SEO plugin. -->","yoast_head_json":{"title":"Brian Mansilla: \"Clasificamos y pensamos en ganarla porque somos Pe\u00f1arol\" - Padre y Decano - El Sitio del Pueblo","robots":{"index":"index","follow":"follow","max-snippet":"max-snippet:-1","max-image-preview":"max-image-preview:large","max-video-preview":"max-video-preview:-1"},"canonical":"https:\/\/www.padreydecano.com\/cms\/entrevistas\/brian-mansilla-clasificamos-y-pensamos-en-ganarla-porque-somos-penarol\/","og_locale":"es_ES","og_type":"article","og_title":"Brian Mansilla: \"Clasificamos y pensamos en ganarla porque somos Pe\u00f1arol\" - Padre y Decano - El Sitio del Pueblo","og_description":"Brian Mansilla, campe\u00f3n de la Copa Libertadores Sub 20 y ganador del \u00faltimo cl\u00e1sico de Tercera Divisi\u00f3n, habl\u00f3 con PadreyDecano sobre la copa, su futuro y m\u00e1s. Marcelo Broli: \u00abExcelente persona. Es muy claro con lo que nos pide. Su cuerpo t\u00e9cnico y el psic\u00f3logo nos ayud\u00f3 mucho. Se arm\u00f3 un grupo muy lindo y [&hellip;]","og_url":"https:\/\/www.padreydecano.com\/cms\/entrevistas\/brian-mansilla-clasificamos-y-pensamos-en-ganarla-porque-somos-penarol\/","og_site_name":"Padre y Decano - El Sitio del Pueblo","article_published_time":"2022-03-17T03:19:17+00:00","article_modified_time":"2022-03-20T13:25:34+00:00","og_image":[{"width":1078,"height":1058,"url":"https:\/\/www.padreydecano.com\/cms\/wp-content\/uploads\/2022\/03\/37rakl.jpg","type":"image\/jpeg"}],"author":"Redactores Padre y Decano","twitter_card":"summary_large_image","twitter_misc":{"Escrito por":"Redactores Padre y Decano","Tiempo de lectura":"5 minutos"},"schema":{"@context":"https:\/\/schema.org","@graph":[{"@type":"Article","@id":"https:\/\/www.padreydecano.com\/cms\/entrevistas\/brian-mansilla-clasificamos-y-pensamos-en-ganarla-porque-somos-penarol\/#article","isPartOf":{"@id":"https:\/\/www.padreydecano.com\/cms\/entrevistas\/brian-mansilla-clasificamos-y-pensamos-en-ganarla-porque-somos-penarol\/"},"author":{"name":"Redactores Padre y Decano","@id":"https:\/\/www.padreydecano.com\/cms\/#\/schema\/person\/37aae8f93aa78e4c5385497f056e3246"},"headline":"Brian Mansilla: \u00abClasificamos y pensamos en ganarla porque somos Pe\u00f1arol\u00bb","datePublished":"2022-03-17T03:19:17+00:00","dateModified":"2022-03-20T13:25:34+00:00","mainEntityOfPage":{"@id":"https:\/\/www.padreydecano.com\/cms\/entrevistas\/brian-mansilla-clasificamos-y-pensamos-en-ganarla-porque-somos-penarol\/"},"wordCount":1043,"commentCount":2,"publisher":{"@id":"https:\/\/www.padreydecano.com\/cms\/#organization"},"image":{"@id":"https:\/\/www.padreydecano.com\/cms\/entrevistas\/brian-mansilla-clasificamos-y-pensamos-en-ganarla-porque-somos-penarol\/#primaryimage"},"thumbnailUrl":"https:\/\/www.padreydecano.com\/cms\/wp-content\/uploads\/2022\/03\/37rakl.jpg","keywords":["Copa Libertadores Sub 20"],"articleSection":["Entrevistas","Formativas"],"inLanguage":"es","potentialAction":[{"@type":"CommentAction","name":"Comment","target":["https:\/\/www.padreydecano.com\/cms\/entrevistas\/brian-mansilla-clasificamos-y-pensamos-en-ganarla-porque-somos-penarol\/#respond"]}]},{"@type":"WebPage","@id":"https:\/\/www.padreydecano.com\/cms\/entrevistas\/brian-mansilla-clasificamos-y-pensamos-en-ganarla-porque-somos-penarol\/","url":"https:\/\/www.padreydecano.com\/cms\/entrevistas\/brian-mansilla-clasificamos-y-pensamos-en-ganarla-porque-somos-penarol\/","name":"Brian Mansilla: \"Clasificamos y pensamos en ganarla porque somos Pe\u00f1arol\" - Padre y Decano - El Sitio del Pueblo","isPartOf":{"@id":"https:\/\/www.padreydecano.com\/cms\/#website"},"primaryImageOfPage":{"@id":"https:\/\/www.padreydecano.com\/cms\/entrevistas\/brian-mansilla-clasificamos-y-pensamos-en-ganarla-porque-somos-penarol\/#primaryimage"},"image":{"@id":"https:\/\/www.padreydecano.com\/cms\/entrevistas\/brian-mansilla-clasificamos-y-pensamos-en-ganarla-porque-somos-penarol\/#primaryimage"},"thumbnailUrl":"https:\/\/www.padreydecano.com\/cms\/wp-content\/uploads\/2022\/03\/37rakl.jpg","datePublished":"2022-03-17T03:19:17+00:00","dateModified":"2022-03-20T13:25:34+00:00","breadcrumb":{"@id":"https:\/\/www.padreydecano.com\/cms\/entrevistas\/brian-mansilla-clasificamos-y-pensamos-en-ganarla-porque-somos-penarol\/#breadcrumb"},"inLanguage":"es","potentialAction":[{"@type":"ReadAction","target":["https:\/\/www.padreydecano.com\/cms\/entrevistas\/brian-mansilla-clasificamos-y-pensamos-en-ganarla-porque-somos-penarol\/"]}]},{"@type":"ImageObject","inLanguage":"es","@id":"https:\/\/www.padreydecano.com\/cms\/entrevistas\/brian-mansilla-clasificamos-y-pensamos-en-ganarla-porque-somos-penarol\/#primaryimage","url":"https:\/\/www.padreydecano.com\/cms\/wp-content\/uploads\/2022\/03\/37rakl.jpg","contentUrl":"https:\/\/www.padreydecano.com\/cms\/wp-content\/uploads\/2022\/03\/37rakl.jpg","width":1078,"height":1058},{"@type":"BreadcrumbList","@id":"https:\/\/www.padreydecano.com\/cms\/entrevistas\/brian-mansilla-clasificamos-y-pensamos-en-ganarla-porque-somos-penarol\/#breadcrumb","itemListElement":[{"@type":"ListItem","position":1,"name":"Portada","item":"https:\/\/www.padreydecano.com\/cms\/"},{"@type":"ListItem","position":2,"name":"Brian Mansilla: \u00abClasificamos y pensamos en ganarla porque somos Pe\u00f1arol\u00bb"}]},{"@type":"WebSite","@id":"https:\/\/www.padreydecano.com\/cms\/#website","url":"https:\/\/www.padreydecano.com\/cms\/","name":"Padre y Decano - El Sitio del Pueblo","description":"Club Atl\u00e9tico Pe\u00f1arol","publisher":{"@id":"https:\/\/www.padreydecano.com\/cms\/#organization"},"potentialAction":[{"@type":"SearchAction","target":{"@type":"EntryPoint","urlTemplate":"https:\/\/www.padreydecano.com\/cms\/?s={search_term_string}"},"query-input":"required name=search_term_string"}],"inLanguage":"es"},{"@type":"Organization","@id":"https:\/\/www.padreydecano.com\/cms\/#organization","name":"Padre y Decano","url":"https:\/\/www.padreydecano.com\/cms\/","logo":{"@type":"ImageObject","inLanguage":"es","@id":"https:\/\/www.padreydecano.com\/cms\/#\/schema\/logo\/image\/","url":"https:\/\/www.padreydecano.com\/cms\/wp-content\/uploads\/2022\/01\/avatar-square.png","contentUrl":"https:\/\/www.padreydecano.com\/cms\/wp-content\/uploads\/2022\/01\/avatar-square.png","width":1500,"height":1500,"caption":"Padre y Decano"},"image":{"@id":"https:\/\/www.padreydecano.com\/cms\/#\/schema\/logo\/image\/"}},{"@type":"Person","@id":"https:\/\/www.padreydecano.com\/cms\/#\/schema\/person\/37aae8f93aa78e4c5385497f056e3246","name":"Redactores Padre y Decano","image":{"@type":"ImageObject","inLanguage":"es","@id":"https:\/\/www.padreydecano.com\/cms\/#\/schema\/person\/image\/","url":"https:\/\/secure.gravatar.com\/avatar\/8810c4b9081192b118b104af54549af8?s=96&d=https%3A%2F%2Fpadreydecano.com%2Fcms%2Fwp-content%2Fthemes%2Fpyd-theme%2Fimg%2Fdefault-avatar.png&r=g","contentUrl":"https:\/\/secure.gravatar.com\/avatar\/8810c4b9081192b118b104af54549af8?s=96&d=https%3A%2F%2Fpadreydecano.com%2Fcms%2Fwp-content%2Fthemes%2Fpyd-theme%2Fimg%2Fdefault-avatar.png&r=g","caption":"Redactores Padre y Decano"},"sameAs":["http:\/\/www.padreydecano.com"]}]}},"_links":{"self":[{"href":"https:\/\/www.padreydecano.com\/cms\/wp-json\/wp\/v2\/posts\/78336"}],"collection":[{"href":"https:\/\/www.padreydecano.com\/cms\/wp-json\/wp\/v2\/posts"}],"about":[{"href":"https:\/\/www.padreydecano.com\/cms\/wp-json\/wp\/v2\/types\/post"}],"author":[{"embeddable":true,"href":"https:\/\/www.padreydecano.com\/cms\/wp-json\/wp\/v2\/users\/27"}],"replies":[{"embeddable":true,"href":"https:\/\/www.padreydecano.com\/cms\/wp-json\/wp\/v2\/comments?post=78336"}],"version-history":[{"count":0,"href":"https:\/\/www.padreydecano.com\/cms\/wp-json\/wp\/v2\/posts\/78336\/revisions"}],"wp:featuredmedia":[{"embeddable":true,"href":"https:\/\/www.padreydecano.com\/cms\/wp-json\/wp\/v2\/media\/78337"}],"wp:attachment":[{"href":"https:\/\/www.padreydecano.com\/cms\/wp-json\/wp\/v2\/media?parent=78336"}],"wp:term":[{"taxonomy":"category","embeddable":true,"href":"https:\/\/www.padreydecano.com\/cms\/wp-json\/wp\/v2\/categories?post=78336"},{"taxonomy":"post_tag","embeddable":true,"href":"https:\/\/www.padreydecano.com\/cms\/wp-json\/wp\/v2\/tags?post=78336"}],"curies":[{"name":"wp","href":"https:\/\/api.w.org\/{rel}","templated":true}]}}