{"id":78221,"date":"2022-02-21T17:00:27","date_gmt":"2022-02-21T20:00:27","guid":{"rendered":"http:\/\/www.padreydecano.com\/cms\/?p=78221"},"modified":"2022-02-21T17:20:28","modified_gmt":"2022-02-21T20:20:28","slug":"superando-las-advertencias","status":"publish","type":"post","link":"https:\/\/www.padreydecano.com\/cms\/formativas\/superando-las-advertencias\/","title":{"rendered":"Superando las adversidades"},"content":{"rendered":"<p><a href=\"https:\/\/www.padreydecano.com\/cms\/wp-content\/uploads\/2022\/02\/20220221_165502.jpg\" rel=\"shadowbox[sbpost-78221];player=img;\"><img loading=\"lazy\" decoding=\"async\" class=\"aligncenter size-full wp-image-78222\" src=\"https:\/\/www.padreydecano.com\/cms\/wp-content\/uploads\/2022\/02\/20220221_165502.jpg\" alt=\"\" width=\"2048\" height=\"1365\" srcset=\"https:\/\/www.padreydecano.com\/cms\/wp-content\/uploads\/2022\/02\/20220221_165502.jpg 2048w, https:\/\/www.padreydecano.com\/cms\/wp-content\/uploads\/2022\/02\/20220221_165502-600x400.jpg 600w, https:\/\/www.padreydecano.com\/cms\/wp-content\/uploads\/2022\/02\/20220221_165502-1024x683.jpg 1024w, https:\/\/www.padreydecano.com\/cms\/wp-content\/uploads\/2022\/02\/20220221_165502-768x512.jpg 768w, https:\/\/www.padreydecano.com\/cms\/wp-content\/uploads\/2022\/02\/20220221_165502-1536x1024.jpg 1536w, https:\/\/www.padreydecano.com\/cms\/wp-content\/uploads\/2022\/02\/20220221_165502-300x200.jpg 300w, https:\/\/www.padreydecano.com\/cms\/wp-content\/uploads\/2022\/02\/20220221_165502-128x85.jpg 128w, https:\/\/www.padreydecano.com\/cms\/wp-content\/uploads\/2022\/02\/20220221_165502-32x21.jpg 32w\" sizes=\"(max-width: 2048px) 100vw, 2048px\" \/><\/a><\/p>\n<p><strong>Pe\u00f1arol consquist\u00f3 la Copa Libertadores Sub 20 despu\u00e9s de superar varias adversidades en el camino. Grupo de la muerte, lesiones, contagios, altura y enfrentar al gran candidato en la final.<\/strong><\/p>\n<p>Tras consagrarse campe\u00f3n de la cuarta divisi\u00f3n, el carbonero se clasific\u00f3 para disputar la Copa Libertadores Sub 20. Pe\u00f1arol ingres\u00f3 en el Grupo B, el grupo m\u00e1s complicado de la edici\u00f3n. En el mismo adem\u00e1s del decano del f\u00fatbol uruguayo, estaban Millonarios de Colombia (campe\u00f3n de Colombia), Liga de Quito (uno de los equipos locales de la Copa, acostumbrado a la altura y campe\u00f3n de Ecuador) e Inter de Porto Alegre (campe\u00f3n de Brasil).<\/p>\n<p>Antes del debut, Nicol\u00e1s Rossi, una de las figuras del equipo que se esperaba que tuviera una buena presentaci\u00f3n, sufri\u00f3 una lesi\u00f3n en el ojo durante un entrenamiento, que lo dej\u00f3 afuera de toda la Copa.<\/p>\n<p>Posteriormente, Rossi dio positivo a Covid 19 y de a poco fueron apareciendo m\u00e1s positivos en el plantel.<\/p>\n<p>Tras clasificar como primero del grupo, Pe\u00f1arol debi\u00f3 enfrentar al mejor segundo de la competencia, el cual fue Caracas de Venezuela. Para este encuentro, adem\u00e1s de la baja de Rossi, no pudieron hacerse presentes el capit\u00e1n Math\u00edas De Ritis, Joaqu\u00edn Ferreira, Agust\u00edn Rodr\u00edguez, Dami\u00e1n Garc\u00eda, Santiago D\u00edaz y el entrenador Marcelo Broli por contraer Covid 19.<\/p>\n<p>Con Jos\u00e9 Enrique De Los Santos suplantando a Broli c\u00f3mo entrenador del equipo, con varios cambios en el equipo titular y con un banco de suplentes m\u00e1s corto que el rival (solamente 2 jugadores de cancha), el carbonero super\u00f3 al conjunto venezolano avanzando a la final.<\/p>\n<p>Para el partido decisivo, se recuperaron Dami\u00e1n Garc\u00eda y Santiago D\u00edaz, pero no pudo estar presente por positivo el goleador aurinegro en la copa, \u00d3scar Cruz.Para el partido decisivo, se recuperaron Dami\u00e1n Garc\u00eda y Santiago D\u00edaz, pero no pudo estar presente por positivo el goleador aurinegro en la copa, \u00d3scar Cruz.<\/p>\n<p>Lo curioso es que Pe\u00f1arol fue el \u00fanico equipo de cert\u00e1men que tuvo casos de covid, y ante este hecho algo extra\u00f1o, los jugadores se realizaron tests de COVID en un instituto privado&#8230; arrojando varios negativos entre los jugadores suspendidos para la final. De todas formas la CONMEBOL no permiti\u00f3 que dichos hombres juguen el partido definitorio.<\/p>\n<p>En la previa de la final se marcaba un escenario negativo para el mirasol. Pe\u00f1arol enfrentaba al equipo local, el gran candidato de ganar la copa que ven\u00eda de ser segundo y campe\u00f3n de las \u00faltimas 2 ediciones respectivamente, en la altura, con su hinchada en el estadio y todo su plantel a la orden que incorporaron en b\u00fasqueda del t\u00edtulo. Mientras que el carbonero volv\u00eda a no tener a su t\u00e9cnico, varias bajas en el plantel y un banco de suplentes muy corto.<\/p>\n<p>Tras los 90 minutos reglamentarios que finalizaron con la igualdad a uno, Pe\u00f1arol err\u00f3 su cuarto penal cuando su rival hab\u00eda convertido todos&#8230; nuevamente parec\u00eda escaparse la oportunidad. Pero tras 2 muy buenas atajadas de Randall Rodr\u00edguez, Pe\u00f1arol remont\u00f3 y se consagr\u00f3 campe\u00f3n de la Copa Libertadores Sub 20.<\/p>\n<p>Una copa internacional que se festeja por todo el camino del plantel, por la adhesi\u00f3n de los integrantes con la instituci\u00f3n y por sobreponerse ante todas las adversidades.<\/p>\n<div class=\"user-wrapper\"><a class=\"userlink\"href=\"https:\/\/twitter.com\/ftrucce18\" target=\"_blank\"><figure><img decoding=\"async\" src=\"http:\/\/www.padreydecano.com\/cms\/wp-users-files\/postfirmas\/ftrucce.jpg\" \/><\/figure><p class=\"user\"><strong>Franco Trucce<\/strong><br \/>@FTrucce18<\/p><\/a><\/div>\n","protected":false},"excerpt":{"rendered":"<p>Pe\u00f1arol consquist\u00f3 la Copa Libertadores Sub 20 despu\u00e9s de superar varias adversidades en el camino. Grupo de la muerte, lesiones, contagios, altura y enfrentar al gran candidato en la final. Tras consagrarse campe\u00f3n de la cuarta divisi\u00f3n, el carbonero se clasific\u00f3 para disputar la Copa Libertadores Sub 20. Pe\u00f1arol ingres\u00f3 en el Grupo B, el [&hellip;]<\/p>\n","protected":false},"author":27,"featured_media":78222,"comment_status":"open","ping_status":"closed","sticky":false,"template":"","format":"standard","meta":{"footnotes":""},"categories":[40],"tags":[560],"yoast_head":"<!-- This site is optimized with the Yoast SEO plugin v23.2 - https:\/\/yoast.com\/wordpress\/plugins\/seo\/ -->\n<title>Superando las adversidades - Padre y Decano - El Sitio del Pueblo<\/title>\n<meta name=\"robots\" content=\"index, follow, max-snippet:-1, max-image-preview:large, max-video-preview:-1\" \/>\n<link rel=\"canonical\" href=\"https:\/\/www.padreydecano.com\/cms\/formativas\/superando-las-advertencias\/\" \/>\n<meta property=\"og:locale\" content=\"es_ES\" \/>\n<meta property=\"og:type\" content=\"article\" \/>\n<meta property=\"og:title\" content=\"Superando las adversidades - Padre y Decano - El Sitio del Pueblo\" \/>\n<meta property=\"og:description\" content=\"Pe\u00f1arol consquist\u00f3 la Copa Libertadores Sub 20 despu\u00e9s de superar varias adversidades en el camino. Grupo de la muerte, lesiones, contagios, altura y enfrentar al gran candidato en la final. Tras consagrarse campe\u00f3n de la cuarta divisi\u00f3n, el carbonero se clasific\u00f3 para disputar la Copa Libertadores Sub 20. Pe\u00f1arol ingres\u00f3 en el Grupo B, el [&hellip;]\" \/>\n<meta property=\"og:url\" content=\"https:\/\/www.padreydecano.com\/cms\/formativas\/superando-las-advertencias\/\" \/>\n<meta property=\"og:site_name\" content=\"Padre y Decano - El Sitio del Pueblo\" \/>\n<meta property=\"article:published_time\" content=\"2022-02-21T20:00:27+00:00\" \/>\n<meta property=\"article:modified_time\" content=\"2022-02-21T20:20:28+00:00\" \/>\n<meta property=\"og:image\" content=\"https:\/\/www.padreydecano.com\/cms\/wp-content\/uploads\/2022\/02\/20220221_165502.jpg\" \/>\n\t<meta property=\"og:image:width\" content=\"2048\" \/>\n\t<meta property=\"og:image:height\" content=\"1365\" \/>\n\t<meta property=\"og:image:type\" content=\"image\/jpeg\" \/>\n<meta name=\"author\" content=\"Redactores Padre y Decano\" \/>\n<meta name=\"twitter:card\" content=\"summary_large_image\" \/>\n<meta name=\"twitter:label1\" content=\"Escrito por\" \/>\n\t<meta name=\"twitter:data1\" content=\"Redactores Padre y Decano\" \/>\n\t<meta name=\"twitter:label2\" content=\"Tiempo de lectura\" \/>\n\t<meta name=\"twitter:data2\" content=\"3 minutos\" \/>\n<script type=\"application\/ld+json\" class=\"yoast-schema-graph\">{\"@context\":\"https:\/\/schema.org\",\"@graph\":[{\"@type\":\"Article\",\"@id\":\"https:\/\/www.padreydecano.com\/cms\/formativas\/superando-las-advertencias\/#article\",\"isPartOf\":{\"@id\":\"https:\/\/www.padreydecano.com\/cms\/formativas\/superando-las-advertencias\/\"},\"author\":{\"name\":\"Redactores Padre y Decano\",\"@id\":\"https:\/\/www.padreydecano.com\/cms\/#\/schema\/person\/37aae8f93aa78e4c5385497f056e3246\"},\"headline\":\"Superando las adversidades\",\"datePublished\":\"2022-02-21T20:00:27+00:00\",\"dateModified\":\"2022-02-21T20:20:28+00:00\",\"mainEntityOfPage\":{\"@id\":\"https:\/\/www.padreydecano.com\/cms\/formativas\/superando-las-advertencias\/\"},\"wordCount\":577,\"commentCount\":1,\"publisher\":{\"@id\":\"https:\/\/www.padreydecano.com\/cms\/#organization\"},\"image\":{\"@id\":\"https:\/\/www.padreydecano.com\/cms\/formativas\/superando-las-advertencias\/#primaryimage\"},\"thumbnailUrl\":\"https:\/\/www.padreydecano.com\/cms\/wp-content\/uploads\/2022\/02\/20220221_165502.jpg\",\"keywords\":[\"Copa Libertadores Sub 20\"],\"articleSection\":[\"Formativas\"],\"inLanguage\":\"es\",\"potentialAction\":[{\"@type\":\"CommentAction\",\"name\":\"Comment\",\"target\":[\"https:\/\/www.padreydecano.com\/cms\/formativas\/superando-las-advertencias\/#respond\"]}]},{\"@type\":\"WebPage\",\"@id\":\"https:\/\/www.padreydecano.com\/cms\/formativas\/superando-las-advertencias\/\",\"url\":\"https:\/\/www.padreydecano.com\/cms\/formativas\/superando-las-advertencias\/\",\"name\":\"Superando las adversidades - Padre y Decano - El Sitio del Pueblo\",\"isPartOf\":{\"@id\":\"https:\/\/www.padreydecano.com\/cms\/#website\"},\"primaryImageOfPage\":{\"@id\":\"https:\/\/www.padreydecano.com\/cms\/formativas\/superando-las-advertencias\/#primaryimage\"},\"image\":{\"@id\":\"https:\/\/www.padreydecano.com\/cms\/formativas\/superando-las-advertencias\/#primaryimage\"},\"thumbnailUrl\":\"https:\/\/www.padreydecano.com\/cms\/wp-content\/uploads\/2022\/02\/20220221_165502.jpg\",\"datePublished\":\"2022-02-21T20:00:27+00:00\",\"dateModified\":\"2022-02-21T20:20:28+00:00\",\"breadcrumb\":{\"@id\":\"https:\/\/www.padreydecano.com\/cms\/formativas\/superando-las-advertencias\/#breadcrumb\"},\"inLanguage\":\"es\",\"potentialAction\":[{\"@type\":\"ReadAction\",\"target\":[\"https:\/\/www.padreydecano.com\/cms\/formativas\/superando-las-advertencias\/\"]}]},{\"@type\":\"ImageObject\",\"inLanguage\":\"es\",\"@id\":\"https:\/\/www.padreydecano.com\/cms\/formativas\/superando-las-advertencias\/#primaryimage\",\"url\":\"https:\/\/www.padreydecano.com\/cms\/wp-content\/uploads\/2022\/02\/20220221_165502.jpg\",\"contentUrl\":\"https:\/\/www.padreydecano.com\/cms\/wp-content\/uploads\/2022\/02\/20220221_165502.jpg\",\"width\":2048,\"height\":1365},{\"@type\":\"BreadcrumbList\",\"@id\":\"https:\/\/www.padreydecano.com\/cms\/formativas\/superando-las-advertencias\/#breadcrumb\",\"itemListElement\":[{\"@type\":\"ListItem\",\"position\":1,\"name\":\"Portada\",\"item\":\"https:\/\/www.padreydecano.com\/cms\/\"},{\"@type\":\"ListItem\",\"position\":2,\"name\":\"Superando las adversidades\"}]},{\"@type\":\"WebSite\",\"@id\":\"https:\/\/www.padreydecano.com\/cms\/#website\",\"url\":\"https:\/\/www.padreydecano.com\/cms\/\",\"name\":\"Padre y Decano - El Sitio del Pueblo\",\"description\":\"Club Atl\u00e9tico Pe\u00f1arol\",\"publisher\":{\"@id\":\"https:\/\/www.padreydecano.com\/cms\/#organization\"},\"potentialAction\":[{\"@type\":\"SearchAction\",\"target\":{\"@type\":\"EntryPoint\",\"urlTemplate\":\"https:\/\/www.padreydecano.com\/cms\/?s={search_term_string}\"},\"query-input\":\"required name=search_term_string\"}],\"inLanguage\":\"es\"},{\"@type\":\"Organization\",\"@id\":\"https:\/\/www.padreydecano.com\/cms\/#organization\",\"name\":\"Padre y Decano\",\"url\":\"https:\/\/www.padreydecano.com\/cms\/\",\"logo\":{\"@type\":\"ImageObject\",\"inLanguage\":\"es\",\"@id\":\"https:\/\/www.padreydecano.com\/cms\/#\/schema\/logo\/image\/\",\"url\":\"https:\/\/www.padreydecano.com\/cms\/wp-content\/uploads\/2022\/01\/avatar-square.png\",\"contentUrl\":\"https:\/\/www.padreydecano.com\/cms\/wp-content\/uploads\/2022\/01\/avatar-square.png\",\"width\":1500,\"height\":1500,\"caption\":\"Padre y Decano\"},\"image\":{\"@id\":\"https:\/\/www.padreydecano.com\/cms\/#\/schema\/logo\/image\/\"}},{\"@type\":\"Person\",\"@id\":\"https:\/\/www.padreydecano.com\/cms\/#\/schema\/person\/37aae8f93aa78e4c5385497f056e3246\",\"name\":\"Redactores Padre y Decano\",\"image\":{\"@type\":\"ImageObject\",\"inLanguage\":\"es\",\"@id\":\"https:\/\/www.padreydecano.com\/cms\/#\/schema\/person\/image\/\",\"url\":\"https:\/\/secure.gravatar.com\/avatar\/8810c4b9081192b118b104af54549af8?s=96&d=https%3A%2F%2Fpadreydecano.com%2Fcms%2Fwp-content%2Fthemes%2Fpyd-theme%2Fimg%2Fdefault-avatar.png&r=g\",\"contentUrl\":\"https:\/\/secure.gravatar.com\/avatar\/8810c4b9081192b118b104af54549af8?s=96&d=https%3A%2F%2Fpadreydecano.com%2Fcms%2Fwp-content%2Fthemes%2Fpyd-theme%2Fimg%2Fdefault-avatar.png&r=g\",\"caption\":\"Redactores Padre y Decano\"},\"sameAs\":[\"http:\/\/www.padreydecano.com\"]}]}<\/script>\n<!-- \/ Yoast SEO plugin. -->","yoast_head_json":{"title":"Superando las adversidades - Padre y Decano - El Sitio del Pueblo","robots":{"index":"index","follow":"follow","max-snippet":"max-snippet:-1","max-image-preview":"max-image-preview:large","max-video-preview":"max-video-preview:-1"},"canonical":"https:\/\/www.padreydecano.com\/cms\/formativas\/superando-las-advertencias\/","og_locale":"es_ES","og_type":"article","og_title":"Superando las adversidades - Padre y Decano - El Sitio del Pueblo","og_description":"Pe\u00f1arol consquist\u00f3 la Copa Libertadores Sub 20 despu\u00e9s de superar varias adversidades en el camino. Grupo de la muerte, lesiones, contagios, altura y enfrentar al gran candidato en la final. Tras consagrarse campe\u00f3n de la cuarta divisi\u00f3n, el carbonero se clasific\u00f3 para disputar la Copa Libertadores Sub 20. Pe\u00f1arol ingres\u00f3 en el Grupo B, el [&hellip;]","og_url":"https:\/\/www.padreydecano.com\/cms\/formativas\/superando-las-advertencias\/","og_site_name":"Padre y Decano - El Sitio del Pueblo","article_published_time":"2022-02-21T20:00:27+00:00","article_modified_time":"2022-02-21T20:20:28+00:00","og_image":[{"width":2048,"height":1365,"url":"https:\/\/www.padreydecano.com\/cms\/wp-content\/uploads\/2022\/02\/20220221_165502.jpg","type":"image\/jpeg"}],"author":"Redactores Padre y Decano","twitter_card":"summary_large_image","twitter_misc":{"Escrito por":"Redactores Padre y Decano","Tiempo de lectura":"3 minutos"},"schema":{"@context":"https:\/\/schema.org","@graph":[{"@type":"Article","@id":"https:\/\/www.padreydecano.com\/cms\/formativas\/superando-las-advertencias\/#article","isPartOf":{"@id":"https:\/\/www.padreydecano.com\/cms\/formativas\/superando-las-advertencias\/"},"author":{"name":"Redactores Padre y Decano","@id":"https:\/\/www.padreydecano.com\/cms\/#\/schema\/person\/37aae8f93aa78e4c5385497f056e3246"},"headline":"Superando las adversidades","datePublished":"2022-02-21T20:00:27+00:00","dateModified":"2022-02-21T20:20:28+00:00","mainEntityOfPage":{"@id":"https:\/\/www.padreydecano.com\/cms\/formativas\/superando-las-advertencias\/"},"wordCount":577,"commentCount":1,"publisher":{"@id":"https:\/\/www.padreydecano.com\/cms\/#organization"},"image":{"@id":"https:\/\/www.padreydecano.com\/cms\/formativas\/superando-las-advertencias\/#primaryimage"},"thumbnailUrl":"https:\/\/www.padreydecano.com\/cms\/wp-content\/uploads\/2022\/02\/20220221_165502.jpg","keywords":["Copa Libertadores Sub 20"],"articleSection":["Formativas"],"inLanguage":"es","potentialAction":[{"@type":"CommentAction","name":"Comment","target":["https:\/\/www.padreydecano.com\/cms\/formativas\/superando-las-advertencias\/#respond"]}]},{"@type":"WebPage","@id":"https:\/\/www.padreydecano.com\/cms\/formativas\/superando-las-advertencias\/","url":"https:\/\/www.padreydecano.com\/cms\/formativas\/superando-las-advertencias\/","name":"Superando las adversidades - Padre y Decano - El Sitio del Pueblo","isPartOf":{"@id":"https:\/\/www.padreydecano.com\/cms\/#website"},"primaryImageOfPage":{"@id":"https:\/\/www.padreydecano.com\/cms\/formativas\/superando-las-advertencias\/#primaryimage"},"image":{"@id":"https:\/\/www.padreydecano.com\/cms\/formativas\/superando-las-advertencias\/#primaryimage"},"thumbnailUrl":"https:\/\/www.padreydecano.com\/cms\/wp-content\/uploads\/2022\/02\/20220221_165502.jpg","datePublished":"2022-02-21T20:00:27+00:00","dateModified":"2022-02-21T20:20:28+00:00","breadcrumb":{"@id":"https:\/\/www.padreydecano.com\/cms\/formativas\/superando-las-advertencias\/#breadcrumb"},"inLanguage":"es","potentialAction":[{"@type":"ReadAction","target":["https:\/\/www.padreydecano.com\/cms\/formativas\/superando-las-advertencias\/"]}]},{"@type":"ImageObject","inLanguage":"es","@id":"https:\/\/www.padreydecano.com\/cms\/formativas\/superando-las-advertencias\/#primaryimage","url":"https:\/\/www.padreydecano.com\/cms\/wp-content\/uploads\/2022\/02\/20220221_165502.jpg","contentUrl":"https:\/\/www.padreydecano.com\/cms\/wp-content\/uploads\/2022\/02\/20220221_165502.jpg","width":2048,"height":1365},{"@type":"BreadcrumbList","@id":"https:\/\/www.padreydecano.com\/cms\/formativas\/superando-las-advertencias\/#breadcrumb","itemListElement":[{"@type":"ListItem","position":1,"name":"Portada","item":"https:\/\/www.padreydecano.com\/cms\/"},{"@type":"ListItem","position":2,"name":"Superando las adversidades"}]},{"@type":"WebSite","@id":"https:\/\/www.padreydecano.com\/cms\/#website","url":"https:\/\/www.padreydecano.com\/cms\/","name":"Padre y Decano - El Sitio del Pueblo","description":"Club Atl\u00e9tico Pe\u00f1arol","publisher":{"@id":"https:\/\/www.padreydecano.com\/cms\/#organization"},"potentialAction":[{"@type":"SearchAction","target":{"@type":"EntryPoint","urlTemplate":"https:\/\/www.padreydecano.com\/cms\/?s={search_term_string}"},"query-input":"required name=search_term_string"}],"inLanguage":"es"},{"@type":"Organization","@id":"https:\/\/www.padreydecano.com\/cms\/#organization","name":"Padre y Decano","url":"https:\/\/www.padreydecano.com\/cms\/","logo":{"@type":"ImageObject","inLanguage":"es","@id":"https:\/\/www.padreydecano.com\/cms\/#\/schema\/logo\/image\/","url":"https:\/\/www.padreydecano.com\/cms\/wp-content\/uploads\/2022\/01\/avatar-square.png","contentUrl":"https:\/\/www.padreydecano.com\/cms\/wp-content\/uploads\/2022\/01\/avatar-square.png","width":1500,"height":1500,"caption":"Padre y Decano"},"image":{"@id":"https:\/\/www.padreydecano.com\/cms\/#\/schema\/logo\/image\/"}},{"@type":"Person","@id":"https:\/\/www.padreydecano.com\/cms\/#\/schema\/person\/37aae8f93aa78e4c5385497f056e3246","name":"Redactores Padre y Decano","image":{"@type":"ImageObject","inLanguage":"es","@id":"https:\/\/www.padreydecano.com\/cms\/#\/schema\/person\/image\/","url":"https:\/\/secure.gravatar.com\/avatar\/8810c4b9081192b118b104af54549af8?s=96&d=https%3A%2F%2Fpadreydecano.com%2Fcms%2Fwp-content%2Fthemes%2Fpyd-theme%2Fimg%2Fdefault-avatar.png&r=g","contentUrl":"https:\/\/secure.gravatar.com\/avatar\/8810c4b9081192b118b104af54549af8?s=96&d=https%3A%2F%2Fpadreydecano.com%2Fcms%2Fwp-content%2Fthemes%2Fpyd-theme%2Fimg%2Fdefault-avatar.png&r=g","caption":"Redactores Padre y Decano"},"sameAs":["http:\/\/www.padreydecano.com"]}]}},"_links":{"self":[{"href":"https:\/\/www.padreydecano.com\/cms\/wp-json\/wp\/v2\/posts\/78221"}],"collection":[{"href":"https:\/\/www.padreydecano.com\/cms\/wp-json\/wp\/v2\/posts"}],"about":[{"href":"https:\/\/www.padreydecano.com\/cms\/wp-json\/wp\/v2\/types\/post"}],"author":[{"embeddable":true,"href":"https:\/\/www.padreydecano.com\/cms\/wp-json\/wp\/v2\/users\/27"}],"replies":[{"embeddable":true,"href":"https:\/\/www.padreydecano.com\/cms\/wp-json\/wp\/v2\/comments?post=78221"}],"version-history":[{"count":0,"href":"https:\/\/www.padreydecano.com\/cms\/wp-json\/wp\/v2\/posts\/78221\/revisions"}],"wp:featuredmedia":[{"embeddable":true,"href":"https:\/\/www.padreydecano.com\/cms\/wp-json\/wp\/v2\/media\/78222"}],"wp:attachment":[{"href":"https:\/\/www.padreydecano.com\/cms\/wp-json\/wp\/v2\/media?parent=78221"}],"wp:term":[{"taxonomy":"category","embeddable":true,"href":"https:\/\/www.padreydecano.com\/cms\/wp-json\/wp\/v2\/categories?post=78221"},{"taxonomy":"post_tag","embeddable":true,"href":"https:\/\/www.padreydecano.com\/cms\/wp-json\/wp\/v2\/tags?post=78221"}],"curies":[{"name":"wp","href":"https:\/\/api.w.org\/{rel}","templated":true}]}}