{"id":78218,"date":"2022-02-21T13:09:29","date_gmt":"2022-02-21T16:09:29","guid":{"rendered":"http:\/\/www.padreydecano.com\/cms\/?p=78218"},"modified":"2022-02-21T14:09:39","modified_gmt":"2022-02-21T17:09:39","slug":"randall-rodriguez-jerarquia-figura-y-campeon","status":"publish","type":"post","link":"https:\/\/www.padreydecano.com\/cms\/formativas\/randall-rodriguez-jerarquia-figura-y-campeon\/","title":{"rendered":"Randall Rodr\u00edguez, jerarqu\u00eda, figura y campe\u00f3n"},"content":{"rendered":"<p><a href=\"https:\/\/www.padreydecano.com\/cms\/wp-content\/uploads\/2022\/02\/20220221_130659.jpg\" rel=\"shadowbox[sbpost-78218];player=img;\"><img loading=\"lazy\" decoding=\"async\" class=\"aligncenter size-full wp-image-78219\" src=\"https:\/\/www.padreydecano.com\/cms\/wp-content\/uploads\/2022\/02\/20220221_130659.jpg\" alt=\"\" width=\"1080\" height=\"1080\" srcset=\"https:\/\/www.padreydecano.com\/cms\/wp-content\/uploads\/2022\/02\/20220221_130659.jpg 1080w, https:\/\/www.padreydecano.com\/cms\/wp-content\/uploads\/2022\/02\/20220221_130659-600x600.jpg 600w, https:\/\/www.padreydecano.com\/cms\/wp-content\/uploads\/2022\/02\/20220221_130659-1024x1024.jpg 1024w, https:\/\/www.padreydecano.com\/cms\/wp-content\/uploads\/2022\/02\/20220221_130659-150x150.jpg 150w, https:\/\/www.padreydecano.com\/cms\/wp-content\/uploads\/2022\/02\/20220221_130659-768x768.jpg 768w, https:\/\/www.padreydecano.com\/cms\/wp-content\/uploads\/2022\/02\/20220221_130659-300x300.jpg 300w, https:\/\/www.padreydecano.com\/cms\/wp-content\/uploads\/2022\/02\/20220221_130659-128x128.jpg 128w, https:\/\/www.padreydecano.com\/cms\/wp-content\/uploads\/2022\/02\/20220221_130659-32x32.jpg 32w\" sizes=\"(max-width: 1080px) 100vw, 1080px\" \/><\/a><\/p>\n<p><strong>El guardameta aurinegro mostr\u00f3 buenas actuaciones a lo largo de la Copa Libertadores Sub 20, siendo protagonista en la consagraci\u00f3n.<\/strong><\/p>\n<p>Con buenas intervenciones en los partidos, jerarqu\u00eda ante los rivales y penales atajados, Randall Rodr\u00edguez se consolid\u00f3 como una de las figuras del plantel.<\/p>\n<p>Fue uno de los dos arqueros menos vencidos en la Copa, junto al guardameta de Independiente del Valle. Mostrando seguridad en el arco, Randall se afianz\u00f3 desde el primer partido y respondi\u00f3 de gran manera en cada situaci\u00f3n que el equipo lo necesit\u00f3. Ya en la fase de grupos, ataj\u00f3 un penal en un momento decisivo del partido ante un rival directo como lo fue Liga de Quito.<\/p>\n<p>La joya de la corona fue en la final, luego de intervenciones en el tiempo reglamentario y con el marcador igualado 1-1, el partido se fue a los penales.<\/p>\n<p>Con la tanda de penales 3-3 en los primeros 3 tiros de cada equipo, Randall pidi\u00f3 ejecutar el cuarto penal. El mismo fue desviado por el arquero rival.<\/p>\n<p>En ese momento, Rodr\u00edguez mostr\u00f3 su jerarqu\u00eda, levant\u00f3 la cabeza y ataj\u00f3 los siguientes 2 penales, el \u00faltimo para consagrar a Pe\u00f1arol campe\u00f3n de la Copa Libertadores Sub 20.<\/p>\n<p>Con 18 a\u00f1os y grandes cualidades para ser el meta carbonero en un futuro, Randall Rodr\u00edguez fue una de las figuras de la haza\u00f1a en Ecuador.<\/p>\n<div class=\"user-wrapper\"><a class=\"userlink\"href=\"https:\/\/twitter.com\/ftrucce18\" target=\"_blank\"><figure><img decoding=\"async\" src=\"http:\/\/www.padreydecano.com\/cms\/wp-users-files\/postfirmas\/ftrucce.jpg\" \/><\/figure><p class=\"user\"><strong>Franco Trucce<\/strong><br \/>@FTrucce18<\/p><\/a><\/div>\n","protected":false},"excerpt":{"rendered":"<p>El guardameta aurinegro mostr\u00f3 buenas actuaciones a lo largo de la Copa Libertadores Sub 20, siendo protagonista en la consagraci\u00f3n. Con buenas intervenciones en los partidos, jerarqu\u00eda ante los rivales y penales atajados, Randall Rodr\u00edguez se consolid\u00f3 como una de las figuras del plantel. Fue uno de los dos arqueros menos vencidos en la Copa, [&hellip;]<\/p>\n","protected":false},"author":27,"featured_media":78219,"comment_status":"open","ping_status":"closed","sticky":false,"template":"","format":"standard","meta":{"footnotes":""},"categories":[40],"tags":[560],"yoast_head":"<!-- This site is optimized with the Yoast SEO plugin v23.2 - https:\/\/yoast.com\/wordpress\/plugins\/seo\/ -->\n<title>Randall Rodr\u00edguez, jerarqu\u00eda, figura y campe\u00f3n - Padre y Decano - El Sitio del Pueblo<\/title>\n<meta name=\"robots\" content=\"index, follow, max-snippet:-1, max-image-preview:large, max-video-preview:-1\" \/>\n<link rel=\"canonical\" href=\"https:\/\/www.padreydecano.com\/cms\/formativas\/randall-rodriguez-jerarquia-figura-y-campeon\/\" \/>\n<meta property=\"og:locale\" content=\"es_ES\" \/>\n<meta property=\"og:type\" content=\"article\" \/>\n<meta property=\"og:title\" content=\"Randall Rodr\u00edguez, jerarqu\u00eda, figura y campe\u00f3n - Padre y Decano - El Sitio del Pueblo\" \/>\n<meta property=\"og:description\" content=\"El guardameta aurinegro mostr\u00f3 buenas actuaciones a lo largo de la Copa Libertadores Sub 20, siendo protagonista en la consagraci\u00f3n. Con buenas intervenciones en los partidos, jerarqu\u00eda ante los rivales y penales atajados, Randall Rodr\u00edguez se consolid\u00f3 como una de las figuras del plantel. Fue uno de los dos arqueros menos vencidos en la Copa, [&hellip;]\" \/>\n<meta property=\"og:url\" content=\"https:\/\/www.padreydecano.com\/cms\/formativas\/randall-rodriguez-jerarquia-figura-y-campeon\/\" \/>\n<meta property=\"og:site_name\" content=\"Padre y Decano - El Sitio del Pueblo\" \/>\n<meta property=\"article:published_time\" content=\"2022-02-21T16:09:29+00:00\" \/>\n<meta property=\"article:modified_time\" content=\"2022-02-21T17:09:39+00:00\" \/>\n<meta property=\"og:image\" content=\"https:\/\/www.padreydecano.com\/cms\/wp-content\/uploads\/2022\/02\/20220221_130659.jpg\" \/>\n\t<meta property=\"og:image:width\" content=\"1080\" \/>\n\t<meta property=\"og:image:height\" content=\"1080\" \/>\n\t<meta property=\"og:image:type\" content=\"image\/jpeg\" \/>\n<meta name=\"author\" content=\"Redactores Padre y Decano\" \/>\n<meta name=\"twitter:card\" content=\"summary_large_image\" \/>\n<meta name=\"twitter:label1\" content=\"Escrito por\" \/>\n\t<meta name=\"twitter:data1\" content=\"Redactores Padre y Decano\" \/>\n\t<meta name=\"twitter:label2\" content=\"Tiempo de lectura\" \/>\n\t<meta name=\"twitter:data2\" content=\"2 minutos\" \/>\n<script type=\"application\/ld+json\" class=\"yoast-schema-graph\">{\"@context\":\"https:\/\/schema.org\",\"@graph\":[{\"@type\":\"Article\",\"@id\":\"https:\/\/www.padreydecano.com\/cms\/formativas\/randall-rodriguez-jerarquia-figura-y-campeon\/#article\",\"isPartOf\":{\"@id\":\"https:\/\/www.padreydecano.com\/cms\/formativas\/randall-rodriguez-jerarquia-figura-y-campeon\/\"},\"author\":{\"name\":\"Redactores Padre y Decano\",\"@id\":\"https:\/\/www.padreydecano.com\/cms\/#\/schema\/person\/37aae8f93aa78e4c5385497f056e3246\"},\"headline\":\"Randall Rodr\u00edguez, jerarqu\u00eda, figura y campe\u00f3n\",\"datePublished\":\"2022-02-21T16:09:29+00:00\",\"dateModified\":\"2022-02-21T17:09:39+00:00\",\"mainEntityOfPage\":{\"@id\":\"https:\/\/www.padreydecano.com\/cms\/formativas\/randall-rodriguez-jerarquia-figura-y-campeon\/\"},\"wordCount\":240,\"commentCount\":1,\"publisher\":{\"@id\":\"https:\/\/www.padreydecano.com\/cms\/#organization\"},\"image\":{\"@id\":\"https:\/\/www.padreydecano.com\/cms\/formativas\/randall-rodriguez-jerarquia-figura-y-campeon\/#primaryimage\"},\"thumbnailUrl\":\"https:\/\/www.padreydecano.com\/cms\/wp-content\/uploads\/2022\/02\/20220221_130659.jpg\",\"keywords\":[\"Copa Libertadores Sub 20\"],\"articleSection\":[\"Formativas\"],\"inLanguage\":\"es\",\"potentialAction\":[{\"@type\":\"CommentAction\",\"name\":\"Comment\",\"target\":[\"https:\/\/www.padreydecano.com\/cms\/formativas\/randall-rodriguez-jerarquia-figura-y-campeon\/#respond\"]}]},{\"@type\":\"WebPage\",\"@id\":\"https:\/\/www.padreydecano.com\/cms\/formativas\/randall-rodriguez-jerarquia-figura-y-campeon\/\",\"url\":\"https:\/\/www.padreydecano.com\/cms\/formativas\/randall-rodriguez-jerarquia-figura-y-campeon\/\",\"name\":\"Randall Rodr\u00edguez, jerarqu\u00eda, figura y campe\u00f3n - Padre y Decano - El Sitio del Pueblo\",\"isPartOf\":{\"@id\":\"https:\/\/www.padreydecano.com\/cms\/#website\"},\"primaryImageOfPage\":{\"@id\":\"https:\/\/www.padreydecano.com\/cms\/formativas\/randall-rodriguez-jerarquia-figura-y-campeon\/#primaryimage\"},\"image\":{\"@id\":\"https:\/\/www.padreydecano.com\/cms\/formativas\/randall-rodriguez-jerarquia-figura-y-campeon\/#primaryimage\"},\"thumbnailUrl\":\"https:\/\/www.padreydecano.com\/cms\/wp-content\/uploads\/2022\/02\/20220221_130659.jpg\",\"datePublished\":\"2022-02-21T16:09:29+00:00\",\"dateModified\":\"2022-02-21T17:09:39+00:00\",\"breadcrumb\":{\"@id\":\"https:\/\/www.padreydecano.com\/cms\/formativas\/randall-rodriguez-jerarquia-figura-y-campeon\/#breadcrumb\"},\"inLanguage\":\"es\",\"potentialAction\":[{\"@type\":\"ReadAction\",\"target\":[\"https:\/\/www.padreydecano.com\/cms\/formativas\/randall-rodriguez-jerarquia-figura-y-campeon\/\"]}]},{\"@type\":\"ImageObject\",\"inLanguage\":\"es\",\"@id\":\"https:\/\/www.padreydecano.com\/cms\/formativas\/randall-rodriguez-jerarquia-figura-y-campeon\/#primaryimage\",\"url\":\"https:\/\/www.padreydecano.com\/cms\/wp-content\/uploads\/2022\/02\/20220221_130659.jpg\",\"contentUrl\":\"https:\/\/www.padreydecano.com\/cms\/wp-content\/uploads\/2022\/02\/20220221_130659.jpg\",\"width\":1080,\"height\":1080},{\"@type\":\"BreadcrumbList\",\"@id\":\"https:\/\/www.padreydecano.com\/cms\/formativas\/randall-rodriguez-jerarquia-figura-y-campeon\/#breadcrumb\",\"itemListElement\":[{\"@type\":\"ListItem\",\"position\":1,\"name\":\"Portada\",\"item\":\"https:\/\/www.padreydecano.com\/cms\/\"},{\"@type\":\"ListItem\",\"position\":2,\"name\":\"Randall Rodr\u00edguez, jerarqu\u00eda, figura y campe\u00f3n\"}]},{\"@type\":\"WebSite\",\"@id\":\"https:\/\/www.padreydecano.com\/cms\/#website\",\"url\":\"https:\/\/www.padreydecano.com\/cms\/\",\"name\":\"Padre y Decano - El Sitio del Pueblo\",\"description\":\"Club Atl\u00e9tico Pe\u00f1arol\",\"publisher\":{\"@id\":\"https:\/\/www.padreydecano.com\/cms\/#organization\"},\"potentialAction\":[{\"@type\":\"SearchAction\",\"target\":{\"@type\":\"EntryPoint\",\"urlTemplate\":\"https:\/\/www.padreydecano.com\/cms\/?s={search_term_string}\"},\"query-input\":\"required name=search_term_string\"}],\"inLanguage\":\"es\"},{\"@type\":\"Organization\",\"@id\":\"https:\/\/www.padreydecano.com\/cms\/#organization\",\"name\":\"Padre y Decano\",\"url\":\"https:\/\/www.padreydecano.com\/cms\/\",\"logo\":{\"@type\":\"ImageObject\",\"inLanguage\":\"es\",\"@id\":\"https:\/\/www.padreydecano.com\/cms\/#\/schema\/logo\/image\/\",\"url\":\"https:\/\/www.padreydecano.com\/cms\/wp-content\/uploads\/2022\/01\/avatar-square.png\",\"contentUrl\":\"https:\/\/www.padreydecano.com\/cms\/wp-content\/uploads\/2022\/01\/avatar-square.png\",\"width\":1500,\"height\":1500,\"caption\":\"Padre y Decano\"},\"image\":{\"@id\":\"https:\/\/www.padreydecano.com\/cms\/#\/schema\/logo\/image\/\"}},{\"@type\":\"Person\",\"@id\":\"https:\/\/www.padreydecano.com\/cms\/#\/schema\/person\/37aae8f93aa78e4c5385497f056e3246\",\"name\":\"Redactores Padre y Decano\",\"image\":{\"@type\":\"ImageObject\",\"inLanguage\":\"es\",\"@id\":\"https:\/\/www.padreydecano.com\/cms\/#\/schema\/person\/image\/\",\"url\":\"https:\/\/secure.gravatar.com\/avatar\/8810c4b9081192b118b104af54549af8?s=96&d=https%3A%2F%2Fpadreydecano.com%2Fcms%2Fwp-content%2Fthemes%2Fpyd-theme%2Fimg%2Fdefault-avatar.png&r=g\",\"contentUrl\":\"https:\/\/secure.gravatar.com\/avatar\/8810c4b9081192b118b104af54549af8?s=96&d=https%3A%2F%2Fpadreydecano.com%2Fcms%2Fwp-content%2Fthemes%2Fpyd-theme%2Fimg%2Fdefault-avatar.png&r=g\",\"caption\":\"Redactores Padre y Decano\"},\"sameAs\":[\"http:\/\/www.padreydecano.com\"]}]}<\/script>\n<!-- \/ Yoast SEO plugin. -->","yoast_head_json":{"title":"Randall Rodr\u00edguez, jerarqu\u00eda, figura y campe\u00f3n - Padre y Decano - El Sitio del Pueblo","robots":{"index":"index","follow":"follow","max-snippet":"max-snippet:-1","max-image-preview":"max-image-preview:large","max-video-preview":"max-video-preview:-1"},"canonical":"https:\/\/www.padreydecano.com\/cms\/formativas\/randall-rodriguez-jerarquia-figura-y-campeon\/","og_locale":"es_ES","og_type":"article","og_title":"Randall Rodr\u00edguez, jerarqu\u00eda, figura y campe\u00f3n - Padre y Decano - El Sitio del Pueblo","og_description":"El guardameta aurinegro mostr\u00f3 buenas actuaciones a lo largo de la Copa Libertadores Sub 20, siendo protagonista en la consagraci\u00f3n. Con buenas intervenciones en los partidos, jerarqu\u00eda ante los rivales y penales atajados, Randall Rodr\u00edguez se consolid\u00f3 como una de las figuras del plantel. Fue uno de los dos arqueros menos vencidos en la Copa, [&hellip;]","og_url":"https:\/\/www.padreydecano.com\/cms\/formativas\/randall-rodriguez-jerarquia-figura-y-campeon\/","og_site_name":"Padre y Decano - El Sitio del Pueblo","article_published_time":"2022-02-21T16:09:29+00:00","article_modified_time":"2022-02-21T17:09:39+00:00","og_image":[{"width":1080,"height":1080,"url":"https:\/\/www.padreydecano.com\/cms\/wp-content\/uploads\/2022\/02\/20220221_130659.jpg","type":"image\/jpeg"}],"author":"Redactores Padre y Decano","twitter_card":"summary_large_image","twitter_misc":{"Escrito por":"Redactores Padre y Decano","Tiempo de lectura":"2 minutos"},"schema":{"@context":"https:\/\/schema.org","@graph":[{"@type":"Article","@id":"https:\/\/www.padreydecano.com\/cms\/formativas\/randall-rodriguez-jerarquia-figura-y-campeon\/#article","isPartOf":{"@id":"https:\/\/www.padreydecano.com\/cms\/formativas\/randall-rodriguez-jerarquia-figura-y-campeon\/"},"author":{"name":"Redactores Padre y Decano","@id":"https:\/\/www.padreydecano.com\/cms\/#\/schema\/person\/37aae8f93aa78e4c5385497f056e3246"},"headline":"Randall Rodr\u00edguez, jerarqu\u00eda, figura y campe\u00f3n","datePublished":"2022-02-21T16:09:29+00:00","dateModified":"2022-02-21T17:09:39+00:00","mainEntityOfPage":{"@id":"https:\/\/www.padreydecano.com\/cms\/formativas\/randall-rodriguez-jerarquia-figura-y-campeon\/"},"wordCount":240,"commentCount":1,"publisher":{"@id":"https:\/\/www.padreydecano.com\/cms\/#organization"},"image":{"@id":"https:\/\/www.padreydecano.com\/cms\/formativas\/randall-rodriguez-jerarquia-figura-y-campeon\/#primaryimage"},"thumbnailUrl":"https:\/\/www.padreydecano.com\/cms\/wp-content\/uploads\/2022\/02\/20220221_130659.jpg","keywords":["Copa Libertadores Sub 20"],"articleSection":["Formativas"],"inLanguage":"es","potentialAction":[{"@type":"CommentAction","name":"Comment","target":["https:\/\/www.padreydecano.com\/cms\/formativas\/randall-rodriguez-jerarquia-figura-y-campeon\/#respond"]}]},{"@type":"WebPage","@id":"https:\/\/www.padreydecano.com\/cms\/formativas\/randall-rodriguez-jerarquia-figura-y-campeon\/","url":"https:\/\/www.padreydecano.com\/cms\/formativas\/randall-rodriguez-jerarquia-figura-y-campeon\/","name":"Randall Rodr\u00edguez, jerarqu\u00eda, figura y campe\u00f3n - Padre y Decano - El Sitio del Pueblo","isPartOf":{"@id":"https:\/\/www.padreydecano.com\/cms\/#website"},"primaryImageOfPage":{"@id":"https:\/\/www.padreydecano.com\/cms\/formativas\/randall-rodriguez-jerarquia-figura-y-campeon\/#primaryimage"},"image":{"@id":"https:\/\/www.padreydecano.com\/cms\/formativas\/randall-rodriguez-jerarquia-figura-y-campeon\/#primaryimage"},"thumbnailUrl":"https:\/\/www.padreydecano.com\/cms\/wp-content\/uploads\/2022\/02\/20220221_130659.jpg","datePublished":"2022-02-21T16:09:29+00:00","dateModified":"2022-02-21T17:09:39+00:00","breadcrumb":{"@id":"https:\/\/www.padreydecano.com\/cms\/formativas\/randall-rodriguez-jerarquia-figura-y-campeon\/#breadcrumb"},"inLanguage":"es","potentialAction":[{"@type":"ReadAction","target":["https:\/\/www.padreydecano.com\/cms\/formativas\/randall-rodriguez-jerarquia-figura-y-campeon\/"]}]},{"@type":"ImageObject","inLanguage":"es","@id":"https:\/\/www.padreydecano.com\/cms\/formativas\/randall-rodriguez-jerarquia-figura-y-campeon\/#primaryimage","url":"https:\/\/www.padreydecano.com\/cms\/wp-content\/uploads\/2022\/02\/20220221_130659.jpg","contentUrl":"https:\/\/www.padreydecano.com\/cms\/wp-content\/uploads\/2022\/02\/20220221_130659.jpg","width":1080,"height":1080},{"@type":"BreadcrumbList","@id":"https:\/\/www.padreydecano.com\/cms\/formativas\/randall-rodriguez-jerarquia-figura-y-campeon\/#breadcrumb","itemListElement":[{"@type":"ListItem","position":1,"name":"Portada","item":"https:\/\/www.padreydecano.com\/cms\/"},{"@type":"ListItem","position":2,"name":"Randall Rodr\u00edguez, jerarqu\u00eda, figura y campe\u00f3n"}]},{"@type":"WebSite","@id":"https:\/\/www.padreydecano.com\/cms\/#website","url":"https:\/\/www.padreydecano.com\/cms\/","name":"Padre y Decano - El Sitio del Pueblo","description":"Club Atl\u00e9tico Pe\u00f1arol","publisher":{"@id":"https:\/\/www.padreydecano.com\/cms\/#organization"},"potentialAction":[{"@type":"SearchAction","target":{"@type":"EntryPoint","urlTemplate":"https:\/\/www.padreydecano.com\/cms\/?s={search_term_string}"},"query-input":"required name=search_term_string"}],"inLanguage":"es"},{"@type":"Organization","@id":"https:\/\/www.padreydecano.com\/cms\/#organization","name":"Padre y Decano","url":"https:\/\/www.padreydecano.com\/cms\/","logo":{"@type":"ImageObject","inLanguage":"es","@id":"https:\/\/www.padreydecano.com\/cms\/#\/schema\/logo\/image\/","url":"https:\/\/www.padreydecano.com\/cms\/wp-content\/uploads\/2022\/01\/avatar-square.png","contentUrl":"https:\/\/www.padreydecano.com\/cms\/wp-content\/uploads\/2022\/01\/avatar-square.png","width":1500,"height":1500,"caption":"Padre y Decano"},"image":{"@id":"https:\/\/www.padreydecano.com\/cms\/#\/schema\/logo\/image\/"}},{"@type":"Person","@id":"https:\/\/www.padreydecano.com\/cms\/#\/schema\/person\/37aae8f93aa78e4c5385497f056e3246","name":"Redactores Padre y Decano","image":{"@type":"ImageObject","inLanguage":"es","@id":"https:\/\/www.padreydecano.com\/cms\/#\/schema\/person\/image\/","url":"https:\/\/secure.gravatar.com\/avatar\/8810c4b9081192b118b104af54549af8?s=96&d=https%3A%2F%2Fpadreydecano.com%2Fcms%2Fwp-content%2Fthemes%2Fpyd-theme%2Fimg%2Fdefault-avatar.png&r=g","contentUrl":"https:\/\/secure.gravatar.com\/avatar\/8810c4b9081192b118b104af54549af8?s=96&d=https%3A%2F%2Fpadreydecano.com%2Fcms%2Fwp-content%2Fthemes%2Fpyd-theme%2Fimg%2Fdefault-avatar.png&r=g","caption":"Redactores Padre y Decano"},"sameAs":["http:\/\/www.padreydecano.com"]}]}},"_links":{"self":[{"href":"https:\/\/www.padreydecano.com\/cms\/wp-json\/wp\/v2\/posts\/78218"}],"collection":[{"href":"https:\/\/www.padreydecano.com\/cms\/wp-json\/wp\/v2\/posts"}],"about":[{"href":"https:\/\/www.padreydecano.com\/cms\/wp-json\/wp\/v2\/types\/post"}],"author":[{"embeddable":true,"href":"https:\/\/www.padreydecano.com\/cms\/wp-json\/wp\/v2\/users\/27"}],"replies":[{"embeddable":true,"href":"https:\/\/www.padreydecano.com\/cms\/wp-json\/wp\/v2\/comments?post=78218"}],"version-history":[{"count":0,"href":"https:\/\/www.padreydecano.com\/cms\/wp-json\/wp\/v2\/posts\/78218\/revisions"}],"wp:featuredmedia":[{"embeddable":true,"href":"https:\/\/www.padreydecano.com\/cms\/wp-json\/wp\/v2\/media\/78219"}],"wp:attachment":[{"href":"https:\/\/www.padreydecano.com\/cms\/wp-json\/wp\/v2\/media?parent=78218"}],"wp:term":[{"taxonomy":"category","embeddable":true,"href":"https:\/\/www.padreydecano.com\/cms\/wp-json\/wp\/v2\/categories?post=78218"},{"taxonomy":"post_tag","embeddable":true,"href":"https:\/\/www.padreydecano.com\/cms\/wp-json\/wp\/v2\/tags?post=78218"}],"curies":[{"name":"wp","href":"https:\/\/api.w.org\/{rel}","templated":true}]}}