{"id":78206,"date":"2022-02-20T22:46:59","date_gmt":"2022-02-21T01:46:59","guid":{"rendered":"http:\/\/www.padreydecano.com\/cms\/?p=78206"},"modified":"2022-03-01T17:08:50","modified_gmt":"2022-03-01T20:08:50","slug":"penarol-campeon-de-america","status":"publish","type":"post","link":"https:\/\/www.padreydecano.com\/cms\/formativas\/penarol-campeon-de-america\/","title":{"rendered":"Pe\u00f1arol campe\u00f3n de Am\u00e9rica"},"content":{"rendered":"<p><a href=\"https:\/\/www.padreydecano.com\/cms\/wp-content\/uploads\/2022\/02\/20220220_224433.jpg\" rel=\"shadowbox[sbpost-78206];player=img;\"><img loading=\"lazy\" decoding=\"async\" class=\"aligncenter size-full wp-image-78207\" src=\"https:\/\/www.padreydecano.com\/cms\/wp-content\/uploads\/2022\/02\/20220220_224433.jpg\" alt=\"\" width=\"2048\" height=\"1365\" srcset=\"https:\/\/www.padreydecano.com\/cms\/wp-content\/uploads\/2022\/02\/20220220_224433.jpg 2048w, https:\/\/www.padreydecano.com\/cms\/wp-content\/uploads\/2022\/02\/20220220_224433-600x400.jpg 600w, https:\/\/www.padreydecano.com\/cms\/wp-content\/uploads\/2022\/02\/20220220_224433-1024x683.jpg 1024w, https:\/\/www.padreydecano.com\/cms\/wp-content\/uploads\/2022\/02\/20220220_224433-768x512.jpg 768w, https:\/\/www.padreydecano.com\/cms\/wp-content\/uploads\/2022\/02\/20220220_224433-1536x1024.jpg 1536w, https:\/\/www.padreydecano.com\/cms\/wp-content\/uploads\/2022\/02\/20220220_224433-300x200.jpg 300w, https:\/\/www.padreydecano.com\/cms\/wp-content\/uploads\/2022\/02\/20220220_224433-128x85.jpg 128w, https:\/\/www.padreydecano.com\/cms\/wp-content\/uploads\/2022\/02\/20220220_224433-32x21.jpg 32w\" sizes=\"(max-width: 2048px) 100vw, 2048px\" \/><\/a><\/p>\n<p><strong>Con nuevas bajas y algunas que se sumaron el equipo de Marcelo Broli (con Jos\u00e9 Enrique De Los Santos como entrenador), se plant\u00f3 en la altura para enfrentar a Independiente Del Valle, el gran favorito para la cr\u00edtica especializada. Nicol\u00e1s Rossi, Math\u00edas De Ritis, Agust\u00edn Rodr\u00edguez, Joaqu\u00edn Ferreira y el goleador \u00d3scar Cruz fueron bajas. Lamentablemente el Covid azot\u00f3 al plantel mirasol.\u00a0<\/strong><\/p>\n<p>El juego se present\u00f3 con los locales teniendo la iniciativa y cada vez que los aurinegros quer\u00edan salir en velocidad, eran cortados. El lado derecho de los ecuatorianos era de temer con Herrera y sus apariciones con potencia y devoci\u00f3n para llegar al fondo. Acosta fue el que sorprendi\u00f3 con un remate lejano pero Randall Rodriguez logr\u00f3 quedarse con el disparo de larga distancia. Lo mismo hizo a los 20 minutos pero el 12 aurinegro estaba bien parado para responder.<\/p>\n<p>A los 30 la mejor del partido esta vez Mej\u00eda ante el golero carbonero que salva el arco atajando en el primer palo, nueve minutos despu\u00e9s Valencia recibi\u00f3 un pase largo en el \u00e1rea de Pe\u00f1arol pero Randall volvi\u00f3 a salvar al equipo de Broli. El aurinegro no llegaba, solo aproximaciones de pelota quieta, con coraje aguantaban los pibes. As\u00ed se fue el primer periodo.<\/p>\n<p>Ya en el segundo tiempo Pe\u00f1arol se par\u00f3 unos metros m\u00e1s adelante para salir del hostigamiento de los ecuatorianos, incluso con algunos desbordes de Brian Mansilla que inquietaron la \u00faltima zona local. A los 65 volvi\u00f3 a aparecer la mejor arma ofensiva de Independiente, Acosta. Remat\u00f3 de media distancia con una rosca casi perfecta que dio en el horizontal del p\u00f3rtico mirasol.<\/p>\n<p>A los 70 ingres\u00f3 el centrodelantero Santiago D\u00edaz por Mansilla, buscando m\u00e1s peso ofensivo. A los 76 minutos una falta en contra de M\u00e1ximo Alonso le daba la chance de pelota quieta a Diego M\u00e9ndez para tirar un centro, eso hubiese pensando cualquiera, menos Diego. <strong>El n\u00famero 7 remat\u00f3 al arco y la coloc\u00f3 contra el poste derecho. Golazo espectacular y Pe\u00f1arol arriba.<\/strong><\/p>\n<p>Sin ideas el local, no consegu\u00eda inquietar al arco de Randall, que en la hora tuvo que salvar el arco con una atajada pero en el c\u00f3rner igual\u00f3 el rival. Penales y a sufrir en la definici\u00f3n. La defunci\u00f3n comenz\u00f3 con el gol de Mat\u00edas Ferreira (P), luego Medina, Diego M\u00e9ndez (P), D\u00edaz gol, Santiago Homenchenko (P), gol, el de Randall lo ataja el meta rival, pero Randall ataja el siguiente y dice \u201cac\u00e1 estoy yo\u201d. M\u00e1ximo Alonso anota y mete presi\u00f3n. <strong>La figura de Randall Rodriguez se hace gigante salva el \u00faltimo penal y la Copa Libertadores Sub 20 es de Pe\u00f1arol.<\/strong><\/p>\n<p>Un proceso que comenz\u00f3 con Juan Pedro Damiani y Rodolfo Catino, lo continuaron Jorge Barrera y Pablo Torres. Hoy lo rubrican (a seguir), Juan Susena y Claudio Rivas, en la dirigencia. Pero no olvidar a V\u00edctor P\u00faa, Juan Ahuntchain, Fernando Curuchet y Claudio Flores. Con muchos entrenadores que pasaron y dejaron su marca, Jos\u00e9 Batlle Perdomo, N\u00e9stor Gonc\u00e1lves hijo, Seraf\u00edn Garc\u00eda, \u00c1lvaro Regueira, Mart\u00edn Garc\u00eda, Ramiro Mart\u00ednez, y me olvido de muchos. Gente del club como Mario Torterolo, Patricia L\u00f3pez, Federico Terrin, Walter D\u00edaz, Roberto Improta, Diego Shaw, Mart\u00edn Arroyo, Mart\u00edn Danieli, Pablo Hohberg. Mucha gente.<\/p>\n<p>Gracias a los botijas por esta alegr\u00eda inmensa, a continuar con el trabajo, las soluciones est\u00e1n en casa. Muchos jugadores llegar\u00e1n al primer equipo en estos d\u00edas, Mauricio Larriera les dar\u00e1 su lugar. Sin olvidar a Pablo Bengoechea y Gabriel Cedr\u00e9s que defender\u00e1n el lugar de cualquier pibe del club por encima de todo. Sal\u00fa campe\u00f3n.<\/p>\n<p>Pe\u00f1arol: Randall Rodr\u00edguez; Lautaro De Le\u00f3n, Mat\u00edas Gonzalez, Pablo L\u00f3pez, Santiago Homenchenko; Ademir Silva, Dami\u00e1n Garc\u00eda, Brian Masilla; Diego M\u00e9ndez, Nahuel De Armas, M\u00e1ximo Alonso. DT: Jos\u00e9 Enrique De Los Santos.<\/p>\n<div class=\"user-wrapper\"><a class=\"userlink\" href=\"https:\/\/twitter.com\/wilsonmendez86\" target=\"_blank\"><figure><img decoding=\"async\" src=\"http:\/\/www.padreydecano.com\/cms\/wp-users-files\/postfirmas\/wilsonmendez86.jpg\" \/><\/figure><p class=\"user\"><strong>Wilson M&eacute;ndez<\/strong><br \/>@wilsonmendez86<\/p><\/a><\/div>\n","protected":false},"excerpt":{"rendered":"<p>Con nuevas bajas y algunas que se sumaron el equipo de Marcelo Broli (con Jos\u00e9 Enrique De Los Santos como entrenador), se plant\u00f3 en la altura para enfrentar a Independiente Del Valle, el gran favorito para la cr\u00edtica especializada. Nicol\u00e1s Rossi, Math\u00edas De Ritis, Agust\u00edn Rodr\u00edguez, Joaqu\u00edn Ferreira y el goleador \u00d3scar Cruz fueron bajas. [&hellip;]<\/p>\n","protected":false},"author":27,"featured_media":78207,"comment_status":"open","ping_status":"closed","sticky":false,"template":"","format":"standard","meta":{"footnotes":""},"categories":[40],"tags":[560],"yoast_head":"<!-- This site is optimized with the Yoast SEO plugin v23.2 - https:\/\/yoast.com\/wordpress\/plugins\/seo\/ -->\n<title>Pe\u00f1arol campe\u00f3n de Am\u00e9rica - Padre y Decano - El Sitio del Pueblo<\/title>\n<meta name=\"robots\" content=\"index, follow, max-snippet:-1, max-image-preview:large, max-video-preview:-1\" \/>\n<link rel=\"canonical\" href=\"https:\/\/www.padreydecano.com\/cms\/formativas\/penarol-campeon-de-america\/\" \/>\n<meta property=\"og:locale\" content=\"es_ES\" \/>\n<meta property=\"og:type\" content=\"article\" \/>\n<meta property=\"og:title\" content=\"Pe\u00f1arol campe\u00f3n de Am\u00e9rica - Padre y Decano - El Sitio del Pueblo\" \/>\n<meta property=\"og:description\" content=\"Con nuevas bajas y algunas que se sumaron el equipo de Marcelo Broli (con Jos\u00e9 Enrique De Los Santos como entrenador), se plant\u00f3 en la altura para enfrentar a Independiente Del Valle, el gran favorito para la cr\u00edtica especializada. Nicol\u00e1s Rossi, Math\u00edas De Ritis, Agust\u00edn Rodr\u00edguez, Joaqu\u00edn Ferreira y el goleador \u00d3scar Cruz fueron bajas. [&hellip;]\" \/>\n<meta property=\"og:url\" content=\"https:\/\/www.padreydecano.com\/cms\/formativas\/penarol-campeon-de-america\/\" \/>\n<meta property=\"og:site_name\" content=\"Padre y Decano - El Sitio del Pueblo\" \/>\n<meta property=\"article:published_time\" content=\"2022-02-21T01:46:59+00:00\" \/>\n<meta property=\"article:modified_time\" content=\"2022-03-01T20:08:50+00:00\" \/>\n<meta property=\"og:image\" content=\"https:\/\/www.padreydecano.com\/cms\/wp-content\/uploads\/2022\/02\/20220220_224433.jpg\" \/>\n\t<meta property=\"og:image:width\" content=\"2048\" \/>\n\t<meta property=\"og:image:height\" content=\"1365\" \/>\n\t<meta property=\"og:image:type\" content=\"image\/jpeg\" \/>\n<meta name=\"author\" content=\"Redactores Padre y Decano\" \/>\n<meta name=\"twitter:card\" content=\"summary_large_image\" \/>\n<meta name=\"twitter:label1\" content=\"Escrito por\" \/>\n\t<meta name=\"twitter:data1\" content=\"Redactores Padre y Decano\" \/>\n\t<meta name=\"twitter:label2\" content=\"Tiempo de lectura\" \/>\n\t<meta name=\"twitter:data2\" content=\"4 minutos\" \/>\n<script type=\"application\/ld+json\" class=\"yoast-schema-graph\">{\"@context\":\"https:\/\/schema.org\",\"@graph\":[{\"@type\":\"Article\",\"@id\":\"https:\/\/www.padreydecano.com\/cms\/formativas\/penarol-campeon-de-america\/#article\",\"isPartOf\":{\"@id\":\"https:\/\/www.padreydecano.com\/cms\/formativas\/penarol-campeon-de-america\/\"},\"author\":{\"name\":\"Redactores Padre y Decano\",\"@id\":\"https:\/\/www.padreydecano.com\/cms\/#\/schema\/person\/37aae8f93aa78e4c5385497f056e3246\"},\"headline\":\"Pe\u00f1arol campe\u00f3n de Am\u00e9rica\",\"datePublished\":\"2022-02-21T01:46:59+00:00\",\"dateModified\":\"2022-03-01T20:08:50+00:00\",\"mainEntityOfPage\":{\"@id\":\"https:\/\/www.padreydecano.com\/cms\/formativas\/penarol-campeon-de-america\/\"},\"wordCount\":677,\"commentCount\":21,\"publisher\":{\"@id\":\"https:\/\/www.padreydecano.com\/cms\/#organization\"},\"image\":{\"@id\":\"https:\/\/www.padreydecano.com\/cms\/formativas\/penarol-campeon-de-america\/#primaryimage\"},\"thumbnailUrl\":\"https:\/\/www.padreydecano.com\/cms\/wp-content\/uploads\/2022\/02\/20220220_224433.jpg\",\"keywords\":[\"Copa Libertadores Sub 20\"],\"articleSection\":[\"Formativas\"],\"inLanguage\":\"es\",\"potentialAction\":[{\"@type\":\"CommentAction\",\"name\":\"Comment\",\"target\":[\"https:\/\/www.padreydecano.com\/cms\/formativas\/penarol-campeon-de-america\/#respond\"]}]},{\"@type\":\"WebPage\",\"@id\":\"https:\/\/www.padreydecano.com\/cms\/formativas\/penarol-campeon-de-america\/\",\"url\":\"https:\/\/www.padreydecano.com\/cms\/formativas\/penarol-campeon-de-america\/\",\"name\":\"Pe\u00f1arol campe\u00f3n de Am\u00e9rica - Padre y Decano - El Sitio del Pueblo\",\"isPartOf\":{\"@id\":\"https:\/\/www.padreydecano.com\/cms\/#website\"},\"primaryImageOfPage\":{\"@id\":\"https:\/\/www.padreydecano.com\/cms\/formativas\/penarol-campeon-de-america\/#primaryimage\"},\"image\":{\"@id\":\"https:\/\/www.padreydecano.com\/cms\/formativas\/penarol-campeon-de-america\/#primaryimage\"},\"thumbnailUrl\":\"https:\/\/www.padreydecano.com\/cms\/wp-content\/uploads\/2022\/02\/20220220_224433.jpg\",\"datePublished\":\"2022-02-21T01:46:59+00:00\",\"dateModified\":\"2022-03-01T20:08:50+00:00\",\"breadcrumb\":{\"@id\":\"https:\/\/www.padreydecano.com\/cms\/formativas\/penarol-campeon-de-america\/#breadcrumb\"},\"inLanguage\":\"es\",\"potentialAction\":[{\"@type\":\"ReadAction\",\"target\":[\"https:\/\/www.padreydecano.com\/cms\/formativas\/penarol-campeon-de-america\/\"]}]},{\"@type\":\"ImageObject\",\"inLanguage\":\"es\",\"@id\":\"https:\/\/www.padreydecano.com\/cms\/formativas\/penarol-campeon-de-america\/#primaryimage\",\"url\":\"https:\/\/www.padreydecano.com\/cms\/wp-content\/uploads\/2022\/02\/20220220_224433.jpg\",\"contentUrl\":\"https:\/\/www.padreydecano.com\/cms\/wp-content\/uploads\/2022\/02\/20220220_224433.jpg\",\"width\":2048,\"height\":1365},{\"@type\":\"BreadcrumbList\",\"@id\":\"https:\/\/www.padreydecano.com\/cms\/formativas\/penarol-campeon-de-america\/#breadcrumb\",\"itemListElement\":[{\"@type\":\"ListItem\",\"position\":1,\"name\":\"Portada\",\"item\":\"https:\/\/www.padreydecano.com\/cms\/\"},{\"@type\":\"ListItem\",\"position\":2,\"name\":\"Pe\u00f1arol campe\u00f3n de Am\u00e9rica\"}]},{\"@type\":\"WebSite\",\"@id\":\"https:\/\/www.padreydecano.com\/cms\/#website\",\"url\":\"https:\/\/www.padreydecano.com\/cms\/\",\"name\":\"Padre y Decano - El Sitio del Pueblo\",\"description\":\"Club Atl\u00e9tico Pe\u00f1arol\",\"publisher\":{\"@id\":\"https:\/\/www.padreydecano.com\/cms\/#organization\"},\"potentialAction\":[{\"@type\":\"SearchAction\",\"target\":{\"@type\":\"EntryPoint\",\"urlTemplate\":\"https:\/\/www.padreydecano.com\/cms\/?s={search_term_string}\"},\"query-input\":\"required name=search_term_string\"}],\"inLanguage\":\"es\"},{\"@type\":\"Organization\",\"@id\":\"https:\/\/www.padreydecano.com\/cms\/#organization\",\"name\":\"Padre y Decano\",\"url\":\"https:\/\/www.padreydecano.com\/cms\/\",\"logo\":{\"@type\":\"ImageObject\",\"inLanguage\":\"es\",\"@id\":\"https:\/\/www.padreydecano.com\/cms\/#\/schema\/logo\/image\/\",\"url\":\"https:\/\/www.padreydecano.com\/cms\/wp-content\/uploads\/2022\/01\/avatar-square.png\",\"contentUrl\":\"https:\/\/www.padreydecano.com\/cms\/wp-content\/uploads\/2022\/01\/avatar-square.png\",\"width\":1500,\"height\":1500,\"caption\":\"Padre y Decano\"},\"image\":{\"@id\":\"https:\/\/www.padreydecano.com\/cms\/#\/schema\/logo\/image\/\"}},{\"@type\":\"Person\",\"@id\":\"https:\/\/www.padreydecano.com\/cms\/#\/schema\/person\/37aae8f93aa78e4c5385497f056e3246\",\"name\":\"Redactores Padre y Decano\",\"image\":{\"@type\":\"ImageObject\",\"inLanguage\":\"es\",\"@id\":\"https:\/\/www.padreydecano.com\/cms\/#\/schema\/person\/image\/\",\"url\":\"https:\/\/secure.gravatar.com\/avatar\/8810c4b9081192b118b104af54549af8?s=96&d=https%3A%2F%2Fpadreydecano.com%2Fcms%2Fwp-content%2Fthemes%2Fpyd-theme%2Fimg%2Fdefault-avatar.png&r=g\",\"contentUrl\":\"https:\/\/secure.gravatar.com\/avatar\/8810c4b9081192b118b104af54549af8?s=96&d=https%3A%2F%2Fpadreydecano.com%2Fcms%2Fwp-content%2Fthemes%2Fpyd-theme%2Fimg%2Fdefault-avatar.png&r=g\",\"caption\":\"Redactores Padre y Decano\"},\"sameAs\":[\"http:\/\/www.padreydecano.com\"]}]}<\/script>\n<!-- \/ Yoast SEO plugin. -->","yoast_head_json":{"title":"Pe\u00f1arol campe\u00f3n de Am\u00e9rica - Padre y Decano - El Sitio del Pueblo","robots":{"index":"index","follow":"follow","max-snippet":"max-snippet:-1","max-image-preview":"max-image-preview:large","max-video-preview":"max-video-preview:-1"},"canonical":"https:\/\/www.padreydecano.com\/cms\/formativas\/penarol-campeon-de-america\/","og_locale":"es_ES","og_type":"article","og_title":"Pe\u00f1arol campe\u00f3n de Am\u00e9rica - Padre y Decano - El Sitio del Pueblo","og_description":"Con nuevas bajas y algunas que se sumaron el equipo de Marcelo Broli (con Jos\u00e9 Enrique De Los Santos como entrenador), se plant\u00f3 en la altura para enfrentar a Independiente Del Valle, el gran favorito para la cr\u00edtica especializada. Nicol\u00e1s Rossi, Math\u00edas De Ritis, Agust\u00edn Rodr\u00edguez, Joaqu\u00edn Ferreira y el goleador \u00d3scar Cruz fueron bajas. [&hellip;]","og_url":"https:\/\/www.padreydecano.com\/cms\/formativas\/penarol-campeon-de-america\/","og_site_name":"Padre y Decano - El Sitio del Pueblo","article_published_time":"2022-02-21T01:46:59+00:00","article_modified_time":"2022-03-01T20:08:50+00:00","og_image":[{"width":2048,"height":1365,"url":"https:\/\/www.padreydecano.com\/cms\/wp-content\/uploads\/2022\/02\/20220220_224433.jpg","type":"image\/jpeg"}],"author":"Redactores Padre y Decano","twitter_card":"summary_large_image","twitter_misc":{"Escrito por":"Redactores Padre y Decano","Tiempo de lectura":"4 minutos"},"schema":{"@context":"https:\/\/schema.org","@graph":[{"@type":"Article","@id":"https:\/\/www.padreydecano.com\/cms\/formativas\/penarol-campeon-de-america\/#article","isPartOf":{"@id":"https:\/\/www.padreydecano.com\/cms\/formativas\/penarol-campeon-de-america\/"},"author":{"name":"Redactores Padre y Decano","@id":"https:\/\/www.padreydecano.com\/cms\/#\/schema\/person\/37aae8f93aa78e4c5385497f056e3246"},"headline":"Pe\u00f1arol campe\u00f3n de Am\u00e9rica","datePublished":"2022-02-21T01:46:59+00:00","dateModified":"2022-03-01T20:08:50+00:00","mainEntityOfPage":{"@id":"https:\/\/www.padreydecano.com\/cms\/formativas\/penarol-campeon-de-america\/"},"wordCount":677,"commentCount":21,"publisher":{"@id":"https:\/\/www.padreydecano.com\/cms\/#organization"},"image":{"@id":"https:\/\/www.padreydecano.com\/cms\/formativas\/penarol-campeon-de-america\/#primaryimage"},"thumbnailUrl":"https:\/\/www.padreydecano.com\/cms\/wp-content\/uploads\/2022\/02\/20220220_224433.jpg","keywords":["Copa Libertadores Sub 20"],"articleSection":["Formativas"],"inLanguage":"es","potentialAction":[{"@type":"CommentAction","name":"Comment","target":["https:\/\/www.padreydecano.com\/cms\/formativas\/penarol-campeon-de-america\/#respond"]}]},{"@type":"WebPage","@id":"https:\/\/www.padreydecano.com\/cms\/formativas\/penarol-campeon-de-america\/","url":"https:\/\/www.padreydecano.com\/cms\/formativas\/penarol-campeon-de-america\/","name":"Pe\u00f1arol campe\u00f3n de Am\u00e9rica - Padre y Decano - El Sitio del Pueblo","isPartOf":{"@id":"https:\/\/www.padreydecano.com\/cms\/#website"},"primaryImageOfPage":{"@id":"https:\/\/www.padreydecano.com\/cms\/formativas\/penarol-campeon-de-america\/#primaryimage"},"image":{"@id":"https:\/\/www.padreydecano.com\/cms\/formativas\/penarol-campeon-de-america\/#primaryimage"},"thumbnailUrl":"https:\/\/www.padreydecano.com\/cms\/wp-content\/uploads\/2022\/02\/20220220_224433.jpg","datePublished":"2022-02-21T01:46:59+00:00","dateModified":"2022-03-01T20:08:50+00:00","breadcrumb":{"@id":"https:\/\/www.padreydecano.com\/cms\/formativas\/penarol-campeon-de-america\/#breadcrumb"},"inLanguage":"es","potentialAction":[{"@type":"ReadAction","target":["https:\/\/www.padreydecano.com\/cms\/formativas\/penarol-campeon-de-america\/"]}]},{"@type":"ImageObject","inLanguage":"es","@id":"https:\/\/www.padreydecano.com\/cms\/formativas\/penarol-campeon-de-america\/#primaryimage","url":"https:\/\/www.padreydecano.com\/cms\/wp-content\/uploads\/2022\/02\/20220220_224433.jpg","contentUrl":"https:\/\/www.padreydecano.com\/cms\/wp-content\/uploads\/2022\/02\/20220220_224433.jpg","width":2048,"height":1365},{"@type":"BreadcrumbList","@id":"https:\/\/www.padreydecano.com\/cms\/formativas\/penarol-campeon-de-america\/#breadcrumb","itemListElement":[{"@type":"ListItem","position":1,"name":"Portada","item":"https:\/\/www.padreydecano.com\/cms\/"},{"@type":"ListItem","position":2,"name":"Pe\u00f1arol campe\u00f3n de Am\u00e9rica"}]},{"@type":"WebSite","@id":"https:\/\/www.padreydecano.com\/cms\/#website","url":"https:\/\/www.padreydecano.com\/cms\/","name":"Padre y Decano - El Sitio del Pueblo","description":"Club Atl\u00e9tico Pe\u00f1arol","publisher":{"@id":"https:\/\/www.padreydecano.com\/cms\/#organization"},"potentialAction":[{"@type":"SearchAction","target":{"@type":"EntryPoint","urlTemplate":"https:\/\/www.padreydecano.com\/cms\/?s={search_term_string}"},"query-input":"required name=search_term_string"}],"inLanguage":"es"},{"@type":"Organization","@id":"https:\/\/www.padreydecano.com\/cms\/#organization","name":"Padre y Decano","url":"https:\/\/www.padreydecano.com\/cms\/","logo":{"@type":"ImageObject","inLanguage":"es","@id":"https:\/\/www.padreydecano.com\/cms\/#\/schema\/logo\/image\/","url":"https:\/\/www.padreydecano.com\/cms\/wp-content\/uploads\/2022\/01\/avatar-square.png","contentUrl":"https:\/\/www.padreydecano.com\/cms\/wp-content\/uploads\/2022\/01\/avatar-square.png","width":1500,"height":1500,"caption":"Padre y Decano"},"image":{"@id":"https:\/\/www.padreydecano.com\/cms\/#\/schema\/logo\/image\/"}},{"@type":"Person","@id":"https:\/\/www.padreydecano.com\/cms\/#\/schema\/person\/37aae8f93aa78e4c5385497f056e3246","name":"Redactores Padre y Decano","image":{"@type":"ImageObject","inLanguage":"es","@id":"https:\/\/www.padreydecano.com\/cms\/#\/schema\/person\/image\/","url":"https:\/\/secure.gravatar.com\/avatar\/8810c4b9081192b118b104af54549af8?s=96&d=https%3A%2F%2Fpadreydecano.com%2Fcms%2Fwp-content%2Fthemes%2Fpyd-theme%2Fimg%2Fdefault-avatar.png&r=g","contentUrl":"https:\/\/secure.gravatar.com\/avatar\/8810c4b9081192b118b104af54549af8?s=96&d=https%3A%2F%2Fpadreydecano.com%2Fcms%2Fwp-content%2Fthemes%2Fpyd-theme%2Fimg%2Fdefault-avatar.png&r=g","caption":"Redactores Padre y Decano"},"sameAs":["http:\/\/www.padreydecano.com"]}]}},"_links":{"self":[{"href":"https:\/\/www.padreydecano.com\/cms\/wp-json\/wp\/v2\/posts\/78206"}],"collection":[{"href":"https:\/\/www.padreydecano.com\/cms\/wp-json\/wp\/v2\/posts"}],"about":[{"href":"https:\/\/www.padreydecano.com\/cms\/wp-json\/wp\/v2\/types\/post"}],"author":[{"embeddable":true,"href":"https:\/\/www.padreydecano.com\/cms\/wp-json\/wp\/v2\/users\/27"}],"replies":[{"embeddable":true,"href":"https:\/\/www.padreydecano.com\/cms\/wp-json\/wp\/v2\/comments?post=78206"}],"version-history":[{"count":0,"href":"https:\/\/www.padreydecano.com\/cms\/wp-json\/wp\/v2\/posts\/78206\/revisions"}],"wp:featuredmedia":[{"embeddable":true,"href":"https:\/\/www.padreydecano.com\/cms\/wp-json\/wp\/v2\/media\/78207"}],"wp:attachment":[{"href":"https:\/\/www.padreydecano.com\/cms\/wp-json\/wp\/v2\/media?parent=78206"}],"wp:term":[{"taxonomy":"category","embeddable":true,"href":"https:\/\/www.padreydecano.com\/cms\/wp-json\/wp\/v2\/categories?post=78206"},{"taxonomy":"post_tag","embeddable":true,"href":"https:\/\/www.padreydecano.com\/cms\/wp-json\/wp\/v2\/tags?post=78206"}],"curies":[{"name":"wp","href":"https:\/\/api.w.org\/{rel}","templated":true}]}}