{"id":78190,"date":"2022-02-17T22:51:44","date_gmt":"2022-02-18T01:51:44","guid":{"rendered":"http:\/\/www.padreydecano.com\/cms\/?p=78190"},"modified":"2022-02-21T00:56:53","modified_gmt":"2022-02-21T03:56:53","slug":"pandemia-carbonera","status":"publish","type":"post","link":"https:\/\/www.padreydecano.com\/cms\/formativas\/pandemia-carbonera\/","title":{"rendered":"Pandemia carbonera: finalistas de la Copa Libertadores Sub 20"},"content":{"rendered":"<p><img loading=\"lazy\" decoding=\"async\" class=\"alignnone size-large wp-image-78191\" src=\"https:\/\/www.padreydecano.com\/cms\/wp-content\/uploads\/2022\/02\/FL1eGouXEAAS7Rd-1024x683.jpg\" alt=\"\" width=\"1024\" height=\"683\" srcset=\"https:\/\/www.padreydecano.com\/cms\/wp-content\/uploads\/2022\/02\/FL1eGouXEAAS7Rd-1024x683.jpg 1024w, https:\/\/www.padreydecano.com\/cms\/wp-content\/uploads\/2022\/02\/FL1eGouXEAAS7Rd-600x400.jpg 600w, https:\/\/www.padreydecano.com\/cms\/wp-content\/uploads\/2022\/02\/FL1eGouXEAAS7Rd-768x512.jpg 768w, https:\/\/www.padreydecano.com\/cms\/wp-content\/uploads\/2022\/02\/FL1eGouXEAAS7Rd-1536x1024.jpg 1536w, https:\/\/www.padreydecano.com\/cms\/wp-content\/uploads\/2022\/02\/FL1eGouXEAAS7Rd-300x200.jpg 300w, https:\/\/www.padreydecano.com\/cms\/wp-content\/uploads\/2022\/02\/FL1eGouXEAAS7Rd-128x85.jpg 128w, https:\/\/www.padreydecano.com\/cms\/wp-content\/uploads\/2022\/02\/FL1eGouXEAAS7Rd-32x21.jpg 32w, https:\/\/www.padreydecano.com\/cms\/wp-content\/uploads\/2022\/02\/FL1eGouXEAAS7Rd.jpg 2048w\" sizes=\"(max-width: 1024px) 100vw, 1024px\" \/><\/p>\n<p><strong>Los botijas de Pe\u00f1arol mostraron guapeza y t\u00e9cnica para llegar a la final de la Copa Libertadores Sub 20 pese a ser afectados por el Covid 19, con dos goles de M\u00e1ximo Alonso el equipo de Marcelo Broli y Jos\u00e9 Enrique De Los Santos definir\u00e1 el torneo el domingo.<\/strong><\/p>\n<p>Con las bajas por covid 19 del capit\u00e1n Math\u00edas De Ritis, Joaqu\u00edn Ferreira, Nicol\u00e1s Rossi, Agust\u00edn Rodr\u00edguez, Dami\u00e1n Garc\u00eda, Santiago D\u00edaz y el entrenador Marcelo Broli, los pibes del carbonero salieron a la cancha a enfrentar a los venezolanos con dientes apretados y yendo a buscar la clasificaci\u00f3n.<\/p>\n<p>El encuentro comenz\u00f3 parejo, con ambos equipos tratando de quedarse con la mitad de la cancha, por derecha Lautaro De Le\u00f3n y Diego M\u00e9ndez, con intervenciones del habilidoso Mat\u00edas Ferreira. La primera aproximaci\u00f3n lleg\u00f3 de pelota quieta cuando Ferreira meti\u00f3 un centro que cabece\u00f3 desviado M\u00e1ximo Alonso.<\/p>\n<p>El score se abri\u00f3 cuando el corajudo Pablo L\u00f3pez coloc\u00f3 un pase hacia a la zona izquierda del avance carbonero, y \u00d3scar Cruz con una gran habilitaci\u00f3n de taco cedi\u00f3 el bal\u00f3n a M\u00e1ximo Alonso que con un certero zurdazo puso al decano arriba en el marcador. Luego del festejo, reaccion\u00f3 el conjunto caribe\u00f1o, Gian Alberto Torres avis\u00f3 con un tiro que roz\u00f3 el poste izquierdo de Randall Rodr\u00edguez.<\/p>\n<p>La presi\u00f3n sobre los volantes mirasoles se hizo insoportable, y as\u00ed lleg\u00f3 el gol del empate luego de un centro de Rivas a espaldas de la zaga, Manuel Sulbar\u00e1n defini\u00f3 de primera, 1 a 1 y a sufrir. Cada vez que los conducidos por Jos\u00e9 Enrique De Los Santos quer\u00edan salir eran golpeados, as\u00ed lleg\u00f3 la amonestaci\u00f3n de Yair Torres.<\/p>\n<p>Luego fue amonestado Alonso en el aurinegro que sufri\u00f3 mucho el acoso rival, Torres meti\u00f3 un zurdazo que dio en el parante izquierdo, a los 36 minutos respondi\u00f3 Randall a un c\u00f3rner cerrado. Pe\u00f1arol intent\u00f3 desahogarse saliendo por derecha con M\u00e9ndez y Ferreira pero se not\u00f3 el cansancio.<\/p>\n<p>Ya en el segundo tiempo volvimos a ver al Pe\u00f1arol de siempre, bajo una intensa lluvia Cruz castig\u00f3 desde afuera del \u00e1rea y su remate dio en el poste derecho de Benitez el meta de Caracas. Enseguida el arquero atrapa un remate lejano de Pablo L\u00f3pez. Los gurises del Caballo De Los Santos quer\u00edan sorprender al rival.<\/p>\n<p>Pero Torres estaba insoportable y respondi\u00f3 con una jugada personal, su intento sali\u00f3 desviado. La diferencia parec\u00eda parec\u00eda estar en la forma de marcar, los caribe\u00f1os se llenaban de tarjetas amarillas, a los 50\u2019 Bryan Ortega fue amonestado. La lluvia era sedante y hab\u00eda que ser cuidadosos con la cancha r\u00e1pida.<\/p>\n<p>A los 53 minutos el \u00e1rbitro suspendi\u00f3 el partido producto de que la lluvia hac\u00eda imposible continuar con el normal desarrollo del encuentro. Se esper\u00f3 y 21:50 sigui\u00f3 el encuentro, acertada decisi\u00f3n. Al codicioso carbonero no le import\u00f3, el covid, el cansancio, la lluvia: hab\u00eda que ir por el triunfo.<\/p>\n<p>As\u00ed se hizo y a los 44 segundos un centro de Santiago Homenchenko lo conect\u00f3 Cruz pero se fue por encima del horizontal. Luego fue Brian Mansilla el que tir\u00f3 una bomba desde afuera del \u00e1rea que roz\u00f3 el \u00e1ngulo, era m\u00e1s el equipo del Caballo. Cuando iba poco m\u00e1s de una hora M\u00e1ximo Alonso a m\u00e1xima velocidad y con un enganche hacia adentro qued\u00f3 en posici\u00f3n de gol, no fall\u00f3; 2 a 1.<\/p>\n<p>Los decanos no se quedaron y fueron por m\u00e1s, Alonso habilit\u00f3 a Diego M\u00e9ndez que casi es derribado en el \u00e1rea, se salv\u00f3 Caracas. Luego fue Randall ese arquero espectacular el que salv\u00f3 al equipo tap\u00e1ndole una pelota muy dif\u00edcil al centrodelantero rival. Lautaro De Le\u00f3n, Mat\u00edas Gonz\u00e1lez, Pablo L\u00f3pez y Santiago Homenchenko formaron una muralla confiable para que no pasara nadie. Parec\u00edan gritarle un cl\u00e1sico \u201cesto es Pe\u00f1arol\u201d a los rivales.<\/p>\n<p>Nahuel De Armas ingres\u00f3 por Diego M\u00e9ndez y Franco Su\u00e1rez por \u00d3scar Cruz, los \u00fanicos cambios que pod\u00eda hacer el mirasol. Luego Randall otra vez con un par de intervenciones importantes y los carboneros lograron el triunfo y el pasaje a la final. Enorme muestra de valor, f\u00fatbol y amor a la camiseta.<\/p>\n<p><span style=\"color: #ffcc00;\"><strong>El equipo<\/strong><\/span><\/p>\n<p>Randall Rodr\u00edguez; Lautaro De Le\u00f3n, Mat\u00edas Gonz\u00e1lez, Pablo L\u00f3pez, Santiago Homenchenko; Diego M\u00e9ndez (Nahuel De Armas), Ademir Silva, Matias Ferreira, Brian Mansilla; M\u00e1ximo Alonso, \u00d3scar Cruz (Franco Su\u00e1rez).<\/p>\n<p>DT: Jos\u00e9 Enrique De Los Santos.<\/p>\n<div class=\"user-wrapper\"><a class=\"userlink\" href=\"https:\/\/twitter.com\/wilsonmendez86\" target=\"_blank\"><figure><img decoding=\"async\" src=\"http:\/\/www.padreydecano.com\/cms\/wp-users-files\/postfirmas\/wilsonmendez86.jpg\" \/><\/figure><p class=\"user\"><strong>Wilson M&eacute;ndez<\/strong><br \/>@wilsonmendez86<\/p><\/a><\/div>\n","protected":false},"excerpt":{"rendered":"<p>Los botijas de Pe\u00f1arol mostraron guapeza y t\u00e9cnica para llegar a la final de la Copa Libertadores Sub 20 pese a ser afectados por el Covid 19, con dos goles de M\u00e1ximo Alonso el equipo de Marcelo Broli y Jos\u00e9 Enrique De Los Santos definir\u00e1 el torneo el domingo. Con las bajas por covid 19 [&hellip;]<\/p>\n","protected":false},"author":5,"featured_media":78191,"comment_status":"open","ping_status":"closed","sticky":false,"template":"","format":"standard","meta":{"footnotes":""},"categories":[40],"tags":[560],"yoast_head":"<!-- This site is optimized with the Yoast SEO plugin v23.2 - https:\/\/yoast.com\/wordpress\/plugins\/seo\/ -->\n<title>Pandemia carbonera: finalistas de la Copa Libertadores Sub 20 - Padre y Decano - El Sitio del Pueblo<\/title>\n<meta name=\"robots\" content=\"index, follow, max-snippet:-1, max-image-preview:large, max-video-preview:-1\" \/>\n<link rel=\"canonical\" href=\"https:\/\/www.padreydecano.com\/cms\/formativas\/pandemia-carbonera\/\" \/>\n<meta property=\"og:locale\" content=\"es_ES\" \/>\n<meta property=\"og:type\" content=\"article\" \/>\n<meta property=\"og:title\" content=\"Pandemia carbonera: finalistas de la Copa Libertadores Sub 20 - Padre y Decano - El Sitio del Pueblo\" \/>\n<meta property=\"og:description\" content=\"Los botijas de Pe\u00f1arol mostraron guapeza y t\u00e9cnica para llegar a la final de la Copa Libertadores Sub 20 pese a ser afectados por el Covid 19, con dos goles de M\u00e1ximo Alonso el equipo de Marcelo Broli y Jos\u00e9 Enrique De Los Santos definir\u00e1 el torneo el domingo. Con las bajas por covid 19 [&hellip;]\" \/>\n<meta property=\"og:url\" content=\"https:\/\/www.padreydecano.com\/cms\/formativas\/pandemia-carbonera\/\" \/>\n<meta property=\"og:site_name\" content=\"Padre y Decano - El Sitio del Pueblo\" \/>\n<meta property=\"article:published_time\" content=\"2022-02-18T01:51:44+00:00\" \/>\n<meta property=\"article:modified_time\" content=\"2022-02-21T03:56:53+00:00\" \/>\n<meta property=\"og:image\" content=\"https:\/\/www.padreydecano.com\/cms\/wp-content\/uploads\/2022\/02\/FL1eGouXEAAS7Rd.jpg\" \/>\n\t<meta property=\"og:image:width\" content=\"2048\" \/>\n\t<meta property=\"og:image:height\" content=\"1365\" \/>\n\t<meta property=\"og:image:type\" content=\"image\/jpeg\" \/>\n<meta name=\"author\" content=\"Emirona07\" \/>\n<meta name=\"twitter:card\" content=\"summary_large_image\" \/>\n<meta name=\"twitter:label1\" content=\"Escrito por\" \/>\n\t<meta name=\"twitter:data1\" content=\"Emirona07\" \/>\n\t<meta name=\"twitter:label2\" content=\"Tiempo de lectura\" \/>\n\t<meta name=\"twitter:data2\" content=\"4 minutos\" \/>\n<script type=\"application\/ld+json\" class=\"yoast-schema-graph\">{\"@context\":\"https:\/\/schema.org\",\"@graph\":[{\"@type\":\"Article\",\"@id\":\"https:\/\/www.padreydecano.com\/cms\/formativas\/pandemia-carbonera\/#article\",\"isPartOf\":{\"@id\":\"https:\/\/www.padreydecano.com\/cms\/formativas\/pandemia-carbonera\/\"},\"author\":{\"name\":\"Emirona07\",\"@id\":\"https:\/\/www.padreydecano.com\/cms\/#\/schema\/person\/51e0214db654d9624824b37c2838bb65\"},\"headline\":\"Pandemia carbonera: finalistas de la Copa Libertadores Sub 20\",\"datePublished\":\"2022-02-18T01:51:44+00:00\",\"dateModified\":\"2022-02-21T03:56:53+00:00\",\"mainEntityOfPage\":{\"@id\":\"https:\/\/www.padreydecano.com\/cms\/formativas\/pandemia-carbonera\/\"},\"wordCount\":781,\"commentCount\":12,\"publisher\":{\"@id\":\"https:\/\/www.padreydecano.com\/cms\/#organization\"},\"image\":{\"@id\":\"https:\/\/www.padreydecano.com\/cms\/formativas\/pandemia-carbonera\/#primaryimage\"},\"thumbnailUrl\":\"https:\/\/www.padreydecano.com\/cms\/wp-content\/uploads\/2022\/02\/FL1eGouXEAAS7Rd.jpg\",\"keywords\":[\"Copa Libertadores Sub 20\"],\"articleSection\":[\"Formativas\"],\"inLanguage\":\"es\",\"potentialAction\":[{\"@type\":\"CommentAction\",\"name\":\"Comment\",\"target\":[\"https:\/\/www.padreydecano.com\/cms\/formativas\/pandemia-carbonera\/#respond\"]}]},{\"@type\":\"WebPage\",\"@id\":\"https:\/\/www.padreydecano.com\/cms\/formativas\/pandemia-carbonera\/\",\"url\":\"https:\/\/www.padreydecano.com\/cms\/formativas\/pandemia-carbonera\/\",\"name\":\"Pandemia carbonera: finalistas de la Copa Libertadores Sub 20 - Padre y Decano - El Sitio del Pueblo\",\"isPartOf\":{\"@id\":\"https:\/\/www.padreydecano.com\/cms\/#website\"},\"primaryImageOfPage\":{\"@id\":\"https:\/\/www.padreydecano.com\/cms\/formativas\/pandemia-carbonera\/#primaryimage\"},\"image\":{\"@id\":\"https:\/\/www.padreydecano.com\/cms\/formativas\/pandemia-carbonera\/#primaryimage\"},\"thumbnailUrl\":\"https:\/\/www.padreydecano.com\/cms\/wp-content\/uploads\/2022\/02\/FL1eGouXEAAS7Rd.jpg\",\"datePublished\":\"2022-02-18T01:51:44+00:00\",\"dateModified\":\"2022-02-21T03:56:53+00:00\",\"breadcrumb\":{\"@id\":\"https:\/\/www.padreydecano.com\/cms\/formativas\/pandemia-carbonera\/#breadcrumb\"},\"inLanguage\":\"es\",\"potentialAction\":[{\"@type\":\"ReadAction\",\"target\":[\"https:\/\/www.padreydecano.com\/cms\/formativas\/pandemia-carbonera\/\"]}]},{\"@type\":\"ImageObject\",\"inLanguage\":\"es\",\"@id\":\"https:\/\/www.padreydecano.com\/cms\/formativas\/pandemia-carbonera\/#primaryimage\",\"url\":\"https:\/\/www.padreydecano.com\/cms\/wp-content\/uploads\/2022\/02\/FL1eGouXEAAS7Rd.jpg\",\"contentUrl\":\"https:\/\/www.padreydecano.com\/cms\/wp-content\/uploads\/2022\/02\/FL1eGouXEAAS7Rd.jpg\",\"width\":2048,\"height\":1365},{\"@type\":\"BreadcrumbList\",\"@id\":\"https:\/\/www.padreydecano.com\/cms\/formativas\/pandemia-carbonera\/#breadcrumb\",\"itemListElement\":[{\"@type\":\"ListItem\",\"position\":1,\"name\":\"Portada\",\"item\":\"https:\/\/www.padreydecano.com\/cms\/\"},{\"@type\":\"ListItem\",\"position\":2,\"name\":\"Pandemia carbonera: finalistas de la Copa Libertadores Sub 20\"}]},{\"@type\":\"WebSite\",\"@id\":\"https:\/\/www.padreydecano.com\/cms\/#website\",\"url\":\"https:\/\/www.padreydecano.com\/cms\/\",\"name\":\"Padre y Decano - El Sitio del Pueblo\",\"description\":\"Club Atl\u00e9tico Pe\u00f1arol\",\"publisher\":{\"@id\":\"https:\/\/www.padreydecano.com\/cms\/#organization\"},\"potentialAction\":[{\"@type\":\"SearchAction\",\"target\":{\"@type\":\"EntryPoint\",\"urlTemplate\":\"https:\/\/www.padreydecano.com\/cms\/?s={search_term_string}\"},\"query-input\":\"required name=search_term_string\"}],\"inLanguage\":\"es\"},{\"@type\":\"Organization\",\"@id\":\"https:\/\/www.padreydecano.com\/cms\/#organization\",\"name\":\"Padre y Decano\",\"url\":\"https:\/\/www.padreydecano.com\/cms\/\",\"logo\":{\"@type\":\"ImageObject\",\"inLanguage\":\"es\",\"@id\":\"https:\/\/www.padreydecano.com\/cms\/#\/schema\/logo\/image\/\",\"url\":\"https:\/\/www.padreydecano.com\/cms\/wp-content\/uploads\/2022\/01\/avatar-square.png\",\"contentUrl\":\"https:\/\/www.padreydecano.com\/cms\/wp-content\/uploads\/2022\/01\/avatar-square.png\",\"width\":1500,\"height\":1500,\"caption\":\"Padre y Decano\"},\"image\":{\"@id\":\"https:\/\/www.padreydecano.com\/cms\/#\/schema\/logo\/image\/\"}},{\"@type\":\"Person\",\"@id\":\"https:\/\/www.padreydecano.com\/cms\/#\/schema\/person\/51e0214db654d9624824b37c2838bb65\",\"name\":\"Emirona07\",\"image\":{\"@type\":\"ImageObject\",\"inLanguage\":\"es\",\"@id\":\"https:\/\/www.padreydecano.com\/cms\/#\/schema\/person\/image\/\",\"url\":\"https:\/\/secure.gravatar.com\/avatar\/93c9118dbd5373a8a065bb5cdddde6bf?s=96&d=https%3A%2F%2Fpadreydecano.com%2Fcms%2Fwp-content%2Fthemes%2Fpyd-theme%2Fimg%2Fdefault-avatar.png&r=g\",\"contentUrl\":\"https:\/\/secure.gravatar.com\/avatar\/93c9118dbd5373a8a065bb5cdddde6bf?s=96&d=https%3A%2F%2Fpadreydecano.com%2Fcms%2Fwp-content%2Fthemes%2Fpyd-theme%2Fimg%2Fdefault-avatar.png&r=g\",\"caption\":\"Emirona07\"}}]}<\/script>\n<!-- \/ Yoast SEO plugin. -->","yoast_head_json":{"title":"Pandemia carbonera: finalistas de la Copa Libertadores Sub 20 - Padre y Decano - El Sitio del Pueblo","robots":{"index":"index","follow":"follow","max-snippet":"max-snippet:-1","max-image-preview":"max-image-preview:large","max-video-preview":"max-video-preview:-1"},"canonical":"https:\/\/www.padreydecano.com\/cms\/formativas\/pandemia-carbonera\/","og_locale":"es_ES","og_type":"article","og_title":"Pandemia carbonera: finalistas de la Copa Libertadores Sub 20 - Padre y Decano - El Sitio del Pueblo","og_description":"Los botijas de Pe\u00f1arol mostraron guapeza y t\u00e9cnica para llegar a la final de la Copa Libertadores Sub 20 pese a ser afectados por el Covid 19, con dos goles de M\u00e1ximo Alonso el equipo de Marcelo Broli y Jos\u00e9 Enrique De Los Santos definir\u00e1 el torneo el domingo. Con las bajas por covid 19 [&hellip;]","og_url":"https:\/\/www.padreydecano.com\/cms\/formativas\/pandemia-carbonera\/","og_site_name":"Padre y Decano - El Sitio del Pueblo","article_published_time":"2022-02-18T01:51:44+00:00","article_modified_time":"2022-02-21T03:56:53+00:00","og_image":[{"width":2048,"height":1365,"url":"https:\/\/www.padreydecano.com\/cms\/wp-content\/uploads\/2022\/02\/FL1eGouXEAAS7Rd.jpg","type":"image\/jpeg"}],"author":"Emirona07","twitter_card":"summary_large_image","twitter_misc":{"Escrito por":"Emirona07","Tiempo de lectura":"4 minutos"},"schema":{"@context":"https:\/\/schema.org","@graph":[{"@type":"Article","@id":"https:\/\/www.padreydecano.com\/cms\/formativas\/pandemia-carbonera\/#article","isPartOf":{"@id":"https:\/\/www.padreydecano.com\/cms\/formativas\/pandemia-carbonera\/"},"author":{"name":"Emirona07","@id":"https:\/\/www.padreydecano.com\/cms\/#\/schema\/person\/51e0214db654d9624824b37c2838bb65"},"headline":"Pandemia carbonera: finalistas de la Copa Libertadores Sub 20","datePublished":"2022-02-18T01:51:44+00:00","dateModified":"2022-02-21T03:56:53+00:00","mainEntityOfPage":{"@id":"https:\/\/www.padreydecano.com\/cms\/formativas\/pandemia-carbonera\/"},"wordCount":781,"commentCount":12,"publisher":{"@id":"https:\/\/www.padreydecano.com\/cms\/#organization"},"image":{"@id":"https:\/\/www.padreydecano.com\/cms\/formativas\/pandemia-carbonera\/#primaryimage"},"thumbnailUrl":"https:\/\/www.padreydecano.com\/cms\/wp-content\/uploads\/2022\/02\/FL1eGouXEAAS7Rd.jpg","keywords":["Copa Libertadores Sub 20"],"articleSection":["Formativas"],"inLanguage":"es","potentialAction":[{"@type":"CommentAction","name":"Comment","target":["https:\/\/www.padreydecano.com\/cms\/formativas\/pandemia-carbonera\/#respond"]}]},{"@type":"WebPage","@id":"https:\/\/www.padreydecano.com\/cms\/formativas\/pandemia-carbonera\/","url":"https:\/\/www.padreydecano.com\/cms\/formativas\/pandemia-carbonera\/","name":"Pandemia carbonera: finalistas de la Copa Libertadores Sub 20 - Padre y Decano - El Sitio del Pueblo","isPartOf":{"@id":"https:\/\/www.padreydecano.com\/cms\/#website"},"primaryImageOfPage":{"@id":"https:\/\/www.padreydecano.com\/cms\/formativas\/pandemia-carbonera\/#primaryimage"},"image":{"@id":"https:\/\/www.padreydecano.com\/cms\/formativas\/pandemia-carbonera\/#primaryimage"},"thumbnailUrl":"https:\/\/www.padreydecano.com\/cms\/wp-content\/uploads\/2022\/02\/FL1eGouXEAAS7Rd.jpg","datePublished":"2022-02-18T01:51:44+00:00","dateModified":"2022-02-21T03:56:53+00:00","breadcrumb":{"@id":"https:\/\/www.padreydecano.com\/cms\/formativas\/pandemia-carbonera\/#breadcrumb"},"inLanguage":"es","potentialAction":[{"@type":"ReadAction","target":["https:\/\/www.padreydecano.com\/cms\/formativas\/pandemia-carbonera\/"]}]},{"@type":"ImageObject","inLanguage":"es","@id":"https:\/\/www.padreydecano.com\/cms\/formativas\/pandemia-carbonera\/#primaryimage","url":"https:\/\/www.padreydecano.com\/cms\/wp-content\/uploads\/2022\/02\/FL1eGouXEAAS7Rd.jpg","contentUrl":"https:\/\/www.padreydecano.com\/cms\/wp-content\/uploads\/2022\/02\/FL1eGouXEAAS7Rd.jpg","width":2048,"height":1365},{"@type":"BreadcrumbList","@id":"https:\/\/www.padreydecano.com\/cms\/formativas\/pandemia-carbonera\/#breadcrumb","itemListElement":[{"@type":"ListItem","position":1,"name":"Portada","item":"https:\/\/www.padreydecano.com\/cms\/"},{"@type":"ListItem","position":2,"name":"Pandemia carbonera: finalistas de la Copa Libertadores Sub 20"}]},{"@type":"WebSite","@id":"https:\/\/www.padreydecano.com\/cms\/#website","url":"https:\/\/www.padreydecano.com\/cms\/","name":"Padre y Decano - El Sitio del Pueblo","description":"Club Atl\u00e9tico Pe\u00f1arol","publisher":{"@id":"https:\/\/www.padreydecano.com\/cms\/#organization"},"potentialAction":[{"@type":"SearchAction","target":{"@type":"EntryPoint","urlTemplate":"https:\/\/www.padreydecano.com\/cms\/?s={search_term_string}"},"query-input":"required name=search_term_string"}],"inLanguage":"es"},{"@type":"Organization","@id":"https:\/\/www.padreydecano.com\/cms\/#organization","name":"Padre y Decano","url":"https:\/\/www.padreydecano.com\/cms\/","logo":{"@type":"ImageObject","inLanguage":"es","@id":"https:\/\/www.padreydecano.com\/cms\/#\/schema\/logo\/image\/","url":"https:\/\/www.padreydecano.com\/cms\/wp-content\/uploads\/2022\/01\/avatar-square.png","contentUrl":"https:\/\/www.padreydecano.com\/cms\/wp-content\/uploads\/2022\/01\/avatar-square.png","width":1500,"height":1500,"caption":"Padre y Decano"},"image":{"@id":"https:\/\/www.padreydecano.com\/cms\/#\/schema\/logo\/image\/"}},{"@type":"Person","@id":"https:\/\/www.padreydecano.com\/cms\/#\/schema\/person\/51e0214db654d9624824b37c2838bb65","name":"Emirona07","image":{"@type":"ImageObject","inLanguage":"es","@id":"https:\/\/www.padreydecano.com\/cms\/#\/schema\/person\/image\/","url":"https:\/\/secure.gravatar.com\/avatar\/93c9118dbd5373a8a065bb5cdddde6bf?s=96&d=https%3A%2F%2Fpadreydecano.com%2Fcms%2Fwp-content%2Fthemes%2Fpyd-theme%2Fimg%2Fdefault-avatar.png&r=g","contentUrl":"https:\/\/secure.gravatar.com\/avatar\/93c9118dbd5373a8a065bb5cdddde6bf?s=96&d=https%3A%2F%2Fpadreydecano.com%2Fcms%2Fwp-content%2Fthemes%2Fpyd-theme%2Fimg%2Fdefault-avatar.png&r=g","caption":"Emirona07"}}]}},"_links":{"self":[{"href":"https:\/\/www.padreydecano.com\/cms\/wp-json\/wp\/v2\/posts\/78190"}],"collection":[{"href":"https:\/\/www.padreydecano.com\/cms\/wp-json\/wp\/v2\/posts"}],"about":[{"href":"https:\/\/www.padreydecano.com\/cms\/wp-json\/wp\/v2\/types\/post"}],"author":[{"embeddable":true,"href":"https:\/\/www.padreydecano.com\/cms\/wp-json\/wp\/v2\/users\/5"}],"replies":[{"embeddable":true,"href":"https:\/\/www.padreydecano.com\/cms\/wp-json\/wp\/v2\/comments?post=78190"}],"version-history":[{"count":0,"href":"https:\/\/www.padreydecano.com\/cms\/wp-json\/wp\/v2\/posts\/78190\/revisions"}],"wp:featuredmedia":[{"embeddable":true,"href":"https:\/\/www.padreydecano.com\/cms\/wp-json\/wp\/v2\/media\/78191"}],"wp:attachment":[{"href":"https:\/\/www.padreydecano.com\/cms\/wp-json\/wp\/v2\/media?parent=78190"}],"wp:term":[{"taxonomy":"category","embeddable":true,"href":"https:\/\/www.padreydecano.com\/cms\/wp-json\/wp\/v2\/categories?post=78190"},{"taxonomy":"post_tag","embeddable":true,"href":"https:\/\/www.padreydecano.com\/cms\/wp-json\/wp\/v2\/tags?post=78190"}],"curies":[{"name":"wp","href":"https:\/\/api.w.org\/{rel}","templated":true}]}}