{"id":78130,"date":"2022-02-06T21:34:21","date_gmt":"2022-02-07T00:34:21","guid":{"rendered":"http:\/\/www.padreydecano.com\/cms\/?p=78130"},"modified":"2022-02-09T19:28:38","modified_gmt":"2022-02-09T22:28:38","slug":"cruz-de-hierro","status":"publish","type":"post","link":"https:\/\/www.padreydecano.com\/cms\/formativas\/cruz-de-hierro\/","title":{"rendered":"Cruz de hierro"},"content":{"rendered":"<div id=\"attachment_78131\" style=\"width: 1034px\" class=\"wp-caption aligncenter\"><a href=\"https:\/\/www.padreydecano.com\/cms\/wp-content\/uploads\/2022\/02\/FK800ibWUAYFNMy.jpg\" rel=\"shadowbox[sbpost-78130];player=img;\"><img loading=\"lazy\" decoding=\"async\" aria-describedby=\"caption-attachment-78131\" class=\"size-large wp-image-78131\" src=\"https:\/\/www.padreydecano.com\/cms\/wp-content\/uploads\/2022\/02\/FK800ibWUAYFNMy-1024x683.jpg\" alt=\"\" width=\"1024\" height=\"683\" srcset=\"https:\/\/www.padreydecano.com\/cms\/wp-content\/uploads\/2022\/02\/FK800ibWUAYFNMy-1024x683.jpg 1024w, https:\/\/www.padreydecano.com\/cms\/wp-content\/uploads\/2022\/02\/FK800ibWUAYFNMy-600x400.jpg 600w, https:\/\/www.padreydecano.com\/cms\/wp-content\/uploads\/2022\/02\/FK800ibWUAYFNMy-768x512.jpg 768w, https:\/\/www.padreydecano.com\/cms\/wp-content\/uploads\/2022\/02\/FK800ibWUAYFNMy-1536x1024.jpg 1536w, https:\/\/www.padreydecano.com\/cms\/wp-content\/uploads\/2022\/02\/FK800ibWUAYFNMy-300x200.jpg 300w, https:\/\/www.padreydecano.com\/cms\/wp-content\/uploads\/2022\/02\/FK800ibWUAYFNMy-128x85.jpg 128w, https:\/\/www.padreydecano.com\/cms\/wp-content\/uploads\/2022\/02\/FK800ibWUAYFNMy-32x21.jpg 32w, https:\/\/www.padreydecano.com\/cms\/wp-content\/uploads\/2022\/02\/FK800ibWUAYFNMy.jpg 2048w\" sizes=\"(max-width: 1024px) 100vw, 1024px\" \/><\/a><p id=\"caption-attachment-78131\" class=\"wp-caption-text\">Foto: @LibertadoresU20<\/p><\/div>\n<p><strong>El carbonero derrot\u00f3 a Millonarios de Colombia por 2 a 0, en su debut en la Copa Libertadores Sub 20. \u00d3scar Cruz marc\u00f3 ambos goles, el primero tras asistencia de Joaqu\u00edn Ferreira y en el segundo fue Brian Mansilla quien lo habilit\u00f3 para marcar el segundo.<\/strong><\/p>\n<p><span style=\"color: #ffcc00;\"><strong>Primer tiempo<\/strong><\/span><\/p>\n<p>Bajo una intensa lluvia comenz\u00f3 el partido con el equipo de Marcelo Broli siendo el protagonista de un primer tiempo aburrido hasta pasado los 20 minutos, un centro de Diego M\u00e9ndez que se fue desviado, un remate de media distancia que control\u00f3 Randall Rodriguez el meta mirasol.<\/p>\n<p>Pero las intenciones eran de los decanos, Millonarios inquiet\u00f3 con Juan Esteban Carvajal el centrodelantero pero muy poco. A la salida de un c\u00f3rner, otra vez Diego M\u00e9ndez castig\u00f3 desde lejos pero su disparo se fue por poco afuera.<\/p>\n<p>Todo cambi\u00f3 a los 25 minutos cuando un gran centro del lateral derecho carbonero <strong>Joaqu\u00edn Ferreira culmin\u00f3 con un gran cabezazo del goleador hist\u00f3rico de juveniles, \u00d3scar Cruz.<\/strong> De ah\u00ed en m\u00e1s todo se hizo sencillo para los aurinegros porque Millonarios debi\u00f3 salir a buscar cuando su plan era esperar. As\u00ed culmin\u00f3 la primera etapa.<\/p>\n<p><span style=\"color: #ffcc00;\"><strong>Segundo tiempo<\/strong><\/span><\/p>\n<p>El segundo tiempo empez\u00f3 de la mejor manera, Diego M\u00e9ndez meti\u00f3 un centro espectacular, el meta colombiano se qued\u00f3 y <strong>Brian Mansilla la baj\u00f3 muy bien para que apareciera otra vez el killer del equipo, Cruz.<\/strong> Segundo personal y del equipo, 2 a 0 y a controlar el juego.<\/p>\n<p>Reci\u00e9n a los 59 minutos pudo inquietar el elenco cafetero con un tiro libre lejano que sac\u00f3 muy bien el golero Randall Rodr\u00edguez. A los 62\u2019 fue amonestado Pablo L\u00f3pez de buen partido y en esa falta apareci\u00f3 Randall otra vez sin inconvenientes. As\u00ed se fue entregando el equipo azul, mansamente ante el control total de Pe\u00f1arol.<\/p>\n<p>Ademir Silva ingres\u00f3 por Mat\u00edas Ferreira, M\u00e1ximo Alonso por el goleador Cruz, Santiago D\u00edaz por Mansilla y el siempre peligroso Franco Su\u00e1rez por Nahuel De Armas. La \u00faltima variante fue el ingreso de Santiago Homenchenko por Diego M\u00e9ndez. El capit\u00e1n De Ritis castig\u00f3 desde afuera para que el arquero rival lograra lucirse. Poco m\u00e1s pudo intentar el rival (un gol bien anulado), ante los botijas mirasoles que ganaron con comodidad, merecido triunfo al que siempre intent\u00f3 ser protagonista.<\/p>\n<p><span style=\"color: #ffcc00;\"><strong>Ficha<\/strong><\/span><\/p>\n<p>Pe\u00f1arol: Randall Rodr\u00edguez; Joaqu\u00edn Ferreira, Agust\u00edn Rodr\u00edguez, Pablo L\u00f3pez, Math\u00edas De Ritis; Dami\u00e1n Garc\u00eda, Mat\u00edas Ferreira; Diego M\u00e9ndez, Nahuel De Armas, Brian Mansilla; \u00d3scar Cruz. DT: Marcelo Broli.<\/p>\n<div class=\"user-wrapper\"><a class=\"userlink\" href=\"https:\/\/twitter.com\/wilsonmendez86\" target=\"_blank\"><figure><img decoding=\"async\" src=\"http:\/\/www.padreydecano.com\/cms\/wp-users-files\/postfirmas\/wilsonmendez86.jpg\" \/><\/figure><p class=\"user\"><strong>Wilson M&eacute;ndez<\/strong><br \/>@wilsonmendez86<\/p><\/a><\/div>\n","protected":false},"excerpt":{"rendered":"<p>El carbonero derrot\u00f3 a Millonarios de Colombia por 2 a 0, en su debut en la Copa Libertadores Sub 20. \u00d3scar Cruz marc\u00f3 ambos goles, el primero tras asistencia de Joaqu\u00edn Ferreira y en el segundo fue Brian Mansilla quien lo habilit\u00f3 para marcar el segundo. Primer tiempo Bajo una intensa lluvia comenz\u00f3 el partido [&hellip;]<\/p>\n","protected":false},"author":5,"featured_media":78131,"comment_status":"open","ping_status":"closed","sticky":false,"template":"","format":"standard","meta":{"footnotes":""},"categories":[40],"tags":[560],"yoast_head":"<!-- This site is optimized with the Yoast SEO plugin v23.2 - https:\/\/yoast.com\/wordpress\/plugins\/seo\/ -->\n<title>Cruz de hierro - Padre y Decano - El Sitio del Pueblo<\/title>\n<meta name=\"robots\" content=\"index, follow, max-snippet:-1, max-image-preview:large, max-video-preview:-1\" \/>\n<link rel=\"canonical\" href=\"https:\/\/www.padreydecano.com\/cms\/formativas\/cruz-de-hierro\/\" \/>\n<meta property=\"og:locale\" content=\"es_ES\" \/>\n<meta property=\"og:type\" content=\"article\" \/>\n<meta property=\"og:title\" content=\"Cruz de hierro - Padre y Decano - El Sitio del Pueblo\" \/>\n<meta property=\"og:description\" content=\"El carbonero derrot\u00f3 a Millonarios de Colombia por 2 a 0, en su debut en la Copa Libertadores Sub 20. \u00d3scar Cruz marc\u00f3 ambos goles, el primero tras asistencia de Joaqu\u00edn Ferreira y en el segundo fue Brian Mansilla quien lo habilit\u00f3 para marcar el segundo. Primer tiempo Bajo una intensa lluvia comenz\u00f3 el partido [&hellip;]\" \/>\n<meta property=\"og:url\" content=\"https:\/\/www.padreydecano.com\/cms\/formativas\/cruz-de-hierro\/\" \/>\n<meta property=\"og:site_name\" content=\"Padre y Decano - El Sitio del Pueblo\" \/>\n<meta property=\"article:published_time\" content=\"2022-02-07T00:34:21+00:00\" \/>\n<meta property=\"article:modified_time\" content=\"2022-02-09T22:28:38+00:00\" \/>\n<meta property=\"og:image\" content=\"https:\/\/www.padreydecano.com\/cms\/wp-content\/uploads\/2022\/02\/FK800ibWUAYFNMy.jpg\" \/>\n\t<meta property=\"og:image:width\" content=\"2048\" \/>\n\t<meta property=\"og:image:height\" content=\"1365\" \/>\n\t<meta property=\"og:image:type\" content=\"image\/jpeg\" \/>\n<meta name=\"author\" content=\"Emirona07\" \/>\n<meta name=\"twitter:card\" content=\"summary_large_image\" \/>\n<meta name=\"twitter:label1\" content=\"Escrito por\" \/>\n\t<meta name=\"twitter:data1\" content=\"Emirona07\" \/>\n\t<meta name=\"twitter:label2\" content=\"Tiempo de lectura\" \/>\n\t<meta name=\"twitter:data2\" content=\"3 minutos\" \/>\n<script type=\"application\/ld+json\" class=\"yoast-schema-graph\">{\"@context\":\"https:\/\/schema.org\",\"@graph\":[{\"@type\":\"Article\",\"@id\":\"https:\/\/www.padreydecano.com\/cms\/formativas\/cruz-de-hierro\/#article\",\"isPartOf\":{\"@id\":\"https:\/\/www.padreydecano.com\/cms\/formativas\/cruz-de-hierro\/\"},\"author\":{\"name\":\"Emirona07\",\"@id\":\"https:\/\/www.padreydecano.com\/cms\/#\/schema\/person\/51e0214db654d9624824b37c2838bb65\"},\"headline\":\"Cruz de hierro\",\"datePublished\":\"2022-02-07T00:34:21+00:00\",\"dateModified\":\"2022-02-09T22:28:38+00:00\",\"mainEntityOfPage\":{\"@id\":\"https:\/\/www.padreydecano.com\/cms\/formativas\/cruz-de-hierro\/\"},\"wordCount\":438,\"commentCount\":4,\"publisher\":{\"@id\":\"https:\/\/www.padreydecano.com\/cms\/#organization\"},\"image\":{\"@id\":\"https:\/\/www.padreydecano.com\/cms\/formativas\/cruz-de-hierro\/#primaryimage\"},\"thumbnailUrl\":\"https:\/\/www.padreydecano.com\/cms\/wp-content\/uploads\/2022\/02\/FK800ibWUAYFNMy.jpg\",\"keywords\":[\"Copa Libertadores Sub 20\"],\"articleSection\":[\"Formativas\"],\"inLanguage\":\"es\",\"potentialAction\":[{\"@type\":\"CommentAction\",\"name\":\"Comment\",\"target\":[\"https:\/\/www.padreydecano.com\/cms\/formativas\/cruz-de-hierro\/#respond\"]}]},{\"@type\":\"WebPage\",\"@id\":\"https:\/\/www.padreydecano.com\/cms\/formativas\/cruz-de-hierro\/\",\"url\":\"https:\/\/www.padreydecano.com\/cms\/formativas\/cruz-de-hierro\/\",\"name\":\"Cruz de hierro - Padre y Decano - El Sitio del Pueblo\",\"isPartOf\":{\"@id\":\"https:\/\/www.padreydecano.com\/cms\/#website\"},\"primaryImageOfPage\":{\"@id\":\"https:\/\/www.padreydecano.com\/cms\/formativas\/cruz-de-hierro\/#primaryimage\"},\"image\":{\"@id\":\"https:\/\/www.padreydecano.com\/cms\/formativas\/cruz-de-hierro\/#primaryimage\"},\"thumbnailUrl\":\"https:\/\/www.padreydecano.com\/cms\/wp-content\/uploads\/2022\/02\/FK800ibWUAYFNMy.jpg\",\"datePublished\":\"2022-02-07T00:34:21+00:00\",\"dateModified\":\"2022-02-09T22:28:38+00:00\",\"breadcrumb\":{\"@id\":\"https:\/\/www.padreydecano.com\/cms\/formativas\/cruz-de-hierro\/#breadcrumb\"},\"inLanguage\":\"es\",\"potentialAction\":[{\"@type\":\"ReadAction\",\"target\":[\"https:\/\/www.padreydecano.com\/cms\/formativas\/cruz-de-hierro\/\"]}]},{\"@type\":\"ImageObject\",\"inLanguage\":\"es\",\"@id\":\"https:\/\/www.padreydecano.com\/cms\/formativas\/cruz-de-hierro\/#primaryimage\",\"url\":\"https:\/\/www.padreydecano.com\/cms\/wp-content\/uploads\/2022\/02\/FK800ibWUAYFNMy.jpg\",\"contentUrl\":\"https:\/\/www.padreydecano.com\/cms\/wp-content\/uploads\/2022\/02\/FK800ibWUAYFNMy.jpg\",\"width\":2048,\"height\":1365,\"caption\":\"Foto: @LibertadoresU20\"},{\"@type\":\"BreadcrumbList\",\"@id\":\"https:\/\/www.padreydecano.com\/cms\/formativas\/cruz-de-hierro\/#breadcrumb\",\"itemListElement\":[{\"@type\":\"ListItem\",\"position\":1,\"name\":\"Portada\",\"item\":\"https:\/\/www.padreydecano.com\/cms\/\"},{\"@type\":\"ListItem\",\"position\":2,\"name\":\"Cruz de hierro\"}]},{\"@type\":\"WebSite\",\"@id\":\"https:\/\/www.padreydecano.com\/cms\/#website\",\"url\":\"https:\/\/www.padreydecano.com\/cms\/\",\"name\":\"Padre y Decano - El Sitio del Pueblo\",\"description\":\"Club Atl\u00e9tico Pe\u00f1arol\",\"publisher\":{\"@id\":\"https:\/\/www.padreydecano.com\/cms\/#organization\"},\"potentialAction\":[{\"@type\":\"SearchAction\",\"target\":{\"@type\":\"EntryPoint\",\"urlTemplate\":\"https:\/\/www.padreydecano.com\/cms\/?s={search_term_string}\"},\"query-input\":\"required name=search_term_string\"}],\"inLanguage\":\"es\"},{\"@type\":\"Organization\",\"@id\":\"https:\/\/www.padreydecano.com\/cms\/#organization\",\"name\":\"Padre y Decano\",\"url\":\"https:\/\/www.padreydecano.com\/cms\/\",\"logo\":{\"@type\":\"ImageObject\",\"inLanguage\":\"es\",\"@id\":\"https:\/\/www.padreydecano.com\/cms\/#\/schema\/logo\/image\/\",\"url\":\"https:\/\/www.padreydecano.com\/cms\/wp-content\/uploads\/2022\/01\/avatar-square.png\",\"contentUrl\":\"https:\/\/www.padreydecano.com\/cms\/wp-content\/uploads\/2022\/01\/avatar-square.png\",\"width\":1500,\"height\":1500,\"caption\":\"Padre y Decano\"},\"image\":{\"@id\":\"https:\/\/www.padreydecano.com\/cms\/#\/schema\/logo\/image\/\"}},{\"@type\":\"Person\",\"@id\":\"https:\/\/www.padreydecano.com\/cms\/#\/schema\/person\/51e0214db654d9624824b37c2838bb65\",\"name\":\"Emirona07\",\"image\":{\"@type\":\"ImageObject\",\"inLanguage\":\"es\",\"@id\":\"https:\/\/www.padreydecano.com\/cms\/#\/schema\/person\/image\/\",\"url\":\"https:\/\/secure.gravatar.com\/avatar\/93c9118dbd5373a8a065bb5cdddde6bf?s=96&d=https%3A%2F%2Fpadreydecano.com%2Fcms%2Fwp-content%2Fthemes%2Fpyd-theme%2Fimg%2Fdefault-avatar.png&r=g\",\"contentUrl\":\"https:\/\/secure.gravatar.com\/avatar\/93c9118dbd5373a8a065bb5cdddde6bf?s=96&d=https%3A%2F%2Fpadreydecano.com%2Fcms%2Fwp-content%2Fthemes%2Fpyd-theme%2Fimg%2Fdefault-avatar.png&r=g\",\"caption\":\"Emirona07\"}}]}<\/script>\n<!-- \/ Yoast SEO plugin. -->","yoast_head_json":{"title":"Cruz de hierro - Padre y Decano - El Sitio del Pueblo","robots":{"index":"index","follow":"follow","max-snippet":"max-snippet:-1","max-image-preview":"max-image-preview:large","max-video-preview":"max-video-preview:-1"},"canonical":"https:\/\/www.padreydecano.com\/cms\/formativas\/cruz-de-hierro\/","og_locale":"es_ES","og_type":"article","og_title":"Cruz de hierro - Padre y Decano - El Sitio del Pueblo","og_description":"El carbonero derrot\u00f3 a Millonarios de Colombia por 2 a 0, en su debut en la Copa Libertadores Sub 20. \u00d3scar Cruz marc\u00f3 ambos goles, el primero tras asistencia de Joaqu\u00edn Ferreira y en el segundo fue Brian Mansilla quien lo habilit\u00f3 para marcar el segundo. Primer tiempo Bajo una intensa lluvia comenz\u00f3 el partido [&hellip;]","og_url":"https:\/\/www.padreydecano.com\/cms\/formativas\/cruz-de-hierro\/","og_site_name":"Padre y Decano - El Sitio del Pueblo","article_published_time":"2022-02-07T00:34:21+00:00","article_modified_time":"2022-02-09T22:28:38+00:00","og_image":[{"width":2048,"height":1365,"url":"https:\/\/www.padreydecano.com\/cms\/wp-content\/uploads\/2022\/02\/FK800ibWUAYFNMy.jpg","type":"image\/jpeg"}],"author":"Emirona07","twitter_card":"summary_large_image","twitter_misc":{"Escrito por":"Emirona07","Tiempo de lectura":"3 minutos"},"schema":{"@context":"https:\/\/schema.org","@graph":[{"@type":"Article","@id":"https:\/\/www.padreydecano.com\/cms\/formativas\/cruz-de-hierro\/#article","isPartOf":{"@id":"https:\/\/www.padreydecano.com\/cms\/formativas\/cruz-de-hierro\/"},"author":{"name":"Emirona07","@id":"https:\/\/www.padreydecano.com\/cms\/#\/schema\/person\/51e0214db654d9624824b37c2838bb65"},"headline":"Cruz de hierro","datePublished":"2022-02-07T00:34:21+00:00","dateModified":"2022-02-09T22:28:38+00:00","mainEntityOfPage":{"@id":"https:\/\/www.padreydecano.com\/cms\/formativas\/cruz-de-hierro\/"},"wordCount":438,"commentCount":4,"publisher":{"@id":"https:\/\/www.padreydecano.com\/cms\/#organization"},"image":{"@id":"https:\/\/www.padreydecano.com\/cms\/formativas\/cruz-de-hierro\/#primaryimage"},"thumbnailUrl":"https:\/\/www.padreydecano.com\/cms\/wp-content\/uploads\/2022\/02\/FK800ibWUAYFNMy.jpg","keywords":["Copa Libertadores Sub 20"],"articleSection":["Formativas"],"inLanguage":"es","potentialAction":[{"@type":"CommentAction","name":"Comment","target":["https:\/\/www.padreydecano.com\/cms\/formativas\/cruz-de-hierro\/#respond"]}]},{"@type":"WebPage","@id":"https:\/\/www.padreydecano.com\/cms\/formativas\/cruz-de-hierro\/","url":"https:\/\/www.padreydecano.com\/cms\/formativas\/cruz-de-hierro\/","name":"Cruz de hierro - Padre y Decano - El Sitio del Pueblo","isPartOf":{"@id":"https:\/\/www.padreydecano.com\/cms\/#website"},"primaryImageOfPage":{"@id":"https:\/\/www.padreydecano.com\/cms\/formativas\/cruz-de-hierro\/#primaryimage"},"image":{"@id":"https:\/\/www.padreydecano.com\/cms\/formativas\/cruz-de-hierro\/#primaryimage"},"thumbnailUrl":"https:\/\/www.padreydecano.com\/cms\/wp-content\/uploads\/2022\/02\/FK800ibWUAYFNMy.jpg","datePublished":"2022-02-07T00:34:21+00:00","dateModified":"2022-02-09T22:28:38+00:00","breadcrumb":{"@id":"https:\/\/www.padreydecano.com\/cms\/formativas\/cruz-de-hierro\/#breadcrumb"},"inLanguage":"es","potentialAction":[{"@type":"ReadAction","target":["https:\/\/www.padreydecano.com\/cms\/formativas\/cruz-de-hierro\/"]}]},{"@type":"ImageObject","inLanguage":"es","@id":"https:\/\/www.padreydecano.com\/cms\/formativas\/cruz-de-hierro\/#primaryimage","url":"https:\/\/www.padreydecano.com\/cms\/wp-content\/uploads\/2022\/02\/FK800ibWUAYFNMy.jpg","contentUrl":"https:\/\/www.padreydecano.com\/cms\/wp-content\/uploads\/2022\/02\/FK800ibWUAYFNMy.jpg","width":2048,"height":1365,"caption":"Foto: @LibertadoresU20"},{"@type":"BreadcrumbList","@id":"https:\/\/www.padreydecano.com\/cms\/formativas\/cruz-de-hierro\/#breadcrumb","itemListElement":[{"@type":"ListItem","position":1,"name":"Portada","item":"https:\/\/www.padreydecano.com\/cms\/"},{"@type":"ListItem","position":2,"name":"Cruz de hierro"}]},{"@type":"WebSite","@id":"https:\/\/www.padreydecano.com\/cms\/#website","url":"https:\/\/www.padreydecano.com\/cms\/","name":"Padre y Decano - El Sitio del Pueblo","description":"Club Atl\u00e9tico Pe\u00f1arol","publisher":{"@id":"https:\/\/www.padreydecano.com\/cms\/#organization"},"potentialAction":[{"@type":"SearchAction","target":{"@type":"EntryPoint","urlTemplate":"https:\/\/www.padreydecano.com\/cms\/?s={search_term_string}"},"query-input":"required name=search_term_string"}],"inLanguage":"es"},{"@type":"Organization","@id":"https:\/\/www.padreydecano.com\/cms\/#organization","name":"Padre y Decano","url":"https:\/\/www.padreydecano.com\/cms\/","logo":{"@type":"ImageObject","inLanguage":"es","@id":"https:\/\/www.padreydecano.com\/cms\/#\/schema\/logo\/image\/","url":"https:\/\/www.padreydecano.com\/cms\/wp-content\/uploads\/2022\/01\/avatar-square.png","contentUrl":"https:\/\/www.padreydecano.com\/cms\/wp-content\/uploads\/2022\/01\/avatar-square.png","width":1500,"height":1500,"caption":"Padre y Decano"},"image":{"@id":"https:\/\/www.padreydecano.com\/cms\/#\/schema\/logo\/image\/"}},{"@type":"Person","@id":"https:\/\/www.padreydecano.com\/cms\/#\/schema\/person\/51e0214db654d9624824b37c2838bb65","name":"Emirona07","image":{"@type":"ImageObject","inLanguage":"es","@id":"https:\/\/www.padreydecano.com\/cms\/#\/schema\/person\/image\/","url":"https:\/\/secure.gravatar.com\/avatar\/93c9118dbd5373a8a065bb5cdddde6bf?s=96&d=https%3A%2F%2Fpadreydecano.com%2Fcms%2Fwp-content%2Fthemes%2Fpyd-theme%2Fimg%2Fdefault-avatar.png&r=g","contentUrl":"https:\/\/secure.gravatar.com\/avatar\/93c9118dbd5373a8a065bb5cdddde6bf?s=96&d=https%3A%2F%2Fpadreydecano.com%2Fcms%2Fwp-content%2Fthemes%2Fpyd-theme%2Fimg%2Fdefault-avatar.png&r=g","caption":"Emirona07"}}]}},"_links":{"self":[{"href":"https:\/\/www.padreydecano.com\/cms\/wp-json\/wp\/v2\/posts\/78130"}],"collection":[{"href":"https:\/\/www.padreydecano.com\/cms\/wp-json\/wp\/v2\/posts"}],"about":[{"href":"https:\/\/www.padreydecano.com\/cms\/wp-json\/wp\/v2\/types\/post"}],"author":[{"embeddable":true,"href":"https:\/\/www.padreydecano.com\/cms\/wp-json\/wp\/v2\/users\/5"}],"replies":[{"embeddable":true,"href":"https:\/\/www.padreydecano.com\/cms\/wp-json\/wp\/v2\/comments?post=78130"}],"version-history":[{"count":0,"href":"https:\/\/www.padreydecano.com\/cms\/wp-json\/wp\/v2\/posts\/78130\/revisions"}],"wp:featuredmedia":[{"embeddable":true,"href":"https:\/\/www.padreydecano.com\/cms\/wp-json\/wp\/v2\/media\/78131"}],"wp:attachment":[{"href":"https:\/\/www.padreydecano.com\/cms\/wp-json\/wp\/v2\/media?parent=78130"}],"wp:term":[{"taxonomy":"category","embeddable":true,"href":"https:\/\/www.padreydecano.com\/cms\/wp-json\/wp\/v2\/categories?post=78130"},{"taxonomy":"post_tag","embeddable":true,"href":"https:\/\/www.padreydecano.com\/cms\/wp-json\/wp\/v2\/tags?post=78130"}],"curies":[{"name":"wp","href":"https:\/\/api.w.org\/{rel}","templated":true}]}}