{"id":78116,"date":"2022-02-04T19:27:32","date_gmt":"2022-02-04T22:27:32","guid":{"rendered":"http:\/\/www.padreydecano.com\/cms\/?p=78116"},"modified":"2022-02-14T18:18:07","modified_gmt":"2022-02-14T21:18:07","slug":"nicolas-garcia-jugara-en-cerro-largo","status":"publish","type":"post","link":"https:\/\/www.padreydecano.com\/cms\/noticias\/nicolas-garcia-jugara-en-cerro-largo\/","title":{"rendered":"Nicol\u00e1s Garc\u00eda jugar\u00e1 en Cerro Largo"},"content":{"rendered":"<p><a href=\"https:\/\/www.padreydecano.com\/cms\/wp-content\/uploads\/2022\/02\/73B75D31-7070-4CB2-A3C4-9CB3AA8DD6DA.jpeg\" rel=\"shadowbox[sbpost-78116];player=img;\"><img loading=\"lazy\" decoding=\"async\" class=\"aligncenter size-full wp-image-78117\" src=\"https:\/\/www.padreydecano.com\/cms\/wp-content\/uploads\/2022\/02\/73B75D31-7070-4CB2-A3C4-9CB3AA8DD6DA.jpeg\" alt=\"\" width=\"1000\" height=\"662\" srcset=\"https:\/\/www.padreydecano.com\/cms\/wp-content\/uploads\/2022\/02\/73B75D31-7070-4CB2-A3C4-9CB3AA8DD6DA.jpeg 1000w, https:\/\/www.padreydecano.com\/cms\/wp-content\/uploads\/2022\/02\/73B75D31-7070-4CB2-A3C4-9CB3AA8DD6DA-600x397.jpeg 600w, https:\/\/www.padreydecano.com\/cms\/wp-content\/uploads\/2022\/02\/73B75D31-7070-4CB2-A3C4-9CB3AA8DD6DA-768x508.jpeg 768w, https:\/\/www.padreydecano.com\/cms\/wp-content\/uploads\/2022\/02\/73B75D31-7070-4CB2-A3C4-9CB3AA8DD6DA-300x199.jpeg 300w, https:\/\/www.padreydecano.com\/cms\/wp-content\/uploads\/2022\/02\/73B75D31-7070-4CB2-A3C4-9CB3AA8DD6DA-128x85.jpeg 128w, https:\/\/www.padreydecano.com\/cms\/wp-content\/uploads\/2022\/02\/73B75D31-7070-4CB2-A3C4-9CB3AA8DD6DA-32x21.jpeg 32w\" sizes=\"(max-width: 1000px) 100vw, 1000px\" \/><\/a><\/p>\n<p><strong>El delantero de 21 a\u00f1os jugar\u00e1 cedido en el club arach\u00e1n en busca de minutos y de poder crecer en primera divisi\u00f3n.<\/strong><\/p>\n<p>De los m\u00e1ximos goleadores de formativas del aurinegro, con 111 anotaciones en las juveniles. Fue parte del primer equipo del decano en 2021 pero sin disputar una cantidad considerable de minutos.<\/p>\n<p>En total disput\u00f3 30 minutos en 8 partidos, incluso en 5 partidos ingres\u00f3 sobre los 90 minutos de juego (vs F\u00e9nix, Villa Espa\u00f1ola, River Plate, Cerrito y Progreso).<\/p>\n<p>Debido a esto y a la incorporaci\u00f3n de m\u00e1s jugadores en el ataque de cara a la temporada 2022 y al esquema de juego de Larriera, Nicol\u00e1s Garc\u00eda fue cedido a Cerro Largo por una temporada.<\/p>\n<p>Oportunidad de oro para mostrarse en primera divisi\u00f3n para el juvenil.<\/p>\n<div class=\"user-wrapper\"><a class=\"userlink\"href=\"https:\/\/twitter.com\/ftrucce18\" target=\"_blank\"><figure><img decoding=\"async\" src=\"http:\/\/www.padreydecano.com\/cms\/wp-users-files\/postfirmas\/ftrucce.jpg\" \/><\/figure><p class=\"user\"><strong>Franco Trucce<\/strong><br \/>@FTrucce18<\/p><\/a><\/div>\n","protected":false},"excerpt":{"rendered":"<p>El delantero de 21 a\u00f1os jugar\u00e1 cedido en el club arach\u00e1n en busca de minutos y de poder crecer en primera divisi\u00f3n. De los m\u00e1ximos goleadores de formativas del aurinegro, con 111 anotaciones en las juveniles. Fue parte del primer equipo del decano en 2021 pero sin disputar una cantidad considerable de minutos. En total [&hellip;]<\/p>\n","protected":false},"author":27,"featured_media":78117,"comment_status":"open","ping_status":"closed","sticky":false,"template":"","format":"standard","meta":{"footnotes":""},"categories":[1],"tags":[26],"yoast_head":"<!-- This site is optimized with the Yoast SEO plugin v23.2 - https:\/\/yoast.com\/wordpress\/plugins\/seo\/ -->\n<title>Nicol\u00e1s Garc\u00eda jugar\u00e1 en Cerro Largo - Padre y Decano - El Sitio del Pueblo<\/title>\n<meta name=\"robots\" content=\"index, follow, max-snippet:-1, max-image-preview:large, max-video-preview:-1\" \/>\n<link rel=\"canonical\" href=\"https:\/\/www.padreydecano.com\/cms\/noticias\/nicolas-garcia-jugara-en-cerro-largo\/\" \/>\n<meta property=\"og:locale\" content=\"es_ES\" \/>\n<meta property=\"og:type\" content=\"article\" \/>\n<meta property=\"og:title\" content=\"Nicol\u00e1s Garc\u00eda jugar\u00e1 en Cerro Largo - Padre y Decano - El Sitio del Pueblo\" \/>\n<meta property=\"og:description\" content=\"El delantero de 21 a\u00f1os jugar\u00e1 cedido en el club arach\u00e1n en busca de minutos y de poder crecer en primera divisi\u00f3n. De los m\u00e1ximos goleadores de formativas del aurinegro, con 111 anotaciones en las juveniles. Fue parte del primer equipo del decano en 2021 pero sin disputar una cantidad considerable de minutos. En total [&hellip;]\" \/>\n<meta property=\"og:url\" content=\"https:\/\/www.padreydecano.com\/cms\/noticias\/nicolas-garcia-jugara-en-cerro-largo\/\" \/>\n<meta property=\"og:site_name\" content=\"Padre y Decano - El Sitio del Pueblo\" \/>\n<meta property=\"article:published_time\" content=\"2022-02-04T22:27:32+00:00\" \/>\n<meta property=\"article:modified_time\" content=\"2022-02-14T21:18:07+00:00\" \/>\n<meta property=\"og:image\" content=\"https:\/\/www.padreydecano.com\/cms\/wp-content\/uploads\/2022\/02\/73B75D31-7070-4CB2-A3C4-9CB3AA8DD6DA.jpeg\" \/>\n\t<meta property=\"og:image:width\" content=\"1000\" \/>\n\t<meta property=\"og:image:height\" content=\"662\" \/>\n\t<meta property=\"og:image:type\" content=\"image\/jpeg\" \/>\n<meta name=\"author\" content=\"Redactores Padre y Decano\" \/>\n<meta name=\"twitter:card\" content=\"summary_large_image\" \/>\n<meta name=\"twitter:label1\" content=\"Escrito por\" \/>\n\t<meta name=\"twitter:data1\" content=\"Redactores Padre y Decano\" \/>\n\t<meta name=\"twitter:label2\" content=\"Tiempo de lectura\" \/>\n\t<meta name=\"twitter:data2\" content=\"1 minuto\" \/>\n<script type=\"application\/ld+json\" class=\"yoast-schema-graph\">{\"@context\":\"https:\/\/schema.org\",\"@graph\":[{\"@type\":\"Article\",\"@id\":\"https:\/\/www.padreydecano.com\/cms\/noticias\/nicolas-garcia-jugara-en-cerro-largo\/#article\",\"isPartOf\":{\"@id\":\"https:\/\/www.padreydecano.com\/cms\/noticias\/nicolas-garcia-jugara-en-cerro-largo\/\"},\"author\":{\"name\":\"Redactores Padre y Decano\",\"@id\":\"https:\/\/www.padreydecano.com\/cms\/#\/schema\/person\/37aae8f93aa78e4c5385497f056e3246\"},\"headline\":\"Nicol\u00e1s Garc\u00eda jugar\u00e1 en Cerro Largo\",\"datePublished\":\"2022-02-04T22:27:32+00:00\",\"dateModified\":\"2022-02-14T21:18:07+00:00\",\"mainEntityOfPage\":{\"@id\":\"https:\/\/www.padreydecano.com\/cms\/noticias\/nicolas-garcia-jugara-en-cerro-largo\/\"},\"wordCount\":140,\"commentCount\":3,\"publisher\":{\"@id\":\"https:\/\/www.padreydecano.com\/cms\/#organization\"},\"image\":{\"@id\":\"https:\/\/www.padreydecano.com\/cms\/noticias\/nicolas-garcia-jugara-en-cerro-largo\/#primaryimage\"},\"thumbnailUrl\":\"https:\/\/www.padreydecano.com\/cms\/wp-content\/uploads\/2022\/02\/73B75D31-7070-4CB2-A3C4-9CB3AA8DD6DA.jpeg\",\"keywords\":[\"Mercado de pases\"],\"articleSection\":[\"Noticias\"],\"inLanguage\":\"es\",\"potentialAction\":[{\"@type\":\"CommentAction\",\"name\":\"Comment\",\"target\":[\"https:\/\/www.padreydecano.com\/cms\/noticias\/nicolas-garcia-jugara-en-cerro-largo\/#respond\"]}]},{\"@type\":\"WebPage\",\"@id\":\"https:\/\/www.padreydecano.com\/cms\/noticias\/nicolas-garcia-jugara-en-cerro-largo\/\",\"url\":\"https:\/\/www.padreydecano.com\/cms\/noticias\/nicolas-garcia-jugara-en-cerro-largo\/\",\"name\":\"Nicol\u00e1s Garc\u00eda jugar\u00e1 en Cerro Largo - Padre y Decano - El Sitio del Pueblo\",\"isPartOf\":{\"@id\":\"https:\/\/www.padreydecano.com\/cms\/#website\"},\"primaryImageOfPage\":{\"@id\":\"https:\/\/www.padreydecano.com\/cms\/noticias\/nicolas-garcia-jugara-en-cerro-largo\/#primaryimage\"},\"image\":{\"@id\":\"https:\/\/www.padreydecano.com\/cms\/noticias\/nicolas-garcia-jugara-en-cerro-largo\/#primaryimage\"},\"thumbnailUrl\":\"https:\/\/www.padreydecano.com\/cms\/wp-content\/uploads\/2022\/02\/73B75D31-7070-4CB2-A3C4-9CB3AA8DD6DA.jpeg\",\"datePublished\":\"2022-02-04T22:27:32+00:00\",\"dateModified\":\"2022-02-14T21:18:07+00:00\",\"breadcrumb\":{\"@id\":\"https:\/\/www.padreydecano.com\/cms\/noticias\/nicolas-garcia-jugara-en-cerro-largo\/#breadcrumb\"},\"inLanguage\":\"es\",\"potentialAction\":[{\"@type\":\"ReadAction\",\"target\":[\"https:\/\/www.padreydecano.com\/cms\/noticias\/nicolas-garcia-jugara-en-cerro-largo\/\"]}]},{\"@type\":\"ImageObject\",\"inLanguage\":\"es\",\"@id\":\"https:\/\/www.padreydecano.com\/cms\/noticias\/nicolas-garcia-jugara-en-cerro-largo\/#primaryimage\",\"url\":\"https:\/\/www.padreydecano.com\/cms\/wp-content\/uploads\/2022\/02\/73B75D31-7070-4CB2-A3C4-9CB3AA8DD6DA.jpeg\",\"contentUrl\":\"https:\/\/www.padreydecano.com\/cms\/wp-content\/uploads\/2022\/02\/73B75D31-7070-4CB2-A3C4-9CB3AA8DD6DA.jpeg\",\"width\":1000,\"height\":662},{\"@type\":\"BreadcrumbList\",\"@id\":\"https:\/\/www.padreydecano.com\/cms\/noticias\/nicolas-garcia-jugara-en-cerro-largo\/#breadcrumb\",\"itemListElement\":[{\"@type\":\"ListItem\",\"position\":1,\"name\":\"Portada\",\"item\":\"https:\/\/www.padreydecano.com\/cms\/\"},{\"@type\":\"ListItem\",\"position\":2,\"name\":\"Nicol\u00e1s Garc\u00eda jugar\u00e1 en Cerro Largo\"}]},{\"@type\":\"WebSite\",\"@id\":\"https:\/\/www.padreydecano.com\/cms\/#website\",\"url\":\"https:\/\/www.padreydecano.com\/cms\/\",\"name\":\"Padre y Decano - El Sitio del Pueblo\",\"description\":\"Club Atl\u00e9tico Pe\u00f1arol\",\"publisher\":{\"@id\":\"https:\/\/www.padreydecano.com\/cms\/#organization\"},\"potentialAction\":[{\"@type\":\"SearchAction\",\"target\":{\"@type\":\"EntryPoint\",\"urlTemplate\":\"https:\/\/www.padreydecano.com\/cms\/?s={search_term_string}\"},\"query-input\":\"required name=search_term_string\"}],\"inLanguage\":\"es\"},{\"@type\":\"Organization\",\"@id\":\"https:\/\/www.padreydecano.com\/cms\/#organization\",\"name\":\"Padre y Decano\",\"url\":\"https:\/\/www.padreydecano.com\/cms\/\",\"logo\":{\"@type\":\"ImageObject\",\"inLanguage\":\"es\",\"@id\":\"https:\/\/www.padreydecano.com\/cms\/#\/schema\/logo\/image\/\",\"url\":\"https:\/\/www.padreydecano.com\/cms\/wp-content\/uploads\/2022\/01\/avatar-square.png\",\"contentUrl\":\"https:\/\/www.padreydecano.com\/cms\/wp-content\/uploads\/2022\/01\/avatar-square.png\",\"width\":1500,\"height\":1500,\"caption\":\"Padre y Decano\"},\"image\":{\"@id\":\"https:\/\/www.padreydecano.com\/cms\/#\/schema\/logo\/image\/\"}},{\"@type\":\"Person\",\"@id\":\"https:\/\/www.padreydecano.com\/cms\/#\/schema\/person\/37aae8f93aa78e4c5385497f056e3246\",\"name\":\"Redactores Padre y Decano\",\"image\":{\"@type\":\"ImageObject\",\"inLanguage\":\"es\",\"@id\":\"https:\/\/www.padreydecano.com\/cms\/#\/schema\/person\/image\/\",\"url\":\"https:\/\/secure.gravatar.com\/avatar\/8810c4b9081192b118b104af54549af8?s=96&d=https%3A%2F%2Fpadreydecano.com%2Fcms%2Fwp-content%2Fthemes%2Fpyd-theme%2Fimg%2Fdefault-avatar.png&r=g\",\"contentUrl\":\"https:\/\/secure.gravatar.com\/avatar\/8810c4b9081192b118b104af54549af8?s=96&d=https%3A%2F%2Fpadreydecano.com%2Fcms%2Fwp-content%2Fthemes%2Fpyd-theme%2Fimg%2Fdefault-avatar.png&r=g\",\"caption\":\"Redactores Padre y Decano\"},\"sameAs\":[\"http:\/\/www.padreydecano.com\"]}]}<\/script>\n<!-- \/ Yoast SEO plugin. -->","yoast_head_json":{"title":"Nicol\u00e1s Garc\u00eda jugar\u00e1 en Cerro Largo - Padre y Decano - El Sitio del Pueblo","robots":{"index":"index","follow":"follow","max-snippet":"max-snippet:-1","max-image-preview":"max-image-preview:large","max-video-preview":"max-video-preview:-1"},"canonical":"https:\/\/www.padreydecano.com\/cms\/noticias\/nicolas-garcia-jugara-en-cerro-largo\/","og_locale":"es_ES","og_type":"article","og_title":"Nicol\u00e1s Garc\u00eda jugar\u00e1 en Cerro Largo - Padre y Decano - El Sitio del Pueblo","og_description":"El delantero de 21 a\u00f1os jugar\u00e1 cedido en el club arach\u00e1n en busca de minutos y de poder crecer en primera divisi\u00f3n. De los m\u00e1ximos goleadores de formativas del aurinegro, con 111 anotaciones en las juveniles. Fue parte del primer equipo del decano en 2021 pero sin disputar una cantidad considerable de minutos. En total [&hellip;]","og_url":"https:\/\/www.padreydecano.com\/cms\/noticias\/nicolas-garcia-jugara-en-cerro-largo\/","og_site_name":"Padre y Decano - El Sitio del Pueblo","article_published_time":"2022-02-04T22:27:32+00:00","article_modified_time":"2022-02-14T21:18:07+00:00","og_image":[{"width":1000,"height":662,"url":"https:\/\/www.padreydecano.com\/cms\/wp-content\/uploads\/2022\/02\/73B75D31-7070-4CB2-A3C4-9CB3AA8DD6DA.jpeg","type":"image\/jpeg"}],"author":"Redactores Padre y Decano","twitter_card":"summary_large_image","twitter_misc":{"Escrito por":"Redactores Padre y Decano","Tiempo de lectura":"1 minuto"},"schema":{"@context":"https:\/\/schema.org","@graph":[{"@type":"Article","@id":"https:\/\/www.padreydecano.com\/cms\/noticias\/nicolas-garcia-jugara-en-cerro-largo\/#article","isPartOf":{"@id":"https:\/\/www.padreydecano.com\/cms\/noticias\/nicolas-garcia-jugara-en-cerro-largo\/"},"author":{"name":"Redactores Padre y Decano","@id":"https:\/\/www.padreydecano.com\/cms\/#\/schema\/person\/37aae8f93aa78e4c5385497f056e3246"},"headline":"Nicol\u00e1s Garc\u00eda jugar\u00e1 en Cerro Largo","datePublished":"2022-02-04T22:27:32+00:00","dateModified":"2022-02-14T21:18:07+00:00","mainEntityOfPage":{"@id":"https:\/\/www.padreydecano.com\/cms\/noticias\/nicolas-garcia-jugara-en-cerro-largo\/"},"wordCount":140,"commentCount":3,"publisher":{"@id":"https:\/\/www.padreydecano.com\/cms\/#organization"},"image":{"@id":"https:\/\/www.padreydecano.com\/cms\/noticias\/nicolas-garcia-jugara-en-cerro-largo\/#primaryimage"},"thumbnailUrl":"https:\/\/www.padreydecano.com\/cms\/wp-content\/uploads\/2022\/02\/73B75D31-7070-4CB2-A3C4-9CB3AA8DD6DA.jpeg","keywords":["Mercado de pases"],"articleSection":["Noticias"],"inLanguage":"es","potentialAction":[{"@type":"CommentAction","name":"Comment","target":["https:\/\/www.padreydecano.com\/cms\/noticias\/nicolas-garcia-jugara-en-cerro-largo\/#respond"]}]},{"@type":"WebPage","@id":"https:\/\/www.padreydecano.com\/cms\/noticias\/nicolas-garcia-jugara-en-cerro-largo\/","url":"https:\/\/www.padreydecano.com\/cms\/noticias\/nicolas-garcia-jugara-en-cerro-largo\/","name":"Nicol\u00e1s Garc\u00eda jugar\u00e1 en Cerro Largo - Padre y Decano - El Sitio del Pueblo","isPartOf":{"@id":"https:\/\/www.padreydecano.com\/cms\/#website"},"primaryImageOfPage":{"@id":"https:\/\/www.padreydecano.com\/cms\/noticias\/nicolas-garcia-jugara-en-cerro-largo\/#primaryimage"},"image":{"@id":"https:\/\/www.padreydecano.com\/cms\/noticias\/nicolas-garcia-jugara-en-cerro-largo\/#primaryimage"},"thumbnailUrl":"https:\/\/www.padreydecano.com\/cms\/wp-content\/uploads\/2022\/02\/73B75D31-7070-4CB2-A3C4-9CB3AA8DD6DA.jpeg","datePublished":"2022-02-04T22:27:32+00:00","dateModified":"2022-02-14T21:18:07+00:00","breadcrumb":{"@id":"https:\/\/www.padreydecano.com\/cms\/noticias\/nicolas-garcia-jugara-en-cerro-largo\/#breadcrumb"},"inLanguage":"es","potentialAction":[{"@type":"ReadAction","target":["https:\/\/www.padreydecano.com\/cms\/noticias\/nicolas-garcia-jugara-en-cerro-largo\/"]}]},{"@type":"ImageObject","inLanguage":"es","@id":"https:\/\/www.padreydecano.com\/cms\/noticias\/nicolas-garcia-jugara-en-cerro-largo\/#primaryimage","url":"https:\/\/www.padreydecano.com\/cms\/wp-content\/uploads\/2022\/02\/73B75D31-7070-4CB2-A3C4-9CB3AA8DD6DA.jpeg","contentUrl":"https:\/\/www.padreydecano.com\/cms\/wp-content\/uploads\/2022\/02\/73B75D31-7070-4CB2-A3C4-9CB3AA8DD6DA.jpeg","width":1000,"height":662},{"@type":"BreadcrumbList","@id":"https:\/\/www.padreydecano.com\/cms\/noticias\/nicolas-garcia-jugara-en-cerro-largo\/#breadcrumb","itemListElement":[{"@type":"ListItem","position":1,"name":"Portada","item":"https:\/\/www.padreydecano.com\/cms\/"},{"@type":"ListItem","position":2,"name":"Nicol\u00e1s Garc\u00eda jugar\u00e1 en Cerro Largo"}]},{"@type":"WebSite","@id":"https:\/\/www.padreydecano.com\/cms\/#website","url":"https:\/\/www.padreydecano.com\/cms\/","name":"Padre y Decano - El Sitio del Pueblo","description":"Club Atl\u00e9tico Pe\u00f1arol","publisher":{"@id":"https:\/\/www.padreydecano.com\/cms\/#organization"},"potentialAction":[{"@type":"SearchAction","target":{"@type":"EntryPoint","urlTemplate":"https:\/\/www.padreydecano.com\/cms\/?s={search_term_string}"},"query-input":"required name=search_term_string"}],"inLanguage":"es"},{"@type":"Organization","@id":"https:\/\/www.padreydecano.com\/cms\/#organization","name":"Padre y Decano","url":"https:\/\/www.padreydecano.com\/cms\/","logo":{"@type":"ImageObject","inLanguage":"es","@id":"https:\/\/www.padreydecano.com\/cms\/#\/schema\/logo\/image\/","url":"https:\/\/www.padreydecano.com\/cms\/wp-content\/uploads\/2022\/01\/avatar-square.png","contentUrl":"https:\/\/www.padreydecano.com\/cms\/wp-content\/uploads\/2022\/01\/avatar-square.png","width":1500,"height":1500,"caption":"Padre y Decano"},"image":{"@id":"https:\/\/www.padreydecano.com\/cms\/#\/schema\/logo\/image\/"}},{"@type":"Person","@id":"https:\/\/www.padreydecano.com\/cms\/#\/schema\/person\/37aae8f93aa78e4c5385497f056e3246","name":"Redactores Padre y Decano","image":{"@type":"ImageObject","inLanguage":"es","@id":"https:\/\/www.padreydecano.com\/cms\/#\/schema\/person\/image\/","url":"https:\/\/secure.gravatar.com\/avatar\/8810c4b9081192b118b104af54549af8?s=96&d=https%3A%2F%2Fpadreydecano.com%2Fcms%2Fwp-content%2Fthemes%2Fpyd-theme%2Fimg%2Fdefault-avatar.png&r=g","contentUrl":"https:\/\/secure.gravatar.com\/avatar\/8810c4b9081192b118b104af54549af8?s=96&d=https%3A%2F%2Fpadreydecano.com%2Fcms%2Fwp-content%2Fthemes%2Fpyd-theme%2Fimg%2Fdefault-avatar.png&r=g","caption":"Redactores Padre y Decano"},"sameAs":["http:\/\/www.padreydecano.com"]}]}},"_links":{"self":[{"href":"https:\/\/www.padreydecano.com\/cms\/wp-json\/wp\/v2\/posts\/78116"}],"collection":[{"href":"https:\/\/www.padreydecano.com\/cms\/wp-json\/wp\/v2\/posts"}],"about":[{"href":"https:\/\/www.padreydecano.com\/cms\/wp-json\/wp\/v2\/types\/post"}],"author":[{"embeddable":true,"href":"https:\/\/www.padreydecano.com\/cms\/wp-json\/wp\/v2\/users\/27"}],"replies":[{"embeddable":true,"href":"https:\/\/www.padreydecano.com\/cms\/wp-json\/wp\/v2\/comments?post=78116"}],"version-history":[{"count":0,"href":"https:\/\/www.padreydecano.com\/cms\/wp-json\/wp\/v2\/posts\/78116\/revisions"}],"wp:featuredmedia":[{"embeddable":true,"href":"https:\/\/www.padreydecano.com\/cms\/wp-json\/wp\/v2\/media\/78117"}],"wp:attachment":[{"href":"https:\/\/www.padreydecano.com\/cms\/wp-json\/wp\/v2\/media?parent=78116"}],"wp:term":[{"taxonomy":"category","embeddable":true,"href":"https:\/\/www.padreydecano.com\/cms\/wp-json\/wp\/v2\/categories?post=78116"},{"taxonomy":"post_tag","embeddable":true,"href":"https:\/\/www.padreydecano.com\/cms\/wp-json\/wp\/v2\/tags?post=78116"}],"curies":[{"name":"wp","href":"https:\/\/api.w.org\/{rel}","templated":true}]}}