{"id":77898,"date":"2022-01-18T09:33:52","date_gmt":"2022-01-18T12:33:52","guid":{"rendered":"http:\/\/www.padreydecano.com\/cms\/?p=77898"},"modified":"2022-02-14T18:16:28","modified_gmt":"2022-02-14T21:16:28","slug":"buscando-mantener-la-fortaleza-en-el-palacio","status":"publish","type":"post","link":"https:\/\/www.padreydecano.com\/cms\/basket\/buscando-mantener-la-fortaleza-en-el-palacio\/","title":{"rendered":"Buscando mantener la fortaleza en el Palacio"},"content":{"rendered":"<p><a href=\"https:\/\/www.padreydecano.com\/cms\/wp-content\/uploads\/2022\/01\/WhatsApp-Image-2022-01-07-at-21.55.14.jpeg\" rel=\"shadowbox[sbpost-77898];player=img;\"><img loading=\"lazy\" decoding=\"async\" class=\"aligncenter size-full wp-image-77821\" src=\"https:\/\/www.padreydecano.com\/cms\/wp-content\/uploads\/2022\/01\/WhatsApp-Image-2022-01-07-at-21.55.14.jpeg\" alt=\"\" width=\"2048\" height=\"1364\" srcset=\"https:\/\/www.padreydecano.com\/cms\/wp-content\/uploads\/2022\/01\/WhatsApp-Image-2022-01-07-at-21.55.14.jpeg 2048w, https:\/\/www.padreydecano.com\/cms\/wp-content\/uploads\/2022\/01\/WhatsApp-Image-2022-01-07-at-21.55.14-600x400.jpeg 600w, https:\/\/www.padreydecano.com\/cms\/wp-content\/uploads\/2022\/01\/WhatsApp-Image-2022-01-07-at-21.55.14-1024x682.jpeg 1024w, https:\/\/www.padreydecano.com\/cms\/wp-content\/uploads\/2022\/01\/WhatsApp-Image-2022-01-07-at-21.55.14-768x512.jpeg 768w, https:\/\/www.padreydecano.com\/cms\/wp-content\/uploads\/2022\/01\/WhatsApp-Image-2022-01-07-at-21.55.14-1536x1023.jpeg 1536w, https:\/\/www.padreydecano.com\/cms\/wp-content\/uploads\/2022\/01\/WhatsApp-Image-2022-01-07-at-21.55.14-300x200.jpeg 300w, https:\/\/www.padreydecano.com\/cms\/wp-content\/uploads\/2022\/01\/WhatsApp-Image-2022-01-07-at-21.55.14-128x85.jpeg 128w, https:\/\/www.padreydecano.com\/cms\/wp-content\/uploads\/2022\/01\/WhatsApp-Image-2022-01-07-at-21.55.14-32x21.jpeg 32w\" sizes=\"(max-width: 2048px) 100vw, 2048px\" \/><\/a><\/p>\n<p style=\"text-align: left;\"><strong>Pe\u00f1arol enfrenta a Olimpia desde las 21:15 horas por un punto frente a un rival directo en el Palacio Pe\u00f1arol.<\/strong><\/p>\n<p style=\"text-align: left;\">Olimpia llega con un r\u00e9cord 7-5. En su \u00faltima presentaci\u00f3n fue derrotado por Malv\u00edn en un juego parejo que se fue al suplementario. Tiene como principal figura a todo el equipo, no depende exclusivamente de un jugador. Sus armas en ataque son el extranjero Marquart y los nacionales Brian Garc\u00eda y Agarbado. Tiene un entrenador muy experimentado como Edgardo Jauri que plantea los juegos de acuerdo a cada rival.<\/p>\n<p style=\"text-align: left;\">Pe\u00f1arol llega en su mejor momento con dos victorias consecutivas y una mejor\u00eda en lo colectivo. Jugadores que han crecido y saltan con soluciones desde la banca. Va a ser un partido largo y de rotaci\u00f3n, los de Col\u00f3n ejercen presi\u00f3n en toda la cancha y buscar\u00e1n ser fuertes de visitantes.<\/p>\n<p style=\"text-align: left;\">Las entradas ya se encuentran a la venta para todo p\u00fablico.<\/p>\n<p><img decoding=\"async\" src=\"https:\/\/pbs.twimg.com\/media\/FJKdBroXsAAA3zh?format=jpg&amp;name=large\" alt=\"Imagen\" \/><\/p>\n<div class=\"user-wrapper\"><a class=\"userlink\" href=\"https:\/\/twitter.com\/griegosebas\" target=\"_blank\"><figure><img decoding=\"async\" src=\"http:\/\/www.padreydecano.com\/cms\/wp-users-files\/postfirmas\/sebagriego.jpg\" \/><\/figure><p class=\"user\"><strong>Sebasti&aacute;n Griego<\/strong><br \/>@SebaGriego<\/p><\/a><\/div>\n","protected":false},"excerpt":{"rendered":"<p>Pe\u00f1arol enfrenta a Olimpia desde las 21:15 horas por un punto frente a un rival directo en el Palacio Pe\u00f1arol. Olimpia llega con un r\u00e9cord 7-5. En su \u00faltima presentaci\u00f3n fue derrotado por Malv\u00edn en un juego parejo que se fue al suplementario. Tiene como principal figura a todo el equipo, no depende exclusivamente de [&hellip;]<\/p>\n","protected":false},"author":27,"featured_media":77821,"comment_status":"open","ping_status":"closed","sticky":false,"template":"","format":"standard","meta":{"footnotes":""},"categories":[407],"tags":[563],"yoast_head":"<!-- This site is optimized with the Yoast SEO plugin v23.2 - https:\/\/yoast.com\/wordpress\/plugins\/seo\/ -->\n<title>Buscando mantener la fortaleza en el Palacio - Padre y Decano - El Sitio del Pueblo<\/title>\n<meta name=\"robots\" content=\"index, follow, max-snippet:-1, max-image-preview:large, max-video-preview:-1\" \/>\n<link rel=\"canonical\" href=\"https:\/\/www.padreydecano.com\/cms\/basket\/buscando-mantener-la-fortaleza-en-el-palacio\/\" \/>\n<meta property=\"og:locale\" content=\"es_ES\" \/>\n<meta property=\"og:type\" content=\"article\" \/>\n<meta property=\"og:title\" content=\"Buscando mantener la fortaleza en el Palacio - Padre y Decano - El Sitio del Pueblo\" \/>\n<meta property=\"og:description\" content=\"Pe\u00f1arol enfrenta a Olimpia desde las 21:15 horas por un punto frente a un rival directo en el Palacio Pe\u00f1arol. Olimpia llega con un r\u00e9cord 7-5. En su \u00faltima presentaci\u00f3n fue derrotado por Malv\u00edn en un juego parejo que se fue al suplementario. Tiene como principal figura a todo el equipo, no depende exclusivamente de [&hellip;]\" \/>\n<meta property=\"og:url\" content=\"https:\/\/www.padreydecano.com\/cms\/basket\/buscando-mantener-la-fortaleza-en-el-palacio\/\" \/>\n<meta property=\"og:site_name\" content=\"Padre y Decano - El Sitio del Pueblo\" \/>\n<meta property=\"article:published_time\" content=\"2022-01-18T12:33:52+00:00\" \/>\n<meta property=\"article:modified_time\" content=\"2022-02-14T21:16:28+00:00\" \/>\n<meta property=\"og:image\" content=\"https:\/\/www.padreydecano.com\/cms\/wp-content\/uploads\/2022\/01\/WhatsApp-Image-2022-01-07-at-21.55.14.jpeg\" \/>\n\t<meta property=\"og:image:width\" content=\"2048\" \/>\n\t<meta property=\"og:image:height\" content=\"1364\" \/>\n\t<meta property=\"og:image:type\" content=\"image\/jpeg\" \/>\n<meta name=\"author\" content=\"Redactores Padre y Decano\" \/>\n<meta name=\"twitter:card\" content=\"summary_large_image\" \/>\n<meta name=\"twitter:label1\" content=\"Escrito por\" \/>\n\t<meta name=\"twitter:data1\" content=\"Redactores Padre y Decano\" \/>\n\t<meta name=\"twitter:label2\" content=\"Tiempo de lectura\" \/>\n\t<meta name=\"twitter:data2\" content=\"2 minutos\" \/>\n<script type=\"application\/ld+json\" class=\"yoast-schema-graph\">{\"@context\":\"https:\/\/schema.org\",\"@graph\":[{\"@type\":\"Article\",\"@id\":\"https:\/\/www.padreydecano.com\/cms\/basket\/buscando-mantener-la-fortaleza-en-el-palacio\/#article\",\"isPartOf\":{\"@id\":\"https:\/\/www.padreydecano.com\/cms\/basket\/buscando-mantener-la-fortaleza-en-el-palacio\/\"},\"author\":{\"name\":\"Redactores Padre y Decano\",\"@id\":\"https:\/\/www.padreydecano.com\/cms\/#\/schema\/person\/37aae8f93aa78e4c5385497f056e3246\"},\"headline\":\"Buscando mantener la fortaleza en el Palacio\",\"datePublished\":\"2022-01-18T12:33:52+00:00\",\"dateModified\":\"2022-02-14T21:16:28+00:00\",\"mainEntityOfPage\":{\"@id\":\"https:\/\/www.padreydecano.com\/cms\/basket\/buscando-mantener-la-fortaleza-en-el-palacio\/\"},\"wordCount\":171,\"commentCount\":0,\"publisher\":{\"@id\":\"https:\/\/www.padreydecano.com\/cms\/#organization\"},\"image\":{\"@id\":\"https:\/\/www.padreydecano.com\/cms\/basket\/buscando-mantener-la-fortaleza-en-el-palacio\/#primaryimage\"},\"thumbnailUrl\":\"https:\/\/www.padreydecano.com\/cms\/wp-content\/uploads\/2022\/01\/WhatsApp-Image-2022-01-07-at-21.55.14.jpeg\",\"keywords\":[\"LUB 2021\/2022\"],\"articleSection\":[\"Basket\"],\"inLanguage\":\"es\",\"potentialAction\":[{\"@type\":\"CommentAction\",\"name\":\"Comment\",\"target\":[\"https:\/\/www.padreydecano.com\/cms\/basket\/buscando-mantener-la-fortaleza-en-el-palacio\/#respond\"]}]},{\"@type\":\"WebPage\",\"@id\":\"https:\/\/www.padreydecano.com\/cms\/basket\/buscando-mantener-la-fortaleza-en-el-palacio\/\",\"url\":\"https:\/\/www.padreydecano.com\/cms\/basket\/buscando-mantener-la-fortaleza-en-el-palacio\/\",\"name\":\"Buscando mantener la fortaleza en el Palacio - Padre y Decano - El Sitio del Pueblo\",\"isPartOf\":{\"@id\":\"https:\/\/www.padreydecano.com\/cms\/#website\"},\"primaryImageOfPage\":{\"@id\":\"https:\/\/www.padreydecano.com\/cms\/basket\/buscando-mantener-la-fortaleza-en-el-palacio\/#primaryimage\"},\"image\":{\"@id\":\"https:\/\/www.padreydecano.com\/cms\/basket\/buscando-mantener-la-fortaleza-en-el-palacio\/#primaryimage\"},\"thumbnailUrl\":\"https:\/\/www.padreydecano.com\/cms\/wp-content\/uploads\/2022\/01\/WhatsApp-Image-2022-01-07-at-21.55.14.jpeg\",\"datePublished\":\"2022-01-18T12:33:52+00:00\",\"dateModified\":\"2022-02-14T21:16:28+00:00\",\"breadcrumb\":{\"@id\":\"https:\/\/www.padreydecano.com\/cms\/basket\/buscando-mantener-la-fortaleza-en-el-palacio\/#breadcrumb\"},\"inLanguage\":\"es\",\"potentialAction\":[{\"@type\":\"ReadAction\",\"target\":[\"https:\/\/www.padreydecano.com\/cms\/basket\/buscando-mantener-la-fortaleza-en-el-palacio\/\"]}]},{\"@type\":\"ImageObject\",\"inLanguage\":\"es\",\"@id\":\"https:\/\/www.padreydecano.com\/cms\/basket\/buscando-mantener-la-fortaleza-en-el-palacio\/#primaryimage\",\"url\":\"https:\/\/www.padreydecano.com\/cms\/wp-content\/uploads\/2022\/01\/WhatsApp-Image-2022-01-07-at-21.55.14.jpeg\",\"contentUrl\":\"https:\/\/www.padreydecano.com\/cms\/wp-content\/uploads\/2022\/01\/WhatsApp-Image-2022-01-07-at-21.55.14.jpeg\",\"width\":2048,\"height\":1364},{\"@type\":\"BreadcrumbList\",\"@id\":\"https:\/\/www.padreydecano.com\/cms\/basket\/buscando-mantener-la-fortaleza-en-el-palacio\/#breadcrumb\",\"itemListElement\":[{\"@type\":\"ListItem\",\"position\":1,\"name\":\"Portada\",\"item\":\"https:\/\/www.padreydecano.com\/cms\/\"},{\"@type\":\"ListItem\",\"position\":2,\"name\":\"Buscando mantener la fortaleza en el Palacio\"}]},{\"@type\":\"WebSite\",\"@id\":\"https:\/\/www.padreydecano.com\/cms\/#website\",\"url\":\"https:\/\/www.padreydecano.com\/cms\/\",\"name\":\"Padre y Decano - El Sitio del Pueblo\",\"description\":\"Club Atl\u00e9tico Pe\u00f1arol\",\"publisher\":{\"@id\":\"https:\/\/www.padreydecano.com\/cms\/#organization\"},\"potentialAction\":[{\"@type\":\"SearchAction\",\"target\":{\"@type\":\"EntryPoint\",\"urlTemplate\":\"https:\/\/www.padreydecano.com\/cms\/?s={search_term_string}\"},\"query-input\":\"required name=search_term_string\"}],\"inLanguage\":\"es\"},{\"@type\":\"Organization\",\"@id\":\"https:\/\/www.padreydecano.com\/cms\/#organization\",\"name\":\"Padre y Decano\",\"url\":\"https:\/\/www.padreydecano.com\/cms\/\",\"logo\":{\"@type\":\"ImageObject\",\"inLanguage\":\"es\",\"@id\":\"https:\/\/www.padreydecano.com\/cms\/#\/schema\/logo\/image\/\",\"url\":\"https:\/\/www.padreydecano.com\/cms\/wp-content\/uploads\/2022\/01\/avatar-square.png\",\"contentUrl\":\"https:\/\/www.padreydecano.com\/cms\/wp-content\/uploads\/2022\/01\/avatar-square.png\",\"width\":1500,\"height\":1500,\"caption\":\"Padre y Decano\"},\"image\":{\"@id\":\"https:\/\/www.padreydecano.com\/cms\/#\/schema\/logo\/image\/\"}},{\"@type\":\"Person\",\"@id\":\"https:\/\/www.padreydecano.com\/cms\/#\/schema\/person\/37aae8f93aa78e4c5385497f056e3246\",\"name\":\"Redactores Padre y Decano\",\"image\":{\"@type\":\"ImageObject\",\"inLanguage\":\"es\",\"@id\":\"https:\/\/www.padreydecano.com\/cms\/#\/schema\/person\/image\/\",\"url\":\"https:\/\/secure.gravatar.com\/avatar\/8810c4b9081192b118b104af54549af8?s=96&d=https%3A%2F%2Fpadreydecano.com%2Fcms%2Fwp-content%2Fthemes%2Fpyd-theme%2Fimg%2Fdefault-avatar.png&r=g\",\"contentUrl\":\"https:\/\/secure.gravatar.com\/avatar\/8810c4b9081192b118b104af54549af8?s=96&d=https%3A%2F%2Fpadreydecano.com%2Fcms%2Fwp-content%2Fthemes%2Fpyd-theme%2Fimg%2Fdefault-avatar.png&r=g\",\"caption\":\"Redactores Padre y Decano\"},\"sameAs\":[\"http:\/\/www.padreydecano.com\"]}]}<\/script>\n<!-- \/ Yoast SEO plugin. -->","yoast_head_json":{"title":"Buscando mantener la fortaleza en el Palacio - Padre y Decano - El Sitio del Pueblo","robots":{"index":"index","follow":"follow","max-snippet":"max-snippet:-1","max-image-preview":"max-image-preview:large","max-video-preview":"max-video-preview:-1"},"canonical":"https:\/\/www.padreydecano.com\/cms\/basket\/buscando-mantener-la-fortaleza-en-el-palacio\/","og_locale":"es_ES","og_type":"article","og_title":"Buscando mantener la fortaleza en el Palacio - Padre y Decano - El Sitio del Pueblo","og_description":"Pe\u00f1arol enfrenta a Olimpia desde las 21:15 horas por un punto frente a un rival directo en el Palacio Pe\u00f1arol. Olimpia llega con un r\u00e9cord 7-5. En su \u00faltima presentaci\u00f3n fue derrotado por Malv\u00edn en un juego parejo que se fue al suplementario. Tiene como principal figura a todo el equipo, no depende exclusivamente de [&hellip;]","og_url":"https:\/\/www.padreydecano.com\/cms\/basket\/buscando-mantener-la-fortaleza-en-el-palacio\/","og_site_name":"Padre y Decano - El Sitio del Pueblo","article_published_time":"2022-01-18T12:33:52+00:00","article_modified_time":"2022-02-14T21:16:28+00:00","og_image":[{"width":2048,"height":1364,"url":"https:\/\/www.padreydecano.com\/cms\/wp-content\/uploads\/2022\/01\/WhatsApp-Image-2022-01-07-at-21.55.14.jpeg","type":"image\/jpeg"}],"author":"Redactores Padre y Decano","twitter_card":"summary_large_image","twitter_misc":{"Escrito por":"Redactores Padre y Decano","Tiempo de lectura":"2 minutos"},"schema":{"@context":"https:\/\/schema.org","@graph":[{"@type":"Article","@id":"https:\/\/www.padreydecano.com\/cms\/basket\/buscando-mantener-la-fortaleza-en-el-palacio\/#article","isPartOf":{"@id":"https:\/\/www.padreydecano.com\/cms\/basket\/buscando-mantener-la-fortaleza-en-el-palacio\/"},"author":{"name":"Redactores Padre y Decano","@id":"https:\/\/www.padreydecano.com\/cms\/#\/schema\/person\/37aae8f93aa78e4c5385497f056e3246"},"headline":"Buscando mantener la fortaleza en el Palacio","datePublished":"2022-01-18T12:33:52+00:00","dateModified":"2022-02-14T21:16:28+00:00","mainEntityOfPage":{"@id":"https:\/\/www.padreydecano.com\/cms\/basket\/buscando-mantener-la-fortaleza-en-el-palacio\/"},"wordCount":171,"commentCount":0,"publisher":{"@id":"https:\/\/www.padreydecano.com\/cms\/#organization"},"image":{"@id":"https:\/\/www.padreydecano.com\/cms\/basket\/buscando-mantener-la-fortaleza-en-el-palacio\/#primaryimage"},"thumbnailUrl":"https:\/\/www.padreydecano.com\/cms\/wp-content\/uploads\/2022\/01\/WhatsApp-Image-2022-01-07-at-21.55.14.jpeg","keywords":["LUB 2021\/2022"],"articleSection":["Basket"],"inLanguage":"es","potentialAction":[{"@type":"CommentAction","name":"Comment","target":["https:\/\/www.padreydecano.com\/cms\/basket\/buscando-mantener-la-fortaleza-en-el-palacio\/#respond"]}]},{"@type":"WebPage","@id":"https:\/\/www.padreydecano.com\/cms\/basket\/buscando-mantener-la-fortaleza-en-el-palacio\/","url":"https:\/\/www.padreydecano.com\/cms\/basket\/buscando-mantener-la-fortaleza-en-el-palacio\/","name":"Buscando mantener la fortaleza en el Palacio - Padre y Decano - El Sitio del Pueblo","isPartOf":{"@id":"https:\/\/www.padreydecano.com\/cms\/#website"},"primaryImageOfPage":{"@id":"https:\/\/www.padreydecano.com\/cms\/basket\/buscando-mantener-la-fortaleza-en-el-palacio\/#primaryimage"},"image":{"@id":"https:\/\/www.padreydecano.com\/cms\/basket\/buscando-mantener-la-fortaleza-en-el-palacio\/#primaryimage"},"thumbnailUrl":"https:\/\/www.padreydecano.com\/cms\/wp-content\/uploads\/2022\/01\/WhatsApp-Image-2022-01-07-at-21.55.14.jpeg","datePublished":"2022-01-18T12:33:52+00:00","dateModified":"2022-02-14T21:16:28+00:00","breadcrumb":{"@id":"https:\/\/www.padreydecano.com\/cms\/basket\/buscando-mantener-la-fortaleza-en-el-palacio\/#breadcrumb"},"inLanguage":"es","potentialAction":[{"@type":"ReadAction","target":["https:\/\/www.padreydecano.com\/cms\/basket\/buscando-mantener-la-fortaleza-en-el-palacio\/"]}]},{"@type":"ImageObject","inLanguage":"es","@id":"https:\/\/www.padreydecano.com\/cms\/basket\/buscando-mantener-la-fortaleza-en-el-palacio\/#primaryimage","url":"https:\/\/www.padreydecano.com\/cms\/wp-content\/uploads\/2022\/01\/WhatsApp-Image-2022-01-07-at-21.55.14.jpeg","contentUrl":"https:\/\/www.padreydecano.com\/cms\/wp-content\/uploads\/2022\/01\/WhatsApp-Image-2022-01-07-at-21.55.14.jpeg","width":2048,"height":1364},{"@type":"BreadcrumbList","@id":"https:\/\/www.padreydecano.com\/cms\/basket\/buscando-mantener-la-fortaleza-en-el-palacio\/#breadcrumb","itemListElement":[{"@type":"ListItem","position":1,"name":"Portada","item":"https:\/\/www.padreydecano.com\/cms\/"},{"@type":"ListItem","position":2,"name":"Buscando mantener la fortaleza en el Palacio"}]},{"@type":"WebSite","@id":"https:\/\/www.padreydecano.com\/cms\/#website","url":"https:\/\/www.padreydecano.com\/cms\/","name":"Padre y Decano - El Sitio del Pueblo","description":"Club Atl\u00e9tico Pe\u00f1arol","publisher":{"@id":"https:\/\/www.padreydecano.com\/cms\/#organization"},"potentialAction":[{"@type":"SearchAction","target":{"@type":"EntryPoint","urlTemplate":"https:\/\/www.padreydecano.com\/cms\/?s={search_term_string}"},"query-input":"required name=search_term_string"}],"inLanguage":"es"},{"@type":"Organization","@id":"https:\/\/www.padreydecano.com\/cms\/#organization","name":"Padre y Decano","url":"https:\/\/www.padreydecano.com\/cms\/","logo":{"@type":"ImageObject","inLanguage":"es","@id":"https:\/\/www.padreydecano.com\/cms\/#\/schema\/logo\/image\/","url":"https:\/\/www.padreydecano.com\/cms\/wp-content\/uploads\/2022\/01\/avatar-square.png","contentUrl":"https:\/\/www.padreydecano.com\/cms\/wp-content\/uploads\/2022\/01\/avatar-square.png","width":1500,"height":1500,"caption":"Padre y Decano"},"image":{"@id":"https:\/\/www.padreydecano.com\/cms\/#\/schema\/logo\/image\/"}},{"@type":"Person","@id":"https:\/\/www.padreydecano.com\/cms\/#\/schema\/person\/37aae8f93aa78e4c5385497f056e3246","name":"Redactores Padre y Decano","image":{"@type":"ImageObject","inLanguage":"es","@id":"https:\/\/www.padreydecano.com\/cms\/#\/schema\/person\/image\/","url":"https:\/\/secure.gravatar.com\/avatar\/8810c4b9081192b118b104af54549af8?s=96&d=https%3A%2F%2Fpadreydecano.com%2Fcms%2Fwp-content%2Fthemes%2Fpyd-theme%2Fimg%2Fdefault-avatar.png&r=g","contentUrl":"https:\/\/secure.gravatar.com\/avatar\/8810c4b9081192b118b104af54549af8?s=96&d=https%3A%2F%2Fpadreydecano.com%2Fcms%2Fwp-content%2Fthemes%2Fpyd-theme%2Fimg%2Fdefault-avatar.png&r=g","caption":"Redactores Padre y Decano"},"sameAs":["http:\/\/www.padreydecano.com"]}]}},"_links":{"self":[{"href":"https:\/\/www.padreydecano.com\/cms\/wp-json\/wp\/v2\/posts\/77898"}],"collection":[{"href":"https:\/\/www.padreydecano.com\/cms\/wp-json\/wp\/v2\/posts"}],"about":[{"href":"https:\/\/www.padreydecano.com\/cms\/wp-json\/wp\/v2\/types\/post"}],"author":[{"embeddable":true,"href":"https:\/\/www.padreydecano.com\/cms\/wp-json\/wp\/v2\/users\/27"}],"replies":[{"embeddable":true,"href":"https:\/\/www.padreydecano.com\/cms\/wp-json\/wp\/v2\/comments?post=77898"}],"version-history":[{"count":0,"href":"https:\/\/www.padreydecano.com\/cms\/wp-json\/wp\/v2\/posts\/77898\/revisions"}],"wp:featuredmedia":[{"embeddable":true,"href":"https:\/\/www.padreydecano.com\/cms\/wp-json\/wp\/v2\/media\/77821"}],"wp:attachment":[{"href":"https:\/\/www.padreydecano.com\/cms\/wp-json\/wp\/v2\/media?parent=77898"}],"wp:term":[{"taxonomy":"category","embeddable":true,"href":"https:\/\/www.padreydecano.com\/cms\/wp-json\/wp\/v2\/categories?post=77898"},{"taxonomy":"post_tag","embeddable":true,"href":"https:\/\/www.padreydecano.com\/cms\/wp-json\/wp\/v2\/tags?post=77898"}],"curies":[{"name":"wp","href":"https:\/\/api.w.org\/{rel}","templated":true}]}}