{"id":77413,"date":"2021-12-08T11:42:39","date_gmt":"2021-12-08T14:42:39","guid":{"rendered":"http:\/\/www.padreydecano.com\/cms\/?p=77413"},"modified":"2022-01-07T20:55:23","modified_gmt":"2022-01-07T23:55:23","slug":"facu-torres-el-mejor-de-la-final","status":"publish","type":"post","link":"https:\/\/www.padreydecano.com\/cms\/noticias\/facu-torres-el-mejor-de-la-final\/","title":{"rendered":"Facu Torres, el mejor de la final"},"content":{"rendered":"<p><a href=\"https:\/\/www.padreydecano.com\/cms\/wp-content\/uploads\/2021\/12\/penarol-campeon-2021-plaza-colonia-2021-foto-mariano-alvez-57.jpg\" rel=\"shadowbox[sbpost-77413];player=img;\"><img loading=\"lazy\" decoding=\"async\" class=\"aligncenter wp-image-77414 size-full\" src=\"https:\/\/www.padreydecano.com\/cms\/wp-content\/uploads\/2021\/12\/penarol-campeon-2021-plaza-colonia-2021-foto-mariano-alvez-57.jpg\" alt=\"\" width=\"1200\" height=\"801\" srcset=\"https:\/\/www.padreydecano.com\/cms\/wp-content\/uploads\/2021\/12\/penarol-campeon-2021-plaza-colonia-2021-foto-mariano-alvez-57.jpg 1200w, https:\/\/www.padreydecano.com\/cms\/wp-content\/uploads\/2021\/12\/penarol-campeon-2021-plaza-colonia-2021-foto-mariano-alvez-57-600x401.jpg 600w, https:\/\/www.padreydecano.com\/cms\/wp-content\/uploads\/2021\/12\/penarol-campeon-2021-plaza-colonia-2021-foto-mariano-alvez-57-768x513.jpg 768w, https:\/\/www.padreydecano.com\/cms\/wp-content\/uploads\/2021\/12\/penarol-campeon-2021-plaza-colonia-2021-foto-mariano-alvez-57-1024x684.jpg 1024w\" sizes=\"(max-width: 1200px) 100vw, 1200px\" \/><\/a><\/p>\n<p style=\"text-align: justify;\"><strong>Durante el primer tiempo, el 10 intent\u00f3 hacerse de la pelota y poder marcar la diferencia. Gracias a su convicci\u00f3n, calidad y buen juego, pudo darle una alegr\u00eda sobre el final del primer tiempo a la gente de Pe\u00f1arol.<\/strong><\/p>\n<p style=\"text-align: justify;\">Cuando faltaban cinco minutos para que finalice la primera etapa, el mediocampista Walter Gargano envi\u00f3 un pase largo hacia el \u201cCanario\u201d \u00c1lvarez Mart\u00ednez que la baj\u00f3 hacia la izquierda para que llegue Torres y remate de zurda rasante contra el palo izquierdo y ponga el 1-1 ante Plaza Colonia que se hab\u00eda puesto en ventaja tras un penal pol\u00e9mico.<\/p>\n<p style=\"text-align: justify;\">Una vez comenzada la segunda mitad, el Manya segu\u00eda probando romper las lineas del rival, pero era dif\u00edcil ante un equipo que se centraba en cerrarse atr\u00e1s y defender. Algunas jugadas aisladas hacian suponer que el Carbonero pod\u00eda conseguir algo m\u00e1s.<\/p>\n<p style=\"text-align: justify;\">A los nueve minutos del complemento otra jugada de Facu Torres gener\u00f3 peligro en el \u00e1rea de Plaza Colonia ingresando por la izquierda y rematando en la zona del punto de penal, pero que un rival logr\u00f3 interponerse a tiempo evitando un posible disparo hacia su arco.<\/p>\n<p style=\"text-align: justify;\">Los 90 minutos finalizaron en igualdad 1-1 y el 10 fue sustituido por su compa\u00f1ero Agust\u00edn \u00c1lvarez Wallace debido a su gran desgaste durante todo el encuentro que no le permiti\u00f3 finalizar los 120 minutos y formar parte de la definici\u00f3n por penales que consagro a Pe\u00f1arol campe\u00f3n del Campeonato Uruguayo 2021.<\/p>\n<p style=\"text-align: justify;\"><div class=\"user-wrapper\"><a class=\"userlink\" href=\"https:\/\/twitter.com\/PabloCarranzaOK\" target=\"_blank\"><figure><img decoding=\"async\" src=\"http:\/\/www.padreydecano.com\/cms\/wp-users-files\/postfirmas\/pablocarranza.jpg\" \/><\/figure><p class=\"user\"><strong>Pablo Carranza<\/strong><br \/>@PabloCarranzaOK<\/p><\/a><\/div><\/p>\n","protected":false},"excerpt":{"rendered":"<p>Durante el primer tiempo, el 10 intent\u00f3 hacerse de la pelota y poder marcar la diferencia. Gracias a su convicci\u00f3n, calidad y buen juego, pudo darle una alegr\u00eda sobre el final del primer tiempo a la gente de Pe\u00f1arol. Cuando faltaban cinco minutos para que finalice la primera etapa, el mediocampista Walter Gargano envi\u00f3 un [&hellip;]<\/p>\n","protected":false},"author":34,"featured_media":77414,"comment_status":"open","ping_status":"closed","sticky":false,"template":"","format":"standard","meta":{"footnotes":""},"categories":[1,13],"tags":[510],"yoast_head":"<!-- This site is optimized with the Yoast SEO plugin v23.2 - https:\/\/yoast.com\/wordpress\/plugins\/seo\/ -->\n<title>Facu Torres, el mejor de la final - Padre y Decano - El Sitio del Pueblo<\/title>\n<meta name=\"robots\" content=\"index, follow, max-snippet:-1, max-image-preview:large, max-video-preview:-1\" \/>\n<link rel=\"canonical\" href=\"https:\/\/www.padreydecano.com\/cms\/noticias\/facu-torres-el-mejor-de-la-final\/\" \/>\n<meta property=\"og:locale\" content=\"es_ES\" \/>\n<meta property=\"og:type\" content=\"article\" \/>\n<meta property=\"og:title\" content=\"Facu Torres, el mejor de la final - Padre y Decano - El Sitio del Pueblo\" \/>\n<meta property=\"og:description\" content=\"Durante el primer tiempo, el 10 intent\u00f3 hacerse de la pelota y poder marcar la diferencia. Gracias a su convicci\u00f3n, calidad y buen juego, pudo darle una alegr\u00eda sobre el final del primer tiempo a la gente de Pe\u00f1arol. Cuando faltaban cinco minutos para que finalice la primera etapa, el mediocampista Walter Gargano envi\u00f3 un [&hellip;]\" \/>\n<meta property=\"og:url\" content=\"https:\/\/www.padreydecano.com\/cms\/noticias\/facu-torres-el-mejor-de-la-final\/\" \/>\n<meta property=\"og:site_name\" content=\"Padre y Decano - El Sitio del Pueblo\" \/>\n<meta property=\"article:published_time\" content=\"2021-12-08T14:42:39+00:00\" \/>\n<meta property=\"article:modified_time\" content=\"2022-01-07T23:55:23+00:00\" \/>\n<meta property=\"og:image\" content=\"https:\/\/www.padreydecano.com\/cms\/wp-content\/uploads\/2021\/12\/penarol-campeon-2021-plaza-colonia-2021-foto-mariano-alvez-57.jpg\" \/>\n\t<meta property=\"og:image:width\" content=\"1200\" \/>\n\t<meta property=\"og:image:height\" content=\"801\" \/>\n\t<meta property=\"og:image:type\" content=\"image\/jpeg\" \/>\n<meta name=\"author\" content=\"Pablo Carranza\" \/>\n<meta name=\"twitter:card\" content=\"summary_large_image\" \/>\n<meta name=\"twitter:label1\" content=\"Escrito por\" \/>\n\t<meta name=\"twitter:data1\" content=\"Pablo Carranza\" \/>\n\t<meta name=\"twitter:label2\" content=\"Tiempo de lectura\" \/>\n\t<meta name=\"twitter:data2\" content=\"1 minuto\" \/>\n<script type=\"application\/ld+json\" class=\"yoast-schema-graph\">{\"@context\":\"https:\/\/schema.org\",\"@graph\":[{\"@type\":\"Article\",\"@id\":\"https:\/\/www.padreydecano.com\/cms\/noticias\/facu-torres-el-mejor-de-la-final\/#article\",\"isPartOf\":{\"@id\":\"https:\/\/www.padreydecano.com\/cms\/noticias\/facu-torres-el-mejor-de-la-final\/\"},\"author\":{\"name\":\"Pablo Carranza\",\"@id\":\"https:\/\/www.padreydecano.com\/cms\/#\/schema\/person\/81aeb72d97f208f384f2c44dfec93ef8\"},\"headline\":\"Facu Torres, el mejor de la final\",\"datePublished\":\"2021-12-08T14:42:39+00:00\",\"dateModified\":\"2022-01-07T23:55:23+00:00\",\"mainEntityOfPage\":{\"@id\":\"https:\/\/www.padreydecano.com\/cms\/noticias\/facu-torres-el-mejor-de-la-final\/\"},\"wordCount\":257,\"commentCount\":5,\"publisher\":{\"@id\":\"https:\/\/www.padreydecano.com\/cms\/#organization\"},\"image\":{\"@id\":\"https:\/\/www.padreydecano.com\/cms\/noticias\/facu-torres-el-mejor-de-la-final\/#primaryimage\"},\"thumbnailUrl\":\"https:\/\/www.padreydecano.com\/cms\/wp-content\/uploads\/2021\/12\/penarol-campeon-2021-plaza-colonia-2021-foto-mariano-alvez-57.jpg\",\"keywords\":[\"Pablo Carranza\"],\"articleSection\":[\"Noticias\",\"Partidos\"],\"inLanguage\":\"es\",\"potentialAction\":[{\"@type\":\"CommentAction\",\"name\":\"Comment\",\"target\":[\"https:\/\/www.padreydecano.com\/cms\/noticias\/facu-torres-el-mejor-de-la-final\/#respond\"]}]},{\"@type\":\"WebPage\",\"@id\":\"https:\/\/www.padreydecano.com\/cms\/noticias\/facu-torres-el-mejor-de-la-final\/\",\"url\":\"https:\/\/www.padreydecano.com\/cms\/noticias\/facu-torres-el-mejor-de-la-final\/\",\"name\":\"Facu Torres, el mejor de la final - Padre y Decano - El Sitio del Pueblo\",\"isPartOf\":{\"@id\":\"https:\/\/www.padreydecano.com\/cms\/#website\"},\"primaryImageOfPage\":{\"@id\":\"https:\/\/www.padreydecano.com\/cms\/noticias\/facu-torres-el-mejor-de-la-final\/#primaryimage\"},\"image\":{\"@id\":\"https:\/\/www.padreydecano.com\/cms\/noticias\/facu-torres-el-mejor-de-la-final\/#primaryimage\"},\"thumbnailUrl\":\"https:\/\/www.padreydecano.com\/cms\/wp-content\/uploads\/2021\/12\/penarol-campeon-2021-plaza-colonia-2021-foto-mariano-alvez-57.jpg\",\"datePublished\":\"2021-12-08T14:42:39+00:00\",\"dateModified\":\"2022-01-07T23:55:23+00:00\",\"breadcrumb\":{\"@id\":\"https:\/\/www.padreydecano.com\/cms\/noticias\/facu-torres-el-mejor-de-la-final\/#breadcrumb\"},\"inLanguage\":\"es\",\"potentialAction\":[{\"@type\":\"ReadAction\",\"target\":[\"https:\/\/www.padreydecano.com\/cms\/noticias\/facu-torres-el-mejor-de-la-final\/\"]}]},{\"@type\":\"ImageObject\",\"inLanguage\":\"es\",\"@id\":\"https:\/\/www.padreydecano.com\/cms\/noticias\/facu-torres-el-mejor-de-la-final\/#primaryimage\",\"url\":\"https:\/\/www.padreydecano.com\/cms\/wp-content\/uploads\/2021\/12\/penarol-campeon-2021-plaza-colonia-2021-foto-mariano-alvez-57.jpg\",\"contentUrl\":\"https:\/\/www.padreydecano.com\/cms\/wp-content\/uploads\/2021\/12\/penarol-campeon-2021-plaza-colonia-2021-foto-mariano-alvez-57.jpg\",\"width\":1200,\"height\":801},{\"@type\":\"BreadcrumbList\",\"@id\":\"https:\/\/www.padreydecano.com\/cms\/noticias\/facu-torres-el-mejor-de-la-final\/#breadcrumb\",\"itemListElement\":[{\"@type\":\"ListItem\",\"position\":1,\"name\":\"Portada\",\"item\":\"https:\/\/www.padreydecano.com\/cms\/\"},{\"@type\":\"ListItem\",\"position\":2,\"name\":\"Facu Torres, el mejor de la final\"}]},{\"@type\":\"WebSite\",\"@id\":\"https:\/\/www.padreydecano.com\/cms\/#website\",\"url\":\"https:\/\/www.padreydecano.com\/cms\/\",\"name\":\"Padre y Decano - El Sitio del Pueblo\",\"description\":\"Club Atl\u00e9tico Pe\u00f1arol\",\"publisher\":{\"@id\":\"https:\/\/www.padreydecano.com\/cms\/#organization\"},\"potentialAction\":[{\"@type\":\"SearchAction\",\"target\":{\"@type\":\"EntryPoint\",\"urlTemplate\":\"https:\/\/www.padreydecano.com\/cms\/?s={search_term_string}\"},\"query-input\":\"required name=search_term_string\"}],\"inLanguage\":\"es\"},{\"@type\":\"Organization\",\"@id\":\"https:\/\/www.padreydecano.com\/cms\/#organization\",\"name\":\"Padre y Decano\",\"url\":\"https:\/\/www.padreydecano.com\/cms\/\",\"logo\":{\"@type\":\"ImageObject\",\"inLanguage\":\"es\",\"@id\":\"https:\/\/www.padreydecano.com\/cms\/#\/schema\/logo\/image\/\",\"url\":\"https:\/\/www.padreydecano.com\/cms\/wp-content\/uploads\/2022\/01\/avatar-square.png\",\"contentUrl\":\"https:\/\/www.padreydecano.com\/cms\/wp-content\/uploads\/2022\/01\/avatar-square.png\",\"width\":1500,\"height\":1500,\"caption\":\"Padre y Decano\"},\"image\":{\"@id\":\"https:\/\/www.padreydecano.com\/cms\/#\/schema\/logo\/image\/\"}},{\"@type\":\"Person\",\"@id\":\"https:\/\/www.padreydecano.com\/cms\/#\/schema\/person\/81aeb72d97f208f384f2c44dfec93ef8\",\"name\":\"Pablo Carranza\",\"image\":{\"@type\":\"ImageObject\",\"inLanguage\":\"es\",\"@id\":\"https:\/\/www.padreydecano.com\/cms\/#\/schema\/person\/image\/\",\"url\":\"https:\/\/secure.gravatar.com\/avatar\/d2ca6fc250231c2f32ecfa6e0359664a?s=96&d=https%3A%2F%2Fpadreydecano.com%2Fcms%2Fwp-content%2Fthemes%2Fpyd-theme%2Fimg%2Fdefault-avatar.png&r=g\",\"contentUrl\":\"https:\/\/secure.gravatar.com\/avatar\/d2ca6fc250231c2f32ecfa6e0359664a?s=96&d=https%3A%2F%2Fpadreydecano.com%2Fcms%2Fwp-content%2Fthemes%2Fpyd-theme%2Fimg%2Fdefault-avatar.png&r=g\",\"caption\":\"Pablo Carranza\"}}]}<\/script>\n<!-- \/ Yoast SEO plugin. -->","yoast_head_json":{"title":"Facu Torres, el mejor de la final - Padre y Decano - El Sitio del Pueblo","robots":{"index":"index","follow":"follow","max-snippet":"max-snippet:-1","max-image-preview":"max-image-preview:large","max-video-preview":"max-video-preview:-1"},"canonical":"https:\/\/www.padreydecano.com\/cms\/noticias\/facu-torres-el-mejor-de-la-final\/","og_locale":"es_ES","og_type":"article","og_title":"Facu Torres, el mejor de la final - Padre y Decano - El Sitio del Pueblo","og_description":"Durante el primer tiempo, el 10 intent\u00f3 hacerse de la pelota y poder marcar la diferencia. Gracias a su convicci\u00f3n, calidad y buen juego, pudo darle una alegr\u00eda sobre el final del primer tiempo a la gente de Pe\u00f1arol. Cuando faltaban cinco minutos para que finalice la primera etapa, el mediocampista Walter Gargano envi\u00f3 un [&hellip;]","og_url":"https:\/\/www.padreydecano.com\/cms\/noticias\/facu-torres-el-mejor-de-la-final\/","og_site_name":"Padre y Decano - El Sitio del Pueblo","article_published_time":"2021-12-08T14:42:39+00:00","article_modified_time":"2022-01-07T23:55:23+00:00","og_image":[{"width":1200,"height":801,"url":"https:\/\/www.padreydecano.com\/cms\/wp-content\/uploads\/2021\/12\/penarol-campeon-2021-plaza-colonia-2021-foto-mariano-alvez-57.jpg","type":"image\/jpeg"}],"author":"Pablo Carranza","twitter_card":"summary_large_image","twitter_misc":{"Escrito por":"Pablo Carranza","Tiempo de lectura":"1 minuto"},"schema":{"@context":"https:\/\/schema.org","@graph":[{"@type":"Article","@id":"https:\/\/www.padreydecano.com\/cms\/noticias\/facu-torres-el-mejor-de-la-final\/#article","isPartOf":{"@id":"https:\/\/www.padreydecano.com\/cms\/noticias\/facu-torres-el-mejor-de-la-final\/"},"author":{"name":"Pablo Carranza","@id":"https:\/\/www.padreydecano.com\/cms\/#\/schema\/person\/81aeb72d97f208f384f2c44dfec93ef8"},"headline":"Facu Torres, el mejor de la final","datePublished":"2021-12-08T14:42:39+00:00","dateModified":"2022-01-07T23:55:23+00:00","mainEntityOfPage":{"@id":"https:\/\/www.padreydecano.com\/cms\/noticias\/facu-torres-el-mejor-de-la-final\/"},"wordCount":257,"commentCount":5,"publisher":{"@id":"https:\/\/www.padreydecano.com\/cms\/#organization"},"image":{"@id":"https:\/\/www.padreydecano.com\/cms\/noticias\/facu-torres-el-mejor-de-la-final\/#primaryimage"},"thumbnailUrl":"https:\/\/www.padreydecano.com\/cms\/wp-content\/uploads\/2021\/12\/penarol-campeon-2021-plaza-colonia-2021-foto-mariano-alvez-57.jpg","keywords":["Pablo Carranza"],"articleSection":["Noticias","Partidos"],"inLanguage":"es","potentialAction":[{"@type":"CommentAction","name":"Comment","target":["https:\/\/www.padreydecano.com\/cms\/noticias\/facu-torres-el-mejor-de-la-final\/#respond"]}]},{"@type":"WebPage","@id":"https:\/\/www.padreydecano.com\/cms\/noticias\/facu-torres-el-mejor-de-la-final\/","url":"https:\/\/www.padreydecano.com\/cms\/noticias\/facu-torres-el-mejor-de-la-final\/","name":"Facu Torres, el mejor de la final - Padre y Decano - El Sitio del Pueblo","isPartOf":{"@id":"https:\/\/www.padreydecano.com\/cms\/#website"},"primaryImageOfPage":{"@id":"https:\/\/www.padreydecano.com\/cms\/noticias\/facu-torres-el-mejor-de-la-final\/#primaryimage"},"image":{"@id":"https:\/\/www.padreydecano.com\/cms\/noticias\/facu-torres-el-mejor-de-la-final\/#primaryimage"},"thumbnailUrl":"https:\/\/www.padreydecano.com\/cms\/wp-content\/uploads\/2021\/12\/penarol-campeon-2021-plaza-colonia-2021-foto-mariano-alvez-57.jpg","datePublished":"2021-12-08T14:42:39+00:00","dateModified":"2022-01-07T23:55:23+00:00","breadcrumb":{"@id":"https:\/\/www.padreydecano.com\/cms\/noticias\/facu-torres-el-mejor-de-la-final\/#breadcrumb"},"inLanguage":"es","potentialAction":[{"@type":"ReadAction","target":["https:\/\/www.padreydecano.com\/cms\/noticias\/facu-torres-el-mejor-de-la-final\/"]}]},{"@type":"ImageObject","inLanguage":"es","@id":"https:\/\/www.padreydecano.com\/cms\/noticias\/facu-torres-el-mejor-de-la-final\/#primaryimage","url":"https:\/\/www.padreydecano.com\/cms\/wp-content\/uploads\/2021\/12\/penarol-campeon-2021-plaza-colonia-2021-foto-mariano-alvez-57.jpg","contentUrl":"https:\/\/www.padreydecano.com\/cms\/wp-content\/uploads\/2021\/12\/penarol-campeon-2021-plaza-colonia-2021-foto-mariano-alvez-57.jpg","width":1200,"height":801},{"@type":"BreadcrumbList","@id":"https:\/\/www.padreydecano.com\/cms\/noticias\/facu-torres-el-mejor-de-la-final\/#breadcrumb","itemListElement":[{"@type":"ListItem","position":1,"name":"Portada","item":"https:\/\/www.padreydecano.com\/cms\/"},{"@type":"ListItem","position":2,"name":"Facu Torres, el mejor de la final"}]},{"@type":"WebSite","@id":"https:\/\/www.padreydecano.com\/cms\/#website","url":"https:\/\/www.padreydecano.com\/cms\/","name":"Padre y Decano - El Sitio del Pueblo","description":"Club Atl\u00e9tico Pe\u00f1arol","publisher":{"@id":"https:\/\/www.padreydecano.com\/cms\/#organization"},"potentialAction":[{"@type":"SearchAction","target":{"@type":"EntryPoint","urlTemplate":"https:\/\/www.padreydecano.com\/cms\/?s={search_term_string}"},"query-input":"required name=search_term_string"}],"inLanguage":"es"},{"@type":"Organization","@id":"https:\/\/www.padreydecano.com\/cms\/#organization","name":"Padre y Decano","url":"https:\/\/www.padreydecano.com\/cms\/","logo":{"@type":"ImageObject","inLanguage":"es","@id":"https:\/\/www.padreydecano.com\/cms\/#\/schema\/logo\/image\/","url":"https:\/\/www.padreydecano.com\/cms\/wp-content\/uploads\/2022\/01\/avatar-square.png","contentUrl":"https:\/\/www.padreydecano.com\/cms\/wp-content\/uploads\/2022\/01\/avatar-square.png","width":1500,"height":1500,"caption":"Padre y Decano"},"image":{"@id":"https:\/\/www.padreydecano.com\/cms\/#\/schema\/logo\/image\/"}},{"@type":"Person","@id":"https:\/\/www.padreydecano.com\/cms\/#\/schema\/person\/81aeb72d97f208f384f2c44dfec93ef8","name":"Pablo Carranza","image":{"@type":"ImageObject","inLanguage":"es","@id":"https:\/\/www.padreydecano.com\/cms\/#\/schema\/person\/image\/","url":"https:\/\/secure.gravatar.com\/avatar\/d2ca6fc250231c2f32ecfa6e0359664a?s=96&d=https%3A%2F%2Fpadreydecano.com%2Fcms%2Fwp-content%2Fthemes%2Fpyd-theme%2Fimg%2Fdefault-avatar.png&r=g","contentUrl":"https:\/\/secure.gravatar.com\/avatar\/d2ca6fc250231c2f32ecfa6e0359664a?s=96&d=https%3A%2F%2Fpadreydecano.com%2Fcms%2Fwp-content%2Fthemes%2Fpyd-theme%2Fimg%2Fdefault-avatar.png&r=g","caption":"Pablo Carranza"}}]}},"_links":{"self":[{"href":"https:\/\/www.padreydecano.com\/cms\/wp-json\/wp\/v2\/posts\/77413"}],"collection":[{"href":"https:\/\/www.padreydecano.com\/cms\/wp-json\/wp\/v2\/posts"}],"about":[{"href":"https:\/\/www.padreydecano.com\/cms\/wp-json\/wp\/v2\/types\/post"}],"author":[{"embeddable":true,"href":"https:\/\/www.padreydecano.com\/cms\/wp-json\/wp\/v2\/users\/34"}],"replies":[{"embeddable":true,"href":"https:\/\/www.padreydecano.com\/cms\/wp-json\/wp\/v2\/comments?post=77413"}],"version-history":[{"count":0,"href":"https:\/\/www.padreydecano.com\/cms\/wp-json\/wp\/v2\/posts\/77413\/revisions"}],"wp:featuredmedia":[{"embeddable":true,"href":"https:\/\/www.padreydecano.com\/cms\/wp-json\/wp\/v2\/media\/77414"}],"wp:attachment":[{"href":"https:\/\/www.padreydecano.com\/cms\/wp-json\/wp\/v2\/media?parent=77413"}],"wp:term":[{"taxonomy":"category","embeddable":true,"href":"https:\/\/www.padreydecano.com\/cms\/wp-json\/wp\/v2\/categories?post=77413"},{"taxonomy":"post_tag","embeddable":true,"href":"https:\/\/www.padreydecano.com\/cms\/wp-json\/wp\/v2\/tags?post=77413"}],"curies":[{"name":"wp","href":"https:\/\/api.w.org\/{rel}","templated":true}]}}