{"id":77403,"date":"2021-12-06T13:32:00","date_gmt":"2021-12-06T16:32:00","guid":{"rendered":"http:\/\/www.padreydecano.com\/cms\/?p=77403"},"modified":"2021-12-08T00:42:23","modified_gmt":"2021-12-08T03:42:23","slug":"lo-que-faltaba","status":"publish","type":"post","link":"https:\/\/www.padreydecano.com\/cms\/noticias\/lo-que-faltaba\/","title":{"rendered":"Lo que faltaba"},"content":{"rendered":"<p style=\"text-align: justify;\"><a href=\"https:\/\/www.padreydecano.com\/cms\/wp-content\/uploads\/2018\/11\/final4-1.jpg\" rel=\"shadowbox[sbpost-77403];player=img;\"><img loading=\"lazy\" decoding=\"async\" class=\"aligncenter size-full wp-image-69004\" src=\"https:\/\/www.padreydecano.com\/cms\/wp-content\/uploads\/2018\/11\/final4-1.jpg\" alt=\"\" width=\"1920\" height=\"1080\" srcset=\"https:\/\/www.padreydecano.com\/cms\/wp-content\/uploads\/2018\/11\/final4-1.jpg 1920w, https:\/\/www.padreydecano.com\/cms\/wp-content\/uploads\/2018\/11\/final4-1-600x338.jpg 600w, https:\/\/www.padreydecano.com\/cms\/wp-content\/uploads\/2018\/11\/final4-1-768x432.jpg 768w, https:\/\/www.padreydecano.com\/cms\/wp-content\/uploads\/2018\/11\/final4-1-1024x576.jpg 1024w\" sizes=\"(max-width: 1920px) 100vw, 1920px\" \/><\/a><\/p>\n<p style=\"text-align: justify;\"><strong>La hinchada de Pe\u00f1arol, el movimiento social m\u00e1s grande de este pa\u00eds, no solo sufri\u00f3 junto al club el torneo m\u00e1s vergonzoso de los \u00faltimos tiempos, sino tambi\u00e9n un destrato innecesario a la hora de adquirir entradas.<\/strong><\/p>\n<p style=\"text-align: justify;\">Es entendible que por temas de calendario una final (semifinal para Plaza Colonia) se juegue un martes. Para el espect\u00e1culo no es lo mejor, ya que por la rutina semanal mucha gente se va a perder el encuentro. Lo que es inaceptable es que en el partido m\u00e1s importante del a\u00f1o, la gente de Pe\u00f1arol tenga un plazo de 24 horas para agotar 50 mil entradas y que el \u00fanico sistema de venta disponible no est\u00e9 a la altura.<\/p>\n<p style=\"text-align: justify;\">El s\u00e1bado pasado, el Campe\u00f3n del Siglo se llen\u00f3 con una cantidad cercana de p\u00fablico a la que se espera que haya en el Estadio Centenario y la venta fue fluida, debido a que los socios, palquistas y butaquistas pod\u00edan canjear su entrada por la \u201cTCAP\u201d y las entradas generales se vendieron por \u201cTickantel\u201d.<\/p>\n<p style=\"text-align: justify;\">Hoy tenemos una sola v\u00eda de compra, que se satur\u00f3 como se esperaba, pero para sorpresa de muchos el sitio se \u201ccay\u00f3\u201d y est\u00e1 en mantenimiento. Una falta de respeto.<\/p>\n<p style=\"text-align: justify;\">Otra falta de respeto es que Plaza Colonia y Pe\u00f1arol repartan ganancias, cuando el club del pueblo ser\u00e1 el que colme al Monumento del F\u00fatbol Mundial, y que adem\u00e1s el hincha del \u201cpatablanca\u201d pague menos por una general en la Tribuna Am\u00e9rica ($400) que lo que vale una \u00c1msterdam para el socio del Decano ($450).<\/p>\n<p style=\"text-align: justify;\">Estuvimos m\u00e1s de un a\u00f1o y medio sin poder decir presente debido a la pandemia. Volvimos gradualmente y en el partido m\u00e1s importante del a\u00f1o, nos premian con la peor venta de entradas que se recuerde.<\/p>\n<div class=\"user-wrapper\"><a class=\"userlink\" href=\"https:\/\/twitter.com\/gonzalo1891_\" target=\"_blank\"><figure><img decoding=\"async\" src=\"http:\/\/www.padreydecano.com\/cms\/wp-users-files\/postfirmas\/gonogando.jpg\" \/><\/figure><p class=\"user\"><strong>Gonzalo Ogando<\/strong><br \/>@gonzalo1891_<\/p><\/a><\/div>\n","protected":false},"excerpt":{"rendered":"<p>La hinchada de Pe\u00f1arol, el movimiento social m\u00e1s grande de este pa\u00eds, no solo sufri\u00f3 junto al club el torneo m\u00e1s vergonzoso de los \u00faltimos tiempos, sino tambi\u00e9n un destrato innecesario a la hora de adquirir entradas. Es entendible que por temas de calendario una final (semifinal para Plaza Colonia) se juegue un martes. Para [&hellip;]<\/p>\n","protected":false},"author":28,"featured_media":69004,"comment_status":"open","ping_status":"closed","sticky":false,"template":"","format":"standard","meta":{"footnotes":""},"categories":[1],"tags":[497],"yoast_head":"<!-- This site is optimized with the Yoast SEO plugin v23.2 - https:\/\/yoast.com\/wordpress\/plugins\/seo\/ -->\n<title>Lo que faltaba - Padre y Decano - El Sitio del Pueblo<\/title>\n<meta name=\"robots\" content=\"index, follow, max-snippet:-1, max-image-preview:large, max-video-preview:-1\" \/>\n<link rel=\"canonical\" href=\"https:\/\/www.padreydecano.com\/cms\/noticias\/lo-que-faltaba\/\" \/>\n<meta property=\"og:locale\" content=\"es_ES\" \/>\n<meta property=\"og:type\" content=\"article\" \/>\n<meta property=\"og:title\" content=\"Lo que faltaba - Padre y Decano - El Sitio del Pueblo\" \/>\n<meta property=\"og:description\" content=\"La hinchada de Pe\u00f1arol, el movimiento social m\u00e1s grande de este pa\u00eds, no solo sufri\u00f3 junto al club el torneo m\u00e1s vergonzoso de los \u00faltimos tiempos, sino tambi\u00e9n un destrato innecesario a la hora de adquirir entradas. Es entendible que por temas de calendario una final (semifinal para Plaza Colonia) se juegue un martes. Para [&hellip;]\" \/>\n<meta property=\"og:url\" content=\"https:\/\/www.padreydecano.com\/cms\/noticias\/lo-que-faltaba\/\" \/>\n<meta property=\"og:site_name\" content=\"Padre y Decano - El Sitio del Pueblo\" \/>\n<meta property=\"article:published_time\" content=\"2021-12-06T16:32:00+00:00\" \/>\n<meta property=\"article:modified_time\" content=\"2021-12-08T03:42:23+00:00\" \/>\n<meta property=\"og:image\" content=\"https:\/\/www.padreydecano.com\/cms\/wp-content\/uploads\/2018\/11\/final4-1.jpg\" \/>\n\t<meta property=\"og:image:width\" content=\"1920\" \/>\n\t<meta property=\"og:image:height\" content=\"1080\" \/>\n\t<meta property=\"og:image:type\" content=\"image\/jpeg\" \/>\n<meta name=\"author\" content=\"Gonzalo\" \/>\n<meta name=\"twitter:card\" content=\"summary_large_image\" \/>\n<meta name=\"twitter:label1\" content=\"Escrito por\" \/>\n\t<meta name=\"twitter:data1\" content=\"Gonzalo\" \/>\n\t<meta name=\"twitter:label2\" content=\"Tiempo de lectura\" \/>\n\t<meta name=\"twitter:data2\" content=\"2 minutos\" \/>\n<script type=\"application\/ld+json\" class=\"yoast-schema-graph\">{\"@context\":\"https:\/\/schema.org\",\"@graph\":[{\"@type\":\"Article\",\"@id\":\"https:\/\/www.padreydecano.com\/cms\/noticias\/lo-que-faltaba\/#article\",\"isPartOf\":{\"@id\":\"https:\/\/www.padreydecano.com\/cms\/noticias\/lo-que-faltaba\/\"},\"author\":{\"name\":\"Gonzalo\",\"@id\":\"https:\/\/www.padreydecano.com\/cms\/#\/schema\/person\/3e2a4cfe3d316ff79509ec21362b322b\"},\"headline\":\"Lo que faltaba\",\"datePublished\":\"2021-12-06T16:32:00+00:00\",\"dateModified\":\"2021-12-08T03:42:23+00:00\",\"mainEntityOfPage\":{\"@id\":\"https:\/\/www.padreydecano.com\/cms\/noticias\/lo-que-faltaba\/\"},\"wordCount\":313,\"commentCount\":31,\"publisher\":{\"@id\":\"https:\/\/www.padreydecano.com\/cms\/#organization\"},\"image\":{\"@id\":\"https:\/\/www.padreydecano.com\/cms\/noticias\/lo-que-faltaba\/#primaryimage\"},\"thumbnailUrl\":\"https:\/\/www.padreydecano.com\/cms\/wp-content\/uploads\/2018\/11\/final4-1.jpg\",\"keywords\":[\"Campeonato Uruguayo 2021\"],\"articleSection\":[\"Noticias\"],\"inLanguage\":\"es\",\"potentialAction\":[{\"@type\":\"CommentAction\",\"name\":\"Comment\",\"target\":[\"https:\/\/www.padreydecano.com\/cms\/noticias\/lo-que-faltaba\/#respond\"]}]},{\"@type\":\"WebPage\",\"@id\":\"https:\/\/www.padreydecano.com\/cms\/noticias\/lo-que-faltaba\/\",\"url\":\"https:\/\/www.padreydecano.com\/cms\/noticias\/lo-que-faltaba\/\",\"name\":\"Lo que faltaba - Padre y Decano - El Sitio del Pueblo\",\"isPartOf\":{\"@id\":\"https:\/\/www.padreydecano.com\/cms\/#website\"},\"primaryImageOfPage\":{\"@id\":\"https:\/\/www.padreydecano.com\/cms\/noticias\/lo-que-faltaba\/#primaryimage\"},\"image\":{\"@id\":\"https:\/\/www.padreydecano.com\/cms\/noticias\/lo-que-faltaba\/#primaryimage\"},\"thumbnailUrl\":\"https:\/\/www.padreydecano.com\/cms\/wp-content\/uploads\/2018\/11\/final4-1.jpg\",\"datePublished\":\"2021-12-06T16:32:00+00:00\",\"dateModified\":\"2021-12-08T03:42:23+00:00\",\"breadcrumb\":{\"@id\":\"https:\/\/www.padreydecano.com\/cms\/noticias\/lo-que-faltaba\/#breadcrumb\"},\"inLanguage\":\"es\",\"potentialAction\":[{\"@type\":\"ReadAction\",\"target\":[\"https:\/\/www.padreydecano.com\/cms\/noticias\/lo-que-faltaba\/\"]}]},{\"@type\":\"ImageObject\",\"inLanguage\":\"es\",\"@id\":\"https:\/\/www.padreydecano.com\/cms\/noticias\/lo-que-faltaba\/#primaryimage\",\"url\":\"https:\/\/www.padreydecano.com\/cms\/wp-content\/uploads\/2018\/11\/final4-1.jpg\",\"contentUrl\":\"https:\/\/www.padreydecano.com\/cms\/wp-content\/uploads\/2018\/11\/final4-1.jpg\",\"width\":1920,\"height\":1080},{\"@type\":\"BreadcrumbList\",\"@id\":\"https:\/\/www.padreydecano.com\/cms\/noticias\/lo-que-faltaba\/#breadcrumb\",\"itemListElement\":[{\"@type\":\"ListItem\",\"position\":1,\"name\":\"Portada\",\"item\":\"https:\/\/www.padreydecano.com\/cms\/\"},{\"@type\":\"ListItem\",\"position\":2,\"name\":\"Lo que faltaba\"}]},{\"@type\":\"WebSite\",\"@id\":\"https:\/\/www.padreydecano.com\/cms\/#website\",\"url\":\"https:\/\/www.padreydecano.com\/cms\/\",\"name\":\"Padre y Decano - El Sitio del Pueblo\",\"description\":\"Club Atl\u00e9tico Pe\u00f1arol\",\"publisher\":{\"@id\":\"https:\/\/www.padreydecano.com\/cms\/#organization\"},\"potentialAction\":[{\"@type\":\"SearchAction\",\"target\":{\"@type\":\"EntryPoint\",\"urlTemplate\":\"https:\/\/www.padreydecano.com\/cms\/?s={search_term_string}\"},\"query-input\":\"required name=search_term_string\"}],\"inLanguage\":\"es\"},{\"@type\":\"Organization\",\"@id\":\"https:\/\/www.padreydecano.com\/cms\/#organization\",\"name\":\"Padre y Decano\",\"url\":\"https:\/\/www.padreydecano.com\/cms\/\",\"logo\":{\"@type\":\"ImageObject\",\"inLanguage\":\"es\",\"@id\":\"https:\/\/www.padreydecano.com\/cms\/#\/schema\/logo\/image\/\",\"url\":\"https:\/\/www.padreydecano.com\/cms\/wp-content\/uploads\/2022\/01\/avatar-square.png\",\"contentUrl\":\"https:\/\/www.padreydecano.com\/cms\/wp-content\/uploads\/2022\/01\/avatar-square.png\",\"width\":1500,\"height\":1500,\"caption\":\"Padre y Decano\"},\"image\":{\"@id\":\"https:\/\/www.padreydecano.com\/cms\/#\/schema\/logo\/image\/\"}},{\"@type\":\"Person\",\"@id\":\"https:\/\/www.padreydecano.com\/cms\/#\/schema\/person\/3e2a4cfe3d316ff79509ec21362b322b\",\"name\":\"Gonzalo\",\"image\":{\"@type\":\"ImageObject\",\"inLanguage\":\"es\",\"@id\":\"https:\/\/www.padreydecano.com\/cms\/#\/schema\/person\/image\/\",\"url\":\"https:\/\/www.padreydecano.com\/cms\/wp-content\/uploads\/2022\/12\/escudo1997.jpg\",\"contentUrl\":\"https:\/\/www.padreydecano.com\/cms\/wp-content\/uploads\/2022\/12\/escudo1997.jpg\",\"caption\":\"Gonzalo\"}}]}<\/script>\n<!-- \/ Yoast SEO plugin. -->","yoast_head_json":{"title":"Lo que faltaba - Padre y Decano - El Sitio del Pueblo","robots":{"index":"index","follow":"follow","max-snippet":"max-snippet:-1","max-image-preview":"max-image-preview:large","max-video-preview":"max-video-preview:-1"},"canonical":"https:\/\/www.padreydecano.com\/cms\/noticias\/lo-que-faltaba\/","og_locale":"es_ES","og_type":"article","og_title":"Lo que faltaba - Padre y Decano - El Sitio del Pueblo","og_description":"La hinchada de Pe\u00f1arol, el movimiento social m\u00e1s grande de este pa\u00eds, no solo sufri\u00f3 junto al club el torneo m\u00e1s vergonzoso de los \u00faltimos tiempos, sino tambi\u00e9n un destrato innecesario a la hora de adquirir entradas. Es entendible que por temas de calendario una final (semifinal para Plaza Colonia) se juegue un martes. Para [&hellip;]","og_url":"https:\/\/www.padreydecano.com\/cms\/noticias\/lo-que-faltaba\/","og_site_name":"Padre y Decano - El Sitio del Pueblo","article_published_time":"2021-12-06T16:32:00+00:00","article_modified_time":"2021-12-08T03:42:23+00:00","og_image":[{"width":1920,"height":1080,"url":"https:\/\/www.padreydecano.com\/cms\/wp-content\/uploads\/2018\/11\/final4-1.jpg","type":"image\/jpeg"}],"author":"Gonzalo","twitter_card":"summary_large_image","twitter_misc":{"Escrito por":"Gonzalo","Tiempo de lectura":"2 minutos"},"schema":{"@context":"https:\/\/schema.org","@graph":[{"@type":"Article","@id":"https:\/\/www.padreydecano.com\/cms\/noticias\/lo-que-faltaba\/#article","isPartOf":{"@id":"https:\/\/www.padreydecano.com\/cms\/noticias\/lo-que-faltaba\/"},"author":{"name":"Gonzalo","@id":"https:\/\/www.padreydecano.com\/cms\/#\/schema\/person\/3e2a4cfe3d316ff79509ec21362b322b"},"headline":"Lo que faltaba","datePublished":"2021-12-06T16:32:00+00:00","dateModified":"2021-12-08T03:42:23+00:00","mainEntityOfPage":{"@id":"https:\/\/www.padreydecano.com\/cms\/noticias\/lo-que-faltaba\/"},"wordCount":313,"commentCount":31,"publisher":{"@id":"https:\/\/www.padreydecano.com\/cms\/#organization"},"image":{"@id":"https:\/\/www.padreydecano.com\/cms\/noticias\/lo-que-faltaba\/#primaryimage"},"thumbnailUrl":"https:\/\/www.padreydecano.com\/cms\/wp-content\/uploads\/2018\/11\/final4-1.jpg","keywords":["Campeonato Uruguayo 2021"],"articleSection":["Noticias"],"inLanguage":"es","potentialAction":[{"@type":"CommentAction","name":"Comment","target":["https:\/\/www.padreydecano.com\/cms\/noticias\/lo-que-faltaba\/#respond"]}]},{"@type":"WebPage","@id":"https:\/\/www.padreydecano.com\/cms\/noticias\/lo-que-faltaba\/","url":"https:\/\/www.padreydecano.com\/cms\/noticias\/lo-que-faltaba\/","name":"Lo que faltaba - Padre y Decano - El Sitio del Pueblo","isPartOf":{"@id":"https:\/\/www.padreydecano.com\/cms\/#website"},"primaryImageOfPage":{"@id":"https:\/\/www.padreydecano.com\/cms\/noticias\/lo-que-faltaba\/#primaryimage"},"image":{"@id":"https:\/\/www.padreydecano.com\/cms\/noticias\/lo-que-faltaba\/#primaryimage"},"thumbnailUrl":"https:\/\/www.padreydecano.com\/cms\/wp-content\/uploads\/2018\/11\/final4-1.jpg","datePublished":"2021-12-06T16:32:00+00:00","dateModified":"2021-12-08T03:42:23+00:00","breadcrumb":{"@id":"https:\/\/www.padreydecano.com\/cms\/noticias\/lo-que-faltaba\/#breadcrumb"},"inLanguage":"es","potentialAction":[{"@type":"ReadAction","target":["https:\/\/www.padreydecano.com\/cms\/noticias\/lo-que-faltaba\/"]}]},{"@type":"ImageObject","inLanguage":"es","@id":"https:\/\/www.padreydecano.com\/cms\/noticias\/lo-que-faltaba\/#primaryimage","url":"https:\/\/www.padreydecano.com\/cms\/wp-content\/uploads\/2018\/11\/final4-1.jpg","contentUrl":"https:\/\/www.padreydecano.com\/cms\/wp-content\/uploads\/2018\/11\/final4-1.jpg","width":1920,"height":1080},{"@type":"BreadcrumbList","@id":"https:\/\/www.padreydecano.com\/cms\/noticias\/lo-que-faltaba\/#breadcrumb","itemListElement":[{"@type":"ListItem","position":1,"name":"Portada","item":"https:\/\/www.padreydecano.com\/cms\/"},{"@type":"ListItem","position":2,"name":"Lo que faltaba"}]},{"@type":"WebSite","@id":"https:\/\/www.padreydecano.com\/cms\/#website","url":"https:\/\/www.padreydecano.com\/cms\/","name":"Padre y Decano - El Sitio del Pueblo","description":"Club Atl\u00e9tico Pe\u00f1arol","publisher":{"@id":"https:\/\/www.padreydecano.com\/cms\/#organization"},"potentialAction":[{"@type":"SearchAction","target":{"@type":"EntryPoint","urlTemplate":"https:\/\/www.padreydecano.com\/cms\/?s={search_term_string}"},"query-input":"required name=search_term_string"}],"inLanguage":"es"},{"@type":"Organization","@id":"https:\/\/www.padreydecano.com\/cms\/#organization","name":"Padre y Decano","url":"https:\/\/www.padreydecano.com\/cms\/","logo":{"@type":"ImageObject","inLanguage":"es","@id":"https:\/\/www.padreydecano.com\/cms\/#\/schema\/logo\/image\/","url":"https:\/\/www.padreydecano.com\/cms\/wp-content\/uploads\/2022\/01\/avatar-square.png","contentUrl":"https:\/\/www.padreydecano.com\/cms\/wp-content\/uploads\/2022\/01\/avatar-square.png","width":1500,"height":1500,"caption":"Padre y Decano"},"image":{"@id":"https:\/\/www.padreydecano.com\/cms\/#\/schema\/logo\/image\/"}},{"@type":"Person","@id":"https:\/\/www.padreydecano.com\/cms\/#\/schema\/person\/3e2a4cfe3d316ff79509ec21362b322b","name":"Gonzalo","image":{"@type":"ImageObject","inLanguage":"es","@id":"https:\/\/www.padreydecano.com\/cms\/#\/schema\/person\/image\/","url":"https:\/\/www.padreydecano.com\/cms\/wp-content\/uploads\/2022\/12\/escudo1997.jpg","contentUrl":"https:\/\/www.padreydecano.com\/cms\/wp-content\/uploads\/2022\/12\/escudo1997.jpg","caption":"Gonzalo"}}]}},"_links":{"self":[{"href":"https:\/\/www.padreydecano.com\/cms\/wp-json\/wp\/v2\/posts\/77403"}],"collection":[{"href":"https:\/\/www.padreydecano.com\/cms\/wp-json\/wp\/v2\/posts"}],"about":[{"href":"https:\/\/www.padreydecano.com\/cms\/wp-json\/wp\/v2\/types\/post"}],"author":[{"embeddable":true,"href":"https:\/\/www.padreydecano.com\/cms\/wp-json\/wp\/v2\/users\/28"}],"replies":[{"embeddable":true,"href":"https:\/\/www.padreydecano.com\/cms\/wp-json\/wp\/v2\/comments?post=77403"}],"version-history":[{"count":0,"href":"https:\/\/www.padreydecano.com\/cms\/wp-json\/wp\/v2\/posts\/77403\/revisions"}],"wp:featuredmedia":[{"embeddable":true,"href":"https:\/\/www.padreydecano.com\/cms\/wp-json\/wp\/v2\/media\/69004"}],"wp:attachment":[{"href":"https:\/\/www.padreydecano.com\/cms\/wp-json\/wp\/v2\/media?parent=77403"}],"wp:term":[{"taxonomy":"category","embeddable":true,"href":"https:\/\/www.padreydecano.com\/cms\/wp-json\/wp\/v2\/categories?post=77403"},{"taxonomy":"post_tag","embeddable":true,"href":"https:\/\/www.padreydecano.com\/cms\/wp-json\/wp\/v2\/tags?post=77403"}],"curies":[{"name":"wp","href":"https:\/\/api.w.org\/{rel}","templated":true}]}}