{"id":77380,"date":"2021-12-03T14:53:34","date_gmt":"2021-12-03T17:53:34","guid":{"rendered":"http:\/\/www.padreydecano.com\/cms\/?p=77380"},"modified":"2021-12-04T23:58:25","modified_gmt":"2021-12-05T02:58:25","slug":"dame-esa-alegria","status":"publish","type":"post","link":"https:\/\/www.padreydecano.com\/cms\/noticias\/dame-esa-alegria\/","title":{"rendered":"Dame esa alegr\u00eda"},"content":{"rendered":"<p><a href=\"https:\/\/www.padreydecano.com\/cms\/wp-content\/uploads\/2021\/11\/Bruno-Tasende-0041.jpg\" rel=\"shadowbox[sbpost-77380];player=img;\"><img loading=\"lazy\" decoding=\"async\" class=\"aligncenter size-full wp-image-77332\" src=\"https:\/\/www.padreydecano.com\/cms\/wp-content\/uploads\/2021\/11\/Bruno-Tasende-0041.jpg\" alt=\"\" width=\"4847\" height=\"3231\" srcset=\"https:\/\/www.padreydecano.com\/cms\/wp-content\/uploads\/2021\/11\/Bruno-Tasende-0041.jpg 4847w, https:\/\/www.padreydecano.com\/cms\/wp-content\/uploads\/2021\/11\/Bruno-Tasende-0041-600x400.jpg 600w, https:\/\/www.padreydecano.com\/cms\/wp-content\/uploads\/2021\/11\/Bruno-Tasende-0041-768x512.jpg 768w, https:\/\/www.padreydecano.com\/cms\/wp-content\/uploads\/2021\/11\/Bruno-Tasende-0041-1024x683.jpg 1024w\" sizes=\"(max-width: 4847px) 100vw, 4847px\" \/><\/a><\/p>\n<p style=\"text-align: justify;\"><strong>Pe\u00f1arol recibir\u00e1 el pr\u00f3ximo s\u00e1bado a Sud Am\u00e9rica en el Estadio Campe\u00f3n del Siglo con el objetivo de conseguir una victoria que le permita el pasaje a la final del Campeonato Uruguayo. Con entradas agotadas, el Carbonero se medir\u00e1 ante el Buz\u00f3n por la \u00faltima fecha. El partido ser\u00e1 televisado por VTV.<\/strong><\/p>\n<p style=\"text-align: justify;\"><span style=\"color: #ffcc00;\"><strong>Equipo probable<\/strong><\/span><\/p>\n<p style=\"text-align: justify;\">Kevin Dawson; Maximiliano Pereira, Carlos Rodr\u00edguez, Gary Kagelmacher, Edgar Elizalde; Jes\u00fas Trindade, Dami\u00e1n Musto; Agust\u00edn Canobbio, Facundo Torres, Ignacio Laquintana; Agust\u00edn \u00c1lvarez Mart\u00ednez.<\/p>\n<p style=\"text-align: justify;\"><span style=\"color: #ffcc00;\"><strong>Varias bajas<\/strong><\/span><\/p>\n<p style=\"text-align: justify;\">El equipo conducido por Mauricio Larriera tendr\u00e1 varias bajas para el encuentro del s\u00e1bado. Giovanni Gonz\u00e1lez y Walter Gargano llegaron a la quinta amarilla y no podr\u00e1n estar en la convocatoria para el \u00faltimo partido del Torneo Clausura. Por su parte, Valent\u00edn Rodr\u00edguez, sufri\u00f3 fractura desplazada de r\u00f3tula, con un tiempo de recuperaci\u00f3n de aproximadamente 6 meses.<\/p>\n<p style=\"text-align: justify;\"><span style=\"color: #ffcc00;\"><strong>La vuelta del goleador<\/strong><\/span><\/p>\n<p style=\"text-align: justify;\">Agust\u00edn \u00c1lvarez Mart\u00ednez vuelve a estar a la orden y ser\u00e1 parte de la oncena titular.<\/p>\n<p style=\"text-align: justify;\"><span style=\"color: #ffcc00;\"><strong>\u00bfC\u00f3mo vienen ambos?<\/strong><\/span><\/p>\n<p style=\"text-align: justify;\">El Decano viene de igualar sin goles ante el Gaucho del Pantanoso. En una tarde inh\u00f3spita, el Aurinegro fue m\u00e1s, pero no pudo vencer el arco defendido por Rodrigo Formento. Si bien Pe\u00f1arol viene de 3 empates consecutivos, a\u00fan depende de s\u00ed mismo para obtener el campeonato.<\/p>\n<p style=\"text-align: justify;\">La visita, la IASA, se posiciona en la pen\u00faltima ubicaci\u00f3n de la tabla del Torneo Clausura con 13 puntos. Partido vital para el elenco naranja, quien pelea en el fondo de la tabla para no descender junto a Progreso y Boston River.<\/p>\n<p style=\"text-align: justify;\"><span style=\"color: #ffcc00;\"><strong>\u00daltimos 3 antecedentes<\/strong><\/span><\/p>\n<p style=\"text-align: justify;\">Torneo Apertura 2017: <span style=\"color: #ffcc00;\"><strong>Pe\u00f1arol<\/strong> <\/span>4 \u2013 0 Sud Am\u00e9rica<\/p>\n<p style=\"text-align: justify;\">Torneo Clausura 2017: Sud Am\u00e9rica 2 \u2013 3 <strong><span style=\"color: #ffcc00;\">Pe\u00f1arol<\/span><\/strong><\/p>\n<p style=\"text-align: justify;\">Torneo Apertura 2021: Sud Am\u00e9rica 1 \u2013 1 <strong><span style=\"color: #ffcc00;\">Pe\u00f1arol<\/span><\/strong><br \/>\n<strong><br \/>\n<span style=\"color: #ffcc00;\">\u00c1rbitros<\/span><\/strong><\/p>\n<p style=\"text-align: justify;\">Gustavo Tejera ser\u00e1 el \u00e1rbitro principal del encuentro. Lo asistir\u00e1n Richard Trinidad y Gustavo Lisboa. El cuarto \u00e1rbitro ser\u00e1 Antonio Garc\u00eda. Habr\u00e1 VAR en el encuentro, que estar\u00e1 a cargo Jonathan Fuentes y Nicol\u00e1s Tar\u00e1n.<\/p>\n<div class=\"user-wrapper\"><a class=\"userlink\" href=\"https:\/\/twitter.com\/mathiaastilve\" target=\"_blank\"><figure><img decoding=\"async\" src=\"http:\/\/www.padreydecano.com\/cms\/wp-users-files\/postfirmas\/mathiastilve.jpg\" \/><\/figure><p class=\"user\"><strong>Mathias Tilve<\/strong><br \/>@mathiaastilve<\/p><\/a><\/div>\n","protected":false},"excerpt":{"rendered":"<p>Pe\u00f1arol recibir\u00e1 el pr\u00f3ximo s\u00e1bado a Sud Am\u00e9rica en el Estadio Campe\u00f3n del Siglo con el objetivo de conseguir una victoria que le permita el pasaje a la final del Campeonato Uruguayo. Con entradas agotadas, el Carbonero se medir\u00e1 ante el Buz\u00f3n por la \u00faltima fecha. El partido ser\u00e1 televisado por VTV. Equipo probable Kevin [&hellip;]<\/p>\n","protected":false},"author":30,"featured_media":77332,"comment_status":"open","ping_status":"closed","sticky":false,"template":"","format":"standard","meta":{"footnotes":""},"categories":[1],"tags":[496],"yoast_head":"<!-- This site is optimized with the Yoast SEO plugin v23.2 - https:\/\/yoast.com\/wordpress\/plugins\/seo\/ -->\n<title>Dame esa alegr\u00eda - Padre y Decano - El Sitio del Pueblo<\/title>\n<meta name=\"robots\" content=\"index, follow, max-snippet:-1, max-image-preview:large, max-video-preview:-1\" \/>\n<link rel=\"canonical\" href=\"https:\/\/www.padreydecano.com\/cms\/noticias\/dame-esa-alegria\/\" \/>\n<meta property=\"og:locale\" content=\"es_ES\" \/>\n<meta property=\"og:type\" content=\"article\" \/>\n<meta property=\"og:title\" content=\"Dame esa alegr\u00eda - Padre y Decano - El Sitio del Pueblo\" \/>\n<meta property=\"og:description\" content=\"Pe\u00f1arol recibir\u00e1 el pr\u00f3ximo s\u00e1bado a Sud Am\u00e9rica en el Estadio Campe\u00f3n del Siglo con el objetivo de conseguir una victoria que le permita el pasaje a la final del Campeonato Uruguayo. Con entradas agotadas, el Carbonero se medir\u00e1 ante el Buz\u00f3n por la \u00faltima fecha. El partido ser\u00e1 televisado por VTV. Equipo probable Kevin [&hellip;]\" \/>\n<meta property=\"og:url\" content=\"https:\/\/www.padreydecano.com\/cms\/noticias\/dame-esa-alegria\/\" \/>\n<meta property=\"og:site_name\" content=\"Padre y Decano - El Sitio del Pueblo\" \/>\n<meta property=\"article:published_time\" content=\"2021-12-03T17:53:34+00:00\" \/>\n<meta property=\"article:modified_time\" content=\"2021-12-05T02:58:25+00:00\" \/>\n<meta property=\"og:image\" content=\"https:\/\/www.padreydecano.com\/cms\/wp-content\/uploads\/2021\/11\/Bruno-Tasende-0041.jpg\" \/>\n\t<meta property=\"og:image:width\" content=\"4847\" \/>\n\t<meta property=\"og:image:height\" content=\"3231\" \/>\n\t<meta property=\"og:image:type\" content=\"image\/jpeg\" \/>\n<meta name=\"author\" content=\"Udelar\" \/>\n<meta name=\"twitter:card\" content=\"summary_large_image\" \/>\n<meta name=\"twitter:label1\" content=\"Escrito por\" \/>\n\t<meta name=\"twitter:data1\" content=\"Udelar\" \/>\n\t<meta name=\"twitter:label2\" content=\"Tiempo de lectura\" \/>\n\t<meta name=\"twitter:data2\" content=\"2 minutos\" \/>\n<script type=\"application\/ld+json\" class=\"yoast-schema-graph\">{\"@context\":\"https:\/\/schema.org\",\"@graph\":[{\"@type\":\"Article\",\"@id\":\"https:\/\/www.padreydecano.com\/cms\/noticias\/dame-esa-alegria\/#article\",\"isPartOf\":{\"@id\":\"https:\/\/www.padreydecano.com\/cms\/noticias\/dame-esa-alegria\/\"},\"author\":{\"name\":\"Udelar\",\"@id\":\"https:\/\/www.padreydecano.com\/cms\/#\/schema\/person\/b22191326be6d1c7fa55c2ad137a9a32\"},\"headline\":\"Dame esa alegr\u00eda\",\"datePublished\":\"2021-12-03T17:53:34+00:00\",\"dateModified\":\"2021-12-05T02:58:25+00:00\",\"mainEntityOfPage\":{\"@id\":\"https:\/\/www.padreydecano.com\/cms\/noticias\/dame-esa-alegria\/\"},\"wordCount\":341,\"commentCount\":24,\"publisher\":{\"@id\":\"https:\/\/www.padreydecano.com\/cms\/#organization\"},\"image\":{\"@id\":\"https:\/\/www.padreydecano.com\/cms\/noticias\/dame-esa-alegria\/#primaryimage\"},\"thumbnailUrl\":\"https:\/\/www.padreydecano.com\/cms\/wp-content\/uploads\/2021\/11\/Bruno-Tasende-0041.jpg\",\"keywords\":[\"Torneo Clausura 2021\"],\"articleSection\":[\"Noticias\"],\"inLanguage\":\"es\",\"potentialAction\":[{\"@type\":\"CommentAction\",\"name\":\"Comment\",\"target\":[\"https:\/\/www.padreydecano.com\/cms\/noticias\/dame-esa-alegria\/#respond\"]}]},{\"@type\":\"WebPage\",\"@id\":\"https:\/\/www.padreydecano.com\/cms\/noticias\/dame-esa-alegria\/\",\"url\":\"https:\/\/www.padreydecano.com\/cms\/noticias\/dame-esa-alegria\/\",\"name\":\"Dame esa alegr\u00eda - Padre y Decano - El Sitio del Pueblo\",\"isPartOf\":{\"@id\":\"https:\/\/www.padreydecano.com\/cms\/#website\"},\"primaryImageOfPage\":{\"@id\":\"https:\/\/www.padreydecano.com\/cms\/noticias\/dame-esa-alegria\/#primaryimage\"},\"image\":{\"@id\":\"https:\/\/www.padreydecano.com\/cms\/noticias\/dame-esa-alegria\/#primaryimage\"},\"thumbnailUrl\":\"https:\/\/www.padreydecano.com\/cms\/wp-content\/uploads\/2021\/11\/Bruno-Tasende-0041.jpg\",\"datePublished\":\"2021-12-03T17:53:34+00:00\",\"dateModified\":\"2021-12-05T02:58:25+00:00\",\"breadcrumb\":{\"@id\":\"https:\/\/www.padreydecano.com\/cms\/noticias\/dame-esa-alegria\/#breadcrumb\"},\"inLanguage\":\"es\",\"potentialAction\":[{\"@type\":\"ReadAction\",\"target\":[\"https:\/\/www.padreydecano.com\/cms\/noticias\/dame-esa-alegria\/\"]}]},{\"@type\":\"ImageObject\",\"inLanguage\":\"es\",\"@id\":\"https:\/\/www.padreydecano.com\/cms\/noticias\/dame-esa-alegria\/#primaryimage\",\"url\":\"https:\/\/www.padreydecano.com\/cms\/wp-content\/uploads\/2021\/11\/Bruno-Tasende-0041.jpg\",\"contentUrl\":\"https:\/\/www.padreydecano.com\/cms\/wp-content\/uploads\/2021\/11\/Bruno-Tasende-0041.jpg\",\"width\":4847,\"height\":3231},{\"@type\":\"BreadcrumbList\",\"@id\":\"https:\/\/www.padreydecano.com\/cms\/noticias\/dame-esa-alegria\/#breadcrumb\",\"itemListElement\":[{\"@type\":\"ListItem\",\"position\":1,\"name\":\"Portada\",\"item\":\"https:\/\/www.padreydecano.com\/cms\/\"},{\"@type\":\"ListItem\",\"position\":2,\"name\":\"Dame esa alegr\u00eda\"}]},{\"@type\":\"WebSite\",\"@id\":\"https:\/\/www.padreydecano.com\/cms\/#website\",\"url\":\"https:\/\/www.padreydecano.com\/cms\/\",\"name\":\"Padre y Decano - El Sitio del Pueblo\",\"description\":\"Club Atl\u00e9tico Pe\u00f1arol\",\"publisher\":{\"@id\":\"https:\/\/www.padreydecano.com\/cms\/#organization\"},\"potentialAction\":[{\"@type\":\"SearchAction\",\"target\":{\"@type\":\"EntryPoint\",\"urlTemplate\":\"https:\/\/www.padreydecano.com\/cms\/?s={search_term_string}\"},\"query-input\":\"required name=search_term_string\"}],\"inLanguage\":\"es\"},{\"@type\":\"Organization\",\"@id\":\"https:\/\/www.padreydecano.com\/cms\/#organization\",\"name\":\"Padre y Decano\",\"url\":\"https:\/\/www.padreydecano.com\/cms\/\",\"logo\":{\"@type\":\"ImageObject\",\"inLanguage\":\"es\",\"@id\":\"https:\/\/www.padreydecano.com\/cms\/#\/schema\/logo\/image\/\",\"url\":\"https:\/\/www.padreydecano.com\/cms\/wp-content\/uploads\/2022\/01\/avatar-square.png\",\"contentUrl\":\"https:\/\/www.padreydecano.com\/cms\/wp-content\/uploads\/2022\/01\/avatar-square.png\",\"width\":1500,\"height\":1500,\"caption\":\"Padre y Decano\"},\"image\":{\"@id\":\"https:\/\/www.padreydecano.com\/cms\/#\/schema\/logo\/image\/\"}},{\"@type\":\"Person\",\"@id\":\"https:\/\/www.padreydecano.com\/cms\/#\/schema\/person\/b22191326be6d1c7fa55c2ad137a9a32\",\"name\":\"Udelar\",\"image\":{\"@type\":\"ImageObject\",\"inLanguage\":\"es\",\"@id\":\"https:\/\/www.padreydecano.com\/cms\/#\/schema\/person\/image\/\",\"url\":\"https:\/\/secure.gravatar.com\/avatar\/611ece663b16897a2cd2f46982281225?s=96&d=https%3A%2F%2Fpadreydecano.com%2Fcms%2Fwp-content%2Fthemes%2Fpyd-theme%2Fimg%2Fdefault-avatar.png&r=g\",\"contentUrl\":\"https:\/\/secure.gravatar.com\/avatar\/611ece663b16897a2cd2f46982281225?s=96&d=https%3A%2F%2Fpadreydecano.com%2Fcms%2Fwp-content%2Fthemes%2Fpyd-theme%2Fimg%2Fdefault-avatar.png&r=g\",\"caption\":\"Udelar\"}}]}<\/script>\n<!-- \/ Yoast SEO plugin. -->","yoast_head_json":{"title":"Dame esa alegr\u00eda - Padre y Decano - El Sitio del Pueblo","robots":{"index":"index","follow":"follow","max-snippet":"max-snippet:-1","max-image-preview":"max-image-preview:large","max-video-preview":"max-video-preview:-1"},"canonical":"https:\/\/www.padreydecano.com\/cms\/noticias\/dame-esa-alegria\/","og_locale":"es_ES","og_type":"article","og_title":"Dame esa alegr\u00eda - Padre y Decano - El Sitio del Pueblo","og_description":"Pe\u00f1arol recibir\u00e1 el pr\u00f3ximo s\u00e1bado a Sud Am\u00e9rica en el Estadio Campe\u00f3n del Siglo con el objetivo de conseguir una victoria que le permita el pasaje a la final del Campeonato Uruguayo. Con entradas agotadas, el Carbonero se medir\u00e1 ante el Buz\u00f3n por la \u00faltima fecha. El partido ser\u00e1 televisado por VTV. Equipo probable Kevin [&hellip;]","og_url":"https:\/\/www.padreydecano.com\/cms\/noticias\/dame-esa-alegria\/","og_site_name":"Padre y Decano - El Sitio del Pueblo","article_published_time":"2021-12-03T17:53:34+00:00","article_modified_time":"2021-12-05T02:58:25+00:00","og_image":[{"width":4847,"height":3231,"url":"https:\/\/www.padreydecano.com\/cms\/wp-content\/uploads\/2021\/11\/Bruno-Tasende-0041.jpg","type":"image\/jpeg"}],"author":"Udelar","twitter_card":"summary_large_image","twitter_misc":{"Escrito por":"Udelar","Tiempo de lectura":"2 minutos"},"schema":{"@context":"https:\/\/schema.org","@graph":[{"@type":"Article","@id":"https:\/\/www.padreydecano.com\/cms\/noticias\/dame-esa-alegria\/#article","isPartOf":{"@id":"https:\/\/www.padreydecano.com\/cms\/noticias\/dame-esa-alegria\/"},"author":{"name":"Udelar","@id":"https:\/\/www.padreydecano.com\/cms\/#\/schema\/person\/b22191326be6d1c7fa55c2ad137a9a32"},"headline":"Dame esa alegr\u00eda","datePublished":"2021-12-03T17:53:34+00:00","dateModified":"2021-12-05T02:58:25+00:00","mainEntityOfPage":{"@id":"https:\/\/www.padreydecano.com\/cms\/noticias\/dame-esa-alegria\/"},"wordCount":341,"commentCount":24,"publisher":{"@id":"https:\/\/www.padreydecano.com\/cms\/#organization"},"image":{"@id":"https:\/\/www.padreydecano.com\/cms\/noticias\/dame-esa-alegria\/#primaryimage"},"thumbnailUrl":"https:\/\/www.padreydecano.com\/cms\/wp-content\/uploads\/2021\/11\/Bruno-Tasende-0041.jpg","keywords":["Torneo Clausura 2021"],"articleSection":["Noticias"],"inLanguage":"es","potentialAction":[{"@type":"CommentAction","name":"Comment","target":["https:\/\/www.padreydecano.com\/cms\/noticias\/dame-esa-alegria\/#respond"]}]},{"@type":"WebPage","@id":"https:\/\/www.padreydecano.com\/cms\/noticias\/dame-esa-alegria\/","url":"https:\/\/www.padreydecano.com\/cms\/noticias\/dame-esa-alegria\/","name":"Dame esa alegr\u00eda - Padre y Decano - El Sitio del Pueblo","isPartOf":{"@id":"https:\/\/www.padreydecano.com\/cms\/#website"},"primaryImageOfPage":{"@id":"https:\/\/www.padreydecano.com\/cms\/noticias\/dame-esa-alegria\/#primaryimage"},"image":{"@id":"https:\/\/www.padreydecano.com\/cms\/noticias\/dame-esa-alegria\/#primaryimage"},"thumbnailUrl":"https:\/\/www.padreydecano.com\/cms\/wp-content\/uploads\/2021\/11\/Bruno-Tasende-0041.jpg","datePublished":"2021-12-03T17:53:34+00:00","dateModified":"2021-12-05T02:58:25+00:00","breadcrumb":{"@id":"https:\/\/www.padreydecano.com\/cms\/noticias\/dame-esa-alegria\/#breadcrumb"},"inLanguage":"es","potentialAction":[{"@type":"ReadAction","target":["https:\/\/www.padreydecano.com\/cms\/noticias\/dame-esa-alegria\/"]}]},{"@type":"ImageObject","inLanguage":"es","@id":"https:\/\/www.padreydecano.com\/cms\/noticias\/dame-esa-alegria\/#primaryimage","url":"https:\/\/www.padreydecano.com\/cms\/wp-content\/uploads\/2021\/11\/Bruno-Tasende-0041.jpg","contentUrl":"https:\/\/www.padreydecano.com\/cms\/wp-content\/uploads\/2021\/11\/Bruno-Tasende-0041.jpg","width":4847,"height":3231},{"@type":"BreadcrumbList","@id":"https:\/\/www.padreydecano.com\/cms\/noticias\/dame-esa-alegria\/#breadcrumb","itemListElement":[{"@type":"ListItem","position":1,"name":"Portada","item":"https:\/\/www.padreydecano.com\/cms\/"},{"@type":"ListItem","position":2,"name":"Dame esa alegr\u00eda"}]},{"@type":"WebSite","@id":"https:\/\/www.padreydecano.com\/cms\/#website","url":"https:\/\/www.padreydecano.com\/cms\/","name":"Padre y Decano - El Sitio del Pueblo","description":"Club Atl\u00e9tico Pe\u00f1arol","publisher":{"@id":"https:\/\/www.padreydecano.com\/cms\/#organization"},"potentialAction":[{"@type":"SearchAction","target":{"@type":"EntryPoint","urlTemplate":"https:\/\/www.padreydecano.com\/cms\/?s={search_term_string}"},"query-input":"required name=search_term_string"}],"inLanguage":"es"},{"@type":"Organization","@id":"https:\/\/www.padreydecano.com\/cms\/#organization","name":"Padre y Decano","url":"https:\/\/www.padreydecano.com\/cms\/","logo":{"@type":"ImageObject","inLanguage":"es","@id":"https:\/\/www.padreydecano.com\/cms\/#\/schema\/logo\/image\/","url":"https:\/\/www.padreydecano.com\/cms\/wp-content\/uploads\/2022\/01\/avatar-square.png","contentUrl":"https:\/\/www.padreydecano.com\/cms\/wp-content\/uploads\/2022\/01\/avatar-square.png","width":1500,"height":1500,"caption":"Padre y Decano"},"image":{"@id":"https:\/\/www.padreydecano.com\/cms\/#\/schema\/logo\/image\/"}},{"@type":"Person","@id":"https:\/\/www.padreydecano.com\/cms\/#\/schema\/person\/b22191326be6d1c7fa55c2ad137a9a32","name":"Udelar","image":{"@type":"ImageObject","inLanguage":"es","@id":"https:\/\/www.padreydecano.com\/cms\/#\/schema\/person\/image\/","url":"https:\/\/secure.gravatar.com\/avatar\/611ece663b16897a2cd2f46982281225?s=96&d=https%3A%2F%2Fpadreydecano.com%2Fcms%2Fwp-content%2Fthemes%2Fpyd-theme%2Fimg%2Fdefault-avatar.png&r=g","contentUrl":"https:\/\/secure.gravatar.com\/avatar\/611ece663b16897a2cd2f46982281225?s=96&d=https%3A%2F%2Fpadreydecano.com%2Fcms%2Fwp-content%2Fthemes%2Fpyd-theme%2Fimg%2Fdefault-avatar.png&r=g","caption":"Udelar"}}]}},"_links":{"self":[{"href":"https:\/\/www.padreydecano.com\/cms\/wp-json\/wp\/v2\/posts\/77380"}],"collection":[{"href":"https:\/\/www.padreydecano.com\/cms\/wp-json\/wp\/v2\/posts"}],"about":[{"href":"https:\/\/www.padreydecano.com\/cms\/wp-json\/wp\/v2\/types\/post"}],"author":[{"embeddable":true,"href":"https:\/\/www.padreydecano.com\/cms\/wp-json\/wp\/v2\/users\/30"}],"replies":[{"embeddable":true,"href":"https:\/\/www.padreydecano.com\/cms\/wp-json\/wp\/v2\/comments?post=77380"}],"version-history":[{"count":0,"href":"https:\/\/www.padreydecano.com\/cms\/wp-json\/wp\/v2\/posts\/77380\/revisions"}],"wp:featuredmedia":[{"embeddable":true,"href":"https:\/\/www.padreydecano.com\/cms\/wp-json\/wp\/v2\/media\/77332"}],"wp:attachment":[{"href":"https:\/\/www.padreydecano.com\/cms\/wp-json\/wp\/v2\/media?parent=77380"}],"wp:term":[{"taxonomy":"category","embeddable":true,"href":"https:\/\/www.padreydecano.com\/cms\/wp-json\/wp\/v2\/categories?post=77380"},{"taxonomy":"post_tag","embeddable":true,"href":"https:\/\/www.padreydecano.com\/cms\/wp-json\/wp\/v2\/tags?post=77380"}],"curies":[{"name":"wp","href":"https:\/\/api.w.org\/{rel}","templated":true}]}}