{"id":77364,"date":"2021-12-01T15:39:03","date_gmt":"2021-12-01T18:39:03","guid":{"rendered":"http:\/\/www.padreydecano.com\/cms\/?p=77364"},"modified":"2021-12-04T15:15:16","modified_gmt":"2021-12-04T18:15:16","slug":"bajas-para-la-ultima","status":"publish","type":"post","link":"https:\/\/www.padreydecano.com\/cms\/noticias\/bajas-para-la-ultima\/","title":{"rendered":"Bajas para la \u00faltima"},"content":{"rendered":"<p style=\"text-align: justify;\"><a href=\"https:\/\/www.padreydecano.com\/cms\/wp-content\/uploads\/2021\/12\/Photo_1627855245480.jpg\" rel=\"shadowbox[sbpost-77364];player=img;\"><img loading=\"lazy\" decoding=\"async\" class=\"aligncenter size-full wp-image-77368\" src=\"https:\/\/www.padreydecano.com\/cms\/wp-content\/uploads\/2021\/12\/Photo_1627855245480.jpg\" alt=\"\" width=\"1620\" height=\"1080\" srcset=\"https:\/\/www.padreydecano.com\/cms\/wp-content\/uploads\/2021\/12\/Photo_1627855245480.jpg 1620w, https:\/\/www.padreydecano.com\/cms\/wp-content\/uploads\/2021\/12\/Photo_1627855245480-600x400.jpg 600w, https:\/\/www.padreydecano.com\/cms\/wp-content\/uploads\/2021\/12\/Photo_1627855245480-768x512.jpg 768w, https:\/\/www.padreydecano.com\/cms\/wp-content\/uploads\/2021\/12\/Photo_1627855245480-1024x683.jpg 1024w\" sizes=\"(max-width: 1620px) 100vw, 1620px\" \/><\/a><\/p>\n<p style=\"text-align: justify;\"><strong>Pe\u00f1arol enfrentar\u00e1 el pr\u00f3ximo s\u00e1bado a Sud Am\u00e9rica, por la \u00faltima fecha del Torneo Clausura 2021 en el Estadio Campe\u00f3n del Siglo, con bajas importantes en el equipo titular.<\/strong><\/p>\n<p style=\"text-align: justify;\">En el lateral izquierdo Juan Manuel Ramos se sigue recuperando de su lesi\u00f3n, mientras que Valent\u00edn Rodr\u00edguez fue operado en los \u00faltimos d\u00edas y estar\u00e1 los pr\u00f3ximos meses fuera de la cancha.<\/p>\n<p><a href=\"https:\/\/www.padreydecano.com\/cms\/wp-content\/uploads\/2021\/11\/IMG-20211125-WA0082.jpg\" rel=\"shadowbox[sbpost-77364];player=img;\"><img loading=\"lazy\" decoding=\"async\" class=\"aligncenter size-full wp-image-77349\" src=\"https:\/\/www.padreydecano.com\/cms\/wp-content\/uploads\/2021\/11\/IMG-20211125-WA0082.jpg\" alt=\"\" width=\"2048\" height=\"1366\" srcset=\"https:\/\/www.padreydecano.com\/cms\/wp-content\/uploads\/2021\/11\/IMG-20211125-WA0082.jpg 2048w, https:\/\/www.padreydecano.com\/cms\/wp-content\/uploads\/2021\/11\/IMG-20211125-WA0082-600x400.jpg 600w, https:\/\/www.padreydecano.com\/cms\/wp-content\/uploads\/2021\/11\/IMG-20211125-WA0082-768x512.jpg 768w, https:\/\/www.padreydecano.com\/cms\/wp-content\/uploads\/2021\/11\/IMG-20211125-WA0082-1024x683.jpg 1024w\" sizes=\"(max-width: 2048px) 100vw, 2048px\" \/><\/a><\/p>\n<p style=\"text-align: justify;\">Por la otra banda, Giovanni Gonz\u00e1lez lleg\u00f3 a la quinta amarilla y se perder\u00e1 el choque. Lo mismo que Walter Gargano, siendo baja en la mitad de la cancha.<\/p>\n<p style=\"text-align: justify;\">Nicol\u00e1s Gait\u00e1n est\u00e1 en la fase final de su recuperaci\u00f3n. A la espera de poder retomar a la n\u00f3mina de convocados.<\/p>\n<p style=\"text-align: justify;\">La buena noticia es que vuelven Gary Kagelmacher y Agust\u00edn \u00c1lvarez Mart\u00ednez tras cumplir su suspensi\u00f3n en el encuentro anterior.<\/p>\n<p><a href=\"https:\/\/www.padreydecano.com\/cms\/wp-content\/uploads\/2021\/11\/t10.jpg\" rel=\"shadowbox[sbpost-77364];player=img;\"><img loading=\"lazy\" decoding=\"async\" class=\"aligncenter size-full wp-image-77312\" src=\"https:\/\/www.padreydecano.com\/cms\/wp-content\/uploads\/2021\/11\/t10.jpg\" alt=\"\" width=\"1620\" height=\"1080\" srcset=\"https:\/\/www.padreydecano.com\/cms\/wp-content\/uploads\/2021\/11\/t10.jpg 1620w, https:\/\/www.padreydecano.com\/cms\/wp-content\/uploads\/2021\/11\/t10-600x400.jpg 600w, https:\/\/www.padreydecano.com\/cms\/wp-content\/uploads\/2021\/11\/t10-768x512.jpg 768w, https:\/\/www.padreydecano.com\/cms\/wp-content\/uploads\/2021\/11\/t10-1024x683.jpg 1024w\" sizes=\"(max-width: 1620px) 100vw, 1620px\" \/><\/a><\/p>\n<p style=\"text-align: justify;\">Con las ausencias mencionadas, Mauricio Larriera trabaja en un equipo con cambios para enfrentar a Sud Am\u00e9rica el pr\u00f3ximo s\u00e1bado, en un partido que el decano tiene la obligaci\u00f3n de ganar para definir el Campeonato Uruguayo.<\/p>\n<p style=\"text-align: justify;\">Por el sector izquierdo puede aparecer Edgar Elizalde, como lo hizo en los minutos finales ante Progreso. En la banda derecha est\u00e1 la opci\u00f3n de Maximiliano Pereira, aunque tambi\u00e9n puede cumplir ese rol Ezequiel Busquets. El juvenil Jairo O&#8217;neill (lateral izquierdo) no tiene contrato y en caso de no firmarlo antes de la fecha no podr\u00eda ingresar por primera vez entre los convocados.<\/p>\n<p style=\"text-align: justify;\">Jes\u00fas Trindade puede ir en cualquier banda mencionada, pero ser\u00eda perder juego en la mitad de la cancha en un encuentro que no tendr\u00e1 a Gargano. Si no hay sorpresas, ingresar\u00eda el argentino Dami\u00e1n Musto para acompa\u00f1arlo en el doble 5.<\/p>\n<p><a href=\"https:\/\/www.padreydecano.com\/cms\/wp-content\/uploads\/2021\/09\/F7A7588A-34A0-4F08-8D3B-88FAF8CE4AE9.jpeg\" rel=\"shadowbox[sbpost-77364];player=img;\"><img loading=\"lazy\" decoding=\"async\" class=\"aligncenter size-full wp-image-76891\" src=\"https:\/\/www.padreydecano.com\/cms\/wp-content\/uploads\/2021\/09\/F7A7588A-34A0-4F08-8D3B-88FAF8CE4AE9.jpeg\" alt=\"\" width=\"2048\" height=\"1364\" srcset=\"https:\/\/www.padreydecano.com\/cms\/wp-content\/uploads\/2021\/09\/F7A7588A-34A0-4F08-8D3B-88FAF8CE4AE9.jpeg 2048w, https:\/\/www.padreydecano.com\/cms\/wp-content\/uploads\/2021\/09\/F7A7588A-34A0-4F08-8D3B-88FAF8CE4AE9-600x400.jpeg 600w, https:\/\/www.padreydecano.com\/cms\/wp-content\/uploads\/2021\/09\/F7A7588A-34A0-4F08-8D3B-88FAF8CE4AE9-768x512.jpeg 768w, https:\/\/www.padreydecano.com\/cms\/wp-content\/uploads\/2021\/09\/F7A7588A-34A0-4F08-8D3B-88FAF8CE4AE9-1024x682.jpeg 1024w\" sizes=\"(max-width: 2048px) 100vw, 2048px\" \/><\/a><\/p>\n<p style=\"text-align: justify;\">Arriba esperan Agust\u00edn \u00c1lvarez Mart\u00ednez y Ruben Bentancourt, esperando si se usar\u00e1 el doble 9 desde el arranque, algo muy poco utilizado por Larriera desde que est\u00e1 en Pe\u00f1arol.<\/p>\n<p style=\"text-align: justify;\"><span style=\"color: #ffcc00;\"><strong>Equipo probable:<\/strong><\/span> Kevin Dawson; Maximiliano Pereira, Gary Kagelmacher, Carlos Rodr\u00edguez, Edgar Elizalde; Agust\u00edn Canobbio, Jes\u00fas Trindade, Dami\u00e1n Musto, Facundo Torres; Pablo Ceppelini y Agust\u00edn \u00c1lvarez Mart\u00ednez.<\/p>\n<p style=\"text-align: justify;\"><strong>Podr\u00e1n haber sorpresas en el equipo a lo largo de la semana.<\/strong><\/p>\n<div class=\"user-wrapper\"><a class=\"userlink\"href=\"https:\/\/twitter.com\/ftrucce18\" target=\"_blank\"><figure><img decoding=\"async\" src=\"http:\/\/www.padreydecano.com\/cms\/wp-users-files\/postfirmas\/ftrucce.jpg\" \/><\/figure><p class=\"user\"><strong>Franco Trucce<\/strong><br \/>@FTrucce18<\/p><\/a><\/div>\n","protected":false},"excerpt":{"rendered":"<p>Pe\u00f1arol enfrentar\u00e1 el pr\u00f3ximo s\u00e1bado a Sud Am\u00e9rica, por la \u00faltima fecha del Torneo Clausura 2021 en el Estadio Campe\u00f3n del Siglo, con bajas importantes en el equipo titular. En el lateral izquierdo Juan Manuel Ramos se sigue recuperando de su lesi\u00f3n, mientras que Valent\u00edn Rodr\u00edguez fue operado en los \u00faltimos d\u00edas y estar\u00e1 los [&hellip;]<\/p>\n","protected":false},"author":27,"featured_media":77368,"comment_status":"open","ping_status":"closed","sticky":false,"template":"","format":"standard","meta":{"footnotes":""},"categories":[1],"tags":[496],"yoast_head":"<!-- This site is optimized with the Yoast SEO plugin v23.2 - https:\/\/yoast.com\/wordpress\/plugins\/seo\/ -->\n<title>Bajas para la \u00faltima - Padre y Decano - El Sitio del Pueblo<\/title>\n<meta name=\"robots\" content=\"index, follow, max-snippet:-1, max-image-preview:large, max-video-preview:-1\" \/>\n<link rel=\"canonical\" href=\"https:\/\/www.padreydecano.com\/cms\/noticias\/bajas-para-la-ultima\/\" \/>\n<meta property=\"og:locale\" content=\"es_ES\" \/>\n<meta property=\"og:type\" content=\"article\" \/>\n<meta property=\"og:title\" content=\"Bajas para la \u00faltima - Padre y Decano - El Sitio del Pueblo\" \/>\n<meta property=\"og:description\" content=\"Pe\u00f1arol enfrentar\u00e1 el pr\u00f3ximo s\u00e1bado a Sud Am\u00e9rica, por la \u00faltima fecha del Torneo Clausura 2021 en el Estadio Campe\u00f3n del Siglo, con bajas importantes en el equipo titular. En el lateral izquierdo Juan Manuel Ramos se sigue recuperando de su lesi\u00f3n, mientras que Valent\u00edn Rodr\u00edguez fue operado en los \u00faltimos d\u00edas y estar\u00e1 los [&hellip;]\" \/>\n<meta property=\"og:url\" content=\"https:\/\/www.padreydecano.com\/cms\/noticias\/bajas-para-la-ultima\/\" \/>\n<meta property=\"og:site_name\" content=\"Padre y Decano - El Sitio del Pueblo\" \/>\n<meta property=\"article:published_time\" content=\"2021-12-01T18:39:03+00:00\" \/>\n<meta property=\"article:modified_time\" content=\"2021-12-04T18:15:16+00:00\" \/>\n<meta property=\"og:image\" content=\"https:\/\/www.padreydecano.com\/cms\/wp-content\/uploads\/2021\/12\/Photo_1627855245480.jpg\" \/>\n\t<meta property=\"og:image:width\" content=\"1620\" \/>\n\t<meta property=\"og:image:height\" content=\"1080\" \/>\n\t<meta property=\"og:image:type\" content=\"image\/jpeg\" \/>\n<meta name=\"author\" content=\"Redactores Padre y Decano\" \/>\n<meta name=\"twitter:card\" content=\"summary_large_image\" \/>\n<meta name=\"twitter:label1\" content=\"Escrito por\" \/>\n\t<meta name=\"twitter:data1\" content=\"Redactores Padre y Decano\" \/>\n\t<meta name=\"twitter:label2\" content=\"Tiempo de lectura\" \/>\n\t<meta name=\"twitter:data2\" content=\"2 minutos\" \/>\n<script type=\"application\/ld+json\" class=\"yoast-schema-graph\">{\"@context\":\"https:\/\/schema.org\",\"@graph\":[{\"@type\":\"Article\",\"@id\":\"https:\/\/www.padreydecano.com\/cms\/noticias\/bajas-para-la-ultima\/#article\",\"isPartOf\":{\"@id\":\"https:\/\/www.padreydecano.com\/cms\/noticias\/bajas-para-la-ultima\/\"},\"author\":{\"name\":\"Redactores Padre y Decano\",\"@id\":\"https:\/\/www.padreydecano.com\/cms\/#\/schema\/person\/37aae8f93aa78e4c5385497f056e3246\"},\"headline\":\"Bajas para la \u00faltima\",\"datePublished\":\"2021-12-01T18:39:03+00:00\",\"dateModified\":\"2021-12-04T18:15:16+00:00\",\"mainEntityOfPage\":{\"@id\":\"https:\/\/www.padreydecano.com\/cms\/noticias\/bajas-para-la-ultima\/\"},\"wordCount\":381,\"commentCount\":30,\"publisher\":{\"@id\":\"https:\/\/www.padreydecano.com\/cms\/#organization\"},\"image\":{\"@id\":\"https:\/\/www.padreydecano.com\/cms\/noticias\/bajas-para-la-ultima\/#primaryimage\"},\"thumbnailUrl\":\"https:\/\/www.padreydecano.com\/cms\/wp-content\/uploads\/2021\/12\/Photo_1627855245480.jpg\",\"keywords\":[\"Torneo Clausura 2021\"],\"articleSection\":[\"Noticias\"],\"inLanguage\":\"es\",\"potentialAction\":[{\"@type\":\"CommentAction\",\"name\":\"Comment\",\"target\":[\"https:\/\/www.padreydecano.com\/cms\/noticias\/bajas-para-la-ultima\/#respond\"]}]},{\"@type\":\"WebPage\",\"@id\":\"https:\/\/www.padreydecano.com\/cms\/noticias\/bajas-para-la-ultima\/\",\"url\":\"https:\/\/www.padreydecano.com\/cms\/noticias\/bajas-para-la-ultima\/\",\"name\":\"Bajas para la \u00faltima - Padre y Decano - El Sitio del Pueblo\",\"isPartOf\":{\"@id\":\"https:\/\/www.padreydecano.com\/cms\/#website\"},\"primaryImageOfPage\":{\"@id\":\"https:\/\/www.padreydecano.com\/cms\/noticias\/bajas-para-la-ultima\/#primaryimage\"},\"image\":{\"@id\":\"https:\/\/www.padreydecano.com\/cms\/noticias\/bajas-para-la-ultima\/#primaryimage\"},\"thumbnailUrl\":\"https:\/\/www.padreydecano.com\/cms\/wp-content\/uploads\/2021\/12\/Photo_1627855245480.jpg\",\"datePublished\":\"2021-12-01T18:39:03+00:00\",\"dateModified\":\"2021-12-04T18:15:16+00:00\",\"breadcrumb\":{\"@id\":\"https:\/\/www.padreydecano.com\/cms\/noticias\/bajas-para-la-ultima\/#breadcrumb\"},\"inLanguage\":\"es\",\"potentialAction\":[{\"@type\":\"ReadAction\",\"target\":[\"https:\/\/www.padreydecano.com\/cms\/noticias\/bajas-para-la-ultima\/\"]}]},{\"@type\":\"ImageObject\",\"inLanguage\":\"es\",\"@id\":\"https:\/\/www.padreydecano.com\/cms\/noticias\/bajas-para-la-ultima\/#primaryimage\",\"url\":\"https:\/\/www.padreydecano.com\/cms\/wp-content\/uploads\/2021\/12\/Photo_1627855245480.jpg\",\"contentUrl\":\"https:\/\/www.padreydecano.com\/cms\/wp-content\/uploads\/2021\/12\/Photo_1627855245480.jpg\",\"width\":1620,\"height\":1080},{\"@type\":\"BreadcrumbList\",\"@id\":\"https:\/\/www.padreydecano.com\/cms\/noticias\/bajas-para-la-ultima\/#breadcrumb\",\"itemListElement\":[{\"@type\":\"ListItem\",\"position\":1,\"name\":\"Portada\",\"item\":\"https:\/\/www.padreydecano.com\/cms\/\"},{\"@type\":\"ListItem\",\"position\":2,\"name\":\"Bajas para la \u00faltima\"}]},{\"@type\":\"WebSite\",\"@id\":\"https:\/\/www.padreydecano.com\/cms\/#website\",\"url\":\"https:\/\/www.padreydecano.com\/cms\/\",\"name\":\"Padre y Decano - El Sitio del Pueblo\",\"description\":\"Club Atl\u00e9tico Pe\u00f1arol\",\"publisher\":{\"@id\":\"https:\/\/www.padreydecano.com\/cms\/#organization\"},\"potentialAction\":[{\"@type\":\"SearchAction\",\"target\":{\"@type\":\"EntryPoint\",\"urlTemplate\":\"https:\/\/www.padreydecano.com\/cms\/?s={search_term_string}\"},\"query-input\":\"required name=search_term_string\"}],\"inLanguage\":\"es\"},{\"@type\":\"Organization\",\"@id\":\"https:\/\/www.padreydecano.com\/cms\/#organization\",\"name\":\"Padre y Decano\",\"url\":\"https:\/\/www.padreydecano.com\/cms\/\",\"logo\":{\"@type\":\"ImageObject\",\"inLanguage\":\"es\",\"@id\":\"https:\/\/www.padreydecano.com\/cms\/#\/schema\/logo\/image\/\",\"url\":\"https:\/\/www.padreydecano.com\/cms\/wp-content\/uploads\/2022\/01\/avatar-square.png\",\"contentUrl\":\"https:\/\/www.padreydecano.com\/cms\/wp-content\/uploads\/2022\/01\/avatar-square.png\",\"width\":1500,\"height\":1500,\"caption\":\"Padre y Decano\"},\"image\":{\"@id\":\"https:\/\/www.padreydecano.com\/cms\/#\/schema\/logo\/image\/\"}},{\"@type\":\"Person\",\"@id\":\"https:\/\/www.padreydecano.com\/cms\/#\/schema\/person\/37aae8f93aa78e4c5385497f056e3246\",\"name\":\"Redactores Padre y Decano\",\"image\":{\"@type\":\"ImageObject\",\"inLanguage\":\"es\",\"@id\":\"https:\/\/www.padreydecano.com\/cms\/#\/schema\/person\/image\/\",\"url\":\"https:\/\/secure.gravatar.com\/avatar\/8810c4b9081192b118b104af54549af8?s=96&d=https%3A%2F%2Fpadreydecano.com%2Fcms%2Fwp-content%2Fthemes%2Fpyd-theme%2Fimg%2Fdefault-avatar.png&r=g\",\"contentUrl\":\"https:\/\/secure.gravatar.com\/avatar\/8810c4b9081192b118b104af54549af8?s=96&d=https%3A%2F%2Fpadreydecano.com%2Fcms%2Fwp-content%2Fthemes%2Fpyd-theme%2Fimg%2Fdefault-avatar.png&r=g\",\"caption\":\"Redactores Padre y Decano\"},\"sameAs\":[\"http:\/\/www.padreydecano.com\"]}]}<\/script>\n<!-- \/ Yoast SEO plugin. -->","yoast_head_json":{"title":"Bajas para la \u00faltima - Padre y Decano - El Sitio del Pueblo","robots":{"index":"index","follow":"follow","max-snippet":"max-snippet:-1","max-image-preview":"max-image-preview:large","max-video-preview":"max-video-preview:-1"},"canonical":"https:\/\/www.padreydecano.com\/cms\/noticias\/bajas-para-la-ultima\/","og_locale":"es_ES","og_type":"article","og_title":"Bajas para la \u00faltima - Padre y Decano - El Sitio del Pueblo","og_description":"Pe\u00f1arol enfrentar\u00e1 el pr\u00f3ximo s\u00e1bado a Sud Am\u00e9rica, por la \u00faltima fecha del Torneo Clausura 2021 en el Estadio Campe\u00f3n del Siglo, con bajas importantes en el equipo titular. En el lateral izquierdo Juan Manuel Ramos se sigue recuperando de su lesi\u00f3n, mientras que Valent\u00edn Rodr\u00edguez fue operado en los \u00faltimos d\u00edas y estar\u00e1 los [&hellip;]","og_url":"https:\/\/www.padreydecano.com\/cms\/noticias\/bajas-para-la-ultima\/","og_site_name":"Padre y Decano - El Sitio del Pueblo","article_published_time":"2021-12-01T18:39:03+00:00","article_modified_time":"2021-12-04T18:15:16+00:00","og_image":[{"width":1620,"height":1080,"url":"https:\/\/www.padreydecano.com\/cms\/wp-content\/uploads\/2021\/12\/Photo_1627855245480.jpg","type":"image\/jpeg"}],"author":"Redactores Padre y Decano","twitter_card":"summary_large_image","twitter_misc":{"Escrito por":"Redactores Padre y Decano","Tiempo de lectura":"2 minutos"},"schema":{"@context":"https:\/\/schema.org","@graph":[{"@type":"Article","@id":"https:\/\/www.padreydecano.com\/cms\/noticias\/bajas-para-la-ultima\/#article","isPartOf":{"@id":"https:\/\/www.padreydecano.com\/cms\/noticias\/bajas-para-la-ultima\/"},"author":{"name":"Redactores Padre y Decano","@id":"https:\/\/www.padreydecano.com\/cms\/#\/schema\/person\/37aae8f93aa78e4c5385497f056e3246"},"headline":"Bajas para la \u00faltima","datePublished":"2021-12-01T18:39:03+00:00","dateModified":"2021-12-04T18:15:16+00:00","mainEntityOfPage":{"@id":"https:\/\/www.padreydecano.com\/cms\/noticias\/bajas-para-la-ultima\/"},"wordCount":381,"commentCount":30,"publisher":{"@id":"https:\/\/www.padreydecano.com\/cms\/#organization"},"image":{"@id":"https:\/\/www.padreydecano.com\/cms\/noticias\/bajas-para-la-ultima\/#primaryimage"},"thumbnailUrl":"https:\/\/www.padreydecano.com\/cms\/wp-content\/uploads\/2021\/12\/Photo_1627855245480.jpg","keywords":["Torneo Clausura 2021"],"articleSection":["Noticias"],"inLanguage":"es","potentialAction":[{"@type":"CommentAction","name":"Comment","target":["https:\/\/www.padreydecano.com\/cms\/noticias\/bajas-para-la-ultima\/#respond"]}]},{"@type":"WebPage","@id":"https:\/\/www.padreydecano.com\/cms\/noticias\/bajas-para-la-ultima\/","url":"https:\/\/www.padreydecano.com\/cms\/noticias\/bajas-para-la-ultima\/","name":"Bajas para la \u00faltima - Padre y Decano - El Sitio del Pueblo","isPartOf":{"@id":"https:\/\/www.padreydecano.com\/cms\/#website"},"primaryImageOfPage":{"@id":"https:\/\/www.padreydecano.com\/cms\/noticias\/bajas-para-la-ultima\/#primaryimage"},"image":{"@id":"https:\/\/www.padreydecano.com\/cms\/noticias\/bajas-para-la-ultima\/#primaryimage"},"thumbnailUrl":"https:\/\/www.padreydecano.com\/cms\/wp-content\/uploads\/2021\/12\/Photo_1627855245480.jpg","datePublished":"2021-12-01T18:39:03+00:00","dateModified":"2021-12-04T18:15:16+00:00","breadcrumb":{"@id":"https:\/\/www.padreydecano.com\/cms\/noticias\/bajas-para-la-ultima\/#breadcrumb"},"inLanguage":"es","potentialAction":[{"@type":"ReadAction","target":["https:\/\/www.padreydecano.com\/cms\/noticias\/bajas-para-la-ultima\/"]}]},{"@type":"ImageObject","inLanguage":"es","@id":"https:\/\/www.padreydecano.com\/cms\/noticias\/bajas-para-la-ultima\/#primaryimage","url":"https:\/\/www.padreydecano.com\/cms\/wp-content\/uploads\/2021\/12\/Photo_1627855245480.jpg","contentUrl":"https:\/\/www.padreydecano.com\/cms\/wp-content\/uploads\/2021\/12\/Photo_1627855245480.jpg","width":1620,"height":1080},{"@type":"BreadcrumbList","@id":"https:\/\/www.padreydecano.com\/cms\/noticias\/bajas-para-la-ultima\/#breadcrumb","itemListElement":[{"@type":"ListItem","position":1,"name":"Portada","item":"https:\/\/www.padreydecano.com\/cms\/"},{"@type":"ListItem","position":2,"name":"Bajas para la \u00faltima"}]},{"@type":"WebSite","@id":"https:\/\/www.padreydecano.com\/cms\/#website","url":"https:\/\/www.padreydecano.com\/cms\/","name":"Padre y Decano - El Sitio del Pueblo","description":"Club Atl\u00e9tico Pe\u00f1arol","publisher":{"@id":"https:\/\/www.padreydecano.com\/cms\/#organization"},"potentialAction":[{"@type":"SearchAction","target":{"@type":"EntryPoint","urlTemplate":"https:\/\/www.padreydecano.com\/cms\/?s={search_term_string}"},"query-input":"required name=search_term_string"}],"inLanguage":"es"},{"@type":"Organization","@id":"https:\/\/www.padreydecano.com\/cms\/#organization","name":"Padre y Decano","url":"https:\/\/www.padreydecano.com\/cms\/","logo":{"@type":"ImageObject","inLanguage":"es","@id":"https:\/\/www.padreydecano.com\/cms\/#\/schema\/logo\/image\/","url":"https:\/\/www.padreydecano.com\/cms\/wp-content\/uploads\/2022\/01\/avatar-square.png","contentUrl":"https:\/\/www.padreydecano.com\/cms\/wp-content\/uploads\/2022\/01\/avatar-square.png","width":1500,"height":1500,"caption":"Padre y Decano"},"image":{"@id":"https:\/\/www.padreydecano.com\/cms\/#\/schema\/logo\/image\/"}},{"@type":"Person","@id":"https:\/\/www.padreydecano.com\/cms\/#\/schema\/person\/37aae8f93aa78e4c5385497f056e3246","name":"Redactores Padre y Decano","image":{"@type":"ImageObject","inLanguage":"es","@id":"https:\/\/www.padreydecano.com\/cms\/#\/schema\/person\/image\/","url":"https:\/\/secure.gravatar.com\/avatar\/8810c4b9081192b118b104af54549af8?s=96&d=https%3A%2F%2Fpadreydecano.com%2Fcms%2Fwp-content%2Fthemes%2Fpyd-theme%2Fimg%2Fdefault-avatar.png&r=g","contentUrl":"https:\/\/secure.gravatar.com\/avatar\/8810c4b9081192b118b104af54549af8?s=96&d=https%3A%2F%2Fpadreydecano.com%2Fcms%2Fwp-content%2Fthemes%2Fpyd-theme%2Fimg%2Fdefault-avatar.png&r=g","caption":"Redactores Padre y Decano"},"sameAs":["http:\/\/www.padreydecano.com"]}]}},"_links":{"self":[{"href":"https:\/\/www.padreydecano.com\/cms\/wp-json\/wp\/v2\/posts\/77364"}],"collection":[{"href":"https:\/\/www.padreydecano.com\/cms\/wp-json\/wp\/v2\/posts"}],"about":[{"href":"https:\/\/www.padreydecano.com\/cms\/wp-json\/wp\/v2\/types\/post"}],"author":[{"embeddable":true,"href":"https:\/\/www.padreydecano.com\/cms\/wp-json\/wp\/v2\/users\/27"}],"replies":[{"embeddable":true,"href":"https:\/\/www.padreydecano.com\/cms\/wp-json\/wp\/v2\/comments?post=77364"}],"version-history":[{"count":0,"href":"https:\/\/www.padreydecano.com\/cms\/wp-json\/wp\/v2\/posts\/77364\/revisions"}],"wp:featuredmedia":[{"embeddable":true,"href":"https:\/\/www.padreydecano.com\/cms\/wp-json\/wp\/v2\/media\/77368"}],"wp:attachment":[{"href":"https:\/\/www.padreydecano.com\/cms\/wp-json\/wp\/v2\/media?parent=77364"}],"wp:term":[{"taxonomy":"category","embeddable":true,"href":"https:\/\/www.padreydecano.com\/cms\/wp-json\/wp\/v2\/categories?post=77364"},{"taxonomy":"post_tag","embeddable":true,"href":"https:\/\/www.padreydecano.com\/cms\/wp-json\/wp\/v2\/tags?post=77364"}],"curies":[{"name":"wp","href":"https:\/\/api.w.org\/{rel}","templated":true}]}}