{"id":77353,"date":"2021-11-27T09:17:48","date_gmt":"2021-11-27T12:17:48","guid":{"rendered":"http:\/\/www.padreydecano.com\/cms\/?p=77353"},"modified":"2021-12-29T12:57:12","modified_gmt":"2021-12-29T15:57:12","slug":"se-retira-maxi-rodriguez","status":"publish","type":"post","link":"https:\/\/www.padreydecano.com\/cms\/noticias\/se-retira-maxi-rodriguez\/","title":{"rendered":"Se retira Maxi Rodr\u00edguez"},"content":{"rendered":"<p><a href=\"https:\/\/www.padreydecano.com\/cms\/wp-content\/uploads\/2021\/11\/FFKfyRRX0AMTNjH.jpg\" rel=\"shadowbox[sbpost-77353];player=img;\"><img loading=\"lazy\" decoding=\"async\" class=\"aligncenter wp-image-77354 size-full\" src=\"https:\/\/www.padreydecano.com\/cms\/wp-content\/uploads\/2021\/11\/FFKfyRRX0AMTNjH.jpg\" alt=\"\" width=\"1024\" height=\"768\" srcset=\"https:\/\/www.padreydecano.com\/cms\/wp-content\/uploads\/2021\/11\/FFKfyRRX0AMTNjH.jpg 1024w, https:\/\/www.padreydecano.com\/cms\/wp-content\/uploads\/2021\/11\/FFKfyRRX0AMTNjH-600x450.jpg 600w, https:\/\/www.padreydecano.com\/cms\/wp-content\/uploads\/2021\/11\/FFKfyRRX0AMTNjH-768x576.jpg 768w\" sizes=\"(max-width: 1024px) 100vw, 1024px\" \/><\/a><\/p>\n<p style=\"text-align: justify;\"><strong>En la tarde de ayer, Maximiliano Rodr\u00edguez anunci\u00f3 su retiro oficial del f\u00fatbol profesional desde su cuenta de Instagram (@maxirodriguez11oficial), a trav\u00e9s de un video en el cual daba la noticia y hac\u00eda un breve resumen de su extensa carrera.<\/strong><\/p>\n<p style=\"text-align: justify;\">El jugador argentino que tuvo paso por la selecci\u00f3n nacional, Newell&#8217;s (Argentina), Espanyol (Espa\u00f1a), Liverpool (Inglaterra) y nuestro querido Pe\u00f1arol, dar\u00e1 un cierre a su etapa como futbolista a sus 40 a\u00f1os y en PadreyDecano.com haremos una recopilaci\u00f3n de lo que nos ha dejado.<\/p>\n<p style=\"text-align: justify;\">En 1999 hizo su debut con la camiseta de Newell&#8217;s, club que lleva en su coraz\u00f3n como hincha y fan\u00e1tico, en lo que fue un empate ante Uni\u00f3n de Santa Fe 1-1. Con la camiseta rojinegra jug\u00f3 un total de 60 partidos y convirti\u00f3 20 goles.<\/p>\n<p style=\"text-align: justify;\">Tres a\u00f1os m\u00e1s tarde, Maxi emigr\u00f3 al continente europeo para fichar con el Espanyol de Barcelona y debutar en la liga un 2 de septiembre ni m\u00e1s ni menos que ante el Real Madrid, en un partido que termin\u00f3 en victoria 2-0 para el conjunto Merengue. Jug\u00f3 111 partidos y marc\u00f3 un total de 26 goles, pero un dato importante es que uno de esos goles, fue el n\u00famero 2000 del club en la liga.<\/p>\n<p style=\"text-align: justify;\">Esta vez no iba a cambiar de continente ni de pa\u00eds, sino de ciudad, ya que el Atl\u00e9tico de Madrid estuvo viendo el desempe\u00f1o de La Fiera en su primera prueba internacional y decidi\u00f3 comprar su pase por cinco millones de euros. En el Colchonero anot\u00f3 44 goles en un total de 154 partidos jugados. Adem\u00e1s, comparti\u00f3 equipo durante dos a\u00f1os con Diego Forl\u00e1n.<\/p>\n<p style=\"text-align: justify;\">Diecisiete fueron los goles que marc\u00f3 Maxi Rodr\u00edguez con el Liverpool, club con el que firm\u00f3 en condici\u00f3n de jugador libre en el a\u00f1o 2010 y disput\u00f3 73 partidos. En la temporada 2011\/12 se consagr\u00f3 campe\u00f3n de la Copa de la Liga, siendo este su primer t\u00edtulo como profesional.<\/p>\n<p style=\"text-align: justify;\">En esa misma temporada el Club Atletico Newell&#8217;s Old Boys transitaba uno de los peores momentos de su historia, con muy malas campa\u00f1as y peleando por no descender a la segunda divisi\u00f3n Argentina. A falta de un a\u00f1o de contrato con el club ingl\u00e9s, decidi\u00f3 rescindir su vinculo y volvi\u00f3 al equipo que lo vio nacer para ayudarlo en ese dif\u00edcil momento. Sumando puntos para cumplir el principal objetivo que era salvar la categor\u00eda, termin\u00f3 logrando ser campe\u00f3n de la liga con el club de sus amores en el a\u00f1o 2013.<\/p>\n<p style=\"text-align: justify;\">Tambi\u00e9n ha participado de la Copa Libertadores esa misma temporada alcanzando las semifinales del certamen y siendo eliminado por el Atl\u00e9tico Mineiro de Ronaldinho. En su segunda etapa en La Lepra, marc\u00f3 56 tantos en 156 partidos disputados.<\/p>\n<p style=\"text-align: justify;\"><strong>En julio de 2017 lleg\u00f3 a Pe\u00f1arol para jugar el Torneo Clausura 2017.<\/strong> En su debut ante El Tanque Sisley, convirti\u00f3 un gol para que el Carbonero termine goleando 4-0. En el Manya gan\u00f3 el torneo reci\u00e9n mencionado y el Campeonato Uruguayo 2017.<\/p>\n<p style=\"text-align: justify;\"><strong>Adem\u00e1s, en enero de 2018 consigui\u00f3 la Supercopa Uruguaya derrotando a Nacional 3-1, donde anot\u00f3 un gol, gan\u00e1ndose un gran cari\u00f1o por nuestros aficionados.<\/strong> Ese mismo a\u00f1o las alegr\u00edas siguieron, se coron\u00f3 campe\u00f3n del Torneo Clausura 2018 y del Campeonato Uruguayo 2018, siendo as\u00ed bicampe\u00f3n Uruguayo. <strong>En su paso por Pe\u00f1arol, marc\u00f3 15 goles en 49 partidos jugados y no perdi\u00f3 ning\u00fan cl\u00e1sico oficial ante Nacional.<\/strong><\/p>\n<p style=\"text-align: justify;\">El 27 de enero de 2019, convirti\u00f3 el gol del empate 1-1 ante Boca dando as\u00ed inicio a su tercera etapa en Newell&#8217;s. A sus 39 a\u00f1os cuando se cre\u00eda que pod\u00eda retirarse, hizo una renovaci\u00f3n en su contrato hasta el 30 de junio de 2021 que luego se extender\u00eda por seis meses m\u00e1s. En esta \u00faltima etapa hizo 18 goles en 67 partidos.<\/p>\n<p style=\"text-align: justify;\">Con la selecci\u00f3n Argentina se consagr\u00f3 campe\u00f3n del Mundial Sub-20 de 2001 disputado en su pa\u00eds y particip\u00f3 en tres Copas del Mundo con su selecci\u00f3n mayor: Alemania 2006, donde fueron eliminados en cuartos de final en manos del local, Sud\u00e1frica 2010 ocurriendo lo mismo y ante el mismo rival, y Brasil 2014 siendo subcampe\u00f3n otra vez en manos del conjunto teut\u00f3n.<\/p>\n<p style=\"text-align: justify;\">Y el d\u00eda que un futbolista nunca desea que llegue, le lleg\u00f3 a Maxi Rodr\u00edguez un 26 de noviembre de 2021 y puso fin a su carrera de 22 a\u00f1os donde ser\u00e1 recordado por todos los argentinos, los fan\u00e1ticos del f\u00fatbol en el mundo y por nuestro pueblo carbonero.<\/p>\n<div class=\"user-wrapper\"><a class=\"userlink\" href=\"https:\/\/twitter.com\/PabloCarranzaOK\" target=\"_blank\"><figure><img decoding=\"async\" src=\"http:\/\/www.padreydecano.com\/cms\/wp-users-files\/postfirmas\/pablocarranza.jpg\" \/><\/figure><p class=\"user\"><strong>Pablo Carranza<\/strong><br \/>@PabloCarranzaOK<\/p><\/a><\/div>\n","protected":false},"excerpt":{"rendered":"<p>En la tarde de ayer, Maximiliano Rodr\u00edguez anunci\u00f3 su retiro oficial del f\u00fatbol profesional desde su cuenta de Instagram (@maxirodriguez11oficial), a trav\u00e9s de un video en el cual daba la noticia y hac\u00eda un breve resumen de su extensa carrera. El jugador argentino que tuvo paso por la selecci\u00f3n nacional, Newell&#8217;s (Argentina), Espanyol (Espa\u00f1a), Liverpool [&hellip;]<\/p>\n","protected":false},"author":34,"featured_media":77354,"comment_status":"open","ping_status":"closed","sticky":false,"template":"","format":"standard","meta":{"footnotes":""},"categories":[1],"tags":[510],"yoast_head":"<!-- This site is optimized with the Yoast SEO plugin v23.2 - https:\/\/yoast.com\/wordpress\/plugins\/seo\/ -->\n<title>Se retira Maxi Rodr\u00edguez - Padre y Decano - El Sitio del Pueblo<\/title>\n<meta name=\"robots\" content=\"index, follow, max-snippet:-1, max-image-preview:large, max-video-preview:-1\" \/>\n<link rel=\"canonical\" href=\"https:\/\/www.padreydecano.com\/cms\/noticias\/se-retira-maxi-rodriguez\/\" \/>\n<meta property=\"og:locale\" content=\"es_ES\" \/>\n<meta property=\"og:type\" content=\"article\" \/>\n<meta property=\"og:title\" content=\"Se retira Maxi Rodr\u00edguez - Padre y Decano - El Sitio del Pueblo\" \/>\n<meta property=\"og:description\" content=\"En la tarde de ayer, Maximiliano Rodr\u00edguez anunci\u00f3 su retiro oficial del f\u00fatbol profesional desde su cuenta de Instagram (@maxirodriguez11oficial), a trav\u00e9s de un video en el cual daba la noticia y hac\u00eda un breve resumen de su extensa carrera. El jugador argentino que tuvo paso por la selecci\u00f3n nacional, Newell&#8217;s (Argentina), Espanyol (Espa\u00f1a), Liverpool [&hellip;]\" \/>\n<meta property=\"og:url\" content=\"https:\/\/www.padreydecano.com\/cms\/noticias\/se-retira-maxi-rodriguez\/\" \/>\n<meta property=\"og:site_name\" content=\"Padre y Decano - El Sitio del Pueblo\" \/>\n<meta property=\"article:published_time\" content=\"2021-11-27T12:17:48+00:00\" \/>\n<meta property=\"article:modified_time\" content=\"2021-12-29T15:57:12+00:00\" \/>\n<meta property=\"og:image\" content=\"https:\/\/www.padreydecano.com\/cms\/wp-content\/uploads\/2021\/11\/FFKfyRRX0AMTNjH.jpg\" \/>\n\t<meta property=\"og:image:width\" content=\"1024\" \/>\n\t<meta property=\"og:image:height\" content=\"768\" \/>\n\t<meta property=\"og:image:type\" content=\"image\/jpeg\" \/>\n<meta name=\"author\" content=\"Pablo Carranza\" \/>\n<meta name=\"twitter:card\" content=\"summary_large_image\" \/>\n<meta name=\"twitter:label1\" content=\"Escrito por\" \/>\n\t<meta name=\"twitter:data1\" content=\"Pablo Carranza\" \/>\n\t<meta name=\"twitter:label2\" content=\"Tiempo de lectura\" \/>\n\t<meta name=\"twitter:data2\" content=\"4 minutos\" \/>\n<script type=\"application\/ld+json\" class=\"yoast-schema-graph\">{\"@context\":\"https:\/\/schema.org\",\"@graph\":[{\"@type\":\"Article\",\"@id\":\"https:\/\/www.padreydecano.com\/cms\/noticias\/se-retira-maxi-rodriguez\/#article\",\"isPartOf\":{\"@id\":\"https:\/\/www.padreydecano.com\/cms\/noticias\/se-retira-maxi-rodriguez\/\"},\"author\":{\"name\":\"Pablo Carranza\",\"@id\":\"https:\/\/www.padreydecano.com\/cms\/#\/schema\/person\/81aeb72d97f208f384f2c44dfec93ef8\"},\"headline\":\"Se retira Maxi Rodr\u00edguez\",\"datePublished\":\"2021-11-27T12:17:48+00:00\",\"dateModified\":\"2021-12-29T15:57:12+00:00\",\"mainEntityOfPage\":{\"@id\":\"https:\/\/www.padreydecano.com\/cms\/noticias\/se-retira-maxi-rodriguez\/\"},\"wordCount\":772,\"commentCount\":19,\"publisher\":{\"@id\":\"https:\/\/www.padreydecano.com\/cms\/#organization\"},\"image\":{\"@id\":\"https:\/\/www.padreydecano.com\/cms\/noticias\/se-retira-maxi-rodriguez\/#primaryimage\"},\"thumbnailUrl\":\"https:\/\/www.padreydecano.com\/cms\/wp-content\/uploads\/2021\/11\/FFKfyRRX0AMTNjH.jpg\",\"keywords\":[\"Pablo Carranza\"],\"articleSection\":[\"Noticias\"],\"inLanguage\":\"es\",\"potentialAction\":[{\"@type\":\"CommentAction\",\"name\":\"Comment\",\"target\":[\"https:\/\/www.padreydecano.com\/cms\/noticias\/se-retira-maxi-rodriguez\/#respond\"]}]},{\"@type\":\"WebPage\",\"@id\":\"https:\/\/www.padreydecano.com\/cms\/noticias\/se-retira-maxi-rodriguez\/\",\"url\":\"https:\/\/www.padreydecano.com\/cms\/noticias\/se-retira-maxi-rodriguez\/\",\"name\":\"Se retira Maxi Rodr\u00edguez - Padre y Decano - El Sitio del Pueblo\",\"isPartOf\":{\"@id\":\"https:\/\/www.padreydecano.com\/cms\/#website\"},\"primaryImageOfPage\":{\"@id\":\"https:\/\/www.padreydecano.com\/cms\/noticias\/se-retira-maxi-rodriguez\/#primaryimage\"},\"image\":{\"@id\":\"https:\/\/www.padreydecano.com\/cms\/noticias\/se-retira-maxi-rodriguez\/#primaryimage\"},\"thumbnailUrl\":\"https:\/\/www.padreydecano.com\/cms\/wp-content\/uploads\/2021\/11\/FFKfyRRX0AMTNjH.jpg\",\"datePublished\":\"2021-11-27T12:17:48+00:00\",\"dateModified\":\"2021-12-29T15:57:12+00:00\",\"breadcrumb\":{\"@id\":\"https:\/\/www.padreydecano.com\/cms\/noticias\/se-retira-maxi-rodriguez\/#breadcrumb\"},\"inLanguage\":\"es\",\"potentialAction\":[{\"@type\":\"ReadAction\",\"target\":[\"https:\/\/www.padreydecano.com\/cms\/noticias\/se-retira-maxi-rodriguez\/\"]}]},{\"@type\":\"ImageObject\",\"inLanguage\":\"es\",\"@id\":\"https:\/\/www.padreydecano.com\/cms\/noticias\/se-retira-maxi-rodriguez\/#primaryimage\",\"url\":\"https:\/\/www.padreydecano.com\/cms\/wp-content\/uploads\/2021\/11\/FFKfyRRX0AMTNjH.jpg\",\"contentUrl\":\"https:\/\/www.padreydecano.com\/cms\/wp-content\/uploads\/2021\/11\/FFKfyRRX0AMTNjH.jpg\",\"width\":1024,\"height\":768},{\"@type\":\"BreadcrumbList\",\"@id\":\"https:\/\/www.padreydecano.com\/cms\/noticias\/se-retira-maxi-rodriguez\/#breadcrumb\",\"itemListElement\":[{\"@type\":\"ListItem\",\"position\":1,\"name\":\"Portada\",\"item\":\"https:\/\/www.padreydecano.com\/cms\/\"},{\"@type\":\"ListItem\",\"position\":2,\"name\":\"Se retira Maxi Rodr\u00edguez\"}]},{\"@type\":\"WebSite\",\"@id\":\"https:\/\/www.padreydecano.com\/cms\/#website\",\"url\":\"https:\/\/www.padreydecano.com\/cms\/\",\"name\":\"Padre y Decano - El Sitio del Pueblo\",\"description\":\"Club Atl\u00e9tico Pe\u00f1arol\",\"publisher\":{\"@id\":\"https:\/\/www.padreydecano.com\/cms\/#organization\"},\"potentialAction\":[{\"@type\":\"SearchAction\",\"target\":{\"@type\":\"EntryPoint\",\"urlTemplate\":\"https:\/\/www.padreydecano.com\/cms\/?s={search_term_string}\"},\"query-input\":\"required name=search_term_string\"}],\"inLanguage\":\"es\"},{\"@type\":\"Organization\",\"@id\":\"https:\/\/www.padreydecano.com\/cms\/#organization\",\"name\":\"Padre y Decano\",\"url\":\"https:\/\/www.padreydecano.com\/cms\/\",\"logo\":{\"@type\":\"ImageObject\",\"inLanguage\":\"es\",\"@id\":\"https:\/\/www.padreydecano.com\/cms\/#\/schema\/logo\/image\/\",\"url\":\"https:\/\/www.padreydecano.com\/cms\/wp-content\/uploads\/2022\/01\/avatar-square.png\",\"contentUrl\":\"https:\/\/www.padreydecano.com\/cms\/wp-content\/uploads\/2022\/01\/avatar-square.png\",\"width\":1500,\"height\":1500,\"caption\":\"Padre y Decano\"},\"image\":{\"@id\":\"https:\/\/www.padreydecano.com\/cms\/#\/schema\/logo\/image\/\"}},{\"@type\":\"Person\",\"@id\":\"https:\/\/www.padreydecano.com\/cms\/#\/schema\/person\/81aeb72d97f208f384f2c44dfec93ef8\",\"name\":\"Pablo Carranza\",\"image\":{\"@type\":\"ImageObject\",\"inLanguage\":\"es\",\"@id\":\"https:\/\/www.padreydecano.com\/cms\/#\/schema\/person\/image\/\",\"url\":\"https:\/\/secure.gravatar.com\/avatar\/d2ca6fc250231c2f32ecfa6e0359664a?s=96&d=https%3A%2F%2Fpadreydecano.com%2Fcms%2Fwp-content%2Fthemes%2Fpyd-theme%2Fimg%2Fdefault-avatar.png&r=g\",\"contentUrl\":\"https:\/\/secure.gravatar.com\/avatar\/d2ca6fc250231c2f32ecfa6e0359664a?s=96&d=https%3A%2F%2Fpadreydecano.com%2Fcms%2Fwp-content%2Fthemes%2Fpyd-theme%2Fimg%2Fdefault-avatar.png&r=g\",\"caption\":\"Pablo Carranza\"}}]}<\/script>\n<!-- \/ Yoast SEO plugin. -->","yoast_head_json":{"title":"Se retira Maxi Rodr\u00edguez - Padre y Decano - El Sitio del Pueblo","robots":{"index":"index","follow":"follow","max-snippet":"max-snippet:-1","max-image-preview":"max-image-preview:large","max-video-preview":"max-video-preview:-1"},"canonical":"https:\/\/www.padreydecano.com\/cms\/noticias\/se-retira-maxi-rodriguez\/","og_locale":"es_ES","og_type":"article","og_title":"Se retira Maxi Rodr\u00edguez - Padre y Decano - El Sitio del Pueblo","og_description":"En la tarde de ayer, Maximiliano Rodr\u00edguez anunci\u00f3 su retiro oficial del f\u00fatbol profesional desde su cuenta de Instagram (@maxirodriguez11oficial), a trav\u00e9s de un video en el cual daba la noticia y hac\u00eda un breve resumen de su extensa carrera. El jugador argentino que tuvo paso por la selecci\u00f3n nacional, Newell&#8217;s (Argentina), Espanyol (Espa\u00f1a), Liverpool [&hellip;]","og_url":"https:\/\/www.padreydecano.com\/cms\/noticias\/se-retira-maxi-rodriguez\/","og_site_name":"Padre y Decano - El Sitio del Pueblo","article_published_time":"2021-11-27T12:17:48+00:00","article_modified_time":"2021-12-29T15:57:12+00:00","og_image":[{"width":1024,"height":768,"url":"https:\/\/www.padreydecano.com\/cms\/wp-content\/uploads\/2021\/11\/FFKfyRRX0AMTNjH.jpg","type":"image\/jpeg"}],"author":"Pablo Carranza","twitter_card":"summary_large_image","twitter_misc":{"Escrito por":"Pablo Carranza","Tiempo de lectura":"4 minutos"},"schema":{"@context":"https:\/\/schema.org","@graph":[{"@type":"Article","@id":"https:\/\/www.padreydecano.com\/cms\/noticias\/se-retira-maxi-rodriguez\/#article","isPartOf":{"@id":"https:\/\/www.padreydecano.com\/cms\/noticias\/se-retira-maxi-rodriguez\/"},"author":{"name":"Pablo Carranza","@id":"https:\/\/www.padreydecano.com\/cms\/#\/schema\/person\/81aeb72d97f208f384f2c44dfec93ef8"},"headline":"Se retira Maxi Rodr\u00edguez","datePublished":"2021-11-27T12:17:48+00:00","dateModified":"2021-12-29T15:57:12+00:00","mainEntityOfPage":{"@id":"https:\/\/www.padreydecano.com\/cms\/noticias\/se-retira-maxi-rodriguez\/"},"wordCount":772,"commentCount":19,"publisher":{"@id":"https:\/\/www.padreydecano.com\/cms\/#organization"},"image":{"@id":"https:\/\/www.padreydecano.com\/cms\/noticias\/se-retira-maxi-rodriguez\/#primaryimage"},"thumbnailUrl":"https:\/\/www.padreydecano.com\/cms\/wp-content\/uploads\/2021\/11\/FFKfyRRX0AMTNjH.jpg","keywords":["Pablo Carranza"],"articleSection":["Noticias"],"inLanguage":"es","potentialAction":[{"@type":"CommentAction","name":"Comment","target":["https:\/\/www.padreydecano.com\/cms\/noticias\/se-retira-maxi-rodriguez\/#respond"]}]},{"@type":"WebPage","@id":"https:\/\/www.padreydecano.com\/cms\/noticias\/se-retira-maxi-rodriguez\/","url":"https:\/\/www.padreydecano.com\/cms\/noticias\/se-retira-maxi-rodriguez\/","name":"Se retira Maxi Rodr\u00edguez - Padre y Decano - El Sitio del Pueblo","isPartOf":{"@id":"https:\/\/www.padreydecano.com\/cms\/#website"},"primaryImageOfPage":{"@id":"https:\/\/www.padreydecano.com\/cms\/noticias\/se-retira-maxi-rodriguez\/#primaryimage"},"image":{"@id":"https:\/\/www.padreydecano.com\/cms\/noticias\/se-retira-maxi-rodriguez\/#primaryimage"},"thumbnailUrl":"https:\/\/www.padreydecano.com\/cms\/wp-content\/uploads\/2021\/11\/FFKfyRRX0AMTNjH.jpg","datePublished":"2021-11-27T12:17:48+00:00","dateModified":"2021-12-29T15:57:12+00:00","breadcrumb":{"@id":"https:\/\/www.padreydecano.com\/cms\/noticias\/se-retira-maxi-rodriguez\/#breadcrumb"},"inLanguage":"es","potentialAction":[{"@type":"ReadAction","target":["https:\/\/www.padreydecano.com\/cms\/noticias\/se-retira-maxi-rodriguez\/"]}]},{"@type":"ImageObject","inLanguage":"es","@id":"https:\/\/www.padreydecano.com\/cms\/noticias\/se-retira-maxi-rodriguez\/#primaryimage","url":"https:\/\/www.padreydecano.com\/cms\/wp-content\/uploads\/2021\/11\/FFKfyRRX0AMTNjH.jpg","contentUrl":"https:\/\/www.padreydecano.com\/cms\/wp-content\/uploads\/2021\/11\/FFKfyRRX0AMTNjH.jpg","width":1024,"height":768},{"@type":"BreadcrumbList","@id":"https:\/\/www.padreydecano.com\/cms\/noticias\/se-retira-maxi-rodriguez\/#breadcrumb","itemListElement":[{"@type":"ListItem","position":1,"name":"Portada","item":"https:\/\/www.padreydecano.com\/cms\/"},{"@type":"ListItem","position":2,"name":"Se retira Maxi Rodr\u00edguez"}]},{"@type":"WebSite","@id":"https:\/\/www.padreydecano.com\/cms\/#website","url":"https:\/\/www.padreydecano.com\/cms\/","name":"Padre y Decano - El Sitio del Pueblo","description":"Club Atl\u00e9tico Pe\u00f1arol","publisher":{"@id":"https:\/\/www.padreydecano.com\/cms\/#organization"},"potentialAction":[{"@type":"SearchAction","target":{"@type":"EntryPoint","urlTemplate":"https:\/\/www.padreydecano.com\/cms\/?s={search_term_string}"},"query-input":"required name=search_term_string"}],"inLanguage":"es"},{"@type":"Organization","@id":"https:\/\/www.padreydecano.com\/cms\/#organization","name":"Padre y Decano","url":"https:\/\/www.padreydecano.com\/cms\/","logo":{"@type":"ImageObject","inLanguage":"es","@id":"https:\/\/www.padreydecano.com\/cms\/#\/schema\/logo\/image\/","url":"https:\/\/www.padreydecano.com\/cms\/wp-content\/uploads\/2022\/01\/avatar-square.png","contentUrl":"https:\/\/www.padreydecano.com\/cms\/wp-content\/uploads\/2022\/01\/avatar-square.png","width":1500,"height":1500,"caption":"Padre y Decano"},"image":{"@id":"https:\/\/www.padreydecano.com\/cms\/#\/schema\/logo\/image\/"}},{"@type":"Person","@id":"https:\/\/www.padreydecano.com\/cms\/#\/schema\/person\/81aeb72d97f208f384f2c44dfec93ef8","name":"Pablo Carranza","image":{"@type":"ImageObject","inLanguage":"es","@id":"https:\/\/www.padreydecano.com\/cms\/#\/schema\/person\/image\/","url":"https:\/\/secure.gravatar.com\/avatar\/d2ca6fc250231c2f32ecfa6e0359664a?s=96&d=https%3A%2F%2Fpadreydecano.com%2Fcms%2Fwp-content%2Fthemes%2Fpyd-theme%2Fimg%2Fdefault-avatar.png&r=g","contentUrl":"https:\/\/secure.gravatar.com\/avatar\/d2ca6fc250231c2f32ecfa6e0359664a?s=96&d=https%3A%2F%2Fpadreydecano.com%2Fcms%2Fwp-content%2Fthemes%2Fpyd-theme%2Fimg%2Fdefault-avatar.png&r=g","caption":"Pablo Carranza"}}]}},"_links":{"self":[{"href":"https:\/\/www.padreydecano.com\/cms\/wp-json\/wp\/v2\/posts\/77353"}],"collection":[{"href":"https:\/\/www.padreydecano.com\/cms\/wp-json\/wp\/v2\/posts"}],"about":[{"href":"https:\/\/www.padreydecano.com\/cms\/wp-json\/wp\/v2\/types\/post"}],"author":[{"embeddable":true,"href":"https:\/\/www.padreydecano.com\/cms\/wp-json\/wp\/v2\/users\/34"}],"replies":[{"embeddable":true,"href":"https:\/\/www.padreydecano.com\/cms\/wp-json\/wp\/v2\/comments?post=77353"}],"version-history":[{"count":0,"href":"https:\/\/www.padreydecano.com\/cms\/wp-json\/wp\/v2\/posts\/77353\/revisions"}],"wp:featuredmedia":[{"embeddable":true,"href":"https:\/\/www.padreydecano.com\/cms\/wp-json\/wp\/v2\/media\/77354"}],"wp:attachment":[{"href":"https:\/\/www.padreydecano.com\/cms\/wp-json\/wp\/v2\/media?parent=77353"}],"wp:term":[{"taxonomy":"category","embeddable":true,"href":"https:\/\/www.padreydecano.com\/cms\/wp-json\/wp\/v2\/categories?post=77353"},{"taxonomy":"post_tag","embeddable":true,"href":"https:\/\/www.padreydecano.com\/cms\/wp-json\/wp\/v2\/tags?post=77353"}],"curies":[{"name":"wp","href":"https:\/\/api.w.org\/{rel}","templated":true}]}}