{"id":77352,"date":"2021-11-26T07:49:41","date_gmt":"2021-11-26T10:49:41","guid":{"rendered":"http:\/\/www.padreydecano.com\/cms\/?p=77352"},"modified":"2021-11-27T09:18:25","modified_gmt":"2021-11-27T12:18:25","slug":"el-fallo-saldra-favorable-a-nacional","status":"publish","type":"post","link":"https:\/\/www.padreydecano.com\/cms\/los-aromos\/el-fallo-saldra-favorable-a-nacional\/","title":{"rendered":"El fallo saldr\u00e1 favorable a Nacional"},"content":{"rendered":"<p><strong><a href=\"https:\/\/www.padreydecano.com\/cms\/wp-content\/uploads\/2021\/07\/ruglio.jpg\" rel=\"shadowbox[sbpost-77352];player=img;\"><img loading=\"lazy\" decoding=\"async\" class=\"aligncenter size-full wp-image-76458\" src=\"https:\/\/www.padreydecano.com\/cms\/wp-content\/uploads\/2021\/07\/ruglio.jpg\" alt=\"\" width=\"1024\" height=\"682\" srcset=\"https:\/\/www.padreydecano.com\/cms\/wp-content\/uploads\/2021\/07\/ruglio.jpg 1024w, https:\/\/www.padreydecano.com\/cms\/wp-content\/uploads\/2021\/07\/ruglio-600x400.jpg 600w, https:\/\/www.padreydecano.com\/cms\/wp-content\/uploads\/2021\/07\/ruglio-768x512.jpg 768w\" sizes=\"(max-width: 1024px) 100vw, 1024px\" \/><\/a><br \/>\nEl Presidente de Pe\u00f1arol, Ignacio Ruglio, habl\u00f3 antes del partido en que el Decano igual\u00f3 con Progreso 0 a 0, sobre la situaci\u00f3n del fallo del encuentro entre Cerro Largo y albos. Adem\u00e1s, coment\u00f3 todos los cambios que necesita el f\u00fatbol vern\u00e1culo para ser profesional y transparente.<\/strong><\/p>\n<p><span style=\"color: #ffcc00;\"><strong>No caer en protestas:<\/strong><\/span> \u201cHoy hablamos con los jugadores, tenemos que concentrarnos en ganar y esa es nuestra tarea. Lo \u00fanico que tiene que importarnos es jugar tranquilos, intentar no protestar; hemos hecho todos los reclamos en todas las v\u00edas que hemos podido. Ahora s\u00f3lo nos va a concentrar el juego y los 90 minutos\u201d, se\u00f1al\u00f3 el titular aurinegro en F\u00fatbol a lo Pe\u00f1arol, Radio 1010 AM.<\/p>\n<p><strong><span style=\"color: #ffcc00;\">Rendirse jam\u00e1s:<\/span><\/strong> \u201cNo me canso nunca. Yo peleo por definici\u00f3n de vida, cuando las cosas son injustas. La realidad es que en los 90 minutos en la cancha hay que estar concentrados en ganar, jugar a lo que sabemos, y no perder energ\u00edas en protestar por cosas que a esta altura del campeonato no las vamos a poder cambiar\u201d.<\/p>\n<p><strong><span style=\"color: #ffcc00;\">\u00bfEntienden como una batalla perdida el hecho de no llegar a los votos ayer?:\u00a0<\/span><\/strong>\u201cS\u00ed, claramente. Sab\u00edamos que iba a ser complicado, que Progreso estaba reclamando lo suyo, pero cre\u00edamos que lo que est\u00e1bamos pidiendo era de mucha l\u00f3gica y de mucha justicia. Llegar al pen\u00faltimo partido sabiendo a qui\u00e9n ten\u00edamos atr\u00e1s, no era tan extra\u00f1o\u2026 Y una Asociaci\u00f3n Uruguaya sensata y l\u00f3gica, tendr\u00eda que haber actuado. Tan simple como eso, no pas\u00f3\u201d.<\/p>\n<p><strong><span style=\"color: #ffcc00;\">La prensa inform\u00f3 que el fallo saldr\u00e1 favorable a Nacional, \u00bfes as\u00ed?:\u00a0<\/span><\/strong>\u201cHoy ya nos dijeron que va q ser 4 a 2, simplemente est\u00e1n especulando con el resultado. Creo que hay tres que son directamente socios de Nacional, y creo que un cuarto hincha. Era 3 a 3 o 4 a 2, y que ya lo ten\u00edan decidido, que simplemente esperaron para decidirlo. Nosotros hace d\u00edas lo tomamos como informaci\u00f3n real y que es lo que va a terminar pasando, y en base a eso nos movemos. No es lo mismo llegar a una cancha sabiendo eso a que despu\u00e9s pase. Hoy de ma\u00f1ana me dijeron que ten\u00edan decidido que saliera 4 a 2\u201d.<\/p>\n<p><strong><span style=\"color: #ffcc00;\">\u00bfDebi\u00f3 pedirse antes la postergaci\u00f3n?:\u00a0<\/span><\/strong>\u201cSe debi\u00f3 pedir antes, pero no te olvides que los que est\u00e1n en disputa son Cerro Largo y Nacional. Faltando dos fechas, ahora s\u00ed sab\u00edamos que \u00a0Nacional y Cerro Largo llegan abajo nuestro. Nosotros faltando dos fechas dijimos que no nos met\u00edamos porque no era un tema nuestro. Ya cuando nos est\u00e1 afectando, porque los dos son los que tenemos atr\u00e1s y queremos saber qui\u00e9n est\u00e1 mas cerca en la tabla y ver con qu\u00e9 resultado jugamos, fue cuando lo pedimos. Meternos antes aunque no era asunto nuestro, al menos no era l\u00f3gico. Lo pedimos con raciocinio; no era extra\u00f1o lo que ped\u00edamos y una AUF con autoridad parar\u00eda esto, definir\u00eda lo que se har\u00eda y despu\u00e9s seguir\u00edamos jugando. Hay un equipo que no es ni m\u00e1s ni menos que Pe\u00f1arol, que est\u00e1 pidiendo algo l\u00f3gico\u201d.<\/p>\n<p><strong><span style=\"color: #ffcc00;\">La responsabilidad:<\/span><\/strong> \u201cDe c\u00f3mo se est\u00e1n manejando los temas hace a\u00f1os ac\u00e1, todo se dilata para adelante. Ninguno se cierra y se hace muy dif\u00edcil jugar as\u00ed en las condiciones que nos est\u00e1n tocando. Son problemas end\u00e9micos del f\u00fatbol uruguayo. Hay gente del exterior que vino por la Copa Libertadores, ayer hubo una buena presentaci\u00f3n de la Liga Espa\u00f1ola, de la Liga Ecuatoriana. Vuelvo a decir, olv\u00eddense de si la liga es una guerra entre Tenfield y Alonso. Todo eso es mentira, todo eso es verso de los que la quieren discriminar, vayan a escuchar como son las ligas reales, como est\u00e1n triunfando\u2026 Ecuador est\u00e1 derecho para caminar al Mundial. Es decir, orden\u00f3. Todos los jugadores cobran en fecha, al que no paga se le descuenta de los derechos de televisi\u00f3n para que paguen al d\u00eda. Los cuerpos t\u00e9cnicos igual, los tribunales no est\u00e1n integrados por pol\u00edticos, est\u00e1n integrados por abogados rentados ajenos al f\u00fatbol. Las competencias son claras, los campos de juego si no est\u00e1n en condiciones no se habilitan, si no hay ba\u00f1os acordes a la gente, no se habilitan. La televisi\u00f3n mejora, despu\u00e9s va a ganar (los derechos) el que ponga m\u00e1s plata, sea Tenfield, una cadena internacional o quien sea. No quieren dejar venir a la liga porque no permiten profesionalizar el f\u00fatbol. Cuando vos tenes todo a medias tintas como ac\u00e1, tenes poder porque hay que ir a pedirle a los que dominan el poder que te resuelvan jugar la pen\u00faltima fecha sabiendo qui\u00e9n es el que va atr\u00e1s tuyo. Una cosa muy l\u00f3gica y sent\u00eds que se las tenes que ir a pedir. Yo no tengo que pedirles nada, lo deber\u00edan parar ellos solos, y si no est\u00e1n de acuerdo van para afuera. El que no paga pierde los puntos, hay FairPlay econ\u00f3mico, eso son las ligas del mundo, eso es lo que tiene que llegar ac\u00e1. No es quienes est\u00e1n a favor de Paco, en contra de Alonso\u2026 Eso es un verso que intentaron imponer los que no quieren que llegue lo que est\u00e1 pasando en otras partes del Mundo. Cuando llegan otros cuadros y dicen \u201cyo voy a quedar afuera porque exigen que no haya deuda\u201d, no es as\u00ed, porque en el f\u00fatbol ecuatoriano dieron cinco a\u00f1os de plazo para que los clubes que tuvieran deuda fueran ajustando su presupuesto. Usted no puede tener un presupuesto de 300.000 USD si recibe 100.000 USD. No lo ajuste el a\u00f1o que viene, pero arr\u00e9glelo en cuatro a\u00f1os porque es c\u00f3mo el f\u00fatbol pasa a ser viable. Entonces hay que escuchar y hay que aprender, salirse de esa sanata de que es una guerra de unos contra otros, simplemente este f\u00fatbol necesita que se profesionalice esto\u201d.<\/p>\n<div class=\"user-wrapper\"><a class=\"userlink\" href=\"https:\/\/twitter.com\/wilsonmendez86\" target=\"_blank\"><figure><img decoding=\"async\" src=\"http:\/\/www.padreydecano.com\/cms\/wp-users-files\/postfirmas\/wilsonmendez86.jpg\" \/><\/figure><p class=\"user\"><strong>Wilson M&eacute;ndez<\/strong><br \/>@wilsonmendez86<\/p><\/a><\/div>\n","protected":false},"excerpt":{"rendered":"<p>El Presidente de Pe\u00f1arol, Ignacio Ruglio, habl\u00f3 antes del partido en que el Decano igual\u00f3 con Progreso 0 a 0, sobre la situaci\u00f3n del fallo del encuentro entre Cerro Largo y albos. Adem\u00e1s, coment\u00f3 todos los cambios que necesita el f\u00fatbol vern\u00e1culo para ser profesional y transparente. No caer en protestas: \u201cHoy hablamos con los [&hellip;]<\/p>\n","protected":false},"author":27,"featured_media":76458,"comment_status":"open","ping_status":"closed","sticky":false,"template":"","format":"standard","meta":{"footnotes":""},"categories":[7],"tags":[],"yoast_head":"<!-- This site is optimized with the Yoast SEO plugin v23.2 - https:\/\/yoast.com\/wordpress\/plugins\/seo\/ -->\n<title>El fallo saldr\u00e1 favorable a Nacional - Padre y Decano - El Sitio del Pueblo<\/title>\n<meta name=\"robots\" content=\"index, follow, max-snippet:-1, max-image-preview:large, max-video-preview:-1\" \/>\n<link rel=\"canonical\" href=\"https:\/\/www.padreydecano.com\/cms\/los-aromos\/el-fallo-saldra-favorable-a-nacional\/\" \/>\n<meta property=\"og:locale\" content=\"es_ES\" \/>\n<meta property=\"og:type\" content=\"article\" \/>\n<meta property=\"og:title\" content=\"El fallo saldr\u00e1 favorable a Nacional - Padre y Decano - El Sitio del Pueblo\" \/>\n<meta property=\"og:description\" content=\"El Presidente de Pe\u00f1arol, Ignacio Ruglio, habl\u00f3 antes del partido en que el Decano igual\u00f3 con Progreso 0 a 0, sobre la situaci\u00f3n del fallo del encuentro entre Cerro Largo y albos. Adem\u00e1s, coment\u00f3 todos los cambios que necesita el f\u00fatbol vern\u00e1culo para ser profesional y transparente. No caer en protestas: \u201cHoy hablamos con los [&hellip;]\" \/>\n<meta property=\"og:url\" content=\"https:\/\/www.padreydecano.com\/cms\/los-aromos\/el-fallo-saldra-favorable-a-nacional\/\" \/>\n<meta property=\"og:site_name\" content=\"Padre y Decano - El Sitio del Pueblo\" \/>\n<meta property=\"article:published_time\" content=\"2021-11-26T10:49:41+00:00\" \/>\n<meta property=\"article:modified_time\" content=\"2021-11-27T12:18:25+00:00\" \/>\n<meta property=\"og:image\" content=\"https:\/\/www.padreydecano.com\/cms\/wp-content\/uploads\/2021\/07\/ruglio.jpg\" \/>\n\t<meta property=\"og:image:width\" content=\"1024\" \/>\n\t<meta property=\"og:image:height\" content=\"682\" \/>\n\t<meta property=\"og:image:type\" content=\"image\/jpeg\" \/>\n<meta name=\"author\" content=\"Redactores Padre y Decano\" \/>\n<meta name=\"twitter:card\" content=\"summary_large_image\" \/>\n<meta name=\"twitter:label1\" content=\"Escrito por\" \/>\n\t<meta name=\"twitter:data1\" content=\"Redactores Padre y Decano\" \/>\n\t<meta name=\"twitter:label2\" content=\"Tiempo de lectura\" \/>\n\t<meta name=\"twitter:data2\" content=\"5 minutos\" \/>\n<script type=\"application\/ld+json\" class=\"yoast-schema-graph\">{\"@context\":\"https:\/\/schema.org\",\"@graph\":[{\"@type\":\"Article\",\"@id\":\"https:\/\/www.padreydecano.com\/cms\/los-aromos\/el-fallo-saldra-favorable-a-nacional\/#article\",\"isPartOf\":{\"@id\":\"https:\/\/www.padreydecano.com\/cms\/los-aromos\/el-fallo-saldra-favorable-a-nacional\/\"},\"author\":{\"name\":\"Redactores Padre y Decano\",\"@id\":\"https:\/\/www.padreydecano.com\/cms\/#\/schema\/person\/37aae8f93aa78e4c5385497f056e3246\"},\"headline\":\"El fallo saldr\u00e1 favorable a Nacional\",\"datePublished\":\"2021-11-26T10:49:41+00:00\",\"dateModified\":\"2021-11-27T12:18:25+00:00\",\"mainEntityOfPage\":{\"@id\":\"https:\/\/www.padreydecano.com\/cms\/los-aromos\/el-fallo-saldra-favorable-a-nacional\/\"},\"wordCount\":1035,\"commentCount\":76,\"publisher\":{\"@id\":\"https:\/\/www.padreydecano.com\/cms\/#organization\"},\"image\":{\"@id\":\"https:\/\/www.padreydecano.com\/cms\/los-aromos\/el-fallo-saldra-favorable-a-nacional\/#primaryimage\"},\"thumbnailUrl\":\"https:\/\/www.padreydecano.com\/cms\/wp-content\/uploads\/2021\/07\/ruglio.jpg\",\"articleSection\":[\"Los Aromos\"],\"inLanguage\":\"es\",\"potentialAction\":[{\"@type\":\"CommentAction\",\"name\":\"Comment\",\"target\":[\"https:\/\/www.padreydecano.com\/cms\/los-aromos\/el-fallo-saldra-favorable-a-nacional\/#respond\"]}]},{\"@type\":\"WebPage\",\"@id\":\"https:\/\/www.padreydecano.com\/cms\/los-aromos\/el-fallo-saldra-favorable-a-nacional\/\",\"url\":\"https:\/\/www.padreydecano.com\/cms\/los-aromos\/el-fallo-saldra-favorable-a-nacional\/\",\"name\":\"El fallo saldr\u00e1 favorable a Nacional - Padre y Decano - El Sitio del Pueblo\",\"isPartOf\":{\"@id\":\"https:\/\/www.padreydecano.com\/cms\/#website\"},\"primaryImageOfPage\":{\"@id\":\"https:\/\/www.padreydecano.com\/cms\/los-aromos\/el-fallo-saldra-favorable-a-nacional\/#primaryimage\"},\"image\":{\"@id\":\"https:\/\/www.padreydecano.com\/cms\/los-aromos\/el-fallo-saldra-favorable-a-nacional\/#primaryimage\"},\"thumbnailUrl\":\"https:\/\/www.padreydecano.com\/cms\/wp-content\/uploads\/2021\/07\/ruglio.jpg\",\"datePublished\":\"2021-11-26T10:49:41+00:00\",\"dateModified\":\"2021-11-27T12:18:25+00:00\",\"breadcrumb\":{\"@id\":\"https:\/\/www.padreydecano.com\/cms\/los-aromos\/el-fallo-saldra-favorable-a-nacional\/#breadcrumb\"},\"inLanguage\":\"es\",\"potentialAction\":[{\"@type\":\"ReadAction\",\"target\":[\"https:\/\/www.padreydecano.com\/cms\/los-aromos\/el-fallo-saldra-favorable-a-nacional\/\"]}]},{\"@type\":\"ImageObject\",\"inLanguage\":\"es\",\"@id\":\"https:\/\/www.padreydecano.com\/cms\/los-aromos\/el-fallo-saldra-favorable-a-nacional\/#primaryimage\",\"url\":\"https:\/\/www.padreydecano.com\/cms\/wp-content\/uploads\/2021\/07\/ruglio.jpg\",\"contentUrl\":\"https:\/\/www.padreydecano.com\/cms\/wp-content\/uploads\/2021\/07\/ruglio.jpg\",\"width\":1024,\"height\":682},{\"@type\":\"BreadcrumbList\",\"@id\":\"https:\/\/www.padreydecano.com\/cms\/los-aromos\/el-fallo-saldra-favorable-a-nacional\/#breadcrumb\",\"itemListElement\":[{\"@type\":\"ListItem\",\"position\":1,\"name\":\"Portada\",\"item\":\"https:\/\/www.padreydecano.com\/cms\/\"},{\"@type\":\"ListItem\",\"position\":2,\"name\":\"El fallo saldr\u00e1 favorable a Nacional\"}]},{\"@type\":\"WebSite\",\"@id\":\"https:\/\/www.padreydecano.com\/cms\/#website\",\"url\":\"https:\/\/www.padreydecano.com\/cms\/\",\"name\":\"Padre y Decano - El Sitio del Pueblo\",\"description\":\"Club Atl\u00e9tico Pe\u00f1arol\",\"publisher\":{\"@id\":\"https:\/\/www.padreydecano.com\/cms\/#organization\"},\"potentialAction\":[{\"@type\":\"SearchAction\",\"target\":{\"@type\":\"EntryPoint\",\"urlTemplate\":\"https:\/\/www.padreydecano.com\/cms\/?s={search_term_string}\"},\"query-input\":\"required name=search_term_string\"}],\"inLanguage\":\"es\"},{\"@type\":\"Organization\",\"@id\":\"https:\/\/www.padreydecano.com\/cms\/#organization\",\"name\":\"Padre y Decano\",\"url\":\"https:\/\/www.padreydecano.com\/cms\/\",\"logo\":{\"@type\":\"ImageObject\",\"inLanguage\":\"es\",\"@id\":\"https:\/\/www.padreydecano.com\/cms\/#\/schema\/logo\/image\/\",\"url\":\"https:\/\/www.padreydecano.com\/cms\/wp-content\/uploads\/2022\/01\/avatar-square.png\",\"contentUrl\":\"https:\/\/www.padreydecano.com\/cms\/wp-content\/uploads\/2022\/01\/avatar-square.png\",\"width\":1500,\"height\":1500,\"caption\":\"Padre y Decano\"},\"image\":{\"@id\":\"https:\/\/www.padreydecano.com\/cms\/#\/schema\/logo\/image\/\"}},{\"@type\":\"Person\",\"@id\":\"https:\/\/www.padreydecano.com\/cms\/#\/schema\/person\/37aae8f93aa78e4c5385497f056e3246\",\"name\":\"Redactores Padre y Decano\",\"image\":{\"@type\":\"ImageObject\",\"inLanguage\":\"es\",\"@id\":\"https:\/\/www.padreydecano.com\/cms\/#\/schema\/person\/image\/\",\"url\":\"https:\/\/secure.gravatar.com\/avatar\/8810c4b9081192b118b104af54549af8?s=96&d=https%3A%2F%2Fpadreydecano.com%2Fcms%2Fwp-content%2Fthemes%2Fpyd-theme%2Fimg%2Fdefault-avatar.png&r=g\",\"contentUrl\":\"https:\/\/secure.gravatar.com\/avatar\/8810c4b9081192b118b104af54549af8?s=96&d=https%3A%2F%2Fpadreydecano.com%2Fcms%2Fwp-content%2Fthemes%2Fpyd-theme%2Fimg%2Fdefault-avatar.png&r=g\",\"caption\":\"Redactores Padre y Decano\"},\"sameAs\":[\"http:\/\/www.padreydecano.com\"]}]}<\/script>\n<!-- \/ Yoast SEO plugin. -->","yoast_head_json":{"title":"El fallo saldr\u00e1 favorable a Nacional - Padre y Decano - El Sitio del Pueblo","robots":{"index":"index","follow":"follow","max-snippet":"max-snippet:-1","max-image-preview":"max-image-preview:large","max-video-preview":"max-video-preview:-1"},"canonical":"https:\/\/www.padreydecano.com\/cms\/los-aromos\/el-fallo-saldra-favorable-a-nacional\/","og_locale":"es_ES","og_type":"article","og_title":"El fallo saldr\u00e1 favorable a Nacional - Padre y Decano - El Sitio del Pueblo","og_description":"El Presidente de Pe\u00f1arol, Ignacio Ruglio, habl\u00f3 antes del partido en que el Decano igual\u00f3 con Progreso 0 a 0, sobre la situaci\u00f3n del fallo del encuentro entre Cerro Largo y albos. Adem\u00e1s, coment\u00f3 todos los cambios que necesita el f\u00fatbol vern\u00e1culo para ser profesional y transparente. No caer en protestas: \u201cHoy hablamos con los [&hellip;]","og_url":"https:\/\/www.padreydecano.com\/cms\/los-aromos\/el-fallo-saldra-favorable-a-nacional\/","og_site_name":"Padre y Decano - El Sitio del Pueblo","article_published_time":"2021-11-26T10:49:41+00:00","article_modified_time":"2021-11-27T12:18:25+00:00","og_image":[{"width":1024,"height":682,"url":"https:\/\/www.padreydecano.com\/cms\/wp-content\/uploads\/2021\/07\/ruglio.jpg","type":"image\/jpeg"}],"author":"Redactores Padre y Decano","twitter_card":"summary_large_image","twitter_misc":{"Escrito por":"Redactores Padre y Decano","Tiempo de lectura":"5 minutos"},"schema":{"@context":"https:\/\/schema.org","@graph":[{"@type":"Article","@id":"https:\/\/www.padreydecano.com\/cms\/los-aromos\/el-fallo-saldra-favorable-a-nacional\/#article","isPartOf":{"@id":"https:\/\/www.padreydecano.com\/cms\/los-aromos\/el-fallo-saldra-favorable-a-nacional\/"},"author":{"name":"Redactores Padre y Decano","@id":"https:\/\/www.padreydecano.com\/cms\/#\/schema\/person\/37aae8f93aa78e4c5385497f056e3246"},"headline":"El fallo saldr\u00e1 favorable a Nacional","datePublished":"2021-11-26T10:49:41+00:00","dateModified":"2021-11-27T12:18:25+00:00","mainEntityOfPage":{"@id":"https:\/\/www.padreydecano.com\/cms\/los-aromos\/el-fallo-saldra-favorable-a-nacional\/"},"wordCount":1035,"commentCount":76,"publisher":{"@id":"https:\/\/www.padreydecano.com\/cms\/#organization"},"image":{"@id":"https:\/\/www.padreydecano.com\/cms\/los-aromos\/el-fallo-saldra-favorable-a-nacional\/#primaryimage"},"thumbnailUrl":"https:\/\/www.padreydecano.com\/cms\/wp-content\/uploads\/2021\/07\/ruglio.jpg","articleSection":["Los Aromos"],"inLanguage":"es","potentialAction":[{"@type":"CommentAction","name":"Comment","target":["https:\/\/www.padreydecano.com\/cms\/los-aromos\/el-fallo-saldra-favorable-a-nacional\/#respond"]}]},{"@type":"WebPage","@id":"https:\/\/www.padreydecano.com\/cms\/los-aromos\/el-fallo-saldra-favorable-a-nacional\/","url":"https:\/\/www.padreydecano.com\/cms\/los-aromos\/el-fallo-saldra-favorable-a-nacional\/","name":"El fallo saldr\u00e1 favorable a Nacional - Padre y Decano - El Sitio del Pueblo","isPartOf":{"@id":"https:\/\/www.padreydecano.com\/cms\/#website"},"primaryImageOfPage":{"@id":"https:\/\/www.padreydecano.com\/cms\/los-aromos\/el-fallo-saldra-favorable-a-nacional\/#primaryimage"},"image":{"@id":"https:\/\/www.padreydecano.com\/cms\/los-aromos\/el-fallo-saldra-favorable-a-nacional\/#primaryimage"},"thumbnailUrl":"https:\/\/www.padreydecano.com\/cms\/wp-content\/uploads\/2021\/07\/ruglio.jpg","datePublished":"2021-11-26T10:49:41+00:00","dateModified":"2021-11-27T12:18:25+00:00","breadcrumb":{"@id":"https:\/\/www.padreydecano.com\/cms\/los-aromos\/el-fallo-saldra-favorable-a-nacional\/#breadcrumb"},"inLanguage":"es","potentialAction":[{"@type":"ReadAction","target":["https:\/\/www.padreydecano.com\/cms\/los-aromos\/el-fallo-saldra-favorable-a-nacional\/"]}]},{"@type":"ImageObject","inLanguage":"es","@id":"https:\/\/www.padreydecano.com\/cms\/los-aromos\/el-fallo-saldra-favorable-a-nacional\/#primaryimage","url":"https:\/\/www.padreydecano.com\/cms\/wp-content\/uploads\/2021\/07\/ruglio.jpg","contentUrl":"https:\/\/www.padreydecano.com\/cms\/wp-content\/uploads\/2021\/07\/ruglio.jpg","width":1024,"height":682},{"@type":"BreadcrumbList","@id":"https:\/\/www.padreydecano.com\/cms\/los-aromos\/el-fallo-saldra-favorable-a-nacional\/#breadcrumb","itemListElement":[{"@type":"ListItem","position":1,"name":"Portada","item":"https:\/\/www.padreydecano.com\/cms\/"},{"@type":"ListItem","position":2,"name":"El fallo saldr\u00e1 favorable a Nacional"}]},{"@type":"WebSite","@id":"https:\/\/www.padreydecano.com\/cms\/#website","url":"https:\/\/www.padreydecano.com\/cms\/","name":"Padre y Decano - El Sitio del Pueblo","description":"Club Atl\u00e9tico Pe\u00f1arol","publisher":{"@id":"https:\/\/www.padreydecano.com\/cms\/#organization"},"potentialAction":[{"@type":"SearchAction","target":{"@type":"EntryPoint","urlTemplate":"https:\/\/www.padreydecano.com\/cms\/?s={search_term_string}"},"query-input":"required name=search_term_string"}],"inLanguage":"es"},{"@type":"Organization","@id":"https:\/\/www.padreydecano.com\/cms\/#organization","name":"Padre y Decano","url":"https:\/\/www.padreydecano.com\/cms\/","logo":{"@type":"ImageObject","inLanguage":"es","@id":"https:\/\/www.padreydecano.com\/cms\/#\/schema\/logo\/image\/","url":"https:\/\/www.padreydecano.com\/cms\/wp-content\/uploads\/2022\/01\/avatar-square.png","contentUrl":"https:\/\/www.padreydecano.com\/cms\/wp-content\/uploads\/2022\/01\/avatar-square.png","width":1500,"height":1500,"caption":"Padre y Decano"},"image":{"@id":"https:\/\/www.padreydecano.com\/cms\/#\/schema\/logo\/image\/"}},{"@type":"Person","@id":"https:\/\/www.padreydecano.com\/cms\/#\/schema\/person\/37aae8f93aa78e4c5385497f056e3246","name":"Redactores Padre y Decano","image":{"@type":"ImageObject","inLanguage":"es","@id":"https:\/\/www.padreydecano.com\/cms\/#\/schema\/person\/image\/","url":"https:\/\/secure.gravatar.com\/avatar\/8810c4b9081192b118b104af54549af8?s=96&d=https%3A%2F%2Fpadreydecano.com%2Fcms%2Fwp-content%2Fthemes%2Fpyd-theme%2Fimg%2Fdefault-avatar.png&r=g","contentUrl":"https:\/\/secure.gravatar.com\/avatar\/8810c4b9081192b118b104af54549af8?s=96&d=https%3A%2F%2Fpadreydecano.com%2Fcms%2Fwp-content%2Fthemes%2Fpyd-theme%2Fimg%2Fdefault-avatar.png&r=g","caption":"Redactores Padre y Decano"},"sameAs":["http:\/\/www.padreydecano.com"]}]}},"_links":{"self":[{"href":"https:\/\/www.padreydecano.com\/cms\/wp-json\/wp\/v2\/posts\/77352"}],"collection":[{"href":"https:\/\/www.padreydecano.com\/cms\/wp-json\/wp\/v2\/posts"}],"about":[{"href":"https:\/\/www.padreydecano.com\/cms\/wp-json\/wp\/v2\/types\/post"}],"author":[{"embeddable":true,"href":"https:\/\/www.padreydecano.com\/cms\/wp-json\/wp\/v2\/users\/27"}],"replies":[{"embeddable":true,"href":"https:\/\/www.padreydecano.com\/cms\/wp-json\/wp\/v2\/comments?post=77352"}],"version-history":[{"count":0,"href":"https:\/\/www.padreydecano.com\/cms\/wp-json\/wp\/v2\/posts\/77352\/revisions"}],"wp:featuredmedia":[{"embeddable":true,"href":"https:\/\/www.padreydecano.com\/cms\/wp-json\/wp\/v2\/media\/76458"}],"wp:attachment":[{"href":"https:\/\/www.padreydecano.com\/cms\/wp-json\/wp\/v2\/media?parent=77352"}],"wp:term":[{"taxonomy":"category","embeddable":true,"href":"https:\/\/www.padreydecano.com\/cms\/wp-json\/wp\/v2\/categories?post=77352"},{"taxonomy":"post_tag","embeddable":true,"href":"https:\/\/www.padreydecano.com\/cms\/wp-json\/wp\/v2\/tags?post=77352"}],"curies":[{"name":"wp","href":"https:\/\/api.w.org\/{rel}","templated":true}]}}