{"id":77343,"date":"2021-11-25T20:38:56","date_gmt":"2021-11-25T23:38:56","guid":{"rendered":"http:\/\/www.padreydecano.com\/cms\/?p=77343"},"modified":"2021-12-29T12:55:27","modified_gmt":"2021-12-29T15:55:27","slug":"la-figura-bajo-la-tormenta","status":"publish","type":"post","link":"https:\/\/www.padreydecano.com\/cms\/noticias\/la-figura-bajo-la-tormenta\/","title":{"rendered":"La figura bajo la tormenta"},"content":{"rendered":"<p><a href=\"https:\/\/www.padreydecano.com\/cms\/wp-content\/uploads\/2021\/11\/WhatsApp-Image-2021-11-25-at-18.44.11.jpeg\" rel=\"shadowbox[sbpost-77343];player=img;\"><img loading=\"lazy\" decoding=\"async\" class=\"aligncenter wp-image-77344 size-full\" src=\"https:\/\/www.padreydecano.com\/cms\/wp-content\/uploads\/2021\/11\/WhatsApp-Image-2021-11-25-at-18.44.11.jpeg\" alt=\"\" width=\"1600\" height=\"1067\" srcset=\"https:\/\/www.padreydecano.com\/cms\/wp-content\/uploads\/2021\/11\/WhatsApp-Image-2021-11-25-at-18.44.11.jpeg 1600w, https:\/\/www.padreydecano.com\/cms\/wp-content\/uploads\/2021\/11\/WhatsApp-Image-2021-11-25-at-18.44.11-600x400.jpeg 600w, https:\/\/www.padreydecano.com\/cms\/wp-content\/uploads\/2021\/11\/WhatsApp-Image-2021-11-25-at-18.44.11-768x512.jpeg 768w, https:\/\/www.padreydecano.com\/cms\/wp-content\/uploads\/2021\/11\/WhatsApp-Image-2021-11-25-at-18.44.11-1024x683.jpeg 1024w\" sizes=\"(max-width: 1600px) 100vw, 1600px\" \/><\/a><\/p>\n<p style=\"text-align: justify;\"><strong>En un partido con una lluvia constante, el mediocampista Agust\u00edn Canobbio fue el jugador destacado del encuentro correspondiente a la fecha 14 del Torneo Clausura entre Pe\u00f1arol y Progreso a pesar del 0-0.<\/strong><\/p>\n<p style=\"text-align: justify;\">Durante el desarrollo de los 90 minutos, se encarg\u00f3 de intentar ser el protagonista del Carbonero teniendo el control de la pelota, generando situaciones para \u00e9l y el resto de sus compa\u00f1eros. El arquero del local, Rodrigo Formento, fue el principal responsable de que Pe\u00f1arol no se lleve los tres puntos.<\/p>\n<p style=\"text-align: justify;\">A los 44 minutos del primer tiempo, Canobbio intent\u00f3 sorprender a la defensa y al arquero rival rematando de espaldas al arco con un taco, tras un remate de un compa\u00f1ero que el propio mediocampista desvi\u00f3 en el camino y por cent\u00edmetros no fue gol para el Manya.<\/p>\n<p style=\"text-align: justify;\">Ya en la segunda parte del encuentro, Agust\u00edn remat\u00f3 de volea una pelota que qued\u00f3 flotando en el \u00e1rea chica de Progreso, pero se fue por encima del travesa\u00f1o por haberla impactado tan arriba y con la marca de un defensor rival encima.<\/p>\n<p style=\"text-align: justify;\">Otros jugadores destacados del encuentro han sido: Giovanni Gonzalez, que en la primera etapa impact\u00f3 un disparo en el poste izquierdo del arco del local, el delantero Ruben Bentancourt con un cabezazo en el segundo tiempo que intent\u00f3 filtrar la pelota por encima de Rodrigo Formento, pero el arquero logr\u00f3 desviarla al c\u00f3rner y Valent\u00edn Rodr\u00edguez con reiterados desbordes que han complicado a la defensa local.<\/p>\n<div class=\"user-wrapper\"><a class=\"userlink\" href=\"https:\/\/twitter.com\/PabloCarranzaOK\" target=\"_blank\"><figure><img decoding=\"async\" src=\"http:\/\/www.padreydecano.com\/cms\/wp-users-files\/postfirmas\/pablocarranza.jpg\" \/><\/figure><p class=\"user\"><strong>Pablo Carranza<\/strong><br \/>@PabloCarranzaOK<\/p><\/a><\/div>\n","protected":false},"excerpt":{"rendered":"<p>En un partido con una lluvia constante, el mediocampista Agust\u00edn Canobbio fue el jugador destacado del encuentro correspondiente a la fecha 14 del Torneo Clausura entre Pe\u00f1arol y Progreso a pesar del 0-0. Durante el desarrollo de los 90 minutos, se encarg\u00f3 de intentar ser el protagonista del Carbonero teniendo el control de la pelota, [&hellip;]<\/p>\n","protected":false},"author":34,"featured_media":77344,"comment_status":"open","ping_status":"closed","sticky":false,"template":"","format":"standard","meta":{"footnotes":""},"categories":[1],"tags":[510],"yoast_head":"<!-- This site is optimized with the Yoast SEO plugin v23.2 - https:\/\/yoast.com\/wordpress\/plugins\/seo\/ -->\n<title>La figura bajo la tormenta - Padre y Decano - El Sitio del Pueblo<\/title>\n<meta name=\"robots\" content=\"index, follow, max-snippet:-1, max-image-preview:large, max-video-preview:-1\" \/>\n<link rel=\"canonical\" href=\"https:\/\/www.padreydecano.com\/cms\/noticias\/la-figura-bajo-la-tormenta\/\" \/>\n<meta property=\"og:locale\" content=\"es_ES\" \/>\n<meta property=\"og:type\" content=\"article\" \/>\n<meta property=\"og:title\" content=\"La figura bajo la tormenta - Padre y Decano - El Sitio del Pueblo\" \/>\n<meta property=\"og:description\" content=\"En un partido con una lluvia constante, el mediocampista Agust\u00edn Canobbio fue el jugador destacado del encuentro correspondiente a la fecha 14 del Torneo Clausura entre Pe\u00f1arol y Progreso a pesar del 0-0. Durante el desarrollo de los 90 minutos, se encarg\u00f3 de intentar ser el protagonista del Carbonero teniendo el control de la pelota, [&hellip;]\" \/>\n<meta property=\"og:url\" content=\"https:\/\/www.padreydecano.com\/cms\/noticias\/la-figura-bajo-la-tormenta\/\" \/>\n<meta property=\"og:site_name\" content=\"Padre y Decano - El Sitio del Pueblo\" \/>\n<meta property=\"article:published_time\" content=\"2021-11-25T23:38:56+00:00\" \/>\n<meta property=\"article:modified_time\" content=\"2021-12-29T15:55:27+00:00\" \/>\n<meta property=\"og:image\" content=\"https:\/\/www.padreydecano.com\/cms\/wp-content\/uploads\/2021\/11\/WhatsApp-Image-2021-11-25-at-18.44.11.jpeg\" \/>\n\t<meta property=\"og:image:width\" content=\"1600\" \/>\n\t<meta property=\"og:image:height\" content=\"1067\" \/>\n\t<meta property=\"og:image:type\" content=\"image\/jpeg\" \/>\n<meta name=\"author\" content=\"Pablo Carranza\" \/>\n<meta name=\"twitter:card\" content=\"summary_large_image\" \/>\n<meta name=\"twitter:label1\" content=\"Escrito por\" \/>\n\t<meta name=\"twitter:data1\" content=\"Pablo Carranza\" \/>\n\t<meta name=\"twitter:label2\" content=\"Tiempo de lectura\" \/>\n\t<meta name=\"twitter:data2\" content=\"1 minuto\" \/>\n<script type=\"application\/ld+json\" class=\"yoast-schema-graph\">{\"@context\":\"https:\/\/schema.org\",\"@graph\":[{\"@type\":\"Article\",\"@id\":\"https:\/\/www.padreydecano.com\/cms\/noticias\/la-figura-bajo-la-tormenta\/#article\",\"isPartOf\":{\"@id\":\"https:\/\/www.padreydecano.com\/cms\/noticias\/la-figura-bajo-la-tormenta\/\"},\"author\":{\"name\":\"Pablo Carranza\",\"@id\":\"https:\/\/www.padreydecano.com\/cms\/#\/schema\/person\/81aeb72d97f208f384f2c44dfec93ef8\"},\"headline\":\"La figura bajo la tormenta\",\"datePublished\":\"2021-11-25T23:38:56+00:00\",\"dateModified\":\"2021-12-29T15:55:27+00:00\",\"mainEntityOfPage\":{\"@id\":\"https:\/\/www.padreydecano.com\/cms\/noticias\/la-figura-bajo-la-tormenta\/\"},\"wordCount\":255,\"commentCount\":19,\"publisher\":{\"@id\":\"https:\/\/www.padreydecano.com\/cms\/#organization\"},\"image\":{\"@id\":\"https:\/\/www.padreydecano.com\/cms\/noticias\/la-figura-bajo-la-tormenta\/#primaryimage\"},\"thumbnailUrl\":\"https:\/\/www.padreydecano.com\/cms\/wp-content\/uploads\/2021\/11\/WhatsApp-Image-2021-11-25-at-18.44.11.jpeg\",\"keywords\":[\"Pablo Carranza\"],\"articleSection\":[\"Noticias\"],\"inLanguage\":\"es\",\"potentialAction\":[{\"@type\":\"CommentAction\",\"name\":\"Comment\",\"target\":[\"https:\/\/www.padreydecano.com\/cms\/noticias\/la-figura-bajo-la-tormenta\/#respond\"]}]},{\"@type\":\"WebPage\",\"@id\":\"https:\/\/www.padreydecano.com\/cms\/noticias\/la-figura-bajo-la-tormenta\/\",\"url\":\"https:\/\/www.padreydecano.com\/cms\/noticias\/la-figura-bajo-la-tormenta\/\",\"name\":\"La figura bajo la tormenta - Padre y Decano - El Sitio del Pueblo\",\"isPartOf\":{\"@id\":\"https:\/\/www.padreydecano.com\/cms\/#website\"},\"primaryImageOfPage\":{\"@id\":\"https:\/\/www.padreydecano.com\/cms\/noticias\/la-figura-bajo-la-tormenta\/#primaryimage\"},\"image\":{\"@id\":\"https:\/\/www.padreydecano.com\/cms\/noticias\/la-figura-bajo-la-tormenta\/#primaryimage\"},\"thumbnailUrl\":\"https:\/\/www.padreydecano.com\/cms\/wp-content\/uploads\/2021\/11\/WhatsApp-Image-2021-11-25-at-18.44.11.jpeg\",\"datePublished\":\"2021-11-25T23:38:56+00:00\",\"dateModified\":\"2021-12-29T15:55:27+00:00\",\"breadcrumb\":{\"@id\":\"https:\/\/www.padreydecano.com\/cms\/noticias\/la-figura-bajo-la-tormenta\/#breadcrumb\"},\"inLanguage\":\"es\",\"potentialAction\":[{\"@type\":\"ReadAction\",\"target\":[\"https:\/\/www.padreydecano.com\/cms\/noticias\/la-figura-bajo-la-tormenta\/\"]}]},{\"@type\":\"ImageObject\",\"inLanguage\":\"es\",\"@id\":\"https:\/\/www.padreydecano.com\/cms\/noticias\/la-figura-bajo-la-tormenta\/#primaryimage\",\"url\":\"https:\/\/www.padreydecano.com\/cms\/wp-content\/uploads\/2021\/11\/WhatsApp-Image-2021-11-25-at-18.44.11.jpeg\",\"contentUrl\":\"https:\/\/www.padreydecano.com\/cms\/wp-content\/uploads\/2021\/11\/WhatsApp-Image-2021-11-25-at-18.44.11.jpeg\",\"width\":1600,\"height\":1067},{\"@type\":\"BreadcrumbList\",\"@id\":\"https:\/\/www.padreydecano.com\/cms\/noticias\/la-figura-bajo-la-tormenta\/#breadcrumb\",\"itemListElement\":[{\"@type\":\"ListItem\",\"position\":1,\"name\":\"Portada\",\"item\":\"https:\/\/www.padreydecano.com\/cms\/\"},{\"@type\":\"ListItem\",\"position\":2,\"name\":\"La figura bajo la tormenta\"}]},{\"@type\":\"WebSite\",\"@id\":\"https:\/\/www.padreydecano.com\/cms\/#website\",\"url\":\"https:\/\/www.padreydecano.com\/cms\/\",\"name\":\"Padre y Decano - El Sitio del Pueblo\",\"description\":\"Club Atl\u00e9tico Pe\u00f1arol\",\"publisher\":{\"@id\":\"https:\/\/www.padreydecano.com\/cms\/#organization\"},\"potentialAction\":[{\"@type\":\"SearchAction\",\"target\":{\"@type\":\"EntryPoint\",\"urlTemplate\":\"https:\/\/www.padreydecano.com\/cms\/?s={search_term_string}\"},\"query-input\":\"required name=search_term_string\"}],\"inLanguage\":\"es\"},{\"@type\":\"Organization\",\"@id\":\"https:\/\/www.padreydecano.com\/cms\/#organization\",\"name\":\"Padre y Decano\",\"url\":\"https:\/\/www.padreydecano.com\/cms\/\",\"logo\":{\"@type\":\"ImageObject\",\"inLanguage\":\"es\",\"@id\":\"https:\/\/www.padreydecano.com\/cms\/#\/schema\/logo\/image\/\",\"url\":\"https:\/\/www.padreydecano.com\/cms\/wp-content\/uploads\/2022\/01\/avatar-square.png\",\"contentUrl\":\"https:\/\/www.padreydecano.com\/cms\/wp-content\/uploads\/2022\/01\/avatar-square.png\",\"width\":1500,\"height\":1500,\"caption\":\"Padre y Decano\"},\"image\":{\"@id\":\"https:\/\/www.padreydecano.com\/cms\/#\/schema\/logo\/image\/\"}},{\"@type\":\"Person\",\"@id\":\"https:\/\/www.padreydecano.com\/cms\/#\/schema\/person\/81aeb72d97f208f384f2c44dfec93ef8\",\"name\":\"Pablo Carranza\",\"image\":{\"@type\":\"ImageObject\",\"inLanguage\":\"es\",\"@id\":\"https:\/\/www.padreydecano.com\/cms\/#\/schema\/person\/image\/\",\"url\":\"https:\/\/secure.gravatar.com\/avatar\/d2ca6fc250231c2f32ecfa6e0359664a?s=96&d=https%3A%2F%2Fpadreydecano.com%2Fcms%2Fwp-content%2Fthemes%2Fpyd-theme%2Fimg%2Fdefault-avatar.png&r=g\",\"contentUrl\":\"https:\/\/secure.gravatar.com\/avatar\/d2ca6fc250231c2f32ecfa6e0359664a?s=96&d=https%3A%2F%2Fpadreydecano.com%2Fcms%2Fwp-content%2Fthemes%2Fpyd-theme%2Fimg%2Fdefault-avatar.png&r=g\",\"caption\":\"Pablo Carranza\"}}]}<\/script>\n<!-- \/ Yoast SEO plugin. -->","yoast_head_json":{"title":"La figura bajo la tormenta - Padre y Decano - El Sitio del Pueblo","robots":{"index":"index","follow":"follow","max-snippet":"max-snippet:-1","max-image-preview":"max-image-preview:large","max-video-preview":"max-video-preview:-1"},"canonical":"https:\/\/www.padreydecano.com\/cms\/noticias\/la-figura-bajo-la-tormenta\/","og_locale":"es_ES","og_type":"article","og_title":"La figura bajo la tormenta - Padre y Decano - El Sitio del Pueblo","og_description":"En un partido con una lluvia constante, el mediocampista Agust\u00edn Canobbio fue el jugador destacado del encuentro correspondiente a la fecha 14 del Torneo Clausura entre Pe\u00f1arol y Progreso a pesar del 0-0. Durante el desarrollo de los 90 minutos, se encarg\u00f3 de intentar ser el protagonista del Carbonero teniendo el control de la pelota, [&hellip;]","og_url":"https:\/\/www.padreydecano.com\/cms\/noticias\/la-figura-bajo-la-tormenta\/","og_site_name":"Padre y Decano - El Sitio del Pueblo","article_published_time":"2021-11-25T23:38:56+00:00","article_modified_time":"2021-12-29T15:55:27+00:00","og_image":[{"width":1600,"height":1067,"url":"https:\/\/www.padreydecano.com\/cms\/wp-content\/uploads\/2021\/11\/WhatsApp-Image-2021-11-25-at-18.44.11.jpeg","type":"image\/jpeg"}],"author":"Pablo Carranza","twitter_card":"summary_large_image","twitter_misc":{"Escrito por":"Pablo Carranza","Tiempo de lectura":"1 minuto"},"schema":{"@context":"https:\/\/schema.org","@graph":[{"@type":"Article","@id":"https:\/\/www.padreydecano.com\/cms\/noticias\/la-figura-bajo-la-tormenta\/#article","isPartOf":{"@id":"https:\/\/www.padreydecano.com\/cms\/noticias\/la-figura-bajo-la-tormenta\/"},"author":{"name":"Pablo Carranza","@id":"https:\/\/www.padreydecano.com\/cms\/#\/schema\/person\/81aeb72d97f208f384f2c44dfec93ef8"},"headline":"La figura bajo la tormenta","datePublished":"2021-11-25T23:38:56+00:00","dateModified":"2021-12-29T15:55:27+00:00","mainEntityOfPage":{"@id":"https:\/\/www.padreydecano.com\/cms\/noticias\/la-figura-bajo-la-tormenta\/"},"wordCount":255,"commentCount":19,"publisher":{"@id":"https:\/\/www.padreydecano.com\/cms\/#organization"},"image":{"@id":"https:\/\/www.padreydecano.com\/cms\/noticias\/la-figura-bajo-la-tormenta\/#primaryimage"},"thumbnailUrl":"https:\/\/www.padreydecano.com\/cms\/wp-content\/uploads\/2021\/11\/WhatsApp-Image-2021-11-25-at-18.44.11.jpeg","keywords":["Pablo Carranza"],"articleSection":["Noticias"],"inLanguage":"es","potentialAction":[{"@type":"CommentAction","name":"Comment","target":["https:\/\/www.padreydecano.com\/cms\/noticias\/la-figura-bajo-la-tormenta\/#respond"]}]},{"@type":"WebPage","@id":"https:\/\/www.padreydecano.com\/cms\/noticias\/la-figura-bajo-la-tormenta\/","url":"https:\/\/www.padreydecano.com\/cms\/noticias\/la-figura-bajo-la-tormenta\/","name":"La figura bajo la tormenta - Padre y Decano - El Sitio del Pueblo","isPartOf":{"@id":"https:\/\/www.padreydecano.com\/cms\/#website"},"primaryImageOfPage":{"@id":"https:\/\/www.padreydecano.com\/cms\/noticias\/la-figura-bajo-la-tormenta\/#primaryimage"},"image":{"@id":"https:\/\/www.padreydecano.com\/cms\/noticias\/la-figura-bajo-la-tormenta\/#primaryimage"},"thumbnailUrl":"https:\/\/www.padreydecano.com\/cms\/wp-content\/uploads\/2021\/11\/WhatsApp-Image-2021-11-25-at-18.44.11.jpeg","datePublished":"2021-11-25T23:38:56+00:00","dateModified":"2021-12-29T15:55:27+00:00","breadcrumb":{"@id":"https:\/\/www.padreydecano.com\/cms\/noticias\/la-figura-bajo-la-tormenta\/#breadcrumb"},"inLanguage":"es","potentialAction":[{"@type":"ReadAction","target":["https:\/\/www.padreydecano.com\/cms\/noticias\/la-figura-bajo-la-tormenta\/"]}]},{"@type":"ImageObject","inLanguage":"es","@id":"https:\/\/www.padreydecano.com\/cms\/noticias\/la-figura-bajo-la-tormenta\/#primaryimage","url":"https:\/\/www.padreydecano.com\/cms\/wp-content\/uploads\/2021\/11\/WhatsApp-Image-2021-11-25-at-18.44.11.jpeg","contentUrl":"https:\/\/www.padreydecano.com\/cms\/wp-content\/uploads\/2021\/11\/WhatsApp-Image-2021-11-25-at-18.44.11.jpeg","width":1600,"height":1067},{"@type":"BreadcrumbList","@id":"https:\/\/www.padreydecano.com\/cms\/noticias\/la-figura-bajo-la-tormenta\/#breadcrumb","itemListElement":[{"@type":"ListItem","position":1,"name":"Portada","item":"https:\/\/www.padreydecano.com\/cms\/"},{"@type":"ListItem","position":2,"name":"La figura bajo la tormenta"}]},{"@type":"WebSite","@id":"https:\/\/www.padreydecano.com\/cms\/#website","url":"https:\/\/www.padreydecano.com\/cms\/","name":"Padre y Decano - El Sitio del Pueblo","description":"Club Atl\u00e9tico Pe\u00f1arol","publisher":{"@id":"https:\/\/www.padreydecano.com\/cms\/#organization"},"potentialAction":[{"@type":"SearchAction","target":{"@type":"EntryPoint","urlTemplate":"https:\/\/www.padreydecano.com\/cms\/?s={search_term_string}"},"query-input":"required name=search_term_string"}],"inLanguage":"es"},{"@type":"Organization","@id":"https:\/\/www.padreydecano.com\/cms\/#organization","name":"Padre y Decano","url":"https:\/\/www.padreydecano.com\/cms\/","logo":{"@type":"ImageObject","inLanguage":"es","@id":"https:\/\/www.padreydecano.com\/cms\/#\/schema\/logo\/image\/","url":"https:\/\/www.padreydecano.com\/cms\/wp-content\/uploads\/2022\/01\/avatar-square.png","contentUrl":"https:\/\/www.padreydecano.com\/cms\/wp-content\/uploads\/2022\/01\/avatar-square.png","width":1500,"height":1500,"caption":"Padre y Decano"},"image":{"@id":"https:\/\/www.padreydecano.com\/cms\/#\/schema\/logo\/image\/"}},{"@type":"Person","@id":"https:\/\/www.padreydecano.com\/cms\/#\/schema\/person\/81aeb72d97f208f384f2c44dfec93ef8","name":"Pablo Carranza","image":{"@type":"ImageObject","inLanguage":"es","@id":"https:\/\/www.padreydecano.com\/cms\/#\/schema\/person\/image\/","url":"https:\/\/secure.gravatar.com\/avatar\/d2ca6fc250231c2f32ecfa6e0359664a?s=96&d=https%3A%2F%2Fpadreydecano.com%2Fcms%2Fwp-content%2Fthemes%2Fpyd-theme%2Fimg%2Fdefault-avatar.png&r=g","contentUrl":"https:\/\/secure.gravatar.com\/avatar\/d2ca6fc250231c2f32ecfa6e0359664a?s=96&d=https%3A%2F%2Fpadreydecano.com%2Fcms%2Fwp-content%2Fthemes%2Fpyd-theme%2Fimg%2Fdefault-avatar.png&r=g","caption":"Pablo Carranza"}}]}},"_links":{"self":[{"href":"https:\/\/www.padreydecano.com\/cms\/wp-json\/wp\/v2\/posts\/77343"}],"collection":[{"href":"https:\/\/www.padreydecano.com\/cms\/wp-json\/wp\/v2\/posts"}],"about":[{"href":"https:\/\/www.padreydecano.com\/cms\/wp-json\/wp\/v2\/types\/post"}],"author":[{"embeddable":true,"href":"https:\/\/www.padreydecano.com\/cms\/wp-json\/wp\/v2\/users\/34"}],"replies":[{"embeddable":true,"href":"https:\/\/www.padreydecano.com\/cms\/wp-json\/wp\/v2\/comments?post=77343"}],"version-history":[{"count":0,"href":"https:\/\/www.padreydecano.com\/cms\/wp-json\/wp\/v2\/posts\/77343\/revisions"}],"wp:featuredmedia":[{"embeddable":true,"href":"https:\/\/www.padreydecano.com\/cms\/wp-json\/wp\/v2\/media\/77344"}],"wp:attachment":[{"href":"https:\/\/www.padreydecano.com\/cms\/wp-json\/wp\/v2\/media?parent=77343"}],"wp:term":[{"taxonomy":"category","embeddable":true,"href":"https:\/\/www.padreydecano.com\/cms\/wp-json\/wp\/v2\/categories?post=77343"},{"taxonomy":"post_tag","embeddable":true,"href":"https:\/\/www.padreydecano.com\/cms\/wp-json\/wp\/v2\/tags?post=77343"}],"curies":[{"name":"wp","href":"https:\/\/api.w.org\/{rel}","templated":true}]}}